{"id":14865,"date":"2025-01-31T17:00:29","date_gmt":"2025-01-31T20:00:29","guid":{"rendered":"https:\/\/www.em.com.br\/emfoco\/?p=14865"},"modified":"2025-01-30T07:48:07","modified_gmt":"2025-01-30T10:48:07","slug":"beneficio-de-prestacao-continuada-bpc-o-que-e-e-como-funciona","status":"publish","type":"post","link":"https:\/\/www.em.com.br\/emfoco\/2025\/01\/31\/beneficio-de-prestacao-continuada-bpc-o-que-e-e-como-funciona\/","title":{"rendered":"Benef\u00edcio de Presta\u00e7\u00e3o Continuada (BPC): O Que \u00c9 e Como Funciona?"},"content":{"rendered":"\n<p>O Benef\u00edcio de Presta\u00e7\u00e3o Continuada (<a href=\"https:\/\/www.gov.br\/mds\/pt-br\/acoes-e-programas\/suas\/beneficios-assistenciais\/beneficio-assistencial-ao-idoso-e-a-pessoa-com-deficiencia-bpc\" target=\"_blank\" rel=\"noreferrer noopener\">BPC<\/a>) \u00e9 uma assist\u00eancia social oferecida pelo Governo Federal do Brasil, objetivando <a href=\"https:\/\/www.em.com.br\/emfoco\/2025\/01\/20\/bpc-um-direito-seu-saiba-como-garantir-o-beneficio-e-melhorar-sua-qualidade-de-vida\/\" target=\"_blank\" rel=\"noreferrer noopener\">melhorar <\/a>as condi\u00e7\u00f5es financeiras de idosos a partir de 65 anos e de pessoas com defici\u00eancia, ambos em situa\u00e7\u00e3o de vulnerabilidade econ\u00f4mica. Este benef\u00edcio \u00e9 administrado pelo Instituto Nacional do Seguro Social (INSS) e garante um aux\u00edlio mensal no valor de um sal\u00e1rio m\u00ednimo.<\/p>\n\n\n\n<p>Embora o BPC funcione de maneira semelhante a uma aposentadoria, ele n\u00e3o \u00e9 considerado uma pens\u00e3o contributiva, j\u00e1 que o benefici\u00e1rio n\u00e3o precisa comprovar contribui\u00e7\u00f5es anteriores \u00e0 previd\u00eancia social. O intuito \u00e9 garantir uma seguran\u00e7a financeira b\u00e1sica, considerando que os benefici\u00e1rios n\u00e3o tenham outra fonte de renda sustent\u00e1vel.<\/p>\n\n\n<div class=\"wp-block-image\">\n<figure class=\"aligncenter size-large\"><img loading=\"lazy\" decoding=\"async\" width=\"1024\" height=\"576\" src=\"https:\/\/www.em.com.br\/emfoco\/wp-content\/uploads\/2024\/12\/Idoso-Brasileiro_1733800902102-1024x576.jpg\" alt=\"\" class=\"wp-image-4095\" srcset=\"https:\/\/www.em.com.br\/emfoco\/wp-content\/uploads\/2024\/12\/Idoso-Brasileiro_1733800902102-1024x576.jpg 1024w, https:\/\/www.em.com.br\/emfoco\/wp-content\/uploads\/2024\/12\/Idoso-Brasileiro_1733800902102-300x169.jpg 300w, https:\/\/www.em.com.br\/emfoco\/wp-content\/uploads\/2024\/12\/Idoso-Brasileiro_1733800902102-768x432.jpg 768w, https:\/\/www.em.com.br\/emfoco\/wp-content\/uploads\/2024\/12\/Idoso-Brasileiro_1733800902102-750x422.jpg 750w, https:\/\/www.em.com.br\/emfoco\/wp-content\/uploads\/2024\/12\/Idoso-Brasileiro_1733800902102-1140x641.jpg 1140w, https:\/\/www.em.com.br\/emfoco\/wp-content\/uploads\/2024\/12\/Idoso-Brasileiro_1733800902102.jpg 1280w\" sizes=\"auto, (max-width: 1024px) 100vw, 1024px\" \/><figcaption class=\"wp-element-caption\">BPC &#8211; Cr\u00e9ditos: depositphotos.com \/ verganifotografia<\/figcaption><\/figure><\/div>\n\n\n<h2 class=\"wp-block-heading\">Por Que Trocar de Banco Para Receber o BPC?<\/h2>\n\n\n\n<p>V\u00e1rios benefici\u00e1rios do BPC optam por mudar de institui\u00e7\u00e3o financeira para receber seus pagamentos por motivos distintos. Uma raz\u00e3o comum \u00e9 a busca por maior proximidade e comodidade, facilitando o acesso a servi\u00e7os banc\u00e1rios essenciais, como o saque ou consulta de saldo nos caixas eletr\u00f4nicos.<\/p>\n\n\n\n<p>Al\u00e9m disso, muitos usu\u00e1rios preferem mudar para uma institui\u00e7\u00e3o com a qual j\u00e1 t\u00eam relacionamento devido a vantagem em tarifas, melhores condi\u00e7\u00f5es em produtos financeiros ou simplesmente por quest\u00f5es de confian\u00e7a no atendimento. Ao entender essas motiva\u00e7\u00f5es, observa-se que a escolha do banco reflete a busca por um servi\u00e7o que se alinha com as necessidades individuais do benefici\u00e1rio.<\/p>\n\n\n\n<h2 class=\"wp-block-heading\">Como Mudar o Banco do BPC? Quais S\u00e3o as Op\u00e7\u00f5es Dispon\u00edveis?<\/h2>\n\n\n\n<p>O processo para alterar o banco de recebimento do BPC \u00e9 simples e pode ser realizado de diversas formas: atrav\u00e9s do portal Meu INSS, numa ag\u00eancia banc\u00e1ria conveniada, ou usando o cart\u00e3o magn\u00e9tico do BPC. Cada m\u00e9todo possui suas peculiaridades, mas todos exigem alguns documentos b\u00e1sicos para validar a altera\u00e7\u00e3o.<\/p>\n\n\n\n<p>No portal Meu INSS, o processo \u00e9 todo digital, permitindo que o benefici\u00e1rio realize a solicita\u00e7\u00e3o de forma remota. J\u00e1 os que preferem um atendimento mais pessoal, podem comparecer a uma ag\u00eancia do banco onde deseja passar a receber o BPC, levando documentos de identifica\u00e7\u00e3o e comprovantes necess\u00e1rios.<\/p>\n\n\n\n<h2 class=\"wp-block-heading\">Quais Documentos S\u00e3o Necess\u00e1rios Para a Mudan\u00e7a de Banco?<\/h2>\n\n\n\n<p>Para realizar a troca de banco onde o benef\u00edcio \u00e9 recebido, \u00e9 fundamental apresentar alguns documentos espec\u00edficos. Esses documentos incluem:<\/p>\n\n\n\n<ul class=\"wp-block-list\">\n<li>Documento de identifica\u00e7\u00e3o com foto (como RG ou CNH)<\/li>\n\n\n\n<li>CPF<\/li>\n\n\n\n<li>Comprovante de resid\u00eancia atualizado<\/li>\n\n\n\n<li>Cart\u00e3o do benef\u00edcio ou comprovante do benef\u00edcio pelo INSS<\/li>\n<\/ul>\n\n\n\n<p>Estar com a documenta\u00e7\u00e3o atualizada e completa \u00e9 essencial para evitar contratempos durante o processo de transfer\u00eancia. Al\u00e9m disso, verificar se o novo banco tem conv\u00eanio com o INSS tamb\u00e9m \u00e9 um passo crucial para garantir que o benef\u00edcio ser\u00e1 recebido sem interrup\u00e7\u00f5es.<\/p>\n\n\n\n<h2 class=\"wp-block-heading\">Considera\u00e7\u00f5es Finais Sobre a Troca de Banco Para o BPC<\/h2>\n\n\n\n<p>Trocar de banco para o recebimento do Benef\u00edcio de Presta\u00e7\u00e3o Continuada n\u00e3o precisa ser complicado. Com as informa\u00e7\u00f5es e documenta\u00e7\u00e3o em m\u00e3os, o benefici\u00e1rio pode conduzir o processo com tranquilidade e escolher a op\u00e7\u00e3o que melhor atende \u00e0s suas necessidades pessoais. \u00c9 crucial estar atento ao per\u00edodo de efetiva\u00e7\u00e3o da mudan\u00e7a, que pode variar entre 15 e 30 dias \u00fateis, garantindo assim a continuidade do recebimento do benef\u00edcio.<\/p>\n\n\n\n<p>Por fim, \u00e9 importante mencionar que mesmo com empr\u00e9stimos consignados em andamento, o benefici\u00e1rio pode efetuar a troca. No entanto, recomenda-se que seja verificada a necessidade de ajustes contratuais junto ao novo banco antes da mudan\u00e7a, assegurando-se de que todas as quest\u00f5es financeiras permanecer\u00e3o organizadas.<\/p>\n","protected":false},"excerpt":{"rendered":"<p>O Benef\u00edcio de Presta\u00e7\u00e3o Continuada (BPC) \u00e9 uma assist\u00eancia social oferecida pelo Governo Federal do Brasil, objetivando melhorar as condi\u00e7\u00f5es financeiras de idosos a partir de 65 anos e de pessoas com defici\u00eancia, ambos em situa\u00e7\u00e3o de vulnerabilidade econ\u00f4mica. Este benef\u00edcio \u00e9 administrado pelo Instituto Nacional do Seguro Social (INSS) e garante um aux\u00edlio mensal [&hellip;]<\/p>\n","protected":false},"author":7,"featured_media":1980,"comment_status":"open","ping_status":"open","sticky":false,"template":"","format":"standard","meta":{"jnews-multi-image_gallery":[],"jnews_single_post":{"format":"standard"},"jnews_primary_category":[],"jnews_social_meta":[],"jnews_override_counter":[],"footnotes":""},"categories":[28],"tags":[259,257,2878,2296,4414],"class_list":["post-14865","post","type-post","status-publish","format-standard","has-post-thumbnail","hentry","category-economia","tag-beneficio","tag-bpc","tag-documentos","tag-prestacao-continuada","tag-troca-de-banco"],"yoast_head":"<!-- This site is optimized with the Yoast SEO plugin v23.8 - https:\/\/yoast.com\/wordpress\/plugins\/seo\/ -->\n<title>Benef\u00edcio de Presta\u00e7\u00e3o Continuada (BPC): O Que \u00c9 e Como Funciona? - Estado de Minas - Em foco<\/title>\n<meta name=\"description\" content=\"Processo simples para alterar o banco do seu Benef\u00edcio de Presta\u00e7\u00e3o Continuada (BPC), incluindo dicas e requisitos de documenta\u00e7\u00e3o. Melhore o acesso ao seu benef\u00edcio.\" \/>\n<meta name=\"robots\" content=\"index, follow, max-snippet:-1, max-image-preview:large, max-video-preview:-1\" \/>\n<link rel=\"canonical\" href=\"https:\/\/www.em.com.br\/emfoco\/2025\/01\/31\/beneficio-de-prestacao-continuada-bpc-o-que-e-e-como-funciona\/\" \/>\n<meta property=\"og:locale\" content=\"pt_BR\" \/>\n<meta property=\"og:type\" content=\"article\" \/>\n<meta property=\"og:title\" content=\"Benef\u00edcio de Presta\u00e7\u00e3o Continuada (BPC): O Que \u00c9 e Como Funciona? - Estado de Minas - Em foco\" \/>\n<meta property=\"og:description\" content=\"Processo simples para alterar o banco do seu Benef\u00edcio de Presta\u00e7\u00e3o Continuada (BPC), incluindo dicas e requisitos de documenta\u00e7\u00e3o. Melhore o acesso ao seu benef\u00edcio.\" \/>\n<meta property=\"og:url\" content=\"https:\/\/www.em.com.br\/emfoco\/2025\/01\/31\/beneficio-de-prestacao-continuada-bpc-o-que-e-e-como-funciona\/\" \/>\n<meta property=\"og:site_name\" content=\"Estado de Minas - Em foco\" \/>\n<meta property=\"article:published_time\" content=\"2025-01-31T20:00:29+00:00\" \/>\n<meta property=\"article:modified_time\" content=\"2025-01-30T10:48:07+00:00\" \/>\n<meta property=\"og:image\" content=\"https:\/\/www.em.com.br\/emfoco\/wp-content\/uploads\/2024\/11\/Idoso-Brasileiro_1732817422122.jpg\" \/>\n\t<meta property=\"og:image:width\" content=\"1280\" \/>\n\t<meta property=\"og:image:height\" content=\"720\" \/>\n\t<meta property=\"og:image:type\" content=\"image\/jpeg\" \/>\n<meta name=\"author\" content=\"Kelvin\" \/>\n<meta name=\"twitter:card\" content=\"summary_large_image\" \/>\n<meta name=\"twitter:label1\" content=\"Escrito por\" \/>\n\t<meta name=\"twitter:data1\" content=\"Kelvin\" \/>\n\t<meta name=\"twitter:label2\" content=\"Est. tempo de leitura\" \/>\n\t<meta name=\"twitter:data2\" content=\"4 minutos\" \/>\n<!-- \/ Yoast SEO plugin. -->","yoast_head_json":{"title":"Benef\u00edcio de Presta\u00e7\u00e3o Continuada (BPC): O Que \u00c9 e Como Funciona? - Estado de Minas - Em foco","description":"Processo simples para alterar o banco do seu Benef\u00edcio de Presta\u00e7\u00e3o Continuada (BPC), incluindo dicas e requisitos de documenta\u00e7\u00e3o. Melhore o acesso ao seu benef\u00edcio.","robots":{"index":"index","follow":"follow","max-snippet":"max-snippet:-1","max-image-preview":"max-image-preview:large","max-video-preview":"max-video-preview:-1"},"canonical":"https:\/\/www.em.com.br\/emfoco\/2025\/01\/31\/beneficio-de-prestacao-continuada-bpc-o-que-e-e-como-funciona\/","og_locale":"pt_BR","og_type":"article","og_title":"Benef\u00edcio de Presta\u00e7\u00e3o Continuada (BPC): O Que \u00c9 e Como Funciona? - Estado de Minas - Em foco","og_description":"Processo simples para alterar o banco do seu Benef\u00edcio de Presta\u00e7\u00e3o Continuada (BPC), incluindo dicas e requisitos de documenta\u00e7\u00e3o. Melhore o acesso ao seu benef\u00edcio.","og_url":"https:\/\/www.em.com.br\/emfoco\/2025\/01\/31\/beneficio-de-prestacao-continuada-bpc-o-que-e-e-como-funciona\/","og_site_name":"Estado de Minas - Em foco","article_published_time":"2025-01-31T20:00:29+00:00","article_modified_time":"2025-01-30T10:48:07+00:00","og_image":[{"width":1280,"height":720,"url":"https:\/\/www.em.com.br\/emfoco\/wp-content\/uploads\/2024\/11\/Idoso-Brasileiro_1732817422122.jpg","type":"image\/jpeg"}],"author":"Kelvin","twitter_card":"summary_large_image","twitter_misc":{"Escrito por":"Kelvin","Est. tempo de leitura":"4 minutos"},"schema":{"@context":"https:\/\/schema.org","@graph":[{"@type":"WebPage","@id":"https:\/\/www.em.com.br\/emfoco\/2025\/01\/31\/beneficio-de-prestacao-continuada-bpc-o-que-e-e-como-funciona\/","url":"https:\/\/www.em.com.br\/emfoco\/2025\/01\/31\/beneficio-de-prestacao-continuada-bpc-o-que-e-e-como-funciona\/","name":"Benef\u00edcio de Presta\u00e7\u00e3o Continuada (BPC): O Que \u00c9 e Como Funciona? - Estado de Minas - Em foco","isPartOf":{"@id":"https:\/\/www.em.com.br\/emfoco\/#website"},"primaryImageOfPage":{"@id":"https:\/\/www.em.com.br\/emfoco\/2025\/01\/31\/beneficio-de-prestacao-continuada-bpc-o-que-e-e-como-funciona\/#primaryimage"},"image":{"@id":"https:\/\/www.em.com.br\/emfoco\/2025\/01\/31\/beneficio-de-prestacao-continuada-bpc-o-que-e-e-como-funciona\/#primaryimage"},"thumbnailUrl":"https:\/\/www.em.com.br\/emfoco\/wp-content\/uploads\/2024\/11\/Idoso-Brasileiro_1732817422122.jpg","datePublished":"2025-01-31T20:00:29+00:00","dateModified":"2025-01-30T10:48:07+00:00","author":{"@id":"https:\/\/www.em.com.br\/emfoco\/#\/schema\/person\/fb0a7f48c6fbb94b83f413a80f61917d"},"description":"Processo simples para alterar o banco do seu Benef\u00edcio de Presta\u00e7\u00e3o Continuada (BPC), incluindo dicas e requisitos de documenta\u00e7\u00e3o. Melhore o acesso ao seu benef\u00edcio.","breadcrumb":{"@id":"https:\/\/www.em.com.br\/emfoco\/2025\/01\/31\/beneficio-de-prestacao-continuada-bpc-o-que-e-e-como-funciona\/#breadcrumb"},"inLanguage":"pt-BR","potentialAction":[{"@type":"ReadAction","target":["https:\/\/www.em.com.br\/emfoco\/2025\/01\/31\/beneficio-de-prestacao-continuada-bpc-o-que-e-e-como-funciona\/"]}]},{"@type":"ImageObject","inLanguage":"pt-BR","@id":"https:\/\/www.em.com.br\/emfoco\/2025\/01\/31\/beneficio-de-prestacao-continuada-bpc-o-que-e-e-como-funciona\/#primaryimage","url":"https:\/\/www.em.com.br\/emfoco\/wp-content\/uploads\/2024\/11\/Idoso-Brasileiro_1732817422122.jpg","contentUrl":"https:\/\/www.em.com.br\/emfoco\/wp-content\/uploads\/2024\/11\/Idoso-Brasileiro_1732817422122.jpg","width":1280,"height":720,"caption":"Idoso Brasileiro - Cr\u00e9ditos: depositphotos.com \/ tgthales@gmail.com"},{"@type":"BreadcrumbList","@id":"https:\/\/www.em.com.br\/emfoco\/2025\/01\/31\/beneficio-de-prestacao-continuada-bpc-o-que-e-e-como-funciona\/#breadcrumb","itemListElement":[{"@type":"ListItem","position":1,"name":"In\u00edcio","item":"https:\/\/www.em.com.br\/emfoco\/"},{"@type":"ListItem","position":2,"name":"Benef\u00edcio de Presta\u00e7\u00e3o Continuada (BPC): O Que \u00c9 e Como Funciona?"}]},{"@type":"WebSite","@id":"https:\/\/www.em.com.br\/emfoco\/#website","url":"https:\/\/www.em.com.br\/emfoco\/","name":"Estado de Minas - Em foco","description":"Acompanhe as \u00faltimas not\u00edcias e fique bem informado sobre tudo o que acontece em Minas Gerais, Brasil e no mundo.","potentialAction":[{"@type":"SearchAction","target":{"@type":"EntryPoint","urlTemplate":"https:\/\/www.em.com.br\/emfoco\/?s={search_term_string}"},"query-input":{"@type":"PropertyValueSpecification","valueRequired":true,"valueName":"search_term_string"}}],"inLanguage":"pt-BR"},{"@type":"Person","@id":"https:\/\/www.em.com.br\/emfoco\/#\/schema\/person\/fb0a7f48c6fbb94b83f413a80f61917d","name":"Kelvin","image":{"@type":"ImageObject","inLanguage":"pt-BR","@id":"https:\/\/www.em.com.br\/emfoco\/#\/schema\/person\/image\/","url":"https:\/\/secure.gravatar.com\/avatar\/e74f84337e6bf6c4c5e88fbdffa05270?s=96&d=mm&r=g","contentUrl":"https:\/\/secure.gravatar.com\/avatar\/e74f84337e6bf6c4c5e88fbdffa05270?s=96&d=mm&r=g","caption":"Kelvin"},"sameAs":["https:\/\/www.em.com.br\/emfoco"],"url":"https:\/\/www.em.com.br\/emfoco\/author\/kelvinmyth\/"}]}},"_links":{"self":[{"href":"https:\/\/www.em.com.br\/emfoco\/wp-json\/wp\/v2\/posts\/14865","targetHints":{"allow":["GET"]}}],"collection":[{"href":"https:\/\/www.em.com.br\/emfoco\/wp-json\/wp\/v2\/posts"}],"about":[{"href":"https:\/\/www.em.com.br\/emfoco\/wp-json\/wp\/v2\/types\/post"}],"author":[{"embeddable":true,"href":"https:\/\/www.em.com.br\/emfoco\/wp-json\/wp\/v2\/users\/7"}],"replies":[{"embeddable":true,"href":"https:\/\/www.em.com.br\/emfoco\/wp-json\/wp\/v2\/comments?post=14865"}],"version-history":[{"count":2,"href":"https:\/\/www.em.com.br\/emfoco\/wp-json\/wp\/v2\/posts\/14865\/revisions"}],"predecessor-version":[{"id":14867,"href":"https:\/\/www.em.com.br\/emfoco\/wp-json\/wp\/v2\/posts\/14865\/revisions\/14867"}],"wp:featuredmedia":[{"embeddable":true,"href":"https:\/\/www.em.com.br\/emfoco\/wp-json\/wp\/v2\/media\/1980"}],"wp:attachment":[{"href":"https:\/\/www.em.com.br\/emfoco\/wp-json\/wp\/v2\/media?parent=14865"}],"wp:term":[{"taxonomy":"category","embeddable":true,"href":"https:\/\/www.em.com.br\/emfoco\/wp-json\/wp\/v2\/categories?post=14865"},{"taxonomy":"post_tag","embeddable":true,"href":"https:\/\/www.em.com.br\/emfoco\/wp-json\/wp\/v2\/tags?post=14865"}],"curies":[{"name":"wp","href":"https:\/\/api.w.org\/{rel}","templated":true}]}}