{"id":14853,"date":"2025-01-31T11:20:37","date_gmt":"2025-01-31T14:20:37","guid":{"rendered":"https:\/\/www.em.com.br\/emfoco\/?p=14853"},"modified":"2025-01-30T07:47:32","modified_gmt":"2025-01-30T10:47:32","slug":"o-seguro-desemprego-vai-mudar-em-2025","status":"publish","type":"post","link":"https:\/\/www.em.com.br\/emfoco\/2025\/01\/31\/o-seguro-desemprego-vai-mudar-em-2025\/","title":{"rendered":"O Seguro-Desemprego vai mudar em 2025"},"content":{"rendered":"\n<p>O Minist\u00e9rio do Trabalho e Emprego anunciou <a href=\"https:\/\/www.em.com.br\/emfoco\/2025\/01\/29\/pneus-do-futuro-a-inovacao-da-nasa-para-explorar-marte-e-alem\/\" target=\"_blank\" rel=\"noreferrer noopener\">recentemente <\/a>as atualiza\u00e7\u00f5es para o seguro-desemprego em 2025, uma ferramenta vital para trabalhadores que foram dispensados sem justa causa. Este benef\u00edcio \u00e9 essencial para oferecer suporte financeiro durante a transi\u00e7\u00e3o para novas oportunidades de emprego. A atualiza\u00e7\u00e3o tem como base a infla\u00e7\u00e3o medida pelo \u00cdndice Nacional de Pre\u00e7os ao Consumidor (<a href=\"https:\/\/www.ibge.gov.br\/estatisticas\/economicas\/precos-e-custos\/9258-indice-nacional-de-precos-ao-consumidor.html\" target=\"_blank\" rel=\"noreferrer noopener\">INPC<\/a>) de 2024, que registrou uma varia\u00e7\u00e3o de 4,77%.<\/p>\n\n\n\n<p>Para 2025, os ajustes no seguro-desemprego procuram refletir o atual cen\u00e1rio econ\u00f4mico, garantindo que o aux\u00edlio esteja de acordo com as necessidades dos trabalhadores beneficiados. O valor disponibilizado \u00e9 calculado com base na m\u00e9dia salarial do trabalhador nos empregos anteriores \u00e0 demiss\u00e3o, distribu\u00eddo em faixas espec\u00edficas.<\/p>\n\n\n<div class=\"wp-block-image\">\n<figure class=\"aligncenter size-large\"><img loading=\"lazy\" decoding=\"async\" width=\"1024\" height=\"576\" src=\"https:\/\/www.em.com.br\/emfoco\/wp-content\/uploads\/2024\/12\/Pessoas-com-Dinheiro-Feliz_1734101718494-1024x576.jpg\" alt=\"\" class=\"wp-image-4796\" srcset=\"https:\/\/www.em.com.br\/emfoco\/wp-content\/uploads\/2024\/12\/Pessoas-com-Dinheiro-Feliz_1734101718494-1024x576.jpg 1024w, https:\/\/www.em.com.br\/emfoco\/wp-content\/uploads\/2024\/12\/Pessoas-com-Dinheiro-Feliz_1734101718494-300x169.jpg 300w, https:\/\/www.em.com.br\/emfoco\/wp-content\/uploads\/2024\/12\/Pessoas-com-Dinheiro-Feliz_1734101718494-768x432.jpg 768w, https:\/\/www.em.com.br\/emfoco\/wp-content\/uploads\/2024\/12\/Pessoas-com-Dinheiro-Feliz_1734101718494-750x422.jpg 750w, https:\/\/www.em.com.br\/emfoco\/wp-content\/uploads\/2024\/12\/Pessoas-com-Dinheiro-Feliz_1734101718494-1140x641.jpg 1140w, https:\/\/www.em.com.br\/emfoco\/wp-content\/uploads\/2024\/12\/Pessoas-com-Dinheiro-Feliz_1734101718494.jpg 1280w\" sizes=\"auto, (max-width: 1024px) 100vw, 1024px\" \/><figcaption class=\"wp-element-caption\">Salario Extra? &#8211; Cr\u00e9ditos: depositphotos.com \/ verganifotografia<\/figcaption><\/figure><\/div>\n\n\n<h2 class=\"wp-block-heading\">Como \u00e9 Calculado o Seguro-Desemprego 2025?<\/h2>\n\n\n\n<p>A determina\u00e7\u00e3o dos valores do seguro-desemprego leva em conta a m\u00e9dia salarial dos trabalhadores antes da demiss\u00e3o, assegurando uma distribui\u00e7\u00e3o justa do benef\u00edcio. Para trabalhadores que ganhavam at\u00e9 R$ 1.518,00, o benef\u00edcio ser\u00e1 equivalente ao sal\u00e1rio m\u00ednimo estabelecido para 2025, que \u00e9 de R$ 1.518,00.<\/p>\n\n\n\n<p>Para aqueles que recebiam entre R$ 1.518,01 e R$ 2.138,76, o c\u00e1lculo \u00e9 feito multiplicando-se a m\u00e9dia salarial por 80%. J\u00e1 para trabalhadores com m\u00e9dia salarial entre R$ 2.138,77 e R$ 3.564,96, soma-se R$ 1.711,01 ao valor excedente a R$ 2.138,76, que \u00e9 multiplicado por 50%. Aqueles com sal\u00e1rio acima de R$ 3.564,96 ter\u00e3o o benef\u00edcio limitado ao teto de R$ 2.424,11.<\/p>\n\n\n\n<h2 class=\"wp-block-heading\">Por que o Seguro-Desemprego \u00e9 Importante?<\/h2>\n\n\n\n<p>O seguro-desemprego desempenha um papel crucial no suporte aos trabalhadores brasileiros, oferecendo-lhes um al\u00edvio financeiro em um momento de vulnerabilidade. Este benef\u00edcio serve como um amortecedor econ\u00f4mico que facilita a busca por novos empregos, sem que o trabalhador precise sacrificar suas condi\u00e7\u00f5es b\u00e1sicas de vida.<\/p>\n\n\n\n<p>A atualiza\u00e7\u00e3o dos valores do seguro-desemprego tamb\u00e9m busca alinhar o benef\u00edcio \u00e0s condi\u00e7\u00f5es econ\u00f4micas do pa\u00eds, garantindo que ele continue atendendo \u00e0s necessidades dos trabalhadores mais afetados pela volatilidade do mercado de trabalho.<\/p>\n\n\n\n<h2 class=\"wp-block-heading\">Impactos Econ\u00f4micos e Sociais do Seguro-Desemprego<\/h2>\n\n\n\n<p>O seguro-desemprego n\u00e3o s\u00f3 apoia o trabalhador individualmente, mas tamb\u00e9m possui implica\u00e7\u00f5es significativas para a economia e a sociedade. Ao manter o consumo b\u00e1sico de uma parcela da popula\u00e7\u00e3o, contribui para a estabilidade do mercado, evitando quedas bruscas na demanda por bens essenciais. Al\u00e9m disso, tem o potencial de reduzir desigualdades, ao fornecer a todos os beneficiados um m\u00ednimo de seguran\u00e7a financeira.<\/p>\n\n\n\n<p>Em 2025, diversas vari\u00e1veis econ\u00f4micas foram consideradas para garantir que o seguro-desemprego continue eficaz. Dessa forma, o programa n\u00e3o apenas sustenta os trabalhadores em transi\u00e7\u00e3o, mas tamb\u00e9m promove a sa\u00fade econ\u00f4mica geral, mantendo o mercado em movimento.<\/p>\n\n\n\n<h2 class=\"wp-block-heading\">Qual \u00e9 o Futuro do Seguro-Desemprego?<\/h2>\n\n\n\n<p>O futuro desse benef\u00edcio ser\u00e1 provavelmente influenciado por fatores econ\u00f4micos e pol\u00edticos. Manter a efic\u00e1cia do programa depender\u00e1 de ajustes cont\u00ednuos que considerem tanto a infla\u00e7\u00e3o quanto as mudan\u00e7as no mercado de trabalho. As discuss\u00f5es sobre melhorias no programa s\u00e3o constantes, com o objetivo de torn\u00e1-lo mais acess\u00edvel e relevante para os trabalhadores de todos os setores.<\/p>\n\n\n\n<p>Portanto, enquanto ele continuar a evoluir para se adequar \u00e0s realidades econ\u00f4micas, o seguro-desemprego permanece uma rede de seguran\u00e7a essencial para muitos brasileiros, garantindo a todos os trabalhadores afetados uma transi\u00e7\u00e3o menos tumultuada em suas carreiras.<\/p>\n","protected":false},"excerpt":{"rendered":"<p>O Minist\u00e9rio do Trabalho e Emprego anunciou recentemente as atualiza\u00e7\u00f5es para o seguro-desemprego em 2025, uma ferramenta vital para trabalhadores que foram dispensados sem justa causa. Este benef\u00edcio \u00e9 essencial para oferecer suporte financeiro durante a transi\u00e7\u00e3o para novas oportunidades de emprego. A atualiza\u00e7\u00e3o tem como base a infla\u00e7\u00e3o medida pelo \u00cdndice Nacional de Pre\u00e7os [&hellip;]<\/p>\n","protected":false},"author":7,"featured_media":7548,"comment_status":"open","ping_status":"open","sticky":false,"template":"","format":"standard","meta":{"jnews-multi-image_gallery":[],"jnews_single_post":{"format":"standard"},"jnews_primary_category":[],"jnews_social_meta":[],"jnews_override_counter":[],"footnotes":""},"categories":[28],"tags":[259,160,1832,508],"class_list":["post-14853","post","type-post","status-publish","format-standard","has-post-thumbnail","hentry","category-economia","tag-beneficio","tag-economia","tag-seguro-desemprego","tag-trabalho"],"yoast_head":"<!-- This site is optimized with the Yoast SEO plugin v23.8 - https:\/\/yoast.com\/wordpress\/plugins\/seo\/ -->\n<title>O Seguro-Desemprego vai mudar em 2025 - Estado de Minas - Em foco<\/title>\n<meta name=\"description\" content=\"Entenda as atualiza\u00e7\u00f5es no seguro-desemprego para 2025 e como elas impactam os trabalhadores brasileiros. Novo cen\u00e1rio econ\u00f4mico e regras de c\u00e1lculo.\" \/>\n<meta name=\"robots\" content=\"index, follow, max-snippet:-1, max-image-preview:large, max-video-preview:-1\" \/>\n<link rel=\"canonical\" href=\"https:\/\/www.em.com.br\/emfoco\/2025\/01\/31\/o-seguro-desemprego-vai-mudar-em-2025\/\" \/>\n<meta property=\"og:locale\" content=\"pt_BR\" \/>\n<meta property=\"og:type\" content=\"article\" \/>\n<meta property=\"og:title\" content=\"O Seguro-Desemprego vai mudar em 2025 - Estado de Minas - Em foco\" \/>\n<meta property=\"og:description\" content=\"Entenda as atualiza\u00e7\u00f5es no seguro-desemprego para 2025 e como elas impactam os trabalhadores brasileiros. Novo cen\u00e1rio econ\u00f4mico e regras de c\u00e1lculo.\" \/>\n<meta property=\"og:url\" content=\"https:\/\/www.em.com.br\/emfoco\/2025\/01\/31\/o-seguro-desemprego-vai-mudar-em-2025\/\" \/>\n<meta property=\"og:site_name\" content=\"Estado de Minas - Em foco\" \/>\n<meta property=\"article:published_time\" content=\"2025-01-31T14:20:37+00:00\" \/>\n<meta property=\"article:modified_time\" content=\"2025-01-30T10:47:32+00:00\" \/>\n<meta property=\"og:image\" content=\"https:\/\/www.em.com.br\/emfoco\/wp-content\/uploads\/2024\/12\/Salario_1735509096626.jpg\" \/>\n\t<meta property=\"og:image:width\" content=\"1280\" \/>\n\t<meta property=\"og:image:height\" content=\"720\" \/>\n\t<meta property=\"og:image:type\" content=\"image\/jpeg\" \/>\n<meta name=\"author\" content=\"Kelvin\" \/>\n<meta name=\"twitter:card\" content=\"summary_large_image\" \/>\n<meta name=\"twitter:label1\" content=\"Escrito por\" \/>\n\t<meta name=\"twitter:data1\" content=\"Kelvin\" \/>\n\t<meta name=\"twitter:label2\" content=\"Est. tempo de leitura\" \/>\n\t<meta name=\"twitter:data2\" content=\"4 minutos\" \/>\n<!-- \/ Yoast SEO plugin. -->","yoast_head_json":{"title":"O Seguro-Desemprego vai mudar em 2025 - Estado de Minas - Em foco","description":"Entenda as atualiza\u00e7\u00f5es no seguro-desemprego para 2025 e como elas impactam os trabalhadores brasileiros. Novo cen\u00e1rio econ\u00f4mico e regras de c\u00e1lculo.","robots":{"index":"index","follow":"follow","max-snippet":"max-snippet:-1","max-image-preview":"max-image-preview:large","max-video-preview":"max-video-preview:-1"},"canonical":"https:\/\/www.em.com.br\/emfoco\/2025\/01\/31\/o-seguro-desemprego-vai-mudar-em-2025\/","og_locale":"pt_BR","og_type":"article","og_title":"O Seguro-Desemprego vai mudar em 2025 - Estado de Minas - Em foco","og_description":"Entenda as atualiza\u00e7\u00f5es no seguro-desemprego para 2025 e como elas impactam os trabalhadores brasileiros. Novo cen\u00e1rio econ\u00f4mico e regras de c\u00e1lculo.","og_url":"https:\/\/www.em.com.br\/emfoco\/2025\/01\/31\/o-seguro-desemprego-vai-mudar-em-2025\/","og_site_name":"Estado de Minas - Em foco","article_published_time":"2025-01-31T14:20:37+00:00","article_modified_time":"2025-01-30T10:47:32+00:00","og_image":[{"width":1280,"height":720,"url":"https:\/\/www.em.com.br\/emfoco\/wp-content\/uploads\/2024\/12\/Salario_1735509096626.jpg","type":"image\/jpeg"}],"author":"Kelvin","twitter_card":"summary_large_image","twitter_misc":{"Escrito por":"Kelvin","Est. tempo de leitura":"4 minutos"},"schema":{"@context":"https:\/\/schema.org","@graph":[{"@type":"WebPage","@id":"https:\/\/www.em.com.br\/emfoco\/2025\/01\/31\/o-seguro-desemprego-vai-mudar-em-2025\/","url":"https:\/\/www.em.com.br\/emfoco\/2025\/01\/31\/o-seguro-desemprego-vai-mudar-em-2025\/","name":"O Seguro-Desemprego vai mudar em 2025 - Estado de Minas - Em foco","isPartOf":{"@id":"https:\/\/www.em.com.br\/emfoco\/#website"},"primaryImageOfPage":{"@id":"https:\/\/www.em.com.br\/emfoco\/2025\/01\/31\/o-seguro-desemprego-vai-mudar-em-2025\/#primaryimage"},"image":{"@id":"https:\/\/www.em.com.br\/emfoco\/2025\/01\/31\/o-seguro-desemprego-vai-mudar-em-2025\/#primaryimage"},"thumbnailUrl":"https:\/\/www.em.com.br\/emfoco\/wp-content\/uploads\/2024\/12\/Salario_1735509096626.jpg","datePublished":"2025-01-31T14:20:37+00:00","dateModified":"2025-01-30T10:47:32+00:00","author":{"@id":"https:\/\/www.em.com.br\/emfoco\/#\/schema\/person\/fb0a7f48c6fbb94b83f413a80f61917d"},"description":"Entenda as atualiza\u00e7\u00f5es no seguro-desemprego para 2025 e como elas impactam os trabalhadores brasileiros. Novo cen\u00e1rio econ\u00f4mico e regras de c\u00e1lculo.","breadcrumb":{"@id":"https:\/\/www.em.com.br\/emfoco\/2025\/01\/31\/o-seguro-desemprego-vai-mudar-em-2025\/#breadcrumb"},"inLanguage":"pt-BR","potentialAction":[{"@type":"ReadAction","target":["https:\/\/www.em.com.br\/emfoco\/2025\/01\/31\/o-seguro-desemprego-vai-mudar-em-2025\/"]}]},{"@type":"ImageObject","inLanguage":"pt-BR","@id":"https:\/\/www.em.com.br\/emfoco\/2025\/01\/31\/o-seguro-desemprego-vai-mudar-em-2025\/#primaryimage","url":"https:\/\/www.em.com.br\/emfoco\/wp-content\/uploads\/2024\/12\/Salario_1735509096626.jpg","contentUrl":"https:\/\/www.em.com.br\/emfoco\/wp-content\/uploads\/2024\/12\/Salario_1735509096626.jpg","width":1280,"height":720,"caption":"Dinheiro - Cr\u00e9ditos: depositphotos.com \/ KostyaKlimenko"},{"@type":"BreadcrumbList","@id":"https:\/\/www.em.com.br\/emfoco\/2025\/01\/31\/o-seguro-desemprego-vai-mudar-em-2025\/#breadcrumb","itemListElement":[{"@type":"ListItem","position":1,"name":"In\u00edcio","item":"https:\/\/www.em.com.br\/emfoco\/"},{"@type":"ListItem","position":2,"name":"O Seguro-Desemprego vai mudar em 2025"}]},{"@type":"WebSite","@id":"https:\/\/www.em.com.br\/emfoco\/#website","url":"https:\/\/www.em.com.br\/emfoco\/","name":"Estado de Minas - Em foco","description":"Acompanhe as \u00faltimas not\u00edcias e fique bem informado sobre tudo o que acontece em Minas Gerais, Brasil e no mundo.","potentialAction":[{"@type":"SearchAction","target":{"@type":"EntryPoint","urlTemplate":"https:\/\/www.em.com.br\/emfoco\/?s={search_term_string}"},"query-input":{"@type":"PropertyValueSpecification","valueRequired":true,"valueName":"search_term_string"}}],"inLanguage":"pt-BR"},{"@type":"Person","@id":"https:\/\/www.em.com.br\/emfoco\/#\/schema\/person\/fb0a7f48c6fbb94b83f413a80f61917d","name":"Kelvin","image":{"@type":"ImageObject","inLanguage":"pt-BR","@id":"https:\/\/www.em.com.br\/emfoco\/#\/schema\/person\/image\/","url":"https:\/\/secure.gravatar.com\/avatar\/e74f84337e6bf6c4c5e88fbdffa05270?s=96&d=mm&r=g","contentUrl":"https:\/\/secure.gravatar.com\/avatar\/e74f84337e6bf6c4c5e88fbdffa05270?s=96&d=mm&r=g","caption":"Kelvin"},"sameAs":["https:\/\/www.em.com.br\/emfoco"],"url":"https:\/\/www.em.com.br\/emfoco\/author\/kelvinmyth\/"}]}},"_links":{"self":[{"href":"https:\/\/www.em.com.br\/emfoco\/wp-json\/wp\/v2\/posts\/14853","targetHints":{"allow":["GET"]}}],"collection":[{"href":"https:\/\/www.em.com.br\/emfoco\/wp-json\/wp\/v2\/posts"}],"about":[{"href":"https:\/\/www.em.com.br\/emfoco\/wp-json\/wp\/v2\/types\/post"}],"author":[{"embeddable":true,"href":"https:\/\/www.em.com.br\/emfoco\/wp-json\/wp\/v2\/users\/7"}],"replies":[{"embeddable":true,"href":"https:\/\/www.em.com.br\/emfoco\/wp-json\/wp\/v2\/comments?post=14853"}],"version-history":[{"count":3,"href":"https:\/\/www.em.com.br\/emfoco\/wp-json\/wp\/v2\/posts\/14853\/revisions"}],"predecessor-version":[{"id":14886,"href":"https:\/\/www.em.com.br\/emfoco\/wp-json\/wp\/v2\/posts\/14853\/revisions\/14886"}],"wp:featuredmedia":[{"embeddable":true,"href":"https:\/\/www.em.com.br\/emfoco\/wp-json\/wp\/v2\/media\/7548"}],"wp:attachment":[{"href":"https:\/\/www.em.com.br\/emfoco\/wp-json\/wp\/v2\/media?parent=14853"}],"wp:term":[{"taxonomy":"category","embeddable":true,"href":"https:\/\/www.em.com.br\/emfoco\/wp-json\/wp\/v2\/categories?post=14853"},{"taxonomy":"post_tag","embeddable":true,"href":"https:\/\/www.em.com.br\/emfoco\/wp-json\/wp\/v2\/tags?post=14853"}],"curies":[{"name":"wp","href":"https:\/\/api.w.org\/{rel}","templated":true}]}}