{"id":148522,"date":"2026-01-03T07:55:00","date_gmt":"2026-01-03T10:55:00","guid":{"rendered":"https:\/\/www.em.com.br\/emfoco\/?p=148522"},"modified":"2026-01-02T22:05:28","modified_gmt":"2026-01-03T01:05:28","slug":"adeus-aos-classicos-coolers-de-isopor-a-tendencia-moderna-que-os-substituira-neste-verao","status":"publish","type":"post","link":"https:\/\/www.em.com.br\/emfoco\/2026\/01\/03\/adeus-aos-classicos-coolers-de-isopor-a-tendencia-moderna-que-os-substituira-neste-verao\/","title":{"rendered":"Adeus aos cl\u00e1ssicos coolers de isopor: a tend\u00eancia moderna que os substituir\u00e1 neste ver\u00e3o"},"content":{"rendered":"\n<p>O ver\u00e3o de 2026 promete revolucionar a forma como levamos comidas e bebidas para passeios, praias e viagens. No lugar das tradicionais caixas de isopor, ganha espa\u00e7o a mochila t\u00e9rmica inteligente, que combina conforto, tecnologia e praticidade para quem busca mobilidade sem abrir m\u00e3o da conserva\u00e7\u00e3o da temperatura.<\/p>\n\n\n\n<h2 class=\"wp-block-heading\">O que \u00e9 a mochila t\u00e9rmica inteligente e como ela funciona<\/h2>\n\n\n\n<p>A palavra-chave desse novo acess\u00f3rio \u00e9\u00a0<strong>mochila t\u00e9rmica inteligente<\/strong>. Em vez de contar apenas com isolamento tradicional, o modelo incorpora um sistema de refrigera\u00e7\u00e3o ou aquecimento alimentado por baterias recarreg\u00e1veis, mantendo o conte\u00fado frio ou quente por mais tempo sem depender de gelo.<\/p>\n\n\n\n<p>Normalmente, sensores internos monitoram a temperatura e ajustam o funcionamento autom\u00e1tico, evitando que o usu\u00e1rio precise abrir o z\u00edper para conferir se alimentos e bebidas ainda est\u00e3o adequados para consumo. Assim, o acess\u00f3rio se torna ideal para rotinas agitadas, viagens e f\u00e9rias mais din\u00e2micas.<\/p>\n\n\n\n<p>Veja no v\u00eddeo abaixo do canal <strong><a href=\"https:\/\/www.youtube.com\/@MeAjudaNaEscolha\" target=\"_blank\" rel=\"noreferrer noopener\">Me Ajuda Na Escolha<\/a><\/strong> onde eles mostram 4 modelos de mochilas t\u00e9rmicas inteligentes:<\/p>\n\n\n\n<figure class=\"wp-block-embed is-type-video is-provider-youtube wp-block-embed-youtube wp-embed-aspect-16-9 wp-has-aspect-ratio\"><div class=\"wp-block-embed__wrapper\">\n<div class=\"jeg_video_container jeg_video_content\"><iframe loading=\"lazy\" title=\"As 4 Melhores Mochilas T\u00e9rmicas (Cooler) Para Comprar em 2025\" width=\"500\" height=\"281\" src=\"https:\/\/www.youtube.com\/embed\/iqTVRfK2xHY?feature=oembed\" frameborder=\"0\" allow=\"accelerometer; autoplay; clipboard-write; encrypted-media; gyroscope; picture-in-picture; web-share\" referrerpolicy=\"strict-origin-when-cross-origin\" allowfullscreen><\/iframe><\/div>\n<\/div><\/figure>\n\n\n\n<h2 class=\"wp-block-heading\">Quais s\u00e3o as principais caracter\u00edsticas da mochila t\u00e9rmica inteligente<\/h2>\n\n\n\n<p>Na pr\u00e1tica, o funcionamento da&nbsp;<strong>mochila t\u00e9rmica inteligente<\/strong>&nbsp;segue alguns princ\u00edpios b\u00e1sicos que garantem efici\u00eancia t\u00e9rmica e conforto no transporte. Esses elementos tamb\u00e9m ajudam a explicar por que ela \u00e9 vista como um produto h\u00edbrido, entre acess\u00f3rio de viagem e equipamento eletr\u00f4nico port\u00e1til.<\/p>\n\n\n\n<ul class=\"wp-block-list\">\n<li><strong>Isolamento t\u00e9rmico moderno<\/strong>, com materiais mais leves e resistentes que o isopor tradicional;<\/li>\n\n\n\n<li><strong>Bateria recarreg\u00e1vel<\/strong>, geralmente via USB-C, que alimenta o sistema interno de refrigera\u00e7\u00e3o ou aquecimento;<\/li>\n\n\n\n<li><strong>Controle eletr\u00f4nico de temperatura<\/strong>, mantendo o frio ou o calor por longos per\u00edodos com mais precis\u00e3o;<\/li>\n\n\n\n<li><strong>Estrutura ergon\u00f4mica<\/strong>, pensada para distribuir o peso de forma equilibrada nas costas.<\/li>\n<\/ul>\n\n\n\n<h2 class=\"wp-block-heading\">Quais recursos tecnol\u00f3gicos essas mochilas oferecem hoje<\/h2>\n\n\n\n<p>Al\u00e9m de conservar a temperatura, a&nbsp;<strong>mochila t\u00e9rmica inteligente<\/strong>&nbsp;traz fun\u00e7\u00f5es extras que dialogam com o cotidiano conectado de 2025 e 2026. Em muitos modelos, ela funciona como um pequeno hub de energia e monitoramento, substituindo at\u00e9 power banks em alguns cen\u00e1rios.<\/p>\n\n\n\n<p>Entre os recursos mais comuns, destacam-se portas USB para recarregar celulares, luzes LED internas para facilitar a visualiza\u00e7\u00e3o no escuro, pain\u00e9is solares em vers\u00f5es mais avan\u00e7adas, integra\u00e7\u00e3o com aplicativos para acompanhar a temperatura em tempo real e alertas de bateria baixa com sugest\u00e3o de recarga antecipada.<\/p>\n\n\n\n<iframe loading=\"lazy\" src=\"https:\/\/assets.pinterest.com\/ext\/embed.html?id=596515913192134456\" height=\"554\" width=\"345\" frameborder=\"0\" scrolling=\"no\" ><\/iframe>\n\n\n\n<h2 class=\"wp-block-heading\">Por que a mochila t\u00e9rmica inteligente \u00e9 tend\u00eancia para o ver\u00e3o<\/h2>\n\n\n\n<p>O interesse por esse tipo de mochila cresce com o aumento das atividades ao ar livre e da busca por solu\u00e7\u00f5es mais sustent\u00e1veis e pr\u00e1ticas. A possibilidade de levar bebidas e comidas sem grandes quantidades de gelo reduz peso, volume e res\u00edduos, o que \u00e9 relevante em trilhas, viagens longas ou dias inteiros de praia.<\/p>\n\n\n\n<p>Fatores como liberdade de movimento ao carregar o peso nas costas, menor uso de descart\u00e1veis, durabilidade dos materiais modernos, integra\u00e7\u00e3o digital via apps e USBs e a versatilidade de substituir caixas t\u00e9rmicas e mochilas comuns tornam a mochila t\u00e9rmica inteligente uma forte candidata a item indispens\u00e1vel do ver\u00e3o de 2026.<\/p>\n\n\n\n<h2 class=\"wp-block-heading\">Quanto custa na Argentina em 2025 e como escolher o modelo ideal<\/h2>\n\n\n\n<p>No mercado argentino, em dezembro de 2025, uma\u00a0<strong>mochila t\u00e9rmica inteligente<\/strong>\u00a0custa em m\u00e9dia entre\u00a0<strong>60.000 e 70.000 pesos<\/strong>, podendo subir em modelos com pain\u00e9is solares, maior autonomia de bateria ou acabamento premium. As compras acontecem principalmente em marketplaces como Mercado Livre, sites oficiais de marcas de camping, empresas como <a href=\"https:\/\/www.em.com.br\/emfoco\/2025\/06\/05\/copo-stanley-favorece-a-manifestacao-de-rugas-segundo-a-dra-natasha-crepaldi-dermatologista\/\" target=\"_blank\" rel=\"noreferrer noopener\">Stanley <\/a>e lojas especializadas em viagem e esportes outdoor.<\/p>\n\n\n\n<p>Se voc\u00ea pretende aproveitar o ver\u00e3o de 2026 com mais conforto, \u00e9 essencial escolher com aten\u00e7\u00e3o: verifique capacidade em litros, autonomia de bateria, tipo de conector de recarga, qualidade do isolamento e presen\u00e7a de controle eletr\u00f4nico de temperatura. N\u00e3o deixe para depois: compare modelos, leia avalia\u00e7\u00f5es e garanta agora a sua mochila t\u00e9rmica inteligente para n\u00e3o ficar sem esse diferencial justamente na alta temporada.<\/p>\n","protected":false},"excerpt":{"rendered":"<p>O ver\u00e3o de 2026 promete revolucionar a forma como levamos comidas e bebidas para passeios, praias e viagens. No lugar das tradicionais caixas de isopor, ganha espa\u00e7o a mochila t\u00e9rmica inteligente, que combina conforto, tecnologia e praticidade para quem busca mobilidade sem abrir m\u00e3o da conserva\u00e7\u00e3o da temperatura. O que \u00e9 a mochila t\u00e9rmica inteligente [&hellip;]<\/p>\n","protected":false},"author":11,"featured_media":148547,"comment_status":"open","ping_status":"open","sticky":false,"template":"","format":"standard","meta":{"jnews-multi-image_gallery":[],"jnews_single_post":{"format":"standard"},"jnews_primary_category":[],"jnews_social_meta":[],"jnews_override_counter":[],"footnotes":""},"categories":[8819,1],"tags":[13035,21721,391,161,1827],"class_list":["post-148522","post","type-post","status-publish","format-standard","has-post-thumbnail","hentry","category-curiosidades","category-noticias","tag-mochila","tag-mochila-termica-inteligente","tag-praia","tag-tecnologia","tag-verao"],"yoast_head":"<!-- This site is optimized with the Yoast SEO plugin v23.8 - https:\/\/yoast.com\/wordpress\/plugins\/seo\/ -->\n<title>Adeus aos cl\u00e1ssicos coolers de isopor: a tend\u00eancia moderna que os substituir\u00e1 neste ver\u00e3o - Estado de Minas - Em foco<\/title>\n<meta name=\"description\" content=\"A mochila t\u00e9rmica inteligente mant\u00e9m bebidas e alimentos frios sem gelo e virou tend\u00eancia para praias viagens e passeios em 2026.\" \/>\n<meta name=\"robots\" content=\"index, follow, max-snippet:-1, max-image-preview:large, max-video-preview:-1\" \/>\n<link rel=\"canonical\" href=\"https:\/\/www.em.com.br\/emfoco\/2026\/01\/03\/adeus-aos-classicos-coolers-de-isopor-a-tendencia-moderna-que-os-substituira-neste-verao\/\" \/>\n<meta property=\"og:locale\" content=\"pt_BR\" \/>\n<meta property=\"og:type\" content=\"article\" \/>\n<meta property=\"og:title\" content=\"Adeus aos cl\u00e1ssicos coolers de isopor: a tend\u00eancia moderna que os substituir\u00e1 neste ver\u00e3o - Estado de Minas - Em foco\" \/>\n<meta property=\"og:description\" content=\"A mochila t\u00e9rmica inteligente mant\u00e9m bebidas e alimentos frios sem gelo e virou tend\u00eancia para praias viagens e passeios em 2026.\" \/>\n<meta property=\"og:url\" content=\"https:\/\/www.em.com.br\/emfoco\/2026\/01\/03\/adeus-aos-classicos-coolers-de-isopor-a-tendencia-moderna-que-os-substituira-neste-verao\/\" \/>\n<meta property=\"og:site_name\" content=\"Estado de Minas - Em foco\" \/>\n<meta property=\"article:published_time\" content=\"2026-01-03T10:55:00+00:00\" \/>\n<meta property=\"article:modified_time\" content=\"2026-01-03T01:05:28+00:00\" \/>\n<meta property=\"og:image\" content=\"https:\/\/www.em.com.br\/emfoco\/wp-content\/uploads\/2025\/12\/coolers-_1767149375994.jpg\" \/>\n\t<meta property=\"og:image:width\" content=\"1280\" \/>\n\t<meta property=\"og:image:height\" content=\"720\" \/>\n\t<meta property=\"og:image:type\" content=\"image\/jpeg\" \/>\n<meta name=\"author\" content=\"Andre\u0301 Rangel\u00a0\" \/>\n<meta name=\"twitter:card\" content=\"summary_large_image\" \/>\n<meta name=\"twitter:label1\" content=\"Escrito por\" \/>\n\t<meta name=\"twitter:data1\" content=\"Andre\u0301 Rangel\u00a0\" \/>\n\t<meta name=\"twitter:label2\" content=\"Est. tempo de leitura\" \/>\n\t<meta name=\"twitter:data2\" content=\"4 minutos\" \/>\n<!-- \/ Yoast SEO plugin. -->","yoast_head_json":{"title":"Adeus aos cl\u00e1ssicos coolers de isopor: a tend\u00eancia moderna que os substituir\u00e1 neste ver\u00e3o - Estado de Minas - Em foco","description":"A mochila t\u00e9rmica inteligente mant\u00e9m bebidas e alimentos frios sem gelo e virou tend\u00eancia para praias viagens e passeios em 2026.","robots":{"index":"index","follow":"follow","max-snippet":"max-snippet:-1","max-image-preview":"max-image-preview:large","max-video-preview":"max-video-preview:-1"},"canonical":"https:\/\/www.em.com.br\/emfoco\/2026\/01\/03\/adeus-aos-classicos-coolers-de-isopor-a-tendencia-moderna-que-os-substituira-neste-verao\/","og_locale":"pt_BR","og_type":"article","og_title":"Adeus aos cl\u00e1ssicos coolers de isopor: a tend\u00eancia moderna que os substituir\u00e1 neste ver\u00e3o - Estado de Minas - Em foco","og_description":"A mochila t\u00e9rmica inteligente mant\u00e9m bebidas e alimentos frios sem gelo e virou tend\u00eancia para praias viagens e passeios em 2026.","og_url":"https:\/\/www.em.com.br\/emfoco\/2026\/01\/03\/adeus-aos-classicos-coolers-de-isopor-a-tendencia-moderna-que-os-substituira-neste-verao\/","og_site_name":"Estado de Minas - Em foco","article_published_time":"2026-01-03T10:55:00+00:00","article_modified_time":"2026-01-03T01:05:28+00:00","og_image":[{"width":1280,"height":720,"url":"https:\/\/www.em.com.br\/emfoco\/wp-content\/uploads\/2025\/12\/coolers-_1767149375994.jpg","type":"image\/jpeg"}],"author":"Andre\u0301 Rangel\u00a0","twitter_card":"summary_large_image","twitter_misc":{"Escrito por":"Andre\u0301 Rangel\u00a0","Est. tempo de leitura":"4 minutos"},"schema":{"@context":"https:\/\/schema.org","@graph":[{"@type":"WebPage","@id":"https:\/\/www.em.com.br\/emfoco\/2026\/01\/03\/adeus-aos-classicos-coolers-de-isopor-a-tendencia-moderna-que-os-substituira-neste-verao\/","url":"https:\/\/www.em.com.br\/emfoco\/2026\/01\/03\/adeus-aos-classicos-coolers-de-isopor-a-tendencia-moderna-que-os-substituira-neste-verao\/","name":"Adeus aos cl\u00e1ssicos coolers de isopor: a tend\u00eancia moderna que os substituir\u00e1 neste ver\u00e3o - Estado de Minas - Em foco","isPartOf":{"@id":"https:\/\/www.em.com.br\/emfoco\/#website"},"primaryImageOfPage":{"@id":"https:\/\/www.em.com.br\/emfoco\/2026\/01\/03\/adeus-aos-classicos-coolers-de-isopor-a-tendencia-moderna-que-os-substituira-neste-verao\/#primaryimage"},"image":{"@id":"https:\/\/www.em.com.br\/emfoco\/2026\/01\/03\/adeus-aos-classicos-coolers-de-isopor-a-tendencia-moderna-que-os-substituira-neste-verao\/#primaryimage"},"thumbnailUrl":"https:\/\/www.em.com.br\/emfoco\/wp-content\/uploads\/2025\/12\/coolers-_1767149375994.jpg","datePublished":"2026-01-03T10:55:00+00:00","dateModified":"2026-01-03T01:05:28+00:00","author":{"@id":"https:\/\/www.em.com.br\/emfoco\/#\/schema\/person\/60eda09c1fedf0d6891f4cef4b60b8b8"},"description":"A mochila t\u00e9rmica inteligente mant\u00e9m bebidas e alimentos frios sem gelo e virou tend\u00eancia para praias viagens e passeios em 2026.","breadcrumb":{"@id":"https:\/\/www.em.com.br\/emfoco\/2026\/01\/03\/adeus-aos-classicos-coolers-de-isopor-a-tendencia-moderna-que-os-substituira-neste-verao\/#breadcrumb"},"inLanguage":"pt-BR","potentialAction":[{"@type":"ReadAction","target":["https:\/\/www.em.com.br\/emfoco\/2026\/01\/03\/adeus-aos-classicos-coolers-de-isopor-a-tendencia-moderna-que-os-substituira-neste-verao\/"]}]},{"@type":"ImageObject","inLanguage":"pt-BR","@id":"https:\/\/www.em.com.br\/emfoco\/2026\/01\/03\/adeus-aos-classicos-coolers-de-isopor-a-tendencia-moderna-que-os-substituira-neste-verao\/#primaryimage","url":"https:\/\/www.em.com.br\/emfoco\/wp-content\/uploads\/2025\/12\/coolers-_1767149375994.jpg","contentUrl":"https:\/\/www.em.com.br\/emfoco\/wp-content\/uploads\/2025\/12\/coolers-_1767149375994.jpg","width":1280,"height":720,"caption":"A solu\u00e7\u00e3o mais pr\u00e1tica para manter bebidas geladas - Cr\u00e9ditos: depositphotos.com \/ egunes_"},{"@type":"BreadcrumbList","@id":"https:\/\/www.em.com.br\/emfoco\/2026\/01\/03\/adeus-aos-classicos-coolers-de-isopor-a-tendencia-moderna-que-os-substituira-neste-verao\/#breadcrumb","itemListElement":[{"@type":"ListItem","position":1,"name":"In\u00edcio","item":"https:\/\/www.em.com.br\/emfoco\/"},{"@type":"ListItem","position":2,"name":"Adeus aos cl\u00e1ssicos coolers de isopor: a tend\u00eancia moderna que os substituir\u00e1 neste ver\u00e3o"}]},{"@type":"WebSite","@id":"https:\/\/www.em.com.br\/emfoco\/#website","url":"https:\/\/www.em.com.br\/emfoco\/","name":"Estado de Minas - Em foco","description":"Acompanhe as \u00faltimas not\u00edcias e fique bem informado sobre tudo o que acontece em Minas Gerais, Brasil e no mundo.","potentialAction":[{"@type":"SearchAction","target":{"@type":"EntryPoint","urlTemplate":"https:\/\/www.em.com.br\/emfoco\/?s={search_term_string}"},"query-input":{"@type":"PropertyValueSpecification","valueRequired":true,"valueName":"search_term_string"}}],"inLanguage":"pt-BR"},{"@type":"Person","@id":"https:\/\/www.em.com.br\/emfoco\/#\/schema\/person\/60eda09c1fedf0d6891f4cef4b60b8b8","name":"Andre\u0301 Rangel\u00a0","image":{"@type":"ImageObject","inLanguage":"pt-BR","@id":"https:\/\/www.em.com.br\/emfoco\/#\/schema\/person\/image\/","url":"https:\/\/secure.gravatar.com\/avatar\/6234dc814c77c8ef6d8bba622c787efc?s=96&d=mm&r=g","contentUrl":"https:\/\/secure.gravatar.com\/avatar\/6234dc814c77c8ef6d8bba622c787efc?s=96&d=mm&r=g","caption":"Andre\u0301 Rangel\u00a0"},"url":"https:\/\/www.em.com.br\/emfoco\/author\/luizmyth\/"}]}},"_links":{"self":[{"href":"https:\/\/www.em.com.br\/emfoco\/wp-json\/wp\/v2\/posts\/148522","targetHints":{"allow":["GET"]}}],"collection":[{"href":"https:\/\/www.em.com.br\/emfoco\/wp-json\/wp\/v2\/posts"}],"about":[{"href":"https:\/\/www.em.com.br\/emfoco\/wp-json\/wp\/v2\/types\/post"}],"author":[{"embeddable":true,"href":"https:\/\/www.em.com.br\/emfoco\/wp-json\/wp\/v2\/users\/11"}],"replies":[{"embeddable":true,"href":"https:\/\/www.em.com.br\/emfoco\/wp-json\/wp\/v2\/comments?post=148522"}],"version-history":[{"count":3,"href":"https:\/\/www.em.com.br\/emfoco\/wp-json\/wp\/v2\/posts\/148522\/revisions"}],"predecessor-version":[{"id":148546,"href":"https:\/\/www.em.com.br\/emfoco\/wp-json\/wp\/v2\/posts\/148522\/revisions\/148546"}],"wp:featuredmedia":[{"embeddable":true,"href":"https:\/\/www.em.com.br\/emfoco\/wp-json\/wp\/v2\/media\/148547"}],"wp:attachment":[{"href":"https:\/\/www.em.com.br\/emfoco\/wp-json\/wp\/v2\/media?parent=148522"}],"wp:term":[{"taxonomy":"category","embeddable":true,"href":"https:\/\/www.em.com.br\/emfoco\/wp-json\/wp\/v2\/categories?post=148522"},{"taxonomy":"post_tag","embeddable":true,"href":"https:\/\/www.em.com.br\/emfoco\/wp-json\/wp\/v2\/tags?post=148522"}],"curies":[{"name":"wp","href":"https:\/\/api.w.org\/{rel}","templated":true}]}}