{"id":14844,"date":"2025-01-31T09:20:43","date_gmt":"2025-01-31T12:20:43","guid":{"rendered":"https:\/\/www.em.com.br\/emfoco\/?p=14844"},"modified":"2025-01-30T07:46:03","modified_gmt":"2025-01-30T10:46:03","slug":"o-papel-do-programa-minha-casa-minha-vida-no-acesso-a-moradia-no-brasil","status":"publish","type":"post","link":"https:\/\/www.em.com.br\/emfoco\/2025\/01\/31\/o-papel-do-programa-minha-casa-minha-vida-no-acesso-a-moradia-no-brasil\/","title":{"rendered":"O Papel do Programa Minha Casa Minha Vida no Acesso \u00e0 Moradia no Brasil"},"content":{"rendered":"\n<p>O programa Minha Casa Minha Vida foi criado para democratizar o acesso \u00e0 moradia no Brasil, oferecendo subs\u00eddios <a href=\"https:\/\/www.em.com.br\/emfoco\/2025\/01\/29\/o-aliado-para-a-perda-de-peso-dos-famosos\/\" target=\"_blank\" rel=\"noreferrer noopener\">fundamentais <\/a>para fam\u00edlias de baixa renda. Iniciado em 2009, sob o governo do ent\u00e3o presidente Luiz In\u00e1cio Lula da Silva, o programa visa facilitar o financiamento imobili\u00e1rio, especialmente para aqueles que possuem rendimentos mensais reduzidos.<\/p>\n\n\n\n<p>Recentemente, em busca de refor\u00e7ar a contribui\u00e7\u00e3o do setor privado, o presidente <a href=\"https:\/\/pt.wikipedia.org\/wiki\/Luiz_In%C3%A1cio_Lula_da_Silva\" target=\"_blank\" rel=\"noreferrer noopener\">Lula <\/a>fez um apelo \u00e0s construtoras, solicitando que aumentem sua participa\u00e7\u00e3o nos projetos relacionados ao Minha Casa Minha Vida. Essa iniciativa busca reverter a percep\u00e7\u00e3o de que investir em habita\u00e7\u00f5es para as faixas de menor renda traria dificuldades financeiras, incentivando a constru\u00e7\u00e3o de novas unidades habitacionais em diversas regi\u00f5es do pa\u00eds.<\/p>\n\n\n<div class=\"wp-block-image\">\n<figure class=\"aligncenter size-large\"><img loading=\"lazy\" decoding=\"async\" width=\"1024\" height=\"576\" src=\"https:\/\/www.em.com.br\/emfoco\/wp-content\/uploads\/2024\/12\/Casa_1734995654714-1024x576.jpg\" alt=\"\" class=\"wp-image-6344\" srcset=\"https:\/\/www.em.com.br\/emfoco\/wp-content\/uploads\/2024\/12\/Casa_1734995654714-1024x576.jpg 1024w, https:\/\/www.em.com.br\/emfoco\/wp-content\/uploads\/2024\/12\/Casa_1734995654714-300x169.jpg 300w, https:\/\/www.em.com.br\/emfoco\/wp-content\/uploads\/2024\/12\/Casa_1734995654714-768x432.jpg 768w, https:\/\/www.em.com.br\/emfoco\/wp-content\/uploads\/2024\/12\/Casa_1734995654714-750x422.jpg 750w, https:\/\/www.em.com.br\/emfoco\/wp-content\/uploads\/2024\/12\/Casa_1734995654714-1140x641.jpg 1140w, https:\/\/www.em.com.br\/emfoco\/wp-content\/uploads\/2024\/12\/Casa_1734995654714.jpg 1280w\" sizes=\"auto, (max-width: 1024px) 100vw, 1024px\" \/><figcaption class=\"wp-element-caption\">Minha Casa Minha Vida &#8211; Cr\u00e9ditos: depositphotos.com \/ HayDmitriy<\/figcaption><\/figure><\/div>\n\n\n<h2 class=\"wp-block-heading\">Como Funciona o Minha Casa Minha Vida?<\/h2>\n\n\n\n<p>O programa se estrutura em faixas de renda para definir o montante do subs\u00eddio concedido a cada fam\u00edlia. Atualmente, fam\u00edlias com renda mensal de at\u00e9 R$ 2.600 podem receber um aux\u00edlio adicional, que permite o financiamento de moradias a custos acess\u00edveis. Essa modalidade tem sido crucial para fam\u00edlias que enfrentam desafios financeiros, proporcionando-lhes a oportunidade de ter uma resid\u00eancia pr\u00f3pria.<\/p>\n\n\n\n<p>O Fundo de Arrendamento Residencial (FAR) \u00e9 a principal fonte de recursos para esse programa, garantindo que os objetivos do Minha Casa Minha Vida sejam cumpridos. Este fundo destina-se a financiar a constru\u00e7\u00e3o e a aquisi\u00e7\u00e3o de im\u00f3veis por grupos familiares que, de outra forma, teriam imensa dificuldade para acessar o mercado imobili\u00e1rio formal.<\/p>\n\n\n\n<h2 class=\"wp-block-heading\">Quais s\u00e3o os Benef\u00edcios do Programa?<\/h2>\n\n\n\n<p>Al\u00e9m de subsidiar a moradia, o Minha Casa Minha Vida promove inclus\u00e3o social e melhorias nas condi\u00e7\u00f5es de vida para milh\u00f5es de brasileiros. Entre os benef\u00edcios mais not\u00e1veis est\u00e3o a redu\u00e7\u00e3o da pobreza e a promo\u00e7\u00e3o de maior estabilidade habitacional. O programa tamb\u00e9m incentiva o crescimento econ\u00f4mico ao criar empregos na constru\u00e7\u00e3o civil, um dos setores mais din\u00e2micos da economia brasileira.<\/p>\n\n\n\n<p>Ademais, a implementa\u00e7\u00e3o de habita\u00e7\u00f5es em \u00e1reas urbanas pode melhorar o acesso dos benefici\u00e1rios a servi\u00e7os p\u00fablicos essenciais, como educa\u00e7\u00e3o, sa\u00fade e transporte, o que contribui significativamente para a qualidade de vida das fam\u00edlias atendidas.<\/p>\n\n\n\n<h2 class=\"wp-block-heading\">Quais os Desafios Enfrentados pelo Programa?<\/h2>\n\n\n\n<p>Apesar dos in\u00fameros benef\u00edcios, o Minha Casa Minha Vida enfrenta v\u00e1rios desafios que impactam sua execu\u00e7\u00e3o. Um deles \u00e9 a necessidade de melhorar a coordena\u00e7\u00e3o entre o setor p\u00fablico e as construtoras privadas para garantir a efic\u00e1cia do programa. Existem tamb\u00e9m preocupa\u00e7\u00f5es quanto \u00e0 localiza\u00e7\u00e3o das habita\u00e7\u00f5es, frequentemente situadas em \u00e1reas distantes dos centros urbanos, al\u00e9m de quest\u00f5es relacionadas \u00e0 qualidade das constru\u00e7\u00f5es.<\/p>\n\n\n\n<p>Outro ponto cr\u00edtico \u00e9 a manuten\u00e7\u00e3o do financiamento cont\u00ednuo e a adapta\u00e7\u00e3o do programa \u00e0s mudan\u00e7as econ\u00f4micas e sociais do pa\u00eds, garantindo que ele continue a cumprir seu prop\u00f3sito de forma sustent\u00e1vel.<\/p>\n\n\n\n<h2 class=\"wp-block-heading\">Qual o Futuro do Minha Casa Minha Vida?<\/h2>\n\n\n\n<p>O programa Minha Casa Minha Vida tem um papel essencial na pol\u00edtica habitacional do Brasil e continua a ser uma prioridade para o governo. A aposta do presidente Lula em fortalecer a parceria com o setor privado visa superar os desafios atuais e expandir ainda mais o acesso \u00e0 moradia para as popula\u00e7\u00f5es mais vulner\u00e1veis.<\/p>\n\n\n\n<p>No futuro, espera-se que o programa se adapte para enfrentar desafios emergentes, integrando inova\u00e7\u00f5es tecnol\u00f3gicas e melhores pr\u00e1ticas em constru\u00e7\u00e3o habitacional sustent\u00e1vel. Essas iniciativas visam criar um legado duradouro que n\u00e3o s\u00f3 atenda as demandas habitacionais atuais, mas tamb\u00e9m sustente comunidades robustas e resilientes.<\/p>\n","protected":false},"excerpt":{"rendered":"<p>O programa Minha Casa Minha Vida foi criado para democratizar o acesso \u00e0 moradia no Brasil, oferecendo subs\u00eddios fundamentais para fam\u00edlias de baixa renda. Iniciado em 2009, sob o governo do ent\u00e3o presidente Luiz In\u00e1cio Lula da Silva, o programa visa facilitar o financiamento imobili\u00e1rio, especialmente para aqueles que possuem rendimentos mensais reduzidos. Recentemente, em [&hellip;]<\/p>\n","protected":false},"author":7,"featured_media":5740,"comment_status":"open","ping_status":"open","sticky":false,"template":"","format":"standard","meta":{"jnews-multi-image_gallery":[],"jnews_single_post":{"format":"standard"},"jnews_primary_category":[],"jnews_social_meta":[],"jnews_override_counter":[],"footnotes":""},"categories":[28],"tags":[158,3936,1217,2205,4408],"class_list":["post-14844","post","type-post","status-publish","format-standard","has-post-thumbnail","hentry","category-economia","tag-brasil","tag-favelas","tag-habitacao","tag-habitacao-social","tag-politica-habitacional"],"yoast_head":"<!-- This site is optimized with the Yoast SEO plugin v23.8 - https:\/\/yoast.com\/wordpress\/plugins\/seo\/ -->\n<title>O Papel do Programa Minha Casa Minha Vida no Acesso \u00e0 Moradia no Brasil - Estado de Minas - Em foco<\/title>\n<meta name=\"description\" content=\"O Programa Minha Casa Minha Vida visa proporcionar acesso \u00e0 moradia para fam\u00edlias de baixa renda no Brasil.\" \/>\n<meta name=\"robots\" content=\"index, follow, max-snippet:-1, max-image-preview:large, max-video-preview:-1\" \/>\n<link rel=\"canonical\" href=\"https:\/\/www.em.com.br\/emfoco\/2025\/01\/31\/o-papel-do-programa-minha-casa-minha-vida-no-acesso-a-moradia-no-brasil\/\" \/>\n<meta property=\"og:locale\" content=\"pt_BR\" \/>\n<meta property=\"og:type\" content=\"article\" \/>\n<meta property=\"og:title\" content=\"O Papel do Programa Minha Casa Minha Vida no Acesso \u00e0 Moradia no Brasil - Estado de Minas - Em foco\" \/>\n<meta property=\"og:description\" content=\"O Programa Minha Casa Minha Vida visa proporcionar acesso \u00e0 moradia para fam\u00edlias de baixa renda no Brasil.\" \/>\n<meta property=\"og:url\" content=\"https:\/\/www.em.com.br\/emfoco\/2025\/01\/31\/o-papel-do-programa-minha-casa-minha-vida-no-acesso-a-moradia-no-brasil\/\" \/>\n<meta property=\"og:site_name\" content=\"Estado de Minas - Em foco\" \/>\n<meta property=\"article:published_time\" content=\"2025-01-31T12:20:43+00:00\" \/>\n<meta property=\"article:modified_time\" content=\"2025-01-30T10:46:03+00:00\" \/>\n<meta property=\"og:image\" content=\"https:\/\/www.em.com.br\/emfoco\/wp-content\/uploads\/2024\/12\/Casa_1734626445562.jpg\" \/>\n\t<meta property=\"og:image:width\" content=\"1280\" \/>\n\t<meta property=\"og:image:height\" content=\"720\" \/>\n\t<meta property=\"og:image:type\" content=\"image\/jpeg\" \/>\n<meta name=\"author\" content=\"Kelvin\" \/>\n<meta name=\"twitter:card\" content=\"summary_large_image\" \/>\n<meta name=\"twitter:label1\" content=\"Escrito por\" \/>\n\t<meta name=\"twitter:data1\" content=\"Kelvin\" \/>\n\t<meta name=\"twitter:label2\" content=\"Est. tempo de leitura\" \/>\n\t<meta name=\"twitter:data2\" content=\"4 minutos\" \/>\n<!-- \/ Yoast SEO plugin. -->","yoast_head_json":{"title":"O Papel do Programa Minha Casa Minha Vida no Acesso \u00e0 Moradia no Brasil - Estado de Minas - Em foco","description":"O Programa Minha Casa Minha Vida visa proporcionar acesso \u00e0 moradia para fam\u00edlias de baixa renda no Brasil.","robots":{"index":"index","follow":"follow","max-snippet":"max-snippet:-1","max-image-preview":"max-image-preview:large","max-video-preview":"max-video-preview:-1"},"canonical":"https:\/\/www.em.com.br\/emfoco\/2025\/01\/31\/o-papel-do-programa-minha-casa-minha-vida-no-acesso-a-moradia-no-brasil\/","og_locale":"pt_BR","og_type":"article","og_title":"O Papel do Programa Minha Casa Minha Vida no Acesso \u00e0 Moradia no Brasil - Estado de Minas - Em foco","og_description":"O Programa Minha Casa Minha Vida visa proporcionar acesso \u00e0 moradia para fam\u00edlias de baixa renda no Brasil.","og_url":"https:\/\/www.em.com.br\/emfoco\/2025\/01\/31\/o-papel-do-programa-minha-casa-minha-vida-no-acesso-a-moradia-no-brasil\/","og_site_name":"Estado de Minas - Em foco","article_published_time":"2025-01-31T12:20:43+00:00","article_modified_time":"2025-01-30T10:46:03+00:00","og_image":[{"width":1280,"height":720,"url":"https:\/\/www.em.com.br\/emfoco\/wp-content\/uploads\/2024\/12\/Casa_1734626445562.jpg","type":"image\/jpeg"}],"author":"Kelvin","twitter_card":"summary_large_image","twitter_misc":{"Escrito por":"Kelvin","Est. tempo de leitura":"4 minutos"},"schema":{"@context":"https:\/\/schema.org","@graph":[{"@type":"WebPage","@id":"https:\/\/www.em.com.br\/emfoco\/2025\/01\/31\/o-papel-do-programa-minha-casa-minha-vida-no-acesso-a-moradia-no-brasil\/","url":"https:\/\/www.em.com.br\/emfoco\/2025\/01\/31\/o-papel-do-programa-minha-casa-minha-vida-no-acesso-a-moradia-no-brasil\/","name":"O Papel do Programa Minha Casa Minha Vida no Acesso \u00e0 Moradia no Brasil - Estado de Minas - Em foco","isPartOf":{"@id":"https:\/\/www.em.com.br\/emfoco\/#website"},"primaryImageOfPage":{"@id":"https:\/\/www.em.com.br\/emfoco\/2025\/01\/31\/o-papel-do-programa-minha-casa-minha-vida-no-acesso-a-moradia-no-brasil\/#primaryimage"},"image":{"@id":"https:\/\/www.em.com.br\/emfoco\/2025\/01\/31\/o-papel-do-programa-minha-casa-minha-vida-no-acesso-a-moradia-no-brasil\/#primaryimage"},"thumbnailUrl":"https:\/\/www.em.com.br\/emfoco\/wp-content\/uploads\/2024\/12\/Casa_1734626445562.jpg","datePublished":"2025-01-31T12:20:43+00:00","dateModified":"2025-01-30T10:46:03+00:00","author":{"@id":"https:\/\/www.em.com.br\/emfoco\/#\/schema\/person\/fb0a7f48c6fbb94b83f413a80f61917d"},"description":"O Programa Minha Casa Minha Vida visa proporcionar acesso \u00e0 moradia para fam\u00edlias de baixa renda no Brasil.","breadcrumb":{"@id":"https:\/\/www.em.com.br\/emfoco\/2025\/01\/31\/o-papel-do-programa-minha-casa-minha-vida-no-acesso-a-moradia-no-brasil\/#breadcrumb"},"inLanguage":"pt-BR","potentialAction":[{"@type":"ReadAction","target":["https:\/\/www.em.com.br\/emfoco\/2025\/01\/31\/o-papel-do-programa-minha-casa-minha-vida-no-acesso-a-moradia-no-brasil\/"]}]},{"@type":"ImageObject","inLanguage":"pt-BR","@id":"https:\/\/www.em.com.br\/emfoco\/2025\/01\/31\/o-papel-do-programa-minha-casa-minha-vida-no-acesso-a-moradia-no-brasil\/#primaryimage","url":"https:\/\/www.em.com.br\/emfoco\/wp-content\/uploads\/2024\/12\/Casa_1734626445562.jpg","contentUrl":"https:\/\/www.em.com.br\/emfoco\/wp-content\/uploads\/2024\/12\/Casa_1734626445562.jpg","width":1280,"height":720,"caption":"Minha Casa - Cr\u00e9ditos: depositphotos.com \/ AntonMatyukha"},{"@type":"BreadcrumbList","@id":"https:\/\/www.em.com.br\/emfoco\/2025\/01\/31\/o-papel-do-programa-minha-casa-minha-vida-no-acesso-a-moradia-no-brasil\/#breadcrumb","itemListElement":[{"@type":"ListItem","position":1,"name":"In\u00edcio","item":"https:\/\/www.em.com.br\/emfoco\/"},{"@type":"ListItem","position":2,"name":"O Papel do Programa Minha Casa Minha Vida no Acesso \u00e0 Moradia no Brasil"}]},{"@type":"WebSite","@id":"https:\/\/www.em.com.br\/emfoco\/#website","url":"https:\/\/www.em.com.br\/emfoco\/","name":"Estado de Minas - Em foco","description":"Acompanhe as \u00faltimas not\u00edcias e fique bem informado sobre tudo o que acontece em Minas Gerais, Brasil e no mundo.","potentialAction":[{"@type":"SearchAction","target":{"@type":"EntryPoint","urlTemplate":"https:\/\/www.em.com.br\/emfoco\/?s={search_term_string}"},"query-input":{"@type":"PropertyValueSpecification","valueRequired":true,"valueName":"search_term_string"}}],"inLanguage":"pt-BR"},{"@type":"Person","@id":"https:\/\/www.em.com.br\/emfoco\/#\/schema\/person\/fb0a7f48c6fbb94b83f413a80f61917d","name":"Kelvin","image":{"@type":"ImageObject","inLanguage":"pt-BR","@id":"https:\/\/www.em.com.br\/emfoco\/#\/schema\/person\/image\/","url":"https:\/\/secure.gravatar.com\/avatar\/e74f84337e6bf6c4c5e88fbdffa05270?s=96&d=mm&r=g","contentUrl":"https:\/\/secure.gravatar.com\/avatar\/e74f84337e6bf6c4c5e88fbdffa05270?s=96&d=mm&r=g","caption":"Kelvin"},"sameAs":["https:\/\/www.em.com.br\/emfoco"],"url":"https:\/\/www.em.com.br\/emfoco\/author\/kelvinmyth\/"}]}},"_links":{"self":[{"href":"https:\/\/www.em.com.br\/emfoco\/wp-json\/wp\/v2\/posts\/14844","targetHints":{"allow":["GET"]}}],"collection":[{"href":"https:\/\/www.em.com.br\/emfoco\/wp-json\/wp\/v2\/posts"}],"about":[{"href":"https:\/\/www.em.com.br\/emfoco\/wp-json\/wp\/v2\/types\/post"}],"author":[{"embeddable":true,"href":"https:\/\/www.em.com.br\/emfoco\/wp-json\/wp\/v2\/users\/7"}],"replies":[{"embeddable":true,"href":"https:\/\/www.em.com.br\/emfoco\/wp-json\/wp\/v2\/comments?post=14844"}],"version-history":[{"count":2,"href":"https:\/\/www.em.com.br\/emfoco\/wp-json\/wp\/v2\/posts\/14844\/revisions"}],"predecessor-version":[{"id":14846,"href":"https:\/\/www.em.com.br\/emfoco\/wp-json\/wp\/v2\/posts\/14844\/revisions\/14846"}],"wp:featuredmedia":[{"embeddable":true,"href":"https:\/\/www.em.com.br\/emfoco\/wp-json\/wp\/v2\/media\/5740"}],"wp:attachment":[{"href":"https:\/\/www.em.com.br\/emfoco\/wp-json\/wp\/v2\/media?parent=14844"}],"wp:term":[{"taxonomy":"category","embeddable":true,"href":"https:\/\/www.em.com.br\/emfoco\/wp-json\/wp\/v2\/categories?post=14844"},{"taxonomy":"post_tag","embeddable":true,"href":"https:\/\/www.em.com.br\/emfoco\/wp-json\/wp\/v2\/tags?post=14844"}],"curies":[{"name":"wp","href":"https:\/\/api.w.org\/{rel}","templated":true}]}}