{"id":14830,"date":"2025-01-31T06:20:10","date_gmt":"2025-01-31T09:20:10","guid":{"rendered":"https:\/\/www.em.com.br\/emfoco\/?p=14830"},"modified":"2025-01-30T07:36:22","modified_gmt":"2025-01-30T10:36:22","slug":"previsao-do-tempo-para-belo-horizonte-em-31-de-janeiro-de-2025","status":"publish","type":"post","link":"https:\/\/www.em.com.br\/emfoco\/2025\/01\/31\/previsao-do-tempo-para-belo-horizonte-em-31-de-janeiro-de-2025\/","title":{"rendered":"Previs\u00e3o do Tempo para Belo Horizonte em 31 de Janeiro de 2025!"},"content":{"rendered":"\n<p>A previs\u00e3o do tempo \u00e9 uma ferramenta essencial para ajudar a planejar atividades <a href=\"https:\/\/www.em.com.br\/emfoco\/2025\/01\/29\/sonha-com-um-carro-eficiente-e-sustentavel\/\" target=\"_blank\" rel=\"noreferrer noopener\">di\u00e1rias<\/a>, desde compromissos profissionais at\u00e9 momentos de lazer. Para o dia 31 de janeiro de 2025, residentes e visitantes da capital mineira devem se preparar para um clima caracter\u00edstico de ver\u00e3o, com temperaturas elevadas e poss\u00edveis chuvas esparsas.<\/p>\n\n\n\n<h2 class=\"wp-block-heading\">Quais s\u00e3o as expectativas de temperatura para Belo Horizonte?<\/h2>\n\n\n\n<p>No dia em quest\u00e3o, espera-se que <strong>as temperaturas em <a href=\"https:\/\/pt.wikipedia.org\/wiki\/Belo_Horizonte\" target=\"_blank\" rel=\"noreferrer noopener\">Belo Horizonte<\/a><\/strong> alcancem m\u00e1ximas na casa dos 30\u00b0C. A m\u00ednima, por sua vez, deve ficar por volta dos 19\u00b0C. O calor \u00e9 t\u00edpico desta \u00e9poca do ano na regi\u00e3o, intensificado pelo sol que dever\u00e1 predominar durante boa parte do dia. Por isso, \u00e9 recomend\u00e1vel que se mantenha bem hidratado e evite exposi\u00e7\u00e3o prolongada ao sol nas horas de pico.<\/p>\n\n\n<div class=\"wp-block-image\">\n<figure class=\"aligncenter size-large\"><img loading=\"lazy\" decoding=\"async\" width=\"1024\" height=\"576\" src=\"https:\/\/www.em.com.br\/emfoco\/wp-content\/uploads\/2024\/12\/Belo-Horizonte_1734099019454-1024x576.jpg\" alt=\"\" class=\"wp-image-4757\" srcset=\"https:\/\/www.em.com.br\/emfoco\/wp-content\/uploads\/2024\/12\/Belo-Horizonte_1734099019454-1024x576.jpg 1024w, https:\/\/www.em.com.br\/emfoco\/wp-content\/uploads\/2024\/12\/Belo-Horizonte_1734099019454-300x169.jpg 300w, https:\/\/www.em.com.br\/emfoco\/wp-content\/uploads\/2024\/12\/Belo-Horizonte_1734099019454-768x432.jpg 768w, https:\/\/www.em.com.br\/emfoco\/wp-content\/uploads\/2024\/12\/Belo-Horizonte_1734099019454-750x422.jpg 750w, https:\/\/www.em.com.br\/emfoco\/wp-content\/uploads\/2024\/12\/Belo-Horizonte_1734099019454-1140x641.jpg 1140w, https:\/\/www.em.com.br\/emfoco\/wp-content\/uploads\/2024\/12\/Belo-Horizonte_1734099019454.jpg 1280w\" sizes=\"auto, (max-width: 1024px) 100vw, 1024px\" \/><figcaption class=\"wp-element-caption\">Vista do Ceu de BH &#8211; Cr\u00e9ditos: depositphotos.com \/ fredpinheiro.hotmail.com.br<\/figcaption><\/figure><\/div>\n\n\n<h2 class=\"wp-block-heading\">Haver\u00e1 chuvas em Belo Horizonte no dia 31 de janeiro de 2025?<\/h2>\n\n\n\n<p>A previs\u00e3o indica possibilidade de chuvas isoladas no per\u00edodo da tarde. Essas precipita\u00e7\u00f5es s\u00e3o comuns no ver\u00e3o belo-horizontino, muitas vezes resultando de pancadas de chuva ap\u00f3s dias quentes e abafados. <strong>As chuvas<\/strong>, embora n\u00e3o sejam intensas, podem vir acompanhadas de trovoadas, sendo aconselh\u00e1vel que atividades ao ar livre sejam realizadas no per\u00edodo da manh\u00e3 ou devidamente planejadas para evitar inconvenientes.<\/p>\n\n\n\n<h2 class=\"wp-block-heading\">Como ser\u00e1 a umidade relativa do ar nesse dia?<\/h2>\n\n\n\n<p>A <em>umidade relativa do ar<\/em> deve se manter em n\u00edveis confort\u00e1veis, variando entre 50% e 70% ao longo do dia. Embora n\u00e3o seja esperada uma umidade excessivamente baixa, o calor pode resultar em sensa\u00e7\u00e3o de abafamento. Garantir uma boa ventila\u00e7\u00e3o nos ambientes internos e uso de umidificadores pode ajudar a aliviar qualquer desconforto causado pelo clima.<\/p>\n\n\n\n<h2 class=\"wp-block-heading\">Dicas para aproveitar o clima de Belo Horizonte em 31 de janeiro de 2025<\/h2>\n\n\n\n<ul class=\"wp-block-list\">\n<li>Use roupas leves e protetor solar durante todo o dia para se proteger dos raios UV.<\/li>\n\n\n\n<li>Esteja preparado para poss\u00edveis mudan\u00e7as no tempo com um guarda-chuva ou capa de chuva se precisar sair \u00e0 tarde.<\/li>\n\n\n\n<li>Hidrate-se regularmente para lidar com as altas temperaturas e evite atividades f\u00edsicas intensas sob o sol.<\/li>\n\n\n\n<li>Planeje passeios ao ar livre para o per\u00edodo da manh\u00e3, quando as condi\u00e7\u00f5es clim\u00e1ticas tendem a ser mais est\u00e1veis.<\/li>\n<\/ul>\n\n\n\n<p>Com base nessas informa\u00e7\u00f5es, os moradores e turistas podem se preparar de forma adequada para suas atividades em Belo Horizonte no \u00faltimo dia de janeiro. Permanecer atento \u00e0s atualiza\u00e7\u00f5es da meteorologia \u00e9 fundamental para lidar com eventuais mudan\u00e7as no clima ao longo do dia.<\/p>\n","protected":false},"excerpt":{"rendered":"<p>A previs\u00e3o do tempo \u00e9 uma ferramenta essencial para ajudar a planejar atividades di\u00e1rias, desde compromissos profissionais at\u00e9 momentos de lazer. Para o dia 31 de janeiro de 2025, residentes e visitantes da capital mineira devem se preparar para um clima caracter\u00edstico de ver\u00e3o, com temperaturas elevadas e poss\u00edveis chuvas esparsas. Quais s\u00e3o as expectativas [&hellip;]<\/p>\n","protected":false},"author":7,"featured_media":4029,"comment_status":"open","ping_status":"open","sticky":false,"template":"","format":"standard","meta":{"jnews-multi-image_gallery":[],"jnews_single_post":{"format":"standard"},"jnews_primary_category":[],"jnews_social_meta":[],"jnews_override_counter":[],"footnotes":""},"categories":[30],"tags":[782,154,152,251,155,1827],"class_list":["post-14830","post","type-post","status-publish","format-standard","has-post-thumbnail","hentry","category-clima","tag-782","tag-belo-horizonte","tag-clima","tag-previsao-do-tempo","tag-tempo","tag-verao"],"yoast_head":"<!-- This site is optimized with the Yoast SEO plugin v23.8 - https:\/\/yoast.com\/wordpress\/plugins\/seo\/ -->\n<title>Previs\u00e3o do Tempo para Belo Horizonte em 31 de Janeiro de 2025! - Estado de Minas - Em foco<\/title>\n<meta name=\"description\" content=\"Previs\u00f5es do tempo para Belo Horizonte no ver\u00e3o de 2025, Confira!\" \/>\n<meta name=\"robots\" content=\"index, follow, max-snippet:-1, max-image-preview:large, max-video-preview:-1\" \/>\n<link rel=\"canonical\" href=\"https:\/\/www.em.com.br\/emfoco\/2025\/01\/31\/previsao-do-tempo-para-belo-horizonte-em-31-de-janeiro-de-2025\/\" \/>\n<meta property=\"og:locale\" content=\"pt_BR\" \/>\n<meta property=\"og:type\" content=\"article\" \/>\n<meta property=\"og:title\" content=\"Previs\u00e3o do Tempo para Belo Horizonte em 31 de Janeiro de 2025! - Estado de Minas - Em foco\" \/>\n<meta property=\"og:description\" content=\"Previs\u00f5es do tempo para Belo Horizonte no ver\u00e3o de 2025, Confira!\" \/>\n<meta property=\"og:url\" content=\"https:\/\/www.em.com.br\/emfoco\/2025\/01\/31\/previsao-do-tempo-para-belo-horizonte-em-31-de-janeiro-de-2025\/\" \/>\n<meta property=\"og:site_name\" content=\"Estado de Minas - Em foco\" \/>\n<meta property=\"article:published_time\" content=\"2025-01-31T09:20:10+00:00\" \/>\n<meta property=\"article:modified_time\" content=\"2025-01-30T10:36:22+00:00\" \/>\n<meta property=\"og:image\" content=\"https:\/\/www.em.com.br\/emfoco\/wp-content\/uploads\/2024\/12\/Belo-Horizonte_1733787186117.jpg\" \/>\n\t<meta property=\"og:image:width\" content=\"1280\" \/>\n\t<meta property=\"og:image:height\" content=\"720\" \/>\n\t<meta property=\"og:image:type\" content=\"image\/jpeg\" \/>\n<meta name=\"author\" content=\"Kelvin\" \/>\n<meta name=\"twitter:card\" content=\"summary_large_image\" \/>\n<meta name=\"twitter:label1\" content=\"Escrito por\" \/>\n\t<meta name=\"twitter:data1\" content=\"Kelvin\" \/>\n\t<meta name=\"twitter:label2\" content=\"Est. tempo de leitura\" \/>\n\t<meta name=\"twitter:data2\" content=\"3 minutos\" \/>\n<!-- \/ Yoast SEO plugin. -->","yoast_head_json":{"title":"Previs\u00e3o do Tempo para Belo Horizonte em 31 de Janeiro de 2025! - Estado de Minas - Em foco","description":"Previs\u00f5es do tempo para Belo Horizonte no ver\u00e3o de 2025, Confira!","robots":{"index":"index","follow":"follow","max-snippet":"max-snippet:-1","max-image-preview":"max-image-preview:large","max-video-preview":"max-video-preview:-1"},"canonical":"https:\/\/www.em.com.br\/emfoco\/2025\/01\/31\/previsao-do-tempo-para-belo-horizonte-em-31-de-janeiro-de-2025\/","og_locale":"pt_BR","og_type":"article","og_title":"Previs\u00e3o do Tempo para Belo Horizonte em 31 de Janeiro de 2025! - Estado de Minas - Em foco","og_description":"Previs\u00f5es do tempo para Belo Horizonte no ver\u00e3o de 2025, Confira!","og_url":"https:\/\/www.em.com.br\/emfoco\/2025\/01\/31\/previsao-do-tempo-para-belo-horizonte-em-31-de-janeiro-de-2025\/","og_site_name":"Estado de Minas - Em foco","article_published_time":"2025-01-31T09:20:10+00:00","article_modified_time":"2025-01-30T10:36:22+00:00","og_image":[{"width":1280,"height":720,"url":"https:\/\/www.em.com.br\/emfoco\/wp-content\/uploads\/2024\/12\/Belo-Horizonte_1733787186117.jpg","type":"image\/jpeg"}],"author":"Kelvin","twitter_card":"summary_large_image","twitter_misc":{"Escrito por":"Kelvin","Est. tempo de leitura":"3 minutos"},"schema":{"@context":"https:\/\/schema.org","@graph":[{"@type":"WebPage","@id":"https:\/\/www.em.com.br\/emfoco\/2025\/01\/31\/previsao-do-tempo-para-belo-horizonte-em-31-de-janeiro-de-2025\/","url":"https:\/\/www.em.com.br\/emfoco\/2025\/01\/31\/previsao-do-tempo-para-belo-horizonte-em-31-de-janeiro-de-2025\/","name":"Previs\u00e3o do Tempo para Belo Horizonte em 31 de Janeiro de 2025! - Estado de Minas - Em foco","isPartOf":{"@id":"https:\/\/www.em.com.br\/emfoco\/#website"},"primaryImageOfPage":{"@id":"https:\/\/www.em.com.br\/emfoco\/2025\/01\/31\/previsao-do-tempo-para-belo-horizonte-em-31-de-janeiro-de-2025\/#primaryimage"},"image":{"@id":"https:\/\/www.em.com.br\/emfoco\/2025\/01\/31\/previsao-do-tempo-para-belo-horizonte-em-31-de-janeiro-de-2025\/#primaryimage"},"thumbnailUrl":"https:\/\/www.em.com.br\/emfoco\/wp-content\/uploads\/2024\/12\/Belo-Horizonte_1733787186117.jpg","datePublished":"2025-01-31T09:20:10+00:00","dateModified":"2025-01-30T10:36:22+00:00","author":{"@id":"https:\/\/www.em.com.br\/emfoco\/#\/schema\/person\/fb0a7f48c6fbb94b83f413a80f61917d"},"description":"Previs\u00f5es do tempo para Belo Horizonte no ver\u00e3o de 2025, Confira!","breadcrumb":{"@id":"https:\/\/www.em.com.br\/emfoco\/2025\/01\/31\/previsao-do-tempo-para-belo-horizonte-em-31-de-janeiro-de-2025\/#breadcrumb"},"inLanguage":"pt-BR","potentialAction":[{"@type":"ReadAction","target":["https:\/\/www.em.com.br\/emfoco\/2025\/01\/31\/previsao-do-tempo-para-belo-horizonte-em-31-de-janeiro-de-2025\/"]}]},{"@type":"ImageObject","inLanguage":"pt-BR","@id":"https:\/\/www.em.com.br\/emfoco\/2025\/01\/31\/previsao-do-tempo-para-belo-horizonte-em-31-de-janeiro-de-2025\/#primaryimage","url":"https:\/\/www.em.com.br\/emfoco\/wp-content\/uploads\/2024\/12\/Belo-Horizonte_1733787186117.jpg","contentUrl":"https:\/\/www.em.com.br\/emfoco\/wp-content\/uploads\/2024\/12\/Belo-Horizonte_1733787186117.jpg","width":1280,"height":720,"caption":"Clima BH - Cr\u00e9ditos: depositphotos.com \/ gustavobhz"},{"@type":"BreadcrumbList","@id":"https:\/\/www.em.com.br\/emfoco\/2025\/01\/31\/previsao-do-tempo-para-belo-horizonte-em-31-de-janeiro-de-2025\/#breadcrumb","itemListElement":[{"@type":"ListItem","position":1,"name":"In\u00edcio","item":"https:\/\/www.em.com.br\/emfoco\/"},{"@type":"ListItem","position":2,"name":"Previs\u00e3o do Tempo para Belo Horizonte em 31 de Janeiro de 2025!"}]},{"@type":"WebSite","@id":"https:\/\/www.em.com.br\/emfoco\/#website","url":"https:\/\/www.em.com.br\/emfoco\/","name":"Estado de Minas - Em foco","description":"Acompanhe as \u00faltimas not\u00edcias e fique bem informado sobre tudo o que acontece em Minas Gerais, Brasil e no mundo.","potentialAction":[{"@type":"SearchAction","target":{"@type":"EntryPoint","urlTemplate":"https:\/\/www.em.com.br\/emfoco\/?s={search_term_string}"},"query-input":{"@type":"PropertyValueSpecification","valueRequired":true,"valueName":"search_term_string"}}],"inLanguage":"pt-BR"},{"@type":"Person","@id":"https:\/\/www.em.com.br\/emfoco\/#\/schema\/person\/fb0a7f48c6fbb94b83f413a80f61917d","name":"Kelvin","image":{"@type":"ImageObject","inLanguage":"pt-BR","@id":"https:\/\/www.em.com.br\/emfoco\/#\/schema\/person\/image\/","url":"https:\/\/secure.gravatar.com\/avatar\/e74f84337e6bf6c4c5e88fbdffa05270?s=96&d=mm&r=g","contentUrl":"https:\/\/secure.gravatar.com\/avatar\/e74f84337e6bf6c4c5e88fbdffa05270?s=96&d=mm&r=g","caption":"Kelvin"},"sameAs":["https:\/\/www.em.com.br\/emfoco"],"url":"https:\/\/www.em.com.br\/emfoco\/author\/kelvinmyth\/"}]}},"_links":{"self":[{"href":"https:\/\/www.em.com.br\/emfoco\/wp-json\/wp\/v2\/posts\/14830","targetHints":{"allow":["GET"]}}],"collection":[{"href":"https:\/\/www.em.com.br\/emfoco\/wp-json\/wp\/v2\/posts"}],"about":[{"href":"https:\/\/www.em.com.br\/emfoco\/wp-json\/wp\/v2\/types\/post"}],"author":[{"embeddable":true,"href":"https:\/\/www.em.com.br\/emfoco\/wp-json\/wp\/v2\/users\/7"}],"replies":[{"embeddable":true,"href":"https:\/\/www.em.com.br\/emfoco\/wp-json\/wp\/v2\/comments?post=14830"}],"version-history":[{"count":2,"href":"https:\/\/www.em.com.br\/emfoco\/wp-json\/wp\/v2\/posts\/14830\/revisions"}],"predecessor-version":[{"id":14832,"href":"https:\/\/www.em.com.br\/emfoco\/wp-json\/wp\/v2\/posts\/14830\/revisions\/14832"}],"wp:featuredmedia":[{"embeddable":true,"href":"https:\/\/www.em.com.br\/emfoco\/wp-json\/wp\/v2\/media\/4029"}],"wp:attachment":[{"href":"https:\/\/www.em.com.br\/emfoco\/wp-json\/wp\/v2\/media?parent=14830"}],"wp:term":[{"taxonomy":"category","embeddable":true,"href":"https:\/\/www.em.com.br\/emfoco\/wp-json\/wp\/v2\/categories?post=14830"},{"taxonomy":"post_tag","embeddable":true,"href":"https:\/\/www.em.com.br\/emfoco\/wp-json\/wp\/v2\/tags?post=14830"}],"curies":[{"name":"wp","href":"https:\/\/api.w.org\/{rel}","templated":true}]}}