{"id":148199,"date":"2025-12-31T07:05:00","date_gmt":"2025-12-31T10:05:00","guid":{"rendered":"https:\/\/www.em.com.br\/emfoco\/?p=148199"},"modified":"2025-12-30T16:04:53","modified_gmt":"2025-12-30T19:04:53","slug":"emagrecer-gastando-pouco-e-possivel-com-planejamento","status":"publish","type":"post","link":"https:\/\/www.em.com.br\/emfoco\/2025\/12\/31\/emagrecer-gastando-pouco-e-possivel-com-planejamento\/","title":{"rendered":"Emagrecer gastando pouco \u00e9 poss\u00edvel com planejamento"},"content":{"rendered":"\n<p>Mudar a alimenta\u00e7\u00e3o \u00e9 frequentemente o primeiro passo para aqueles que desejam perder peso, mas essa tarefa pode ser desafiadora quando se considera o custo elevado dos alimentos. No entanto, especialistas em nutri\u00e7\u00e3o destacam que \u00e9 poss\u00edvel <strong>Emagrecer <\/strong>mantendo um or\u00e7amento controlado. Entre os itens essenciais para uma dieta saud\u00e1vel, como leite, tub\u00e9rculos, ra\u00edzes e legumes, muitos t\u00eam apresentado grande varia\u00e7\u00e3o de pre\u00e7o nos \u00faltimos anos.<\/p>\n\n\n\n<p>Um ponto de partida \u00e9 optar por&nbsp;<strong>frutas, legumes e verduras da \u00e9poca<\/strong>. Durante diferentes esta\u00e7\u00f5es do ano, certos grupos de alimentos ficam mais baratos devido \u00e0s condi\u00e7\u00f5es clim\u00e1ticas que favorecem a produ\u00e7\u00e3o, al\u00e9m de estarem mais saborosos. As feiras locais s\u00e3o \u00f3timas op\u00e7\u00f5es para adquirir esses produtos por valores mais baixos.<\/p>\n\n\n\n<h2 class=\"wp-block-heading\">Como economizar na escolha das prote\u00ednas?<\/h2>\n\n\n\n<p>A alta no pre\u00e7o da carne vermelha levou muitos a reconsiderarem seu consumo, mas ainda h\u00e1 op\u00e7\u00f5es acess\u00edveis. Cortes mais baratos de carne podem ser uma solu\u00e7\u00e3o tempor\u00e1ria, enquanto o&nbsp;<em>peito de frango<\/em>&nbsp;se destaca como uma excelente fonte de prote\u00ednas magras por um custo menor. O ovo tamb\u00e9m \u00e9 uma alternativa vi\u00e1vel, fornecendo prote\u00ednas com um valor acess\u00edvel.<\/p>\n\n\n\n<p>Para quem busca mais variedade, alimentos como&nbsp;<strong>feij\u00f5es, lentilha, gr\u00e3o-de-bico e ervilha<\/strong>&nbsp;s\u00e3o \u00f3timas fontes de prote\u00edna e fibra, ideais para acompanhamento em saladas ou preparados como pastas, como o homus.<\/p>\n\n\n<div class=\"wp-block-image\">\n<figure class=\"aligncenter size-large\"><img loading=\"lazy\" decoding=\"async\" width=\"1024\" height=\"576\" src=\"https:\/\/www.em.com.br\/emfoco\/wp-content\/uploads\/2025\/12\/Emagrecer-_1766962744448-1024x576.jpg\" alt=\"\" class=\"wp-image-147397\" srcset=\"https:\/\/www.em.com.br\/emfoco\/wp-content\/uploads\/2025\/12\/Emagrecer-_1766962744448-1024x576.jpg 1024w, https:\/\/www.em.com.br\/emfoco\/wp-content\/uploads\/2025\/12\/Emagrecer-_1766962744448-300x169.jpg 300w, https:\/\/www.em.com.br\/emfoco\/wp-content\/uploads\/2025\/12\/Emagrecer-_1766962744448-768x432.jpg 768w, https:\/\/www.em.com.br\/emfoco\/wp-content\/uploads\/2025\/12\/Emagrecer-_1766962744448-750x422.jpg 750w, https:\/\/www.em.com.br\/emfoco\/wp-content\/uploads\/2025\/12\/Emagrecer-_1766962744448-1140x641.jpg 1140w, https:\/\/www.em.com.br\/emfoco\/wp-content\/uploads\/2025\/12\/Emagrecer-_1766962744448.jpg 1280w\" sizes=\"auto, (max-width: 1024px) 100vw, 1024px\" \/><figcaption class=\"wp-element-caption\">Emagrecer &#8211; Cr\u00e9ditos: depositphotos.com \/ Goir<\/figcaption><\/figure><\/div>\n\n\n<h2 class=\"wp-block-heading\">Por que \u00e9 importante planejar as refei\u00e7\u00f5es?<\/h2>\n\n\n\n<p>A organiza\u00e7\u00e3o antecipada das refei\u00e7\u00f5es \u00e9 uma estrat\u00e9gia eficaz para Emagrecer sem gastar muito. Com um planejamento semanal, \u00e9 poss\u00edvel ter controle sobre a prepara\u00e7\u00e3o dos alimentos e escolher o momento mais adequado para consumi-los. Dessa forma, tamb\u00e9m se pode pesquisar melhor os pre\u00e7os e aproveitar descontos em grandes quantidades, evitando, assim, desperd\u00edcios.<\/p>\n\n\n\n<h2 class=\"wp-block-heading\">Quais s\u00e3o os benef\u00edcios de ter uma lista de substitui\u00e7\u00e3o de alimentos?<\/h2>\n\n\n\n<p>Em tempos de infla\u00e7\u00e3o alimentar, ter uma&nbsp;<strong>lista de substitui\u00e7\u00e3o<\/strong>&nbsp;\u00e9 fundamental. Isso ajuda a identificar op\u00e7\u00f5es vi\u00e1veis em feiras e supermercados, facilitando a compara\u00e7\u00e3o de pre\u00e7os e sazonalidades. Variar os gr\u00e3os favoritos ou carboidratos, como arroz, batata ou mandioca, pode proporcionar economia sem comprometer a qualidade nutricional das refei\u00e7\u00f5es.<\/p>\n\n\n\n<p>N\u00e3o menos importante \u00e9 a&nbsp;<strong>hidrata\u00e7\u00e3o<\/strong>, que traz benef\u00edcios gerais \u00e0 sa\u00fade e n\u00e3o pesa no bolso. O consumo de pelo menos dois litros de \u00e1gua por dia ajuda na disposi\u00e7\u00e3o, hidrata\u00e7\u00e3o da pele e funcionamento adequado do intestino e dos rins. Al\u00e9m disso, \u00e9 aliado no processo de emagrecimento, contribuindo para a queima de gordura de forma eficaz.<\/p>\n\n\n\n<ul class=\"wp-block-list\">\n<li>Manter-se hidratado traz benef\u00edcios como disposi\u00e7\u00e3o acrescida e pele hidratada.<\/li>\n\n\n\n<li>A varia\u00e7\u00e3o de carboidratos pode ajudar a economizar e diversificar a dieta.<\/li>\n\n\n\n<li>O planejamento das refei\u00e7\u00f5es evita desperd\u00edcios e otimiza a gest\u00e3o do or\u00e7amento.<\/li>\n<\/ul>\n\n\n\n<p>Em resumo, a busca por uma alimenta\u00e7\u00e3o saud\u00e1vel que n\u00e3o pese no bolso passa por escolhas estrat\u00e9gicas no mercado e planejamento cuidadoso. Mesmo com as oscila\u00e7\u00f5es de pre\u00e7o, \u00e9 poss\u00edvel manter uma dieta balanceada e acess\u00edvel, garantindo sa\u00fade e bem-estar.<\/p>\n\n\n<a href=\"https:\/\/www.instagram.com\/dra.annaluisabf\/\" target=\"_blank\" style=\"text-decoration: none; color: inherit;\">\n  <span style=\"display:inline-block; border:1px solid #ccc; border-radius:10px; padding:15px; max-width:550px; font-family:sans-serif; box-shadow:0 2px 5px rgba(0,0,0,0.1);\">\n    <span style=\"margin:0 0 15px 0; font-weight:bold; color:#2c3e50; text-align: center;\">Entre em contato:<\/span>\n\n    <span style=\"display:flex; align-items:center;\">\n      <img decoding=\"async\" src=\"https:\/\/www.correiobraziliense.com.br\/cbradar\/wp-content\/uploads\/2025\/08\/dra_anna_luisa.jpeg\" alt=\"Dra Anna Lu\u00edsa\" style=\"border-radius:50%; width:80px; height:80px; margin-right:15px;\">\n      <span style=\"flex:1;\">\n        <h3 style=\"margin:0 0 5px 0;\">Dra. Anna Lu\u00edsa Barbosa Fernandes<\/h3>\n        <p style=\"margin:0 0 10px 0;\">CRM-GO 33.271<\/p>\n        <span style=\"display:flex; gap:10px;\">\n          <img decoding=\"async\" src=\"https:\/\/cdn-icons-png.flaticon.com\/24\/1384\/1384063.png\" alt=\"Instagram\">\n        <\/span>\n      <\/span>\n    <\/span>\n  <\/span>\n<\/a>","protected":false},"excerpt":{"rendered":"<p>Mudar a alimenta\u00e7\u00e3o \u00e9 frequentemente o primeiro passo para aqueles que desejam perder peso, mas essa tarefa pode ser desafiadora quando se considera o custo elevado dos alimentos. No entanto, especialistas em nutri\u00e7\u00e3o destacam que \u00e9 poss\u00edvel Emagrecer mantendo um or\u00e7amento controlado. Entre os itens essenciais para uma dieta saud\u00e1vel, como leite, tub\u00e9rculos, ra\u00edzes e [&hellip;]<\/p>\n","protected":false},"author":25,"featured_media":147396,"comment_status":"open","ping_status":"open","sticky":false,"template":"","format":"standard","meta":{"jnews-multi-image_gallery":[],"jnews_single_post":{"format":"standard"},"jnews_primary_category":[],"jnews_social_meta":[],"jnews_override_counter":[],"footnotes":""},"categories":[9053],"tags":[711,327,415],"class_list":["post-148199","post","type-post","status-publish","format-standard","has-post-thumbnail","hentry","category-saude","tag-bem-estar","tag-qualidade-de-vida","tag-saude"],"yoast_head":"<!-- This site is optimized with the Yoast SEO plugin v23.8 - https:\/\/yoast.com\/wordpress\/plugins\/seo\/ -->\n<title>Emagrecer gastando pouco \u00e9 poss\u00edvel com planejamento - Estado de Minas - Em foco<\/title>\n<meta name=\"description\" content=\"Com planejamento e escolhas certas, \u00e9 poss\u00edvel emagrecer com alimenta\u00e7\u00e3o saud\u00e1vel sem gastar muito no mercado.\" \/>\n<meta name=\"robots\" content=\"index, follow, max-snippet:-1, max-image-preview:large, max-video-preview:-1\" \/>\n<link rel=\"canonical\" href=\"https:\/\/www.em.com.br\/emfoco\/2025\/12\/31\/emagrecer-gastando-pouco-e-possivel-com-planejamento\/\" \/>\n<meta property=\"og:locale\" content=\"pt_BR\" \/>\n<meta property=\"og:type\" content=\"article\" \/>\n<meta property=\"og:title\" content=\"Emagrecer gastando pouco \u00e9 poss\u00edvel com planejamento - Estado de Minas - Em foco\" \/>\n<meta property=\"og:description\" content=\"Com planejamento e escolhas certas, \u00e9 poss\u00edvel emagrecer com alimenta\u00e7\u00e3o saud\u00e1vel sem gastar muito no mercado.\" \/>\n<meta property=\"og:url\" content=\"https:\/\/www.em.com.br\/emfoco\/2025\/12\/31\/emagrecer-gastando-pouco-e-possivel-com-planejamento\/\" \/>\n<meta property=\"og:site_name\" content=\"Estado de Minas - Em foco\" \/>\n<meta property=\"article:published_time\" content=\"2025-12-31T10:05:00+00:00\" \/>\n<meta property=\"article:modified_time\" content=\"2025-12-30T19:04:53+00:00\" \/>\n<meta property=\"og:image\" content=\"https:\/\/www.em.com.br\/emfoco\/wp-content\/uploads\/2025\/12\/Emagrecer-_1766962696541.jpg\" \/>\n\t<meta property=\"og:image:width\" content=\"1280\" \/>\n\t<meta property=\"og:image:height\" content=\"720\" \/>\n\t<meta property=\"og:image:type\" content=\"image\/jpeg\" \/>\n<meta name=\"author\" content=\"Guilherme Lopes\" \/>\n<meta name=\"twitter:card\" content=\"summary_large_image\" \/>\n<meta name=\"twitter:label1\" content=\"Escrito por\" \/>\n\t<meta name=\"twitter:data1\" content=\"Guilherme Lopes\" \/>\n\t<meta name=\"twitter:label2\" content=\"Est. tempo de leitura\" \/>\n\t<meta name=\"twitter:data2\" content=\"4 minutos\" \/>\n<!-- \/ Yoast SEO plugin. -->","yoast_head_json":{"title":"Emagrecer gastando pouco \u00e9 poss\u00edvel com planejamento - Estado de Minas - Em foco","description":"Com planejamento e escolhas certas, \u00e9 poss\u00edvel emagrecer com alimenta\u00e7\u00e3o saud\u00e1vel sem gastar muito no mercado.","robots":{"index":"index","follow":"follow","max-snippet":"max-snippet:-1","max-image-preview":"max-image-preview:large","max-video-preview":"max-video-preview:-1"},"canonical":"https:\/\/www.em.com.br\/emfoco\/2025\/12\/31\/emagrecer-gastando-pouco-e-possivel-com-planejamento\/","og_locale":"pt_BR","og_type":"article","og_title":"Emagrecer gastando pouco \u00e9 poss\u00edvel com planejamento - Estado de Minas - Em foco","og_description":"Com planejamento e escolhas certas, \u00e9 poss\u00edvel emagrecer com alimenta\u00e7\u00e3o saud\u00e1vel sem gastar muito no mercado.","og_url":"https:\/\/www.em.com.br\/emfoco\/2025\/12\/31\/emagrecer-gastando-pouco-e-possivel-com-planejamento\/","og_site_name":"Estado de Minas - Em foco","article_published_time":"2025-12-31T10:05:00+00:00","article_modified_time":"2025-12-30T19:04:53+00:00","og_image":[{"width":1280,"height":720,"url":"https:\/\/www.em.com.br\/emfoco\/wp-content\/uploads\/2025\/12\/Emagrecer-_1766962696541.jpg","type":"image\/jpeg"}],"author":"Guilherme Lopes","twitter_card":"summary_large_image","twitter_misc":{"Escrito por":"Guilherme Lopes","Est. tempo de leitura":"4 minutos"},"schema":{"@context":"https:\/\/schema.org","@graph":[{"@type":"WebPage","@id":"https:\/\/www.em.com.br\/emfoco\/2025\/12\/31\/emagrecer-gastando-pouco-e-possivel-com-planejamento\/","url":"https:\/\/www.em.com.br\/emfoco\/2025\/12\/31\/emagrecer-gastando-pouco-e-possivel-com-planejamento\/","name":"Emagrecer gastando pouco \u00e9 poss\u00edvel com planejamento - Estado de Minas - Em foco","isPartOf":{"@id":"https:\/\/www.em.com.br\/emfoco\/#website"},"primaryImageOfPage":{"@id":"https:\/\/www.em.com.br\/emfoco\/2025\/12\/31\/emagrecer-gastando-pouco-e-possivel-com-planejamento\/#primaryimage"},"image":{"@id":"https:\/\/www.em.com.br\/emfoco\/2025\/12\/31\/emagrecer-gastando-pouco-e-possivel-com-planejamento\/#primaryimage"},"thumbnailUrl":"https:\/\/www.em.com.br\/emfoco\/wp-content\/uploads\/2025\/12\/Emagrecer-_1766962696541.jpg","datePublished":"2025-12-31T10:05:00+00:00","dateModified":"2025-12-30T19:04:53+00:00","author":{"@id":"https:\/\/www.em.com.br\/emfoco\/#\/schema\/person\/f6eade2e287023da170a1b2b329f68e5"},"description":"Com planejamento e escolhas certas, \u00e9 poss\u00edvel emagrecer com alimenta\u00e7\u00e3o saud\u00e1vel sem gastar muito no mercado.","breadcrumb":{"@id":"https:\/\/www.em.com.br\/emfoco\/2025\/12\/31\/emagrecer-gastando-pouco-e-possivel-com-planejamento\/#breadcrumb"},"inLanguage":"pt-BR","potentialAction":[{"@type":"ReadAction","target":["https:\/\/www.em.com.br\/emfoco\/2025\/12\/31\/emagrecer-gastando-pouco-e-possivel-com-planejamento\/"]}]},{"@type":"ImageObject","inLanguage":"pt-BR","@id":"https:\/\/www.em.com.br\/emfoco\/2025\/12\/31\/emagrecer-gastando-pouco-e-possivel-com-planejamento\/#primaryimage","url":"https:\/\/www.em.com.br\/emfoco\/wp-content\/uploads\/2025\/12\/Emagrecer-_1766962696541.jpg","contentUrl":"https:\/\/www.em.com.br\/emfoco\/wp-content\/uploads\/2025\/12\/Emagrecer-_1766962696541.jpg","width":1280,"height":720,"caption":"Emagrecer - Cr\u00e9ditos: depositphotos.com \/ MitaStockImages"},{"@type":"BreadcrumbList","@id":"https:\/\/www.em.com.br\/emfoco\/2025\/12\/31\/emagrecer-gastando-pouco-e-possivel-com-planejamento\/#breadcrumb","itemListElement":[{"@type":"ListItem","position":1,"name":"In\u00edcio","item":"https:\/\/www.em.com.br\/emfoco\/"},{"@type":"ListItem","position":2,"name":"Emagrecer gastando pouco \u00e9 poss\u00edvel com planejamento"}]},{"@type":"WebSite","@id":"https:\/\/www.em.com.br\/emfoco\/#website","url":"https:\/\/www.em.com.br\/emfoco\/","name":"Estado de Minas - Em foco","description":"Acompanhe as \u00faltimas not\u00edcias e fique bem informado sobre tudo o que acontece em Minas Gerais, Brasil e no mundo.","potentialAction":[{"@type":"SearchAction","target":{"@type":"EntryPoint","urlTemplate":"https:\/\/www.em.com.br\/emfoco\/?s={search_term_string}"},"query-input":{"@type":"PropertyValueSpecification","valueRequired":true,"valueName":"search_term_string"}}],"inLanguage":"pt-BR"},{"@type":"Person","@id":"https:\/\/www.em.com.br\/emfoco\/#\/schema\/person\/f6eade2e287023da170a1b2b329f68e5","name":"Guilherme Lopes","image":{"@type":"ImageObject","inLanguage":"pt-BR","@id":"https:\/\/www.em.com.br\/emfoco\/#\/schema\/person\/image\/","url":"https:\/\/secure.gravatar.com\/avatar\/df9adfb835d344bc0af109d41756253f?s=96&d=mm&r=g","contentUrl":"https:\/\/secure.gravatar.com\/avatar\/df9adfb835d344bc0af109d41756253f?s=96&d=mm&r=g","caption":"Guilherme Lopes"},"url":"https:\/\/www.em.com.br\/emfoco\/author\/guilherme_saude\/"}]}},"_links":{"self":[{"href":"https:\/\/www.em.com.br\/emfoco\/wp-json\/wp\/v2\/posts\/148199","targetHints":{"allow":["GET"]}}],"collection":[{"href":"https:\/\/www.em.com.br\/emfoco\/wp-json\/wp\/v2\/posts"}],"about":[{"href":"https:\/\/www.em.com.br\/emfoco\/wp-json\/wp\/v2\/types\/post"}],"author":[{"embeddable":true,"href":"https:\/\/www.em.com.br\/emfoco\/wp-json\/wp\/v2\/users\/25"}],"replies":[{"embeddable":true,"href":"https:\/\/www.em.com.br\/emfoco\/wp-json\/wp\/v2\/comments?post=148199"}],"version-history":[{"count":1,"href":"https:\/\/www.em.com.br\/emfoco\/wp-json\/wp\/v2\/posts\/148199\/revisions"}],"predecessor-version":[{"id":148201,"href":"https:\/\/www.em.com.br\/emfoco\/wp-json\/wp\/v2\/posts\/148199\/revisions\/148201"}],"wp:featuredmedia":[{"embeddable":true,"href":"https:\/\/www.em.com.br\/emfoco\/wp-json\/wp\/v2\/media\/147396"}],"wp:attachment":[{"href":"https:\/\/www.em.com.br\/emfoco\/wp-json\/wp\/v2\/media?parent=148199"}],"wp:term":[{"taxonomy":"category","embeddable":true,"href":"https:\/\/www.em.com.br\/emfoco\/wp-json\/wp\/v2\/categories?post=148199"},{"taxonomy":"post_tag","embeddable":true,"href":"https:\/\/www.em.com.br\/emfoco\/wp-json\/wp\/v2\/tags?post=148199"}],"curies":[{"name":"wp","href":"https:\/\/api.w.org\/{rel}","templated":true}]}}