{"id":148084,"date":"2025-12-31T17:55:00","date_gmt":"2025-12-31T20:55:00","guid":{"rendered":"https:\/\/www.em.com.br\/emfoco\/?p=148084"},"modified":"2025-12-30T14:26:46","modified_gmt":"2025-12-30T17:26:46","slug":"gigante-do-varejo-antecipa-14o-salario-para-22-mil-e-injeta-milhoes-em-janeiro-junto-da-abertura-de-megaloja-de-r-100-milhoes","status":"publish","type":"post","link":"https:\/\/www.em.com.br\/emfoco\/2025\/12\/31\/gigante-do-varejo-antecipa-14o-salario-para-22-mil-e-injeta-milhoes-em-janeiro-junto-da-abertura-de-megaloja-de-r-100-milhoes\/","title":{"rendered":"Gigante do varejo antecipa \u201814\u00ba sal\u00e1rio\u2019 para 22 mil e injeta milh\u00f5es em janeiro, junto da abertura de megaloja de R$ 100 milh\u00f5es"},"content":{"rendered":"\n<h2 class=\"wp-block-heading\">Uma grande varejista antecipar\u00e1 o PPR, tratado como 14\u00ba sal\u00e1rio, para 16 de janeiro de 2026. O pagamento integral beneficiar\u00e1 cerca de 22 mil funcion\u00e1rios, em meio a expans\u00e3o, investimentos de R$ 100 milh\u00f5es e a\u00e7\u00f5es de valoriza\u00e7\u00e3o interna.<\/h2>\n\n\n\n<p>Uma das maiores redes do varejo brasileiro decidiu antecipar o pagamento do chamado <strong>14\u00ba sal\u00e1rio<\/strong> para milhares de trabalhadores. A medida coloca dinheiro extra no bolso logo em janeiro de 2026, em meio a investimentos milion\u00e1rios, expans\u00e3o de lojas e a\u00e7\u00f5es internas de valoriza\u00e7\u00e3o.<\/p>\n\n\n\n<h2 class=\"wp-block-heading\">O que muda com a antecipa\u00e7\u00e3o do 14\u00ba sal\u00e1rio em 2026?<\/h2>\n\n\n\n<p>A empresa confirmou que o <strong><a href=\"https:\/\/www.metadados.com.br\/blog\/saiba-o-que-e-e-como-funciona-o-ppr\" target=\"_blank\" rel=\"noreferrer noopener\">Programa de Participa\u00e7\u00e3o nos Resultados<\/a><\/strong>, tratado internamente como 14\u00ba sal\u00e1rio, ser\u00e1 pago integralmente em 16 de janeiro de 2026. A decis\u00e3o antecipa o calend\u00e1rio tradicional, que concentrava o repasse apenas em fevereiro.<\/p>\n\n\n\n<p>Com isso, cerca de <strong>22 mil colaboradores<\/strong> em todo o pa\u00eds passam a contar com um refor\u00e7o financeiro logo no in\u00edcio do ano, per\u00edodo marcado por despesas acumuladas ap\u00f3s as festas e organiza\u00e7\u00e3o do or\u00e7amento familiar.<\/p>\n\n\n\n<figure class=\"wp-block-image size-large\"><img loading=\"lazy\" decoding=\"async\" width=\"1024\" height=\"576\" src=\"https:\/\/www.em.com.br\/emfoco\/wp-content\/uploads\/2025\/12\/IA-7-28-1024x576.jpg\" alt=\"Gigante do varejo antecipa \u201814\u00ba sal\u00e1rio\u2019 para 22 mil e injeta milh\u00f5es em janeiro, junto da abertura de megaloja de R$ 100 milh\u00f5\" class=\"wp-image-148110\" srcset=\"https:\/\/www.em.com.br\/emfoco\/wp-content\/uploads\/2025\/12\/IA-7-28-1024x576.jpg 1024w, https:\/\/www.em.com.br\/emfoco\/wp-content\/uploads\/2025\/12\/IA-7-28-300x169.jpg 300w, https:\/\/www.em.com.br\/emfoco\/wp-content\/uploads\/2025\/12\/IA-7-28-768x432.jpg 768w, https:\/\/www.em.com.br\/emfoco\/wp-content\/uploads\/2025\/12\/IA-7-28-750x422.jpg 750w, https:\/\/www.em.com.br\/emfoco\/wp-content\/uploads\/2025\/12\/IA-7-28-1140x641.jpg 1140w, https:\/\/www.em.com.br\/emfoco\/wp-content\/uploads\/2025\/12\/IA-7-28.jpg 1280w\" sizes=\"auto, (max-width: 1024px) 100vw, 1024px\" \/><figcaption class=\"wp-element-caption\">Pagamento integral em janeiro antecipa recurso financeiro tradicionalmente liberado depois<\/figcaption><\/figure>\n\n\n\n<h2 class=\"wp-block-heading\">Quais fatores motivaram a decis\u00e3o da empresa?<\/h2>\n\n\n\n<p>A antecipa\u00e7\u00e3o faz parte de um pacote mais amplo de a\u00e7\u00f5es internas voltadas \u00e0 valoriza\u00e7\u00e3o dos funcion\u00e1rios e \u00e0 expans\u00e3o dos neg\u00f3cios. O an\u00fancio ocorreu em clima de fim de ano e simboliza a estrat\u00e9gia adotada pela companhia, conforme os pontos a seguir.<\/p>\n\n\n\n<ul class=\"wp-block-list\">\n<li><strong>Al\u00edvio financeiro<\/strong>: refor\u00e7o de renda no come\u00e7o do ano, quando gastos costumam ser maiores.<\/li>\n\n\n\n<li><strong>Reconhecimento interno<\/strong>: compartilhamento direto dos resultados com a equipe.<\/li>\n\n\n\n<li><strong>Expans\u00e3o empresarial<\/strong>: abertura de uma megaloja com investimento de R$ 100 milh\u00f5es.<\/li>\n<\/ul>\n\n\n\n<h2 class=\"wp-block-heading\">Como funciona o PPR pago pela varejista?<\/h2>\n\n\n\n<p>O <strong>PPR<\/strong> \u00e9 calculado com base no desempenho do ano anterior e pode chegar ao equivalente a um sal\u00e1rio adicional. O valor varia conforme metas corporativas, refletindo os resultados gerais alcan\u00e7ados pela empresa.<\/p>\n\n\n\n<p>Al\u00e9m dos indicadores financeiros, crit\u00e9rios individuais tamb\u00e9m influenciam o montante recebido. Assiduidade, comprometimento e cumprimento de normas internas integram a avalia\u00e7\u00e3o, combinando <strong>resultado coletivo<\/strong> e conduta pessoal.<\/p>\n\n\n\n<figure class=\"wp-block-image size-large\"><img loading=\"lazy\" decoding=\"async\" width=\"1024\" height=\"576\" src=\"https:\/\/www.em.com.br\/emfoco\/wp-content\/uploads\/2025\/12\/IA-8-20-1024x576.jpg\" alt=\"Gigante do varejo antecipa \u201814\u00ba sal\u00e1rio\u2019 para 22 mil e injeta milh\u00f5es em janeiro, junto da abertura de megaloja de R$ 100 milh\u00f5\" class=\"wp-image-148111\" srcset=\"https:\/\/www.em.com.br\/emfoco\/wp-content\/uploads\/2025\/12\/IA-8-20-1024x576.jpg 1024w, https:\/\/www.em.com.br\/emfoco\/wp-content\/uploads\/2025\/12\/IA-8-20-300x169.jpg 300w, https:\/\/www.em.com.br\/emfoco\/wp-content\/uploads\/2025\/12\/IA-8-20-768x432.jpg 768w, https:\/\/www.em.com.br\/emfoco\/wp-content\/uploads\/2025\/12\/IA-8-20-750x422.jpg 750w, https:\/\/www.em.com.br\/emfoco\/wp-content\/uploads\/2025\/12\/IA-8-20-1140x641.jpg 1140w, https:\/\/www.em.com.br\/emfoco\/wp-content\/uploads\/2025\/12\/IA-8-20.jpg 1280w\" sizes=\"auto, (max-width: 1024px) 100vw, 1024px\" \/><figcaption class=\"wp-element-caption\">PPR varia conforme metas corporativas e crit\u00e9rios individuais de desempenho<\/figcaption><\/figure>\n\n\n\n<p><em>Leia mais: <strong><a href=\"https:\/\/www.em.com.br\/emfoco\/2025\/12\/30\/rede-mais-popular-do-pais-esta-fechando-as-portas-ja-sao-mais-de-1-000-lojas-encerrando-suas-atividades\/\" target=\"_blank\" rel=\"noreferrer noopener\">Rede mais popular do pa\u00eds est\u00e1 fechando as portas, j\u00e1 s\u00e3o mais de 1.000 lojas encerrando suas atividades<\/a><\/strong><\/em><\/p>\n\n\n\n<h2 class=\"wp-block-heading\">O que muda no calend\u00e1rio do benef\u00edcio a partir de agora?<\/h2>\n\n\n\n<p>Historicamente, o pagamento do PPR acontecia em fevereiro, com eventuais antecipa\u00e7\u00f5es parciais em julho. A nova decis\u00e3o concentra o valor total logo em janeiro, alterando de forma significativa a din\u00e2mica do benef\u00edcio.<\/p>\n\n\n\n<ul class=\"wp-block-list\">\n<li><strong>Nova data<\/strong>: pagamento integral em 16 de janeiro de 2026.<\/li>\n\n\n\n<li><strong>Antecipa\u00e7\u00e3o total<\/strong>: fim do parcelamento ao longo do ano.<\/li>\n\n\n\n<li><strong>Planejamento financeiro<\/strong>: maior previsibilidade para os trabalhadores.<\/li>\n<\/ul>\n\n\n\n<h2 class=\"wp-block-heading\">Qual o impacto para os trabalhadores no in\u00edcio de 2026?<\/h2>\n\n\n\n<p>Para milhares de funcion\u00e1rios, o pagamento antecipado representa a possibilidade de quitar d\u00edvidas, organizar contas ou formar reserva financeira logo no primeiro m\u00eas do ano, trazendo mais <strong>estabilidade or\u00e7ament\u00e1ria<\/strong>.<\/p>\n\n\n\n<p>Internamente, a expectativa \u00e9 de fortalecimento do v\u00ednculo entre empresa e equipe. Ao alinhar crescimento, investimento e remunera\u00e7\u00e3o extra, a companhia refor\u00e7a a ideia de que desempenho e resultados retornam diretamente ao bolso de quem contribui.<\/p>\n","protected":false},"excerpt":{"rendered":"<p>Uma grande varejista antecipar\u00e1 o PPR, tratado como 14\u00ba sal\u00e1rio, para 16 de janeiro de 2026. O pagamento integral beneficiar\u00e1 cerca de 22 mil funcion\u00e1rios, em meio a expans\u00e3o, investimentos de R$ 100 milh\u00f5es e a\u00e7\u00f5es de valoriza\u00e7\u00e3o interna. Uma das maiores redes do varejo brasileiro decidiu antecipar o pagamento do chamado 14\u00ba sal\u00e1rio para [&hellip;]<\/p>\n","protected":false},"author":13,"featured_media":148109,"comment_status":"open","ping_status":"open","sticky":false,"template":"","format":"standard","meta":{"jnews-multi-image_gallery":[],"jnews_single_post":{"format":"standard"},"jnews_primary_category":[],"jnews_social_meta":[],"jnews_override_counter":[],"footnotes":""},"categories":[28],"tags":[21636,21637,16556],"class_list":["post-148084","post","type-post","status-publish","format-standard","has-post-thumbnail","hentry","category-economia","tag-14-salario","tag-programa-de-participacao-nos-resultados","tag-varejista"],"yoast_head":"<!-- This site is optimized with the Yoast SEO plugin v23.8 - https:\/\/yoast.com\/wordpress\/plugins\/seo\/ -->\n<title>Gigante do varejo antecipa \u201814\u00ba sal\u00e1rio\u2019 para 22 mil e injeta milh\u00f5es em janeiro, junto da abertura de megaloja de R$ 100 milh\u00f5es - Estado de Minas - Em foco<\/title>\n<meta name=\"description\" content=\"Pagamento adiantado do 14\u00ba sal\u00e1rio fortalece v\u00ednculo com funcion\u00e1rios e melhora o in\u00edcio de ano para milhares.\" \/>\n<meta name=\"robots\" content=\"index, follow, max-snippet:-1, max-image-preview:large, max-video-preview:-1\" \/>\n<link rel=\"canonical\" href=\"https:\/\/www.em.com.br\/emfoco\/2025\/12\/31\/gigante-do-varejo-antecipa-14o-salario-para-22-mil-e-injeta-milhoes-em-janeiro-junto-da-abertura-de-megaloja-de-r-100-milhoes\/\" \/>\n<meta property=\"og:locale\" content=\"pt_BR\" \/>\n<meta property=\"og:type\" content=\"article\" \/>\n<meta property=\"og:title\" content=\"Gigante do varejo antecipa \u201814\u00ba sal\u00e1rio\u2019 para 22 mil e injeta milh\u00f5es em janeiro, junto da abertura de megaloja de R$ 100 milh\u00f5es - Estado de Minas - Em foco\" \/>\n<meta property=\"og:description\" content=\"Pagamento adiantado do 14\u00ba sal\u00e1rio fortalece v\u00ednculo com funcion\u00e1rios e melhora o in\u00edcio de ano para milhares.\" \/>\n<meta property=\"og:url\" content=\"https:\/\/www.em.com.br\/emfoco\/2025\/12\/31\/gigante-do-varejo-antecipa-14o-salario-para-22-mil-e-injeta-milhoes-em-janeiro-junto-da-abertura-de-megaloja-de-r-100-milhoes\/\" \/>\n<meta property=\"og:site_name\" content=\"Estado de Minas - Em foco\" \/>\n<meta property=\"article:published_time\" content=\"2025-12-31T20:55:00+00:00\" \/>\n<meta property=\"article:modified_time\" content=\"2025-12-30T17:26:46+00:00\" \/>\n<meta property=\"og:image\" content=\"https:\/\/www.em.com.br\/emfoco\/wp-content\/uploads\/2025\/12\/IA-6-41.jpg\" \/>\n\t<meta property=\"og:image:width\" content=\"1280\" \/>\n\t<meta property=\"og:image:height\" content=\"720\" \/>\n\t<meta property=\"og:image:type\" content=\"image\/jpeg\" \/>\n<meta name=\"author\" content=\"Gabriel Martins\" \/>\n<meta name=\"twitter:card\" content=\"summary_large_image\" \/>\n<meta name=\"twitter:label1\" content=\"Escrito por\" \/>\n\t<meta name=\"twitter:data1\" content=\"Gabriel Martins\" \/>\n\t<meta name=\"twitter:label2\" content=\"Est. tempo de leitura\" \/>\n\t<meta name=\"twitter:data2\" content=\"4 minutos\" \/>\n<!-- \/ Yoast SEO plugin. -->","yoast_head_json":{"title":"Gigante do varejo antecipa \u201814\u00ba sal\u00e1rio\u2019 para 22 mil e injeta milh\u00f5es em janeiro, junto da abertura de megaloja de R$ 100 milh\u00f5es - Estado de Minas - Em foco","description":"Pagamento adiantado do 14\u00ba sal\u00e1rio fortalece v\u00ednculo com funcion\u00e1rios e melhora o in\u00edcio de ano para milhares.","robots":{"index":"index","follow":"follow","max-snippet":"max-snippet:-1","max-image-preview":"max-image-preview:large","max-video-preview":"max-video-preview:-1"},"canonical":"https:\/\/www.em.com.br\/emfoco\/2025\/12\/31\/gigante-do-varejo-antecipa-14o-salario-para-22-mil-e-injeta-milhoes-em-janeiro-junto-da-abertura-de-megaloja-de-r-100-milhoes\/","og_locale":"pt_BR","og_type":"article","og_title":"Gigante do varejo antecipa \u201814\u00ba sal\u00e1rio\u2019 para 22 mil e injeta milh\u00f5es em janeiro, junto da abertura de megaloja de R$ 100 milh\u00f5es - Estado de Minas - Em foco","og_description":"Pagamento adiantado do 14\u00ba sal\u00e1rio fortalece v\u00ednculo com funcion\u00e1rios e melhora o in\u00edcio de ano para milhares.","og_url":"https:\/\/www.em.com.br\/emfoco\/2025\/12\/31\/gigante-do-varejo-antecipa-14o-salario-para-22-mil-e-injeta-milhoes-em-janeiro-junto-da-abertura-de-megaloja-de-r-100-milhoes\/","og_site_name":"Estado de Minas - Em foco","article_published_time":"2025-12-31T20:55:00+00:00","article_modified_time":"2025-12-30T17:26:46+00:00","og_image":[{"width":1280,"height":720,"url":"https:\/\/www.em.com.br\/emfoco\/wp-content\/uploads\/2025\/12\/IA-6-41.jpg","type":"image\/jpeg"}],"author":"Gabriel Martins","twitter_card":"summary_large_image","twitter_misc":{"Escrito por":"Gabriel Martins","Est. tempo de leitura":"4 minutos"},"schema":{"@context":"https:\/\/schema.org","@graph":[{"@type":"WebPage","@id":"https:\/\/www.em.com.br\/emfoco\/2025\/12\/31\/gigante-do-varejo-antecipa-14o-salario-para-22-mil-e-injeta-milhoes-em-janeiro-junto-da-abertura-de-megaloja-de-r-100-milhoes\/","url":"https:\/\/www.em.com.br\/emfoco\/2025\/12\/31\/gigante-do-varejo-antecipa-14o-salario-para-22-mil-e-injeta-milhoes-em-janeiro-junto-da-abertura-de-megaloja-de-r-100-milhoes\/","name":"Gigante do varejo antecipa \u201814\u00ba sal\u00e1rio\u2019 para 22 mil e injeta milh\u00f5es em janeiro, junto da abertura de megaloja de R$ 100 milh\u00f5es - Estado de Minas - Em foco","isPartOf":{"@id":"https:\/\/www.em.com.br\/emfoco\/#website"},"primaryImageOfPage":{"@id":"https:\/\/www.em.com.br\/emfoco\/2025\/12\/31\/gigante-do-varejo-antecipa-14o-salario-para-22-mil-e-injeta-milhoes-em-janeiro-junto-da-abertura-de-megaloja-de-r-100-milhoes\/#primaryimage"},"image":{"@id":"https:\/\/www.em.com.br\/emfoco\/2025\/12\/31\/gigante-do-varejo-antecipa-14o-salario-para-22-mil-e-injeta-milhoes-em-janeiro-junto-da-abertura-de-megaloja-de-r-100-milhoes\/#primaryimage"},"thumbnailUrl":"https:\/\/www.em.com.br\/emfoco\/wp-content\/uploads\/2025\/12\/IA-6-41.jpg","datePublished":"2025-12-31T20:55:00+00:00","dateModified":"2025-12-30T17:26:46+00:00","author":{"@id":"https:\/\/www.em.com.br\/emfoco\/#\/schema\/person\/1c9ddeab18b98abeffef834667bcf08a"},"description":"Pagamento adiantado do 14\u00ba sal\u00e1rio fortalece v\u00ednculo com funcion\u00e1rios e melhora o in\u00edcio de ano para milhares.","breadcrumb":{"@id":"https:\/\/www.em.com.br\/emfoco\/2025\/12\/31\/gigante-do-varejo-antecipa-14o-salario-para-22-mil-e-injeta-milhoes-em-janeiro-junto-da-abertura-de-megaloja-de-r-100-milhoes\/#breadcrumb"},"inLanguage":"pt-BR","potentialAction":[{"@type":"ReadAction","target":["https:\/\/www.em.com.br\/emfoco\/2025\/12\/31\/gigante-do-varejo-antecipa-14o-salario-para-22-mil-e-injeta-milhoes-em-janeiro-junto-da-abertura-de-megaloja-de-r-100-milhoes\/"]}]},{"@type":"ImageObject","inLanguage":"pt-BR","@id":"https:\/\/www.em.com.br\/emfoco\/2025\/12\/31\/gigante-do-varejo-antecipa-14o-salario-para-22-mil-e-injeta-milhoes-em-janeiro-junto-da-abertura-de-megaloja-de-r-100-milhoes\/#primaryimage","url":"https:\/\/www.em.com.br\/emfoco\/wp-content\/uploads\/2025\/12\/IA-6-41.jpg","contentUrl":"https:\/\/www.em.com.br\/emfoco\/wp-content\/uploads\/2025\/12\/IA-6-41.jpg","width":1280,"height":720,"caption":"Antecipa\u00e7\u00e3o do 14\u00ba sal\u00e1rio refor\u00e7a renda dos trabalhadores logo no in\u00edcio de 2026"},{"@type":"BreadcrumbList","@id":"https:\/\/www.em.com.br\/emfoco\/2025\/12\/31\/gigante-do-varejo-antecipa-14o-salario-para-22-mil-e-injeta-milhoes-em-janeiro-junto-da-abertura-de-megaloja-de-r-100-milhoes\/#breadcrumb","itemListElement":[{"@type":"ListItem","position":1,"name":"In\u00edcio","item":"https:\/\/www.em.com.br\/emfoco\/"},{"@type":"ListItem","position":2,"name":"Gigante do varejo antecipa \u201814\u00ba sal\u00e1rio\u2019 para 22 mil e injeta milh\u00f5es em janeiro, junto da abertura de megaloja de R$ 100 milh\u00f5es"}]},{"@type":"WebSite","@id":"https:\/\/www.em.com.br\/emfoco\/#website","url":"https:\/\/www.em.com.br\/emfoco\/","name":"Estado de Minas - Em foco","description":"Acompanhe as \u00faltimas not\u00edcias e fique bem informado sobre tudo o que acontece em Minas Gerais, Brasil e no mundo.","potentialAction":[{"@type":"SearchAction","target":{"@type":"EntryPoint","urlTemplate":"https:\/\/www.em.com.br\/emfoco\/?s={search_term_string}"},"query-input":{"@type":"PropertyValueSpecification","valueRequired":true,"valueName":"search_term_string"}}],"inLanguage":"pt-BR"},{"@type":"Person","@id":"https:\/\/www.em.com.br\/emfoco\/#\/schema\/person\/1c9ddeab18b98abeffef834667bcf08a","name":"Gabriel Martins","image":{"@type":"ImageObject","inLanguage":"pt-BR","@id":"https:\/\/www.em.com.br\/emfoco\/#\/schema\/person\/image\/","url":"https:\/\/secure.gravatar.com\/avatar\/f0f1e2efdfd88f1ad2cb08c5c2731e50?s=96&d=mm&r=g","contentUrl":"https:\/\/secure.gravatar.com\/avatar\/f0f1e2efdfd88f1ad2cb08c5c2731e50?s=96&d=mm&r=g","caption":"Gabriel Martins"},"sameAs":["https:\/\/www.em.com.br\/emfoco\/"],"url":"https:\/\/www.em.com.br\/emfoco\/author\/gabrielmartinsmyth\/"}]}},"_links":{"self":[{"href":"https:\/\/www.em.com.br\/emfoco\/wp-json\/wp\/v2\/posts\/148084","targetHints":{"allow":["GET"]}}],"collection":[{"href":"https:\/\/www.em.com.br\/emfoco\/wp-json\/wp\/v2\/posts"}],"about":[{"href":"https:\/\/www.em.com.br\/emfoco\/wp-json\/wp\/v2\/types\/post"}],"author":[{"embeddable":true,"href":"https:\/\/www.em.com.br\/emfoco\/wp-json\/wp\/v2\/users\/13"}],"replies":[{"embeddable":true,"href":"https:\/\/www.em.com.br\/emfoco\/wp-json\/wp\/v2\/comments?post=148084"}],"version-history":[{"count":1,"href":"https:\/\/www.em.com.br\/emfoco\/wp-json\/wp\/v2\/posts\/148084\/revisions"}],"predecessor-version":[{"id":148112,"href":"https:\/\/www.em.com.br\/emfoco\/wp-json\/wp\/v2\/posts\/148084\/revisions\/148112"}],"wp:featuredmedia":[{"embeddable":true,"href":"https:\/\/www.em.com.br\/emfoco\/wp-json\/wp\/v2\/media\/148109"}],"wp:attachment":[{"href":"https:\/\/www.em.com.br\/emfoco\/wp-json\/wp\/v2\/media?parent=148084"}],"wp:term":[{"taxonomy":"category","embeddable":true,"href":"https:\/\/www.em.com.br\/emfoco\/wp-json\/wp\/v2\/categories?post=148084"},{"taxonomy":"post_tag","embeddable":true,"href":"https:\/\/www.em.com.br\/emfoco\/wp-json\/wp\/v2\/tags?post=148084"}],"curies":[{"name":"wp","href":"https:\/\/api.w.org\/{rel}","templated":true}]}}