{"id":147985,"date":"2025-12-31T17:45:00","date_gmt":"2025-12-31T20:45:00","guid":{"rendered":"https:\/\/www.em.com.br\/emfoco\/?p=147985"},"modified":"2025-12-30T19:52:03","modified_gmt":"2025-12-30T22:52:03","slug":"a-decisao-historica-do-pais-encerrara-entrega-de-cartas-em-dezembro-apos-400-anos-de-operacao","status":"publish","type":"post","link":"https:\/\/www.em.com.br\/emfoco\/2025\/12\/31\/a-decisao-historica-do-pais-encerrara-entrega-de-cartas-em-dezembro-apos-400-anos-de-operacao\/","title":{"rendered":"A decis\u00e3o hist\u00f3rica do pa\u00eds encerrar\u00e1 entrega de cartas em dezembro ap\u00f3s 400 anos de opera\u00e7\u00e3o"},"content":{"rendered":"\n<p>A decis\u00e3o da estatal PostNord de encerrar definitivamente o servi\u00e7o de entrega de cartas na Dinamarca marca uma virada hist\u00f3rica: depois de quatro s\u00e9culos, o correio tradicional d\u00e1 lugar quase total ao digital, mudando a rotina da popula\u00e7\u00e3o, a estrat\u00e9gia da empresa e levantando debates sobre inclus\u00e3o, mem\u00f3ria afetiva e futuro da comunica\u00e7\u00e3o.<\/p>\n\n\n\n<h2 class=\"wp-block-heading\">Por que o servi\u00e7o de cartas est\u00e1 acabando na Dinamarca<\/h2>\n\n\n\n<p>O ponto central dessa mudan\u00e7a \u00e9 a queda dr\u00e1stica no envio de correspond\u00eancias f\u00edsicas. Desde o in\u00edcio dos anos 2000, o volume de cartas recuou mais de 90%, passando de mais de 1,4 bilh\u00e3o de unidades anuais para menos de 200 milh\u00f5es por ano.<\/p>\n\n\n\n<p>Diante de custos altos e demanda em queda livre, a <a href=\"https:\/\/www.postnord.com\/\" target=\"_blank\" rel=\"noreferrer noopener\">PostNord <\/a>passou a concentrar esfor\u00e7os em \u00e1reas mais rent\u00e1veis, como o transporte de encomendas ligado ao e-commerce. A partir de 30 de dezembro de 2025, o servi\u00e7o de cartas deixa de ser oferecido em todo o territ\u00f3rio dinamarqu\u00eas.<\/p>\n\n\n\n<figure class=\"wp-block-image size-large\"><img loading=\"lazy\" decoding=\"async\" width=\"1024\" height=\"576\" src=\"https:\/\/www.em.com.br\/emfoco\/wp-content\/uploads\/2025\/12\/Gemini_Generated_Image_5sim8x5sim8x5sim-1-1024x576.png\" alt=\"Correio tradicional chega ao fim na Dinamarca\" class=\"wp-image-148344\" srcset=\"https:\/\/www.em.com.br\/emfoco\/wp-content\/uploads\/2025\/12\/Gemini_Generated_Image_5sim8x5sim8x5sim-1-1024x576.png 1024w, https:\/\/www.em.com.br\/emfoco\/wp-content\/uploads\/2025\/12\/Gemini_Generated_Image_5sim8x5sim8x5sim-1-300x169.png 300w, https:\/\/www.em.com.br\/emfoco\/wp-content\/uploads\/2025\/12\/Gemini_Generated_Image_5sim8x5sim8x5sim-1-768x432.png 768w, https:\/\/www.em.com.br\/emfoco\/wp-content\/uploads\/2025\/12\/Gemini_Generated_Image_5sim8x5sim8x5sim-1-750x422.png 750w, https:\/\/www.em.com.br\/emfoco\/wp-content\/uploads\/2025\/12\/Gemini_Generated_Image_5sim8x5sim8x5sim-1-1140x641.png 1140w, https:\/\/www.em.com.br\/emfoco\/wp-content\/uploads\/2025\/12\/Gemini_Generated_Image_5sim8x5sim8x5sim-1.png 1280w\" sizes=\"auto, (max-width: 1024px) 100vw, 1024px\" \/><figcaption class=\"wp-element-caption\">Correio tradicional chega ao fim na Dinamarca<\/figcaption><\/figure>\n\n\n\n<h2 class=\"wp-block-heading\">Como a digitaliza\u00e7\u00e3o alterou o servi\u00e7o postal dinamarqu\u00eas<\/h2>\n\n\n\n<p>A digitaliza\u00e7\u00e3o da sociedade dinamarquesa \u00e9 apontada como o principal fator para o fim das cartas. Sistemas eletr\u00f4nicos substitu\u00edram comunica\u00e7\u00f5es antes dependentes do papel, como notifica\u00e7\u00f5es oficiais, documentos governamentais e correspond\u00eancias banc\u00e1rias.<\/p>\n\n\n\n<p>Com a identifica\u00e7\u00e3o digital amplamente disseminada, o envio f\u00edsico deixou de ser a primeira op\u00e7\u00e3o de empresas e <a href=\"https:\/\/www.em.com.br\/emfoco\/2025\/04\/05\/conheca-os-direitos-dos-idosos-aos-servicos-publicos-no-brasil\/\" target=\"_blank\" rel=\"noreferrer noopener\">\u00f3rg\u00e3os p\u00fablicos<\/a>. Em 2024, o n\u00famero de correspond\u00eancias caiu mais de 30% em rela\u00e7\u00e3o ao ano anterior, enquanto o pre\u00e7o do porte postal subiu para cerca de US$ 4,50 por unidade, tornando a opera\u00e7\u00e3o de cartas financeiramente invi\u00e1vel.<\/p>\n\n\n\n<h2 class=\"wp-block-heading\">O que muda para a popula\u00e7\u00e3o com o fim das cartas<\/h2>\n\n\n\n<p>Com o encerramento das entregas de cartas, a PostNord passa a focar quase exclusivamente no segmento de encomendas, acompanhando o crescimento do com\u00e9rcio eletr\u00f4nico global. Pacotes e servi\u00e7os log\u00edsticos continuam operando normalmente, com novos investimentos em automa\u00e7\u00e3o e rastreio em tempo real.<\/p>\n\n\n\n<p>Para quem ainda precisa enviar correspond\u00eancia f\u00edsica, surgem alternativas privadas. A Dao, operadora de entregas que j\u00e1 atua no pa\u00eds, oferece envio de cartas mediante taxa, com entrega em lojas parceiras ou coleta paga, e planeja ampliar sua estrutura para processar de cerca de 30 milh\u00f5es para aproximadamente 80 milh\u00f5es de cartas por ano.<\/p>\n\n\n\n<p>Nesse novo cen\u00e1rio, algumas empresas e pa\u00edses passam a ter pap\u00e9is distintos na infraestrutura de correspond\u00eancias f\u00edsicas e digitais:<\/p>\n\n\n\n<ul class=\"wp-block-list\">\n<li><strong>PostNord<\/strong>&nbsp;encerra o servi\u00e7o de cartas e mant\u00e9m a distribui\u00e7\u00e3o de encomendas.<\/li>\n\n\n\n<li><strong>Su\u00e9cia<\/strong>&nbsp;continua com o sistema tradicional de cartas operando normalmente.<\/li>\n\n\n\n<li><strong>Dao<\/strong>&nbsp;assume parte da demanda por correspond\u00eancias f\u00edsicas na Dinamarca.<\/li>\n<\/ul>\n\n\n\n<figure class=\"wp-block-image size-large\"><img loading=\"lazy\" decoding=\"async\" width=\"1024\" height=\"576\" src=\"https:\/\/www.em.com.br\/emfoco\/wp-content\/uploads\/2025\/12\/unnamed-2-2-1024x576.jpg\" alt=\"Correio tradicional chega ao fim na Dinamarca\" class=\"wp-image-148347\" srcset=\"https:\/\/www.em.com.br\/emfoco\/wp-content\/uploads\/2025\/12\/unnamed-2-2-1024x576.jpg 1024w, https:\/\/www.em.com.br\/emfoco\/wp-content\/uploads\/2025\/12\/unnamed-2-2-300x169.jpg 300w, https:\/\/www.em.com.br\/emfoco\/wp-content\/uploads\/2025\/12\/unnamed-2-2-768x432.jpg 768w, https:\/\/www.em.com.br\/emfoco\/wp-content\/uploads\/2025\/12\/unnamed-2-2-750x422.jpg 750w, https:\/\/www.em.com.br\/emfoco\/wp-content\/uploads\/2025\/12\/unnamed-2-2-1140x641.jpg 1140w, https:\/\/www.em.com.br\/emfoco\/wp-content\/uploads\/2025\/12\/unnamed-2-2.jpg 1280w\" sizes=\"auto, (max-width: 1024px) 100vw, 1024px\" \/><figcaption class=\"wp-element-caption\">Correio tradicional chega ao fim na Dinamarca<\/figcaption><\/figure>\n\n\n\n<h2 class=\"wp-block-heading\">Como a PostNord se reestruturou at\u00e9 o fim do servi\u00e7o de cartas<\/h2>\n\n\n\n<p>A trajet\u00f3ria at\u00e9 o fim do servi\u00e7o postal tradicional envolve ajustes internos, mudan\u00e7as legais e readequa\u00e7\u00e3o de ativos. Fundado em 1624, ainda sob o reinado de Cristiano IV, o correio estatal dinamarqu\u00eas funcionou por s\u00e9culos com caixas postais f\u00edsicas, centros de triagem e uma extensa rede de funcion\u00e1rios.<\/p>\n\n\n\n<p>Em 2025, a PostNord iniciou um processo intenso de desmobiliza\u00e7\u00e3o: cerca de 1.500 caixas de correio vermelhas foram retiradas das ruas, parte delas vendida como item de cole\u00e7\u00e3o por valores entre US$ 236 e US$ 315, enquanto aproximadamente 1.500 dos 4.600 funcion\u00e1rios foram demitidos diante da queda de demanda e da migra\u00e7\u00e3o para a log\u00edstica de encomendas.<\/p>\n\n\n\n<h2 class=\"wp-block-heading\">Quais tend\u00eancias globais o caso dinamarqu\u00eas antecipa<\/h2>\n\n\n\n<p>Para muitos moradores da Dinamarca, receber cartas j\u00e1 era algo raro, com m\u00e9dia de aproximadamente uma carta por m\u00eas por cidad\u00e3o. Mesmo assim, grupos que dependem de correspond\u00eancia f\u00edsica, como idosos e pessoas com pouco acesso digital, precisar\u00e3o se adaptar rapidamente a regras e canais de envio diferentes.<\/p>\n\n\n\n<p>No cen\u00e1rio internacional, analistas avaliam que a Dinamarca pode ser o primeiro pa\u00eds europeu a encerrar completamente a entrega estatal de cartas, mas dificilmente ser\u00e1 o \u00faltimo. Se voc\u00ea atua em servi\u00e7os postais, log\u00edstica ou gest\u00e3o p\u00fablica, o momento de revisar modelos, fortalecer inclus\u00e3o digital e planejar a transi\u00e7\u00e3o \u00e9 agora. Ignorar esse sinal pode deixar neg\u00f3cios, cidad\u00e3os e governos para tr\u00e1s em uma mudan\u00e7a estrutural que j\u00e1 est\u00e1 em curso.<\/p>\n","protected":false},"excerpt":{"rendered":"<p>A decis\u00e3o da estatal PostNord de encerrar definitivamente o servi\u00e7o de entrega de cartas na Dinamarca marca uma virada hist\u00f3rica: depois de quatro s\u00e9culos, o correio tradicional d\u00e1 lugar quase total ao digital, mudando a rotina da popula\u00e7\u00e3o, a estrat\u00e9gia da empresa e levantando debates sobre inclus\u00e3o, mem\u00f3ria afetiva e futuro da comunica\u00e7\u00e3o. Por que [&hellip;]<\/p>\n","protected":false},"author":11,"featured_media":148348,"comment_status":"open","ping_status":"open","sticky":false,"template":"","format":"standard","meta":{"jnews-multi-image_gallery":[],"jnews_single_post":{"format":"standard"},"jnews_primary_category":[],"jnews_social_meta":[],"jnews_override_counter":[],"footnotes":""},"categories":[8819,1],"tags":[21675,21677,21674,21676],"class_list":["post-147985","post","type-post","status-publish","format-standard","has-post-thumbnail","hentry","category-curiosidades","category-noticias","tag-cartas","tag-correio","tag-fim-das-cartas","tag-futuro-do-correio"],"yoast_head":"<!-- This site is optimized with the Yoast SEO plugin v23.8 - https:\/\/yoast.com\/wordpress\/plugins\/seo\/ -->\n<title>A decis\u00e3o hist\u00f3rica do pa\u00eds encerrar\u00e1 entrega de cartas em dezembro ap\u00f3s 400 anos de opera\u00e7\u00e3o - Estado de Minas - Em foco<\/title>\n<meta name=\"description\" content=\"Com queda hist\u00f3rica no envio de cartas, a Dinamarca aposta no digital e no e-commerce. Saiba o que muda com o fim do correio tradicional.\" \/>\n<meta name=\"robots\" content=\"index, follow, max-snippet:-1, max-image-preview:large, max-video-preview:-1\" \/>\n<link rel=\"canonical\" href=\"https:\/\/www.em.com.br\/emfoco\/2025\/12\/31\/a-decisao-historica-do-pais-encerrara-entrega-de-cartas-em-dezembro-apos-400-anos-de-operacao\/\" \/>\n<meta property=\"og:locale\" content=\"pt_BR\" \/>\n<meta property=\"og:type\" content=\"article\" \/>\n<meta property=\"og:title\" content=\"A decis\u00e3o hist\u00f3rica do pa\u00eds encerrar\u00e1 entrega de cartas em dezembro ap\u00f3s 400 anos de opera\u00e7\u00e3o - Estado de Minas - Em foco\" \/>\n<meta property=\"og:description\" content=\"Com queda hist\u00f3rica no envio de cartas, a Dinamarca aposta no digital e no e-commerce. Saiba o que muda com o fim do correio tradicional.\" \/>\n<meta property=\"og:url\" content=\"https:\/\/www.em.com.br\/emfoco\/2025\/12\/31\/a-decisao-historica-do-pais-encerrara-entrega-de-cartas-em-dezembro-apos-400-anos-de-operacao\/\" \/>\n<meta property=\"og:site_name\" content=\"Estado de Minas - Em foco\" \/>\n<meta property=\"article:published_time\" content=\"2025-12-31T20:45:00+00:00\" \/>\n<meta property=\"article:modified_time\" content=\"2025-12-30T22:52:03+00:00\" \/>\n<meta property=\"og:image\" content=\"https:\/\/www.em.com.br\/emfoco\/wp-content\/uploads\/2025\/12\/unnamed-1-1-2.jpg\" \/>\n\t<meta property=\"og:image:width\" content=\"1280\" \/>\n\t<meta property=\"og:image:height\" content=\"720\" \/>\n\t<meta property=\"og:image:type\" content=\"image\/jpeg\" \/>\n<meta name=\"author\" content=\"Andre\u0301 Rangel\u00a0\" \/>\n<meta name=\"twitter:card\" content=\"summary_large_image\" \/>\n<meta name=\"twitter:label1\" content=\"Escrito por\" \/>\n\t<meta name=\"twitter:data1\" content=\"Andre\u0301 Rangel\u00a0\" \/>\n\t<meta name=\"twitter:label2\" content=\"Est. tempo de leitura\" \/>\n\t<meta name=\"twitter:data2\" content=\"5 minutos\" \/>\n<!-- \/ Yoast SEO plugin. -->","yoast_head_json":{"title":"A decis\u00e3o hist\u00f3rica do pa\u00eds encerrar\u00e1 entrega de cartas em dezembro ap\u00f3s 400 anos de opera\u00e7\u00e3o - Estado de Minas - Em foco","description":"Com queda hist\u00f3rica no envio de cartas, a Dinamarca aposta no digital e no e-commerce. Saiba o que muda com o fim do correio tradicional.","robots":{"index":"index","follow":"follow","max-snippet":"max-snippet:-1","max-image-preview":"max-image-preview:large","max-video-preview":"max-video-preview:-1"},"canonical":"https:\/\/www.em.com.br\/emfoco\/2025\/12\/31\/a-decisao-historica-do-pais-encerrara-entrega-de-cartas-em-dezembro-apos-400-anos-de-operacao\/","og_locale":"pt_BR","og_type":"article","og_title":"A decis\u00e3o hist\u00f3rica do pa\u00eds encerrar\u00e1 entrega de cartas em dezembro ap\u00f3s 400 anos de opera\u00e7\u00e3o - Estado de Minas - Em foco","og_description":"Com queda hist\u00f3rica no envio de cartas, a Dinamarca aposta no digital e no e-commerce. Saiba o que muda com o fim do correio tradicional.","og_url":"https:\/\/www.em.com.br\/emfoco\/2025\/12\/31\/a-decisao-historica-do-pais-encerrara-entrega-de-cartas-em-dezembro-apos-400-anos-de-operacao\/","og_site_name":"Estado de Minas - Em foco","article_published_time":"2025-12-31T20:45:00+00:00","article_modified_time":"2025-12-30T22:52:03+00:00","og_image":[{"width":1280,"height":720,"url":"https:\/\/www.em.com.br\/emfoco\/wp-content\/uploads\/2025\/12\/unnamed-1-1-2.jpg","type":"image\/jpeg"}],"author":"Andre\u0301 Rangel\u00a0","twitter_card":"summary_large_image","twitter_misc":{"Escrito por":"Andre\u0301 Rangel\u00a0","Est. tempo de leitura":"5 minutos"},"schema":{"@context":"https:\/\/schema.org","@graph":[{"@type":"WebPage","@id":"https:\/\/www.em.com.br\/emfoco\/2025\/12\/31\/a-decisao-historica-do-pais-encerrara-entrega-de-cartas-em-dezembro-apos-400-anos-de-operacao\/","url":"https:\/\/www.em.com.br\/emfoco\/2025\/12\/31\/a-decisao-historica-do-pais-encerrara-entrega-de-cartas-em-dezembro-apos-400-anos-de-operacao\/","name":"A decis\u00e3o hist\u00f3rica do pa\u00eds encerrar\u00e1 entrega de cartas em dezembro ap\u00f3s 400 anos de opera\u00e7\u00e3o - Estado de Minas - Em foco","isPartOf":{"@id":"https:\/\/www.em.com.br\/emfoco\/#website"},"primaryImageOfPage":{"@id":"https:\/\/www.em.com.br\/emfoco\/2025\/12\/31\/a-decisao-historica-do-pais-encerrara-entrega-de-cartas-em-dezembro-apos-400-anos-de-operacao\/#primaryimage"},"image":{"@id":"https:\/\/www.em.com.br\/emfoco\/2025\/12\/31\/a-decisao-historica-do-pais-encerrara-entrega-de-cartas-em-dezembro-apos-400-anos-de-operacao\/#primaryimage"},"thumbnailUrl":"https:\/\/www.em.com.br\/emfoco\/wp-content\/uploads\/2025\/12\/unnamed-1-1-2.jpg","datePublished":"2025-12-31T20:45:00+00:00","dateModified":"2025-12-30T22:52:03+00:00","author":{"@id":"https:\/\/www.em.com.br\/emfoco\/#\/schema\/person\/60eda09c1fedf0d6891f4cef4b60b8b8"},"description":"Com queda hist\u00f3rica no envio de cartas, a Dinamarca aposta no digital e no e-commerce. Saiba o que muda com o fim do correio tradicional.","breadcrumb":{"@id":"https:\/\/www.em.com.br\/emfoco\/2025\/12\/31\/a-decisao-historica-do-pais-encerrara-entrega-de-cartas-em-dezembro-apos-400-anos-de-operacao\/#breadcrumb"},"inLanguage":"pt-BR","potentialAction":[{"@type":"ReadAction","target":["https:\/\/www.em.com.br\/emfoco\/2025\/12\/31\/a-decisao-historica-do-pais-encerrara-entrega-de-cartas-em-dezembro-apos-400-anos-de-operacao\/"]}]},{"@type":"ImageObject","inLanguage":"pt-BR","@id":"https:\/\/www.em.com.br\/emfoco\/2025\/12\/31\/a-decisao-historica-do-pais-encerrara-entrega-de-cartas-em-dezembro-apos-400-anos-de-operacao\/#primaryimage","url":"https:\/\/www.em.com.br\/emfoco\/wp-content\/uploads\/2025\/12\/unnamed-1-1-2.jpg","contentUrl":"https:\/\/www.em.com.br\/emfoco\/wp-content\/uploads\/2025\/12\/unnamed-1-1-2.jpg","width":1280,"height":720,"caption":"Correio tradicional chega ao fim na Dinamarca"},{"@type":"BreadcrumbList","@id":"https:\/\/www.em.com.br\/emfoco\/2025\/12\/31\/a-decisao-historica-do-pais-encerrara-entrega-de-cartas-em-dezembro-apos-400-anos-de-operacao\/#breadcrumb","itemListElement":[{"@type":"ListItem","position":1,"name":"In\u00edcio","item":"https:\/\/www.em.com.br\/emfoco\/"},{"@type":"ListItem","position":2,"name":"A decis\u00e3o hist\u00f3rica do pa\u00eds encerrar\u00e1 entrega de cartas em dezembro ap\u00f3s 400 anos de opera\u00e7\u00e3o"}]},{"@type":"WebSite","@id":"https:\/\/www.em.com.br\/emfoco\/#website","url":"https:\/\/www.em.com.br\/emfoco\/","name":"Estado de Minas - Em foco","description":"Acompanhe as \u00faltimas not\u00edcias e fique bem informado sobre tudo o que acontece em Minas Gerais, Brasil e no mundo.","potentialAction":[{"@type":"SearchAction","target":{"@type":"EntryPoint","urlTemplate":"https:\/\/www.em.com.br\/emfoco\/?s={search_term_string}"},"query-input":{"@type":"PropertyValueSpecification","valueRequired":true,"valueName":"search_term_string"}}],"inLanguage":"pt-BR"},{"@type":"Person","@id":"https:\/\/www.em.com.br\/emfoco\/#\/schema\/person\/60eda09c1fedf0d6891f4cef4b60b8b8","name":"Andre\u0301 Rangel\u00a0","image":{"@type":"ImageObject","inLanguage":"pt-BR","@id":"https:\/\/www.em.com.br\/emfoco\/#\/schema\/person\/image\/","url":"https:\/\/secure.gravatar.com\/avatar\/6234dc814c77c8ef6d8bba622c787efc?s=96&d=mm&r=g","contentUrl":"https:\/\/secure.gravatar.com\/avatar\/6234dc814c77c8ef6d8bba622c787efc?s=96&d=mm&r=g","caption":"Andre\u0301 Rangel\u00a0"},"url":"https:\/\/www.em.com.br\/emfoco\/author\/luizmyth\/"}]}},"_links":{"self":[{"href":"https:\/\/www.em.com.br\/emfoco\/wp-json\/wp\/v2\/posts\/147985","targetHints":{"allow":["GET"]}}],"collection":[{"href":"https:\/\/www.em.com.br\/emfoco\/wp-json\/wp\/v2\/posts"}],"about":[{"href":"https:\/\/www.em.com.br\/emfoco\/wp-json\/wp\/v2\/types\/post"}],"author":[{"embeddable":true,"href":"https:\/\/www.em.com.br\/emfoco\/wp-json\/wp\/v2\/users\/11"}],"replies":[{"embeddable":true,"href":"https:\/\/www.em.com.br\/emfoco\/wp-json\/wp\/v2\/comments?post=147985"}],"version-history":[{"count":3,"href":"https:\/\/www.em.com.br\/emfoco\/wp-json\/wp\/v2\/posts\/147985\/revisions"}],"predecessor-version":[{"id":148351,"href":"https:\/\/www.em.com.br\/emfoco\/wp-json\/wp\/v2\/posts\/147985\/revisions\/148351"}],"wp:featuredmedia":[{"embeddable":true,"href":"https:\/\/www.em.com.br\/emfoco\/wp-json\/wp\/v2\/media\/148348"}],"wp:attachment":[{"href":"https:\/\/www.em.com.br\/emfoco\/wp-json\/wp\/v2\/media?parent=147985"}],"wp:term":[{"taxonomy":"category","embeddable":true,"href":"https:\/\/www.em.com.br\/emfoco\/wp-json\/wp\/v2\/categories?post=147985"},{"taxonomy":"post_tag","embeddable":true,"href":"https:\/\/www.em.com.br\/emfoco\/wp-json\/wp\/v2\/tags?post=147985"}],"curies":[{"name":"wp","href":"https:\/\/api.w.org\/{rel}","templated":true}]}}