{"id":14798,"date":"2025-02-09T16:40:00","date_gmt":"2025-02-09T19:40:00","guid":{"rendered":"https:\/\/www.em.com.br\/emfoco\/?p=14798"},"modified":"2025-02-05T17:58:31","modified_gmt":"2025-02-05T20:58:31","slug":"minas-gerais-cria-campanha-que-incentiva-pagamento-digital-do-ipva-2025","status":"publish","type":"post","link":"https:\/\/www.em.com.br\/emfoco\/2025\/02\/09\/minas-gerais-cria-campanha-que-incentiva-pagamento-digital-do-ipva-2025\/","title":{"rendered":"Minas Gerais cria campanha que incentiva pagamento digital do IPVA 2025"},"content":{"rendered":"\n<p>No final de janeiro, o <strong>Governo de Minas Gerais<\/strong> deu in\u00edcio \u00e0 campanha &#8220;<strong><a href=\"https:\/\/www.em.com.br\/emfoco\/2025\/01\/04\/atencao-motoristas-saiba-como-pagar-o-ipva-2025-sem-cair-em-golpes\/\" target=\"_blank\" rel=\"noreferrer noopener\">IPVA 2025<\/a><\/strong>, mais f\u00e1cil, moderno e eficiente&#8221; com o objetivo de informar os contribuintes sobre o Imposto sobre a <strong>Propriedade de Ve\u00edculos Automotores (IPVA)<\/strong>. Idealizada pelas <strong>Secretarias de Fazenda (SEF) e de Planejamento e Gest\u00e3o (Seplag)<\/strong>, a iniciativa destaca as novidades no processo de pagamento e busca facilitar o acesso \u00e0s informa\u00e7\u00f5es tribut\u00e1rias atrav\u00e9s de plataformas digitais.<\/p>\n\n\n\n<p>Com a promo\u00e7\u00e3o do pagamento digital via o aplicativo <strong>MG app<\/strong>, a campanha espera modernizar o recolhimento do imposto, incentivando os contribuintes a utilizarem meios mais \u00e1geis e seguros. O MG app, que j\u00e1 conta com mais de 5 milh\u00f5es de usu\u00e1rios, promete otimizar o processo atrav\u00e9s de sua plataforma, possibilitando o pagamento r\u00e1pido e simples.<\/p>\n\n\n\n<h2 class=\"wp-block-heading\">Qual \u00e9 o cronograma do IPVA 2025 em Minas Gerais?<\/h2>\n\n\n\n<p>Os propriet\u00e1rios de ve\u00edculos de <strong>Minas Gerais<\/strong> devem se preparar, pois a cobran\u00e7a do IPVA 2025 ter\u00e1 in\u00edcio em fevereiro. O calend\u00e1rio de vencimentos vai de 3 de fevereiro a 11 de abril, seguindo escalonamento baseado na numera\u00e7\u00e3o final das placas dos ve\u00edculos. Durante esse per\u00edodo, a campanha est\u00e1 dividida em tr\u00eas fases, cada uma lembrando as datas de pagamento e ressaltando as comodidades do processo digital.<\/p>\n\n\n\n<figure class=\"wp-block-image size-large\"><img loading=\"lazy\" decoding=\"async\" width=\"1024\" height=\"576\" src=\"https:\/\/www.em.com.br\/emfoco\/wp-content\/uploads\/2024\/12\/ipva_1735650653009-1024x576.jpg\" alt=\"IPVA 2025 SP: Consulte o Valor do Seu Imposto e Evite Multas\" class=\"wp-image-7786\" srcset=\"https:\/\/www.em.com.br\/emfoco\/wp-content\/uploads\/2024\/12\/ipva_1735650653009-1024x576.jpg 1024w, https:\/\/www.em.com.br\/emfoco\/wp-content\/uploads\/2024\/12\/ipva_1735650653009-300x169.jpg 300w, https:\/\/www.em.com.br\/emfoco\/wp-content\/uploads\/2024\/12\/ipva_1735650653009-768x432.jpg 768w, https:\/\/www.em.com.br\/emfoco\/wp-content\/uploads\/2024\/12\/ipva_1735650653009-750x422.jpg 750w, https:\/\/www.em.com.br\/emfoco\/wp-content\/uploads\/2024\/12\/ipva_1735650653009-1140x641.jpg 1140w, https:\/\/www.em.com.br\/emfoco\/wp-content\/uploads\/2024\/12\/ipva_1735650653009.jpg 1280w\" sizes=\"auto, (max-width: 1024px) 100vw, 1024px\" \/><figcaption class=\"wp-element-caption\">Imagem Ilustrativa de IPVA &#8211; Cr\u00e9ditos: depositphotos.com \/ rafapress<\/figcaption><\/figure>\n\n\n\n<h2 class=\"wp-block-heading\">IPVA e seu impacto nos servi\u00e7os p\u00fablicos<\/h2>\n\n\n\n<p>O recolhimento do IPVA \u00e9 de extrema import\u00e2ncia para os cofres p\u00fablicos, j\u00e1 que os valores arrecadados s\u00e3o aplicados em \u00e1reas essenciais como sa\u00fade, educa\u00e7\u00e3o e seguran\u00e7a. Garantir o pagamento em dia ajuda a manter esses setores devidamente abastecidos com recursos, refletindo de forma direta no bem-estar da sociedade. A campanha enfatiza as melhorias que o investimento em infraestrutura p\u00fablica pode oferecer, incentivando a adimpl\u00eancia entre os contribuintes.<\/p>\n\n\n\n<h2 class=\"wp-block-heading\">Como o MG app facilita o pagamento do IPVA?<\/h2>\n\n\n\n<p>O aplicativo <strong><a href=\"https:\/\/www.mg.gov.br\/pagina\/mg-app\" target=\"_blank\" rel=\"noreferrer noopener\">MG app<\/a><\/strong> surge como uma solu\u00e7\u00e3o moderna para os contribuintes de Minas Gerais, oferecendo mais de 100 servi\u00e7os digitais relacionados ao tr\u00e2nsito. Com ele, os usu\u00e1rios podem acessar o calend\u00e1rio do IPVA, visualizar valores e efetuar o pagamento de maneira segura. Este aplicativo est\u00e1 dispon\u00edvel gratuitamente nas plataformas App Store para dispositivos Apple e Google Play para dispositivos Android, propiciando assim ampla acessibilidade e conveni\u00eancia para os usu\u00e1rios.<\/p>\n\n\n\n<p>Al\u00e9m de reduzir filas e burocracias presenciais, o MG app tamb\u00e9m promete seguran\u00e7a aos usu\u00e1rios, com transa\u00e7\u00f5es protegidas e agilidade garantida. Essa facilidade representa um passo significativo rumo \u00e0 digitaliza\u00e7\u00e3o dos servi\u00e7os p\u00fablicos em Minas Gerais.<\/p>\n\n\n\n<h2 class=\"wp-block-heading\">Divulga\u00e7\u00e3o da campanha atrav\u00e9s de m\u00eddias<\/h2>\n\n\n\n<p>A divulga\u00e7\u00e3o da campanha &#8220;IPVA 2025, mais f\u00e1cil, moderno e eficiente&#8221; est\u00e1 sendo realizada por meio de tr\u00eas v\u00eddeos produzidos especificamente para televis\u00e3o e m\u00eddias digitais. Esses v\u00eddeos apresentam as vantagens da moderniza\u00e7\u00e3o dos servi\u00e7os e destacam a praticidade do uso do aplicativo MG app. A comunica\u00e7\u00e3o multim\u00eddia busca atingir um grande p\u00fablico, assegurando que todos os propriet\u00e1rios de ve\u00edculos estejam informados sobre as novidades no pagamento do IPVA.<\/p>\n\n\n\n<ul class=\"wp-block-list\">\n<li>Os v\u00eddeos destacam a facilidade e seguran\u00e7a do pagamento digital.<\/li>\n\n\n\n<li>Os conte\u00fados s\u00e3o veiculados em plataformas de televis\u00e3o e online.<\/li>\n\n\n\n<li>A mensagem central enfatiza a moderniza\u00e7\u00e3o e praticidade do servi\u00e7o.<\/li>\n<\/ul>\n","protected":false},"excerpt":{"rendered":"<p>No final de janeiro, o Governo de Minas Gerais deu in\u00edcio \u00e0 campanha &#8220;IPVA 2025, mais f\u00e1cil, moderno e eficiente&#8221; com o objetivo de informar os contribuintes sobre o Imposto sobre a Propriedade de Ve\u00edculos Automotores (IPVA). Idealizada pelas Secretarias de Fazenda (SEF) e de Planejamento e Gest\u00e3o (Seplag), a iniciativa destaca as novidades no [&hellip;]<\/p>\n","protected":false},"author":5,"featured_media":14802,"comment_status":"open","ping_status":"open","sticky":false,"template":"","format":"standard","meta":{"jnews-multi-image_gallery":[],"jnews_single_post":{"format":"standard"},"jnews_primary_category":[],"jnews_social_meta":[],"jnews_override_counter":[],"footnotes":""},"categories":[27,28,1],"tags":[941,3218,762],"class_list":["post-14798","post","type-post","status-publish","format-standard","has-post-thumbnail","hentry","category-carros","category-economia","category-noticias","tag-imposto","tag-imposto-de-veiculos-automotores","tag-ipva"],"yoast_head":"<!-- This site is optimized with the Yoast SEO plugin v23.8 - https:\/\/yoast.com\/wordpress\/plugins\/seo\/ -->\n<title>Minas Gerais cria campanha que incentiva pagamento digital do IPVA 2025 - Estado de Minas - Em foco<\/title>\n<meta name=\"description\" content=\"Governo de Minas lan\u00e7a campanha para facilitar o pagamento do IPVA 2025. Veja as novidades! Confira agora!\" \/>\n<meta name=\"robots\" content=\"index, follow, max-snippet:-1, max-image-preview:large, max-video-preview:-1\" \/>\n<link rel=\"canonical\" href=\"https:\/\/www.em.com.br\/emfoco\/2025\/02\/09\/minas-gerais-cria-campanha-que-incentiva-pagamento-digital-do-ipva-2025\/\" \/>\n<meta property=\"og:locale\" content=\"pt_BR\" \/>\n<meta property=\"og:type\" content=\"article\" \/>\n<meta property=\"og:title\" content=\"Minas Gerais cria campanha que incentiva pagamento digital do IPVA 2025 - Estado de Minas - Em foco\" \/>\n<meta property=\"og:description\" content=\"Governo de Minas lan\u00e7a campanha para facilitar o pagamento do IPVA 2025. Veja as novidades! Confira agora!\" \/>\n<meta property=\"og:url\" content=\"https:\/\/www.em.com.br\/emfoco\/2025\/02\/09\/minas-gerais-cria-campanha-que-incentiva-pagamento-digital-do-ipva-2025\/\" \/>\n<meta property=\"og:site_name\" content=\"Estado de Minas - Em foco\" \/>\n<meta property=\"article:published_time\" content=\"2025-02-09T19:40:00+00:00\" \/>\n<meta property=\"article:modified_time\" content=\"2025-02-05T20:58:31+00:00\" \/>\n<meta property=\"og:image\" content=\"https:\/\/www.em.com.br\/emfoco\/wp-content\/uploads\/2025\/01\/computador_1738196105732.jpg\" \/>\n\t<meta property=\"og:image:width\" content=\"1280\" \/>\n\t<meta property=\"og:image:height\" content=\"720\" \/>\n\t<meta property=\"og:image:type\" content=\"image\/jpeg\" \/>\n<meta name=\"author\" content=\"N\u00fabia Rangel\" \/>\n<meta name=\"twitter:card\" content=\"summary_large_image\" \/>\n<meta name=\"twitter:label1\" content=\"Escrito por\" \/>\n\t<meta name=\"twitter:data1\" content=\"N\u00fabia Rangel\" \/>\n\t<meta name=\"twitter:label2\" content=\"Est. tempo de leitura\" \/>\n\t<meta name=\"twitter:data2\" content=\"4 minutos\" \/>\n<!-- \/ Yoast SEO plugin. -->","yoast_head_json":{"title":"Minas Gerais cria campanha que incentiva pagamento digital do IPVA 2025 - Estado de Minas - Em foco","description":"Governo de Minas lan\u00e7a campanha para facilitar o pagamento do IPVA 2025. Veja as novidades! Confira agora!","robots":{"index":"index","follow":"follow","max-snippet":"max-snippet:-1","max-image-preview":"max-image-preview:large","max-video-preview":"max-video-preview:-1"},"canonical":"https:\/\/www.em.com.br\/emfoco\/2025\/02\/09\/minas-gerais-cria-campanha-que-incentiva-pagamento-digital-do-ipva-2025\/","og_locale":"pt_BR","og_type":"article","og_title":"Minas Gerais cria campanha que incentiva pagamento digital do IPVA 2025 - Estado de Minas - Em foco","og_description":"Governo de Minas lan\u00e7a campanha para facilitar o pagamento do IPVA 2025. Veja as novidades! Confira agora!","og_url":"https:\/\/www.em.com.br\/emfoco\/2025\/02\/09\/minas-gerais-cria-campanha-que-incentiva-pagamento-digital-do-ipva-2025\/","og_site_name":"Estado de Minas - Em foco","article_published_time":"2025-02-09T19:40:00+00:00","article_modified_time":"2025-02-05T20:58:31+00:00","og_image":[{"width":1280,"height":720,"url":"https:\/\/www.em.com.br\/emfoco\/wp-content\/uploads\/2025\/01\/computador_1738196105732.jpg","type":"image\/jpeg"}],"author":"N\u00fabia Rangel","twitter_card":"summary_large_image","twitter_misc":{"Escrito por":"N\u00fabia Rangel","Est. tempo de leitura":"4 minutos"},"schema":{"@context":"https:\/\/schema.org","@graph":[{"@type":"WebPage","@id":"https:\/\/www.em.com.br\/emfoco\/2025\/02\/09\/minas-gerais-cria-campanha-que-incentiva-pagamento-digital-do-ipva-2025\/","url":"https:\/\/www.em.com.br\/emfoco\/2025\/02\/09\/minas-gerais-cria-campanha-que-incentiva-pagamento-digital-do-ipva-2025\/","name":"Minas Gerais cria campanha que incentiva pagamento digital do IPVA 2025 - Estado de Minas - Em foco","isPartOf":{"@id":"https:\/\/www.em.com.br\/emfoco\/#website"},"primaryImageOfPage":{"@id":"https:\/\/www.em.com.br\/emfoco\/2025\/02\/09\/minas-gerais-cria-campanha-que-incentiva-pagamento-digital-do-ipva-2025\/#primaryimage"},"image":{"@id":"https:\/\/www.em.com.br\/emfoco\/2025\/02\/09\/minas-gerais-cria-campanha-que-incentiva-pagamento-digital-do-ipva-2025\/#primaryimage"},"thumbnailUrl":"https:\/\/www.em.com.br\/emfoco\/wp-content\/uploads\/2025\/01\/computador_1738196105732.jpg","datePublished":"2025-02-09T19:40:00+00:00","dateModified":"2025-02-05T20:58:31+00:00","author":{"@id":"https:\/\/www.em.com.br\/emfoco\/#\/schema\/person\/524437ef54f8a5d32591b143307f2e20"},"description":"Governo de Minas lan\u00e7a campanha para facilitar o pagamento do IPVA 2025. Veja as novidades! Confira agora!","breadcrumb":{"@id":"https:\/\/www.em.com.br\/emfoco\/2025\/02\/09\/minas-gerais-cria-campanha-que-incentiva-pagamento-digital-do-ipva-2025\/#breadcrumb"},"inLanguage":"pt-BR","potentialAction":[{"@type":"ReadAction","target":["https:\/\/www.em.com.br\/emfoco\/2025\/02\/09\/minas-gerais-cria-campanha-que-incentiva-pagamento-digital-do-ipva-2025\/"]}]},{"@type":"ImageObject","inLanguage":"pt-BR","@id":"https:\/\/www.em.com.br\/emfoco\/2025\/02\/09\/minas-gerais-cria-campanha-que-incentiva-pagamento-digital-do-ipva-2025\/#primaryimage","url":"https:\/\/www.em.com.br\/emfoco\/wp-content\/uploads\/2025\/01\/computador_1738196105732.jpg","contentUrl":"https:\/\/www.em.com.br\/emfoco\/wp-content\/uploads\/2025\/01\/computador_1738196105732.jpg","width":1280,"height":720,"caption":"Imagem Ilustrativa Computador - Cr\u00e9ditos: depositphotos.com \/ pressmaster"},{"@type":"BreadcrumbList","@id":"https:\/\/www.em.com.br\/emfoco\/2025\/02\/09\/minas-gerais-cria-campanha-que-incentiva-pagamento-digital-do-ipva-2025\/#breadcrumb","itemListElement":[{"@type":"ListItem","position":1,"name":"In\u00edcio","item":"https:\/\/www.em.com.br\/emfoco\/"},{"@type":"ListItem","position":2,"name":"Minas Gerais cria campanha que incentiva pagamento digital do IPVA 2025"}]},{"@type":"WebSite","@id":"https:\/\/www.em.com.br\/emfoco\/#website","url":"https:\/\/www.em.com.br\/emfoco\/","name":"Estado de Minas - Em foco","description":"Acompanhe as \u00faltimas not\u00edcias e fique bem informado sobre tudo o que acontece em Minas Gerais, Brasil e no mundo.","potentialAction":[{"@type":"SearchAction","target":{"@type":"EntryPoint","urlTemplate":"https:\/\/www.em.com.br\/emfoco\/?s={search_term_string}"},"query-input":{"@type":"PropertyValueSpecification","valueRequired":true,"valueName":"search_term_string"}}],"inLanguage":"pt-BR"},{"@type":"Person","@id":"https:\/\/www.em.com.br\/emfoco\/#\/schema\/person\/524437ef54f8a5d32591b143307f2e20","name":"N\u00fabia Rangel","image":{"@type":"ImageObject","inLanguage":"pt-BR","@id":"https:\/\/www.em.com.br\/emfoco\/#\/schema\/person\/image\/","url":"https:\/\/secure.gravatar.com\/avatar\/47cff2827a5ba23c37e8068c86817ea4?s=96&d=mm&r=g","contentUrl":"https:\/\/secure.gravatar.com\/avatar\/47cff2827a5ba23c37e8068c86817ea4?s=96&d=mm&r=g","caption":"N\u00fabia Rangel"},"sameAs":["https:\/\/www.em.com.br\/emfoco\/"],"url":"https:\/\/www.em.com.br\/emfoco\/author\/nubiamyth\/"}]}},"_links":{"self":[{"href":"https:\/\/www.em.com.br\/emfoco\/wp-json\/wp\/v2\/posts\/14798","targetHints":{"allow":["GET"]}}],"collection":[{"href":"https:\/\/www.em.com.br\/emfoco\/wp-json\/wp\/v2\/posts"}],"about":[{"href":"https:\/\/www.em.com.br\/emfoco\/wp-json\/wp\/v2\/types\/post"}],"author":[{"embeddable":true,"href":"https:\/\/www.em.com.br\/emfoco\/wp-json\/wp\/v2\/users\/5"}],"replies":[{"embeddable":true,"href":"https:\/\/www.em.com.br\/emfoco\/wp-json\/wp\/v2\/comments?post=14798"}],"version-history":[{"count":3,"href":"https:\/\/www.em.com.br\/emfoco\/wp-json\/wp\/v2\/posts\/14798\/revisions"}],"predecessor-version":[{"id":17070,"href":"https:\/\/www.em.com.br\/emfoco\/wp-json\/wp\/v2\/posts\/14798\/revisions\/17070"}],"wp:featuredmedia":[{"embeddable":true,"href":"https:\/\/www.em.com.br\/emfoco\/wp-json\/wp\/v2\/media\/14802"}],"wp:attachment":[{"href":"https:\/\/www.em.com.br\/emfoco\/wp-json\/wp\/v2\/media?parent=14798"}],"wp:term":[{"taxonomy":"category","embeddable":true,"href":"https:\/\/www.em.com.br\/emfoco\/wp-json\/wp\/v2\/categories?post=14798"},{"taxonomy":"post_tag","embeddable":true,"href":"https:\/\/www.em.com.br\/emfoco\/wp-json\/wp\/v2\/tags?post=14798"}],"curies":[{"name":"wp","href":"https:\/\/api.w.org\/{rel}","templated":true}]}}