{"id":147896,"date":"2025-12-31T18:45:00","date_gmt":"2025-12-31T21:45:00","guid":{"rendered":"https:\/\/www.em.com.br\/emfoco\/?p=147896"},"modified":"2025-12-29T18:34:46","modified_gmt":"2025-12-29T21:34:46","slug":"auxilio-doenca-da-direito-ao-13o-veja-quem-recebe-como-e-calculado-e-quando-o-inss-paga","status":"publish","type":"post","link":"https:\/\/www.em.com.br\/emfoco\/2025\/12\/31\/auxilio-doenca-da-direito-ao-13o-veja-quem-recebe-como-e-calculado-e-quando-o-inss-paga\/","title":{"rendered":"Aux\u00edlio-doen\u00e7a d\u00e1 direito ao 13\u00ba? Veja quem recebe, como \u00e9 calculado e quando o INSS paga"},"content":{"rendered":"\n<h2 class=\"wp-block-heading\">Em 2025, quem recebeu aux\u00edlio-doen\u00e7a por ao menos 15 dias tem direito ao d\u00e9cimo terceiro proporcional. O INSS paga conforme os meses de benef\u00edcio, somando ao valor pago pelo empregador quando houve trabalho no ano.<\/h2>\n\n\n\n<p>Milhares de brasileiros afastados por motivo de sa\u00fade t\u00eam d\u00favidas sobre o d\u00e9cimo terceiro sal\u00e1rio. Em 2025, o aux\u00edlio-doen\u00e7a continua garantindo esse direito em situa\u00e7\u00f5es espec\u00edficas. Entender quem recebe, como funciona o c\u00e1lculo e onde consultar evita perda de valores.<\/p>\n\n\n\n<h2 class=\"wp-block-heading\">O aux\u00edlio-doen\u00e7a garante direito ao d\u00e9cimo terceiro sal\u00e1rio?<\/h2>\n\n\n\n<p>O <strong>aux\u00edlio-doen\u00e7a<\/strong> \u00e9 pago pelo INSS ao segurado incapaz de trabalhar por mais de 15 dias. Sempre que h\u00e1 recebimento de benef\u00edcio previdenci\u00e1rio ao longo do ano, existe tamb\u00e9m o direito \u00e0 <strong><a href=\"https:\/\/www.planalto.gov.br\/ccivil_03\/leis\/l4090.htm\" target=\"_blank\" rel=\"noreferrer noopener\">gratifica\u00e7\u00e3o natalina<\/a><\/strong>.<\/p>\n\n\n\n<p>Isso significa que o afastamento por motivo de doen\u00e7a ou acidente n\u00e3o elimina o d\u00e9cimo terceiro. O valor \u00e9 devido de forma proporcional ao per\u00edodo em que o benef\u00edcio foi pago durante o ano-calend\u00e1rio.<\/p>\n\n\n\n<figure class=\"wp-block-image size-large\"><img loading=\"lazy\" decoding=\"async\" width=\"1024\" height=\"576\" src=\"https:\/\/www.em.com.br\/emfoco\/wp-content\/uploads\/2025\/12\/IA-16-7-1024x576.jpg\" alt=\"Aux\u00edlio-doen\u00e7a d\u00e1 direito ao 13\u00ba? Veja quem recebe, como \u00e9 calculado e quando o INSS paga\" class=\"wp-image-147902\" srcset=\"https:\/\/www.em.com.br\/emfoco\/wp-content\/uploads\/2025\/12\/IA-16-7-1024x576.jpg 1024w, https:\/\/www.em.com.br\/emfoco\/wp-content\/uploads\/2025\/12\/IA-16-7-300x169.jpg 300w, https:\/\/www.em.com.br\/emfoco\/wp-content\/uploads\/2025\/12\/IA-16-7-768x432.jpg 768w, https:\/\/www.em.com.br\/emfoco\/wp-content\/uploads\/2025\/12\/IA-16-7-750x422.jpg 750w, https:\/\/www.em.com.br\/emfoco\/wp-content\/uploads\/2025\/12\/IA-16-7-1140x641.jpg 1140w, https:\/\/www.em.com.br\/emfoco\/wp-content\/uploads\/2025\/12\/IA-16-7.jpg 1280w\" sizes=\"auto, (max-width: 1024px) 100vw, 1024px\" \/><figcaption class=\"wp-element-caption\">Recebimento de benef\u00edcio previdenci\u00e1rio mant\u00e9m direito \u00e0 gratifica\u00e7\u00e3o natalina<\/figcaption><\/figure>\n\n\n\n<h2 class=\"wp-block-heading\">Quem recebe o d\u00e9cimo terceiro junto com o aux\u00edlio-doen\u00e7a?<\/h2>\n\n\n\n<p>O pagamento do d\u00e9cimo terceiro pode envolver mais de uma fonte, dependendo da situa\u00e7\u00e3o profissional ao longo do ano. Em muitos casos, o trabalhador recebe parte do valor pela empresa e parte pelo INSS, conforme o per\u00edodo de afastamento, como explicado a seguir.<\/p>\n\n\n\n<ul class=\"wp-block-list\">\n<li><strong>Empregador<\/strong>: paga o d\u00e9cimo terceiro proporcional aos meses efetivamente trabalhados.<\/li>\n\n\n\n<li><strong>INSS<\/strong>: paga o d\u00e9cimo terceiro proporcional aos meses em que houve aux\u00edlio-doen\u00e7a.<\/li>\n\n\n\n<li><strong>Soma de valores<\/strong>: o trabalhador recebe dois pagamentos proporcionais, sem perda de direito.<\/li>\n<\/ul>\n\n\n\n<h2 class=\"wp-block-heading\">Existe requisito m\u00ednimo para receber o d\u00e9cimo terceiro?<\/h2>\n\n\n\n<p>O principal crit\u00e9rio para ter direito ao d\u00e9cimo terceiro pelo INSS \u00e9 simples: o segurado precisa ter recebido <strong>aux\u00edlio-doen\u00e7a por pelo menos 15 dias<\/strong> dentro do mesmo ano.<\/p>\n\n\n\n<p>Afastamentos inferiores a esse per\u00edodo n\u00e3o geram direito ao d\u00e9cimo terceiro previdenci\u00e1rio. J\u00e1 quem ultrapassa esse limite passa automaticamente a ter o valor inclu\u00eddo nos pagamentos do benef\u00edcio.<\/p>\n\n\n\n<figure class=\"wp-block-image size-large\"><img loading=\"lazy\" decoding=\"async\" width=\"1024\" height=\"576\" src=\"https:\/\/www.em.com.br\/emfoco\/wp-content\/uploads\/2025\/12\/IA-17-6-1024x576.jpg\" alt=\"Aux\u00edlio-doen\u00e7a d\u00e1 direito ao 13\u00ba? Veja quem recebe, como \u00e9 calculado e quando o INSS paga\" class=\"wp-image-147903\" srcset=\"https:\/\/www.em.com.br\/emfoco\/wp-content\/uploads\/2025\/12\/IA-17-6-1024x576.jpg 1024w, https:\/\/www.em.com.br\/emfoco\/wp-content\/uploads\/2025\/12\/IA-17-6-300x169.jpg 300w, https:\/\/www.em.com.br\/emfoco\/wp-content\/uploads\/2025\/12\/IA-17-6-768x432.jpg 768w, https:\/\/www.em.com.br\/emfoco\/wp-content\/uploads\/2025\/12\/IA-17-6-750x422.jpg 750w, https:\/\/www.em.com.br\/emfoco\/wp-content\/uploads\/2025\/12\/IA-17-6-1140x641.jpg 1140w, https:\/\/www.em.com.br\/emfoco\/wp-content\/uploads\/2025\/12\/IA-17-6.jpg 1280w\" sizes=\"auto, (max-width: 1024px) 100vw, 1024px\" \/><figcaption class=\"wp-element-caption\">Afastamento superior a quinze dias j\u00e1 gera direito ao d\u00e9cimo terceiro<\/figcaption><\/figure>\n\n\n\n<p><em>Leia mais: <strong><a href=\"https:\/\/www.em.com.br\/emfoco\/2025\/12\/29\/segurados-vencem-quem-nao-conseguia-provar-doenca-por-falta-de-exame-agora-tera-custo-bancado-pelo-inss\/\" target=\"_blank\" rel=\"noreferrer noopener\">Segurados vencem! Quem n\u00e3o conseguia provar doen\u00e7a por falta de exame agora ter\u00e1 custo bancado pelo INSS<\/a><\/strong><\/em><\/p>\n\n\n\n<h2 class=\"wp-block-heading\">Como \u00e9 feito o c\u00e1lculo do d\u00e9cimo terceiro do aux\u00edlio-doen\u00e7a?<\/h2>\n\n\n\n<p>O c\u00e1lculo segue uma l\u00f3gica proporcional. O valor do <strong>d\u00e9cimo terceiro do INSS<\/strong> corresponde ao valor mensal do benef\u00edcio, dividido por 12 e multiplicado pelo n\u00famero de meses em que houve pagamento.<\/p>\n\n\n\n<ul class=\"wp-block-list\">\n<li><strong>Benef\u00edcio integral no ano<\/strong>: d\u00e9cimo terceiro igual ao valor mensal do aux\u00edlio.<\/li>\n\n\n\n<li><strong>Benef\u00edcio parcial<\/strong>: pagamento proporcional aos meses recebidos.<\/li>\n\n\n\n<li><strong>Exemplo pr\u00e1tico<\/strong>: seis meses de aux\u00edlio geram metade do valor como d\u00e9cimo terceiro.<\/li>\n<\/ul>\n\n\n\n<h2 class=\"wp-block-heading\">Como consultar o pagamento do d\u00e9cimo terceiro do INSS?<\/h2>\n\n\n\n<p>A consulta pode ser feita de forma digital, sem sair de casa. O segurado deve acessar o aplicativo ou site do <strong>Meu INSS<\/strong> e buscar a op\u00e7\u00e3o de extrato de pagamento.<\/p>\n\n\n\n<p>No documento, \u00e9 poss\u00edvel verificar se o d\u00e9cimo terceiro foi inclu\u00eddo e em qual parcela. Caso haja diverg\u00eancias, a orienta\u00e7\u00e3o \u00e9 buscar apoio jur\u00eddico especializado para garantir o <strong>recebimento correto do benef\u00edcio<\/strong>.<\/p>\n","protected":false},"excerpt":{"rendered":"<p>Em 2025, quem recebeu aux\u00edlio-doen\u00e7a por ao menos 15 dias tem direito ao d\u00e9cimo terceiro proporcional. O INSS paga conforme os meses de benef\u00edcio, somando ao valor pago pelo empregador quando houve trabalho no ano. Milhares de brasileiros afastados por motivo de sa\u00fade t\u00eam d\u00favidas sobre o d\u00e9cimo terceiro sal\u00e1rio. Em 2025, o aux\u00edlio-doen\u00e7a continua [&hellip;]<\/p>\n","protected":false},"author":13,"featured_media":147901,"comment_status":"open","ping_status":"open","sticky":false,"template":"","format":"standard","meta":{"jnews-multi-image_gallery":[],"jnews_single_post":{"format":"standard"},"jnews_primary_category":[],"jnews_social_meta":[],"jnews_override_counter":[],"footnotes":""},"categories":[28],"tags":[1622,19066,174],"class_list":["post-147896","post","type-post","status-publish","format-standard","has-post-thumbnail","hentry","category-economia","tag-auxilio-doenca","tag-decimo-terceiro","tag-inss"],"yoast_head":"<!-- This site is optimized with the Yoast SEO plugin v23.8 - https:\/\/yoast.com\/wordpress\/plugins\/seo\/ -->\n<title>Aux\u00edlio-doen\u00e7a d\u00e1 direito ao 13\u00ba? Veja quem recebe, como \u00e9 calculado e quando o INSS paga - Estado de Minas - Em foco<\/title>\n<meta name=\"description\" content=\"Mesmo afastado, o trabalhador pode ter direito ao 13\u00ba do INSS. Entenda quem recebe, como calcular e onde consultar o valor.\" \/>\n<meta name=\"robots\" content=\"index, follow, max-snippet:-1, max-image-preview:large, max-video-preview:-1\" \/>\n<link rel=\"canonical\" href=\"https:\/\/www.em.com.br\/emfoco\/2025\/12\/31\/auxilio-doenca-da-direito-ao-13o-veja-quem-recebe-como-e-calculado-e-quando-o-inss-paga\/\" \/>\n<meta property=\"og:locale\" content=\"pt_BR\" \/>\n<meta property=\"og:type\" content=\"article\" \/>\n<meta property=\"og:title\" content=\"Aux\u00edlio-doen\u00e7a d\u00e1 direito ao 13\u00ba? Veja quem recebe, como \u00e9 calculado e quando o INSS paga - Estado de Minas - Em foco\" \/>\n<meta property=\"og:description\" content=\"Mesmo afastado, o trabalhador pode ter direito ao 13\u00ba do INSS. Entenda quem recebe, como calcular e onde consultar o valor.\" \/>\n<meta property=\"og:url\" content=\"https:\/\/www.em.com.br\/emfoco\/2025\/12\/31\/auxilio-doenca-da-direito-ao-13o-veja-quem-recebe-como-e-calculado-e-quando-o-inss-paga\/\" \/>\n<meta property=\"og:site_name\" content=\"Estado de Minas - Em foco\" \/>\n<meta property=\"article:published_time\" content=\"2025-12-31T21:45:00+00:00\" \/>\n<meta property=\"article:modified_time\" content=\"2025-12-29T21:34:46+00:00\" \/>\n<meta property=\"og:image\" content=\"https:\/\/www.em.com.br\/emfoco\/wp-content\/uploads\/2025\/12\/IA-15-7.jpg\" \/>\n\t<meta property=\"og:image:width\" content=\"1280\" \/>\n\t<meta property=\"og:image:height\" content=\"720\" \/>\n\t<meta property=\"og:image:type\" content=\"image\/jpeg\" \/>\n<meta name=\"author\" content=\"Gabriel Martins\" \/>\n<meta name=\"twitter:card\" content=\"summary_large_image\" \/>\n<meta name=\"twitter:label1\" content=\"Escrito por\" \/>\n\t<meta name=\"twitter:data1\" content=\"Gabriel Martins\" \/>\n\t<meta name=\"twitter:label2\" content=\"Est. tempo de leitura\" \/>\n\t<meta name=\"twitter:data2\" content=\"4 minutos\" \/>\n<!-- \/ Yoast SEO plugin. -->","yoast_head_json":{"title":"Aux\u00edlio-doen\u00e7a d\u00e1 direito ao 13\u00ba? Veja quem recebe, como \u00e9 calculado e quando o INSS paga - Estado de Minas - Em foco","description":"Mesmo afastado, o trabalhador pode ter direito ao 13\u00ba do INSS. Entenda quem recebe, como calcular e onde consultar o valor.","robots":{"index":"index","follow":"follow","max-snippet":"max-snippet:-1","max-image-preview":"max-image-preview:large","max-video-preview":"max-video-preview:-1"},"canonical":"https:\/\/www.em.com.br\/emfoco\/2025\/12\/31\/auxilio-doenca-da-direito-ao-13o-veja-quem-recebe-como-e-calculado-e-quando-o-inss-paga\/","og_locale":"pt_BR","og_type":"article","og_title":"Aux\u00edlio-doen\u00e7a d\u00e1 direito ao 13\u00ba? Veja quem recebe, como \u00e9 calculado e quando o INSS paga - Estado de Minas - Em foco","og_description":"Mesmo afastado, o trabalhador pode ter direito ao 13\u00ba do INSS. Entenda quem recebe, como calcular e onde consultar o valor.","og_url":"https:\/\/www.em.com.br\/emfoco\/2025\/12\/31\/auxilio-doenca-da-direito-ao-13o-veja-quem-recebe-como-e-calculado-e-quando-o-inss-paga\/","og_site_name":"Estado de Minas - Em foco","article_published_time":"2025-12-31T21:45:00+00:00","article_modified_time":"2025-12-29T21:34:46+00:00","og_image":[{"width":1280,"height":720,"url":"https:\/\/www.em.com.br\/emfoco\/wp-content\/uploads\/2025\/12\/IA-15-7.jpg","type":"image\/jpeg"}],"author":"Gabriel Martins","twitter_card":"summary_large_image","twitter_misc":{"Escrito por":"Gabriel Martins","Est. tempo de leitura":"4 minutos"},"schema":{"@context":"https:\/\/schema.org","@graph":[{"@type":"WebPage","@id":"https:\/\/www.em.com.br\/emfoco\/2025\/12\/31\/auxilio-doenca-da-direito-ao-13o-veja-quem-recebe-como-e-calculado-e-quando-o-inss-paga\/","url":"https:\/\/www.em.com.br\/emfoco\/2025\/12\/31\/auxilio-doenca-da-direito-ao-13o-veja-quem-recebe-como-e-calculado-e-quando-o-inss-paga\/","name":"Aux\u00edlio-doen\u00e7a d\u00e1 direito ao 13\u00ba? Veja quem recebe, como \u00e9 calculado e quando o INSS paga - Estado de Minas - Em foco","isPartOf":{"@id":"https:\/\/www.em.com.br\/emfoco\/#website"},"primaryImageOfPage":{"@id":"https:\/\/www.em.com.br\/emfoco\/2025\/12\/31\/auxilio-doenca-da-direito-ao-13o-veja-quem-recebe-como-e-calculado-e-quando-o-inss-paga\/#primaryimage"},"image":{"@id":"https:\/\/www.em.com.br\/emfoco\/2025\/12\/31\/auxilio-doenca-da-direito-ao-13o-veja-quem-recebe-como-e-calculado-e-quando-o-inss-paga\/#primaryimage"},"thumbnailUrl":"https:\/\/www.em.com.br\/emfoco\/wp-content\/uploads\/2025\/12\/IA-15-7.jpg","datePublished":"2025-12-31T21:45:00+00:00","dateModified":"2025-12-29T21:34:46+00:00","author":{"@id":"https:\/\/www.em.com.br\/emfoco\/#\/schema\/person\/1c9ddeab18b98abeffef834667bcf08a"},"description":"Mesmo afastado, o trabalhador pode ter direito ao 13\u00ba do INSS. Entenda quem recebe, como calcular e onde consultar o valor.","breadcrumb":{"@id":"https:\/\/www.em.com.br\/emfoco\/2025\/12\/31\/auxilio-doenca-da-direito-ao-13o-veja-quem-recebe-como-e-calculado-e-quando-o-inss-paga\/#breadcrumb"},"inLanguage":"pt-BR","potentialAction":[{"@type":"ReadAction","target":["https:\/\/www.em.com.br\/emfoco\/2025\/12\/31\/auxilio-doenca-da-direito-ao-13o-veja-quem-recebe-como-e-calculado-e-quando-o-inss-paga\/"]}]},{"@type":"ImageObject","inLanguage":"pt-BR","@id":"https:\/\/www.em.com.br\/emfoco\/2025\/12\/31\/auxilio-doenca-da-direito-ao-13o-veja-quem-recebe-como-e-calculado-e-quando-o-inss-paga\/#primaryimage","url":"https:\/\/www.em.com.br\/emfoco\/wp-content\/uploads\/2025\/12\/IA-15-7.jpg","contentUrl":"https:\/\/www.em.com.br\/emfoco\/wp-content\/uploads\/2025\/12\/IA-15-7.jpg","width":1280,"height":720,"caption":"Aux\u00edlio-doen\u00e7a garante d\u00e9cimo terceiro proporcional ao per\u00edodo afastado pelo INSS"},{"@type":"BreadcrumbList","@id":"https:\/\/www.em.com.br\/emfoco\/2025\/12\/31\/auxilio-doenca-da-direito-ao-13o-veja-quem-recebe-como-e-calculado-e-quando-o-inss-paga\/#breadcrumb","itemListElement":[{"@type":"ListItem","position":1,"name":"In\u00edcio","item":"https:\/\/www.em.com.br\/emfoco\/"},{"@type":"ListItem","position":2,"name":"Aux\u00edlio-doen\u00e7a d\u00e1 direito ao 13\u00ba? Veja quem recebe, como \u00e9 calculado e quando o INSS paga"}]},{"@type":"WebSite","@id":"https:\/\/www.em.com.br\/emfoco\/#website","url":"https:\/\/www.em.com.br\/emfoco\/","name":"Estado de Minas - Em foco","description":"Acompanhe as \u00faltimas not\u00edcias e fique bem informado sobre tudo o que acontece em Minas Gerais, Brasil e no mundo.","potentialAction":[{"@type":"SearchAction","target":{"@type":"EntryPoint","urlTemplate":"https:\/\/www.em.com.br\/emfoco\/?s={search_term_string}"},"query-input":{"@type":"PropertyValueSpecification","valueRequired":true,"valueName":"search_term_string"}}],"inLanguage":"pt-BR"},{"@type":"Person","@id":"https:\/\/www.em.com.br\/emfoco\/#\/schema\/person\/1c9ddeab18b98abeffef834667bcf08a","name":"Gabriel Martins","image":{"@type":"ImageObject","inLanguage":"pt-BR","@id":"https:\/\/www.em.com.br\/emfoco\/#\/schema\/person\/image\/","url":"https:\/\/secure.gravatar.com\/avatar\/f0f1e2efdfd88f1ad2cb08c5c2731e50?s=96&d=mm&r=g","contentUrl":"https:\/\/secure.gravatar.com\/avatar\/f0f1e2efdfd88f1ad2cb08c5c2731e50?s=96&d=mm&r=g","caption":"Gabriel Martins"},"sameAs":["https:\/\/www.em.com.br\/emfoco\/"],"url":"https:\/\/www.em.com.br\/emfoco\/author\/gabrielmartinsmyth\/"}]}},"_links":{"self":[{"href":"https:\/\/www.em.com.br\/emfoco\/wp-json\/wp\/v2\/posts\/147896","targetHints":{"allow":["GET"]}}],"collection":[{"href":"https:\/\/www.em.com.br\/emfoco\/wp-json\/wp\/v2\/posts"}],"about":[{"href":"https:\/\/www.em.com.br\/emfoco\/wp-json\/wp\/v2\/types\/post"}],"author":[{"embeddable":true,"href":"https:\/\/www.em.com.br\/emfoco\/wp-json\/wp\/v2\/users\/13"}],"replies":[{"embeddable":true,"href":"https:\/\/www.em.com.br\/emfoco\/wp-json\/wp\/v2\/comments?post=147896"}],"version-history":[{"count":1,"href":"https:\/\/www.em.com.br\/emfoco\/wp-json\/wp\/v2\/posts\/147896\/revisions"}],"predecessor-version":[{"id":147904,"href":"https:\/\/www.em.com.br\/emfoco\/wp-json\/wp\/v2\/posts\/147896\/revisions\/147904"}],"wp:featuredmedia":[{"embeddable":true,"href":"https:\/\/www.em.com.br\/emfoco\/wp-json\/wp\/v2\/media\/147901"}],"wp:attachment":[{"href":"https:\/\/www.em.com.br\/emfoco\/wp-json\/wp\/v2\/media?parent=147896"}],"wp:term":[{"taxonomy":"category","embeddable":true,"href":"https:\/\/www.em.com.br\/emfoco\/wp-json\/wp\/v2\/categories?post=147896"},{"taxonomy":"post_tag","embeddable":true,"href":"https:\/\/www.em.com.br\/emfoco\/wp-json\/wp\/v2\/tags?post=147896"}],"curies":[{"name":"wp","href":"https:\/\/api.w.org\/{rel}","templated":true}]}}