{"id":147727,"date":"2025-12-31T18:25:00","date_gmt":"2025-12-31T21:25:00","guid":{"rendered":"https:\/\/www.em.com.br\/emfoco\/?p=147727"},"modified":"2025-12-30T20:00:56","modified_gmt":"2025-12-30T23:00:56","slug":"como-deixar-a-pele-naturalmente-dourada-no-verao-com-dicas-caseiras-simples","status":"publish","type":"post","link":"https:\/\/www.em.com.br\/emfoco\/2025\/12\/31\/como-deixar-a-pele-naturalmente-dourada-no-verao-com-dicas-caseiras-simples\/","title":{"rendered":"Como deixar a pele naturalmente dourada no ver\u00e3o com dicas caseiras simples"},"content":{"rendered":"\n<p>Ter a pele dourada no ver\u00e3o \u00e9 desejo de muita gente, mas o segredo vai muito al\u00e9m de \u201cpegar sol\u201d: com ajustes simples na rotina, d\u00e1 para conquistar um bronze bonito, uniforme e saud\u00e1vel, sem abrir m\u00e3o da prote\u00e7\u00e3o nem da hidrata\u00e7\u00e3o di\u00e1ria.<\/p>\n\n\n\n<h2 class=\"wp-block-heading\">Como preparar a pele para um bronzeado mais uniforme<\/h2>\n\n\n\n<p>Antes de buscar a <a href=\"https:\/\/www.em.com.br\/emfoco\/2025\/12\/18\/pele-dourada-no-verao-conheca-o-legume-que-muda-o-tom-do-seu-rosto-hoje\/\" target=\"_blank\" rel=\"noreferrer noopener\">pele dourada no ver\u00e3o<\/a>, vale come\u00e7ar pela renova\u00e7\u00e3o suave da camada superficial. A esfolia\u00e7\u00e3o leve, de uma a duas vezes por semana, ajuda a remover c\u00e9lulas mortas e deixa a textura mais lisa, sem agredir a pele.<\/p>\n\n\n\n<p>Uma mistura simples de a\u00e7\u00facar fino com \u00f3leo vegetal, como \u00f3leo de coco ou azeite extravirgem, pode ser usada em movimentos circulares, sem esfregar com for\u00e7a, especialmente em joelhos, cotovelos e tornozelos. Depois, a hidrata\u00e7\u00e3o com lo\u00e7\u00f5es ricas em \u00f3leos vegetais, manteigas naturais ou<a href=\"https:\/\/pmc.ncbi.nlm.nih.gov\/articles\/PMC2763764\/\" target=\"_blank\" rel=\"noreferrer noopener\"> aloe vera<\/a> refor\u00e7a a barreira cut\u00e2nea e reduz a descama\u00e7\u00e3o.<\/p>\n\n\n\n<figure class=\"wp-block-image size-large\"><img loading=\"lazy\" decoding=\"async\" width=\"1024\" height=\"576\" src=\"https:\/\/www.em.com.br\/emfoco\/wp-content\/uploads\/2025\/12\/bronzeado_1767031213556-1024x576.jpg\" alt=\"Pele dourada no ver\u00e3o depende de preparo, hidrata\u00e7\u00e3o e prote\u00e7\u00e3o\" class=\"wp-image-147772\" srcset=\"https:\/\/www.em.com.br\/emfoco\/wp-content\/uploads\/2025\/12\/bronzeado_1767031213556-1024x576.jpg 1024w, https:\/\/www.em.com.br\/emfoco\/wp-content\/uploads\/2025\/12\/bronzeado_1767031213556-300x169.jpg 300w, https:\/\/www.em.com.br\/emfoco\/wp-content\/uploads\/2025\/12\/bronzeado_1767031213556-768x432.jpg 768w, https:\/\/www.em.com.br\/emfoco\/wp-content\/uploads\/2025\/12\/bronzeado_1767031213556-750x422.jpg 750w, https:\/\/www.em.com.br\/emfoco\/wp-content\/uploads\/2025\/12\/bronzeado_1767031213556-1140x641.jpg 1140w, https:\/\/www.em.com.br\/emfoco\/wp-content\/uploads\/2025\/12\/bronzeado_1767031213556.jpg 1280w\" sizes=\"auto, (max-width: 1024px) 100vw, 1024px\" \/><figcaption class=\"wp-element-caption\">Pele dourada no ver\u00e3o depende de preparo, hidrata\u00e7\u00e3o e prote\u00e7\u00e3o &#8211; Cr\u00e9ditos: depositphotos.com \/ AllaSerebrina<\/figcaption><\/figure>\n\n\n\n<h2 class=\"wp-block-heading\">Quais dicas caseiras ajudam a deixar a pele dourada no ver\u00e3o<\/h2>\n\n\n\n<p>As dicas caseiras para deixar a pele dourada no ver\u00e3o combinam cuidados externos com ajustes na alimenta\u00e7\u00e3o. O consumo de alimentos ricos em betacaroteno, como cenoura, ab\u00f3bora, manga e mam\u00e3o, favorece a produ\u00e7\u00e3o de melanina e pode intensificar levemente o tom do bronzeado.<\/p>\n\n\n\n<p>Ao mesmo tempo, algumas receitas naturais s\u00e3o usadas diretamente na pele para real\u00e7ar a cor, sempre com cautela e associadas ao filtro solar, evitando queimaduras e manchas.<\/p>\n\n\n\n<ul class=\"wp-block-list\">\n<li><strong>\u00d3leo de cenoura artesanal<\/strong>: cenoura ralada em \u00f3leo de coco ou azeite por algumas horas; o l\u00edquido filtrado \u00e9 aplicado em pequena quantidade antes do sol, sempre com protetor por cima.<\/li>\n\n\n\n<li><strong>Pasta de caf\u00e9<\/strong>: p\u00f3 de caf\u00e9 misturado com \u00f3leo vegetal, usado como esfoliante suave, ajudando a real\u00e7ar a cor j\u00e1 existente e a deixar a pele com aspecto mais corado.<\/li>\n\n\n\n<li><strong>M\u00e1scara de cenoura com mel<\/strong>: cenoura ralada combinada com mel at\u00e9 formar uma pasta; aplicada por alguns minutos em \u00e1reas expostas para proporcionar hidrata\u00e7\u00e3o, brilho e toque macio.<\/li>\n<\/ul>\n\n\n\n<h2 class=\"wp-block-heading\">Como a alimenta\u00e7\u00e3o e a hidrata\u00e7\u00e3o influenciam no tom dourado<\/h2>\n\n\n\n<p>O tom que a pele atinge no ver\u00e3o n\u00e3o depende s\u00f3 do tempo de sol, mas tamb\u00e9m da hidrata\u00e7\u00e3o interna e da qualidade da alimenta\u00e7\u00e3o. Beber \u00e1gua ao longo do dia, al\u00e9m de \u00e1gua de coco e sucos naturais, ajuda a manter a pele menos opaca e com menor tend\u00eancia \u00e0 descama\u00e7\u00e3o.<\/p>\n\n\n\n<p>Fontes de betacaroteno, frutas ricas em vitamina C e gorduras boas, como abacate, castanhas, sementes e azeite de oliva, contribuem para uma pele mais vi\u00e7osa. Ch\u00e1s antioxidantes, como ch\u00e1-verde e hibisco, podem complementar a rotina, desde que respeitadas orienta\u00e7\u00f5es m\u00e9dicas e limites individuais.<\/p>\n\n\n\n<figure class=\"wp-block-image size-large\"><img loading=\"lazy\" decoding=\"async\" width=\"1024\" height=\"576\" src=\"https:\/\/www.em.com.br\/emfoco\/wp-content\/uploads\/2025\/12\/bronzeado_1767031333941-1024x576.jpg\" alt=\"Pele dourada no ver\u00e3o depende de preparo, hidrata\u00e7\u00e3o e prote\u00e7\u00e3o\" class=\"wp-image-147776\" srcset=\"https:\/\/www.em.com.br\/emfoco\/wp-content\/uploads\/2025\/12\/bronzeado_1767031333941-1024x576.jpg 1024w, https:\/\/www.em.com.br\/emfoco\/wp-content\/uploads\/2025\/12\/bronzeado_1767031333941-300x169.jpg 300w, https:\/\/www.em.com.br\/emfoco\/wp-content\/uploads\/2025\/12\/bronzeado_1767031333941-768x432.jpg 768w, https:\/\/www.em.com.br\/emfoco\/wp-content\/uploads\/2025\/12\/bronzeado_1767031333941-750x422.jpg 750w, https:\/\/www.em.com.br\/emfoco\/wp-content\/uploads\/2025\/12\/bronzeado_1767031333941-1140x641.jpg 1140w, https:\/\/www.em.com.br\/emfoco\/wp-content\/uploads\/2025\/12\/bronzeado_1767031333941.jpg 1280w\" sizes=\"auto, (max-width: 1024px) 100vw, 1024px\" \/><figcaption class=\"wp-element-caption\">Pele dourada no ver\u00e3o depende de preparo, hidrata\u00e7\u00e3o e prote\u00e7\u00e3o &#8211; Cr\u00e9ditos: depositphotos.com \/ NinaMalyna<\/figcaption><\/figure>\n\n\n\n<h2 class=\"wp-block-heading\">Como proteger a pele sem perder o aspecto dourado<\/h2>\n\n\n\n<p>Proteger a pele \u00e9 essencial para conquistar um dourado bonito sem danificar a sa\u00fade. O uso di\u00e1rio de protetor solar com fator adequado, reaplicado ao longo do dia, reduz queimaduras, manchas e envelhecimento precoce, mantendo o bronze mais uniforme e duradouro.<\/p>\n\n\n\n<p>Al\u00e9m do filtro solar, \u00e9 importante ajustar alguns h\u00e1bitos, como preferir o sol no in\u00edcio da manh\u00e3 ou fim de tarde, alternar exposi\u00e7\u00e3o e sombra, evitar banhos muito quentes e aplicar \u00f3leos vegetais leves ou lo\u00e7\u00f5es p\u00f3s-sol com a pele ainda \u00famida para segurar a hidrata\u00e7\u00e3o.<\/p>\n\n\n\n<h2 class=\"wp-block-heading\">Quais cuidados di\u00e1rios ajudam a manter a pele dourada por mais tempo<\/h2>\n\n\n\n<p>Ap\u00f3s conquistar a cor desejada, a manuten\u00e7\u00e3o depende de uma rotina simples, mas constante. Limpeza suave com sabonetes neutros, hidrata\u00e7\u00e3o di\u00e1ria com f\u00f3rmulas calmantes e o uso disciplinado do protetor solar formam a base para um dourado bonito, com menos descama\u00e7\u00e3o e irrita\u00e7\u00e3o.<\/p>\n\n\n\n<p>Evitar esfoliantes agressivos, banhos muito quentes e produtos com \u00e1lcool em excesso ajuda a preservar o tom, enquanto uma boa ingest\u00e3o de \u00e1gua e alimenta\u00e7\u00e3o equilibrada sustentam o brilho natural. Comece hoje mesmo a ajustar seus h\u00e1bitos: cada dia conta para garantir um ver\u00e3o com pele dourada, saud\u00e1vel e protegida, antes que o sol mais intenso comece a cobrar a conta.<\/p>\n","protected":false},"excerpt":{"rendered":"<p>Ter a pele dourada no ver\u00e3o \u00e9 desejo de muita gente, mas o segredo vai muito al\u00e9m de \u201cpegar sol\u201d: com ajustes simples na rotina, d\u00e1 para conquistar um bronze bonito, uniforme e saud\u00e1vel, sem abrir m\u00e3o da prote\u00e7\u00e3o nem da hidrata\u00e7\u00e3o di\u00e1ria. Como preparar a pele para um bronzeado mais uniforme Antes de buscar [&hellip;]<\/p>\n","protected":false},"author":11,"featured_media":147774,"comment_status":"open","ping_status":"open","sticky":false,"template":"","format":"standard","meta":{"jnews-multi-image_gallery":[],"jnews_single_post":{"format":"standard"},"jnews_primary_category":[],"jnews_social_meta":[],"jnews_override_counter":[],"footnotes":""},"categories":[8819,1],"tags":[19664,12306,6882,1827],"class_list":["post-147727","post","type-post","status-publish","format-standard","has-post-thumbnail","hentry","category-curiosidades","category-noticias","tag-habito-simples","tag-pele-2","tag-protetor-solar","tag-verao"],"yoast_head":"<!-- This site is optimized with the Yoast SEO plugin v23.8 - https:\/\/yoast.com\/wordpress\/plugins\/seo\/ -->\n<title>Como deixar a pele naturalmente dourada no ver\u00e3o com dicas caseiras simples - Estado de Minas - Em foco<\/title>\n<meta name=\"description\" content=\"Um bronze bonito n\u00e3o vem s\u00f3 do sol. Aprenda h\u00e1bitos que real\u00e7am a pele dourada com mais seguran\u00e7a.\" \/>\n<meta name=\"robots\" content=\"index, follow, max-snippet:-1, max-image-preview:large, max-video-preview:-1\" \/>\n<link rel=\"canonical\" href=\"https:\/\/www.em.com.br\/emfoco\/2025\/12\/31\/como-deixar-a-pele-naturalmente-dourada-no-verao-com-dicas-caseiras-simples\/\" \/>\n<meta property=\"og:locale\" content=\"pt_BR\" \/>\n<meta property=\"og:type\" content=\"article\" \/>\n<meta property=\"og:title\" content=\"Como deixar a pele naturalmente dourada no ver\u00e3o com dicas caseiras simples - Estado de Minas - Em foco\" \/>\n<meta property=\"og:description\" content=\"Um bronze bonito n\u00e3o vem s\u00f3 do sol. Aprenda h\u00e1bitos que real\u00e7am a pele dourada com mais seguran\u00e7a.\" \/>\n<meta property=\"og:url\" content=\"https:\/\/www.em.com.br\/emfoco\/2025\/12\/31\/como-deixar-a-pele-naturalmente-dourada-no-verao-com-dicas-caseiras-simples\/\" \/>\n<meta property=\"og:site_name\" content=\"Estado de Minas - Em foco\" \/>\n<meta property=\"article:published_time\" content=\"2025-12-31T21:25:00+00:00\" \/>\n<meta property=\"article:modified_time\" content=\"2025-12-30T23:00:56+00:00\" \/>\n<meta property=\"og:image\" content=\"https:\/\/www.em.com.br\/emfoco\/wp-content\/uploads\/2025\/12\/Gemini_Generated_Image_lujpwmlujpwmlujp-1.png\" \/>\n\t<meta property=\"og:image:width\" content=\"1280\" \/>\n\t<meta property=\"og:image:height\" content=\"720\" \/>\n\t<meta property=\"og:image:type\" content=\"image\/png\" \/>\n<meta name=\"author\" content=\"Andre\u0301 Rangel\u00a0\" \/>\n<meta name=\"twitter:card\" content=\"summary_large_image\" \/>\n<meta name=\"twitter:label1\" content=\"Escrito por\" \/>\n\t<meta name=\"twitter:data1\" content=\"Andre\u0301 Rangel\u00a0\" \/>\n\t<meta name=\"twitter:label2\" content=\"Est. tempo de leitura\" \/>\n\t<meta name=\"twitter:data2\" content=\"5 minutos\" \/>\n<!-- \/ Yoast SEO plugin. -->","yoast_head_json":{"title":"Como deixar a pele naturalmente dourada no ver\u00e3o com dicas caseiras simples - Estado de Minas - Em foco","description":"Um bronze bonito n\u00e3o vem s\u00f3 do sol. Aprenda h\u00e1bitos que real\u00e7am a pele dourada com mais seguran\u00e7a.","robots":{"index":"index","follow":"follow","max-snippet":"max-snippet:-1","max-image-preview":"max-image-preview:large","max-video-preview":"max-video-preview:-1"},"canonical":"https:\/\/www.em.com.br\/emfoco\/2025\/12\/31\/como-deixar-a-pele-naturalmente-dourada-no-verao-com-dicas-caseiras-simples\/","og_locale":"pt_BR","og_type":"article","og_title":"Como deixar a pele naturalmente dourada no ver\u00e3o com dicas caseiras simples - Estado de Minas - Em foco","og_description":"Um bronze bonito n\u00e3o vem s\u00f3 do sol. Aprenda h\u00e1bitos que real\u00e7am a pele dourada com mais seguran\u00e7a.","og_url":"https:\/\/www.em.com.br\/emfoco\/2025\/12\/31\/como-deixar-a-pele-naturalmente-dourada-no-verao-com-dicas-caseiras-simples\/","og_site_name":"Estado de Minas - Em foco","article_published_time":"2025-12-31T21:25:00+00:00","article_modified_time":"2025-12-30T23:00:56+00:00","og_image":[{"width":1280,"height":720,"url":"https:\/\/www.em.com.br\/emfoco\/wp-content\/uploads\/2025\/12\/Gemini_Generated_Image_lujpwmlujpwmlujp-1.png","type":"image\/png"}],"author":"Andre\u0301 Rangel\u00a0","twitter_card":"summary_large_image","twitter_misc":{"Escrito por":"Andre\u0301 Rangel\u00a0","Est. tempo de leitura":"5 minutos"},"schema":{"@context":"https:\/\/schema.org","@graph":[{"@type":"WebPage","@id":"https:\/\/www.em.com.br\/emfoco\/2025\/12\/31\/como-deixar-a-pele-naturalmente-dourada-no-verao-com-dicas-caseiras-simples\/","url":"https:\/\/www.em.com.br\/emfoco\/2025\/12\/31\/como-deixar-a-pele-naturalmente-dourada-no-verao-com-dicas-caseiras-simples\/","name":"Como deixar a pele naturalmente dourada no ver\u00e3o com dicas caseiras simples - Estado de Minas - Em foco","isPartOf":{"@id":"https:\/\/www.em.com.br\/emfoco\/#website"},"primaryImageOfPage":{"@id":"https:\/\/www.em.com.br\/emfoco\/2025\/12\/31\/como-deixar-a-pele-naturalmente-dourada-no-verao-com-dicas-caseiras-simples\/#primaryimage"},"image":{"@id":"https:\/\/www.em.com.br\/emfoco\/2025\/12\/31\/como-deixar-a-pele-naturalmente-dourada-no-verao-com-dicas-caseiras-simples\/#primaryimage"},"thumbnailUrl":"https:\/\/www.em.com.br\/emfoco\/wp-content\/uploads\/2025\/12\/Gemini_Generated_Image_lujpwmlujpwmlujp-1.png","datePublished":"2025-12-31T21:25:00+00:00","dateModified":"2025-12-30T23:00:56+00:00","author":{"@id":"https:\/\/www.em.com.br\/emfoco\/#\/schema\/person\/60eda09c1fedf0d6891f4cef4b60b8b8"},"description":"Um bronze bonito n\u00e3o vem s\u00f3 do sol. Aprenda h\u00e1bitos que real\u00e7am a pele dourada com mais seguran\u00e7a.","breadcrumb":{"@id":"https:\/\/www.em.com.br\/emfoco\/2025\/12\/31\/como-deixar-a-pele-naturalmente-dourada-no-verao-com-dicas-caseiras-simples\/#breadcrumb"},"inLanguage":"pt-BR","potentialAction":[{"@type":"ReadAction","target":["https:\/\/www.em.com.br\/emfoco\/2025\/12\/31\/como-deixar-a-pele-naturalmente-dourada-no-verao-com-dicas-caseiras-simples\/"]}]},{"@type":"ImageObject","inLanguage":"pt-BR","@id":"https:\/\/www.em.com.br\/emfoco\/2025\/12\/31\/como-deixar-a-pele-naturalmente-dourada-no-verao-com-dicas-caseiras-simples\/#primaryimage","url":"https:\/\/www.em.com.br\/emfoco\/wp-content\/uploads\/2025\/12\/Gemini_Generated_Image_lujpwmlujpwmlujp-1.png","contentUrl":"https:\/\/www.em.com.br\/emfoco\/wp-content\/uploads\/2025\/12\/Gemini_Generated_Image_lujpwmlujpwmlujp-1.png","width":1280,"height":720,"caption":"Pele dourada no ver\u00e3o depende de preparo, hidrata\u00e7\u00e3o e prote\u00e7\u00e3o"},{"@type":"BreadcrumbList","@id":"https:\/\/www.em.com.br\/emfoco\/2025\/12\/31\/como-deixar-a-pele-naturalmente-dourada-no-verao-com-dicas-caseiras-simples\/#breadcrumb","itemListElement":[{"@type":"ListItem","position":1,"name":"In\u00edcio","item":"https:\/\/www.em.com.br\/emfoco\/"},{"@type":"ListItem","position":2,"name":"Como deixar a pele naturalmente dourada no ver\u00e3o com dicas caseiras simples"}]},{"@type":"WebSite","@id":"https:\/\/www.em.com.br\/emfoco\/#website","url":"https:\/\/www.em.com.br\/emfoco\/","name":"Estado de Minas - Em foco","description":"Acompanhe as \u00faltimas not\u00edcias e fique bem informado sobre tudo o que acontece em Minas Gerais, Brasil e no mundo.","potentialAction":[{"@type":"SearchAction","target":{"@type":"EntryPoint","urlTemplate":"https:\/\/www.em.com.br\/emfoco\/?s={search_term_string}"},"query-input":{"@type":"PropertyValueSpecification","valueRequired":true,"valueName":"search_term_string"}}],"inLanguage":"pt-BR"},{"@type":"Person","@id":"https:\/\/www.em.com.br\/emfoco\/#\/schema\/person\/60eda09c1fedf0d6891f4cef4b60b8b8","name":"Andre\u0301 Rangel\u00a0","image":{"@type":"ImageObject","inLanguage":"pt-BR","@id":"https:\/\/www.em.com.br\/emfoco\/#\/schema\/person\/image\/","url":"https:\/\/secure.gravatar.com\/avatar\/6234dc814c77c8ef6d8bba622c787efc?s=96&d=mm&r=g","contentUrl":"https:\/\/secure.gravatar.com\/avatar\/6234dc814c77c8ef6d8bba622c787efc?s=96&d=mm&r=g","caption":"Andre\u0301 Rangel\u00a0"},"url":"https:\/\/www.em.com.br\/emfoco\/author\/luizmyth\/"}]}},"_links":{"self":[{"href":"https:\/\/www.em.com.br\/emfoco\/wp-json\/wp\/v2\/posts\/147727","targetHints":{"allow":["GET"]}}],"collection":[{"href":"https:\/\/www.em.com.br\/emfoco\/wp-json\/wp\/v2\/posts"}],"about":[{"href":"https:\/\/www.em.com.br\/emfoco\/wp-json\/wp\/v2\/types\/post"}],"author":[{"embeddable":true,"href":"https:\/\/www.em.com.br\/emfoco\/wp-json\/wp\/v2\/users\/11"}],"replies":[{"embeddable":true,"href":"https:\/\/www.em.com.br\/emfoco\/wp-json\/wp\/v2\/comments?post=147727"}],"version-history":[{"count":4,"href":"https:\/\/www.em.com.br\/emfoco\/wp-json\/wp\/v2\/posts\/147727\/revisions"}],"predecessor-version":[{"id":147812,"href":"https:\/\/www.em.com.br\/emfoco\/wp-json\/wp\/v2\/posts\/147727\/revisions\/147812"}],"wp:featuredmedia":[{"embeddable":true,"href":"https:\/\/www.em.com.br\/emfoco\/wp-json\/wp\/v2\/media\/147774"}],"wp:attachment":[{"href":"https:\/\/www.em.com.br\/emfoco\/wp-json\/wp\/v2\/media?parent=147727"}],"wp:term":[{"taxonomy":"category","embeddable":true,"href":"https:\/\/www.em.com.br\/emfoco\/wp-json\/wp\/v2\/categories?post=147727"},{"taxonomy":"post_tag","embeddable":true,"href":"https:\/\/www.em.com.br\/emfoco\/wp-json\/wp\/v2\/tags?post=147727"}],"curies":[{"name":"wp","href":"https:\/\/api.w.org\/{rel}","templated":true}]}}