{"id":147585,"date":"2025-12-30T17:15:00","date_gmt":"2025-12-30T20:15:00","guid":{"rendered":"https:\/\/www.em.com.br\/emfoco\/?p=147585"},"modified":"2025-12-29T14:06:09","modified_gmt":"2025-12-29T17:06:09","slug":"trabalhadores-comemoram-fim-da-escala-6x1-e-conquista-de-dois-dias-de-folga-por-semana","status":"publish","type":"post","link":"https:\/\/www.em.com.br\/emfoco\/2025\/12\/30\/trabalhadores-comemoram-fim-da-escala-6x1-e-conquista-de-dois-dias-de-folga-por-semana\/","title":{"rendered":"Trabalhadores comemoram fim da escala 6&#215;1 e conquista de dois dias de folga por semana"},"content":{"rendered":"\n<h2 class=\"wp-block-heading\">A PEC que prop\u00f5e o fim da escala 6&#215;1 prev\u00ea jornada 5&#215;2, redu\u00e7\u00e3o de 44 para 40 horas semanais sem corte salarial e pagamento em dobro aos domingos, com foco em sa\u00fade mental, conv\u00edvio familiar e produtividade a partir de 2026.<\/h2>\n\n\n\n<p>O debate sobre o fim da escala 6&#215;1 entrou em uma nova fase com o apoio do Governo Federal a uma PEC que promete alterar jornadas, descanso semanal e remunera\u00e7\u00e3o. A proposta mira sa\u00fade mental, conv\u00edvio familiar e uma moderniza\u00e7\u00e3o hist\u00f3rica das leis trabalhistas.<\/p>\n\n\n\n<h2 class=\"wp-block-heading\">O que muda com o fim da escala 6&#215;1 no Brasil?<\/h2>\n\n\n\n<p>O encerramento da <strong>escala 6&#215;1<\/strong> representa o fim do modelo em que o trabalhador atua seis dias seguidos para descansar apenas um. A proposta busca reduzir o desgaste f\u00edsico e mental causado por rotinas longas e pouco equilibradas.<\/p>\n\n\n\n<p>Com a mudan\u00e7a, a l\u00f3gica deixa de ser apenas horas cumpridas e passa a considerar <strong>qualidade de vida<\/strong>. O objetivo \u00e9 criar jornadas mais sustent\u00e1veis, alinhadas a estudos que mostram maior produtividade entre trabalhadores descansados.<\/p>\n\n\n\n<p>Confira o v\u00eddeo compartilhado pelo canal do YouTube <strong><a href=\"https:\/\/www.youtube.com\/@ricardoazevedofernandes\" target=\"_blank\" rel=\"noreferrer noopener\">Ricardo Azevedo | Advogado<\/a><\/strong> falando sobre as novas previs\u00f5es de mudan\u00e7as relacionado a jornada de trabalho no Brasil e como isso ir\u00e1 afetar a vida de milh\u00f5es de pessoas e empresas. <\/p>\n\n\n\n<figure class=\"wp-block-embed is-type-video is-provider-youtube wp-block-embed-youtube wp-embed-aspect-16-9 wp-has-aspect-ratio\"><div class=\"wp-block-embed__wrapper\">\n<div class=\"jeg_video_container jeg_video_content\"><iframe loading=\"lazy\" title=\"ATEN\u00c7\u00c3O TRABALHADOR: ESCALA 6x1 Vai ACABAR em 2026? DESCUBRA Como Fica Sua FOLGA!\" width=\"500\" height=\"281\" src=\"https:\/\/www.youtube.com\/embed\/pGzDvOXAfZ8?feature=oembed\" frameborder=\"0\" allow=\"accelerometer; autoplay; clipboard-write; encrypted-media; gyroscope; picture-in-picture; web-share\" referrerpolicy=\"strict-origin-when-cross-origin\" allowfullscreen><\/iframe><\/div>\n<\/div><\/figure>\n\n\n\n<h2 class=\"wp-block-heading\">Como funcionar\u00e1 a nova jornada 5&#215;2 com redu\u00e7\u00e3o de horas?<\/h2>\n\n\n\n<p>A PEC estabelece uma transi\u00e7\u00e3o clara para o novo formato, preservando sal\u00e1rios e ampliando o descanso semanal. A estrutura foi desenhada para permitir adapta\u00e7\u00e3o gradual das empresas, conforme os principais pontos abaixo.<\/p>\n\n\n\n<ul class=\"wp-block-list\">\n<li><strong>Jornada 5&#215;2<\/strong>: cinco dias de trabalho para dois dias consecutivos de descanso.<\/li>\n\n\n\n<li><strong>Redu\u00e7\u00e3o de carga hor\u00e1ria<\/strong>: de 44 para 40 horas semanais.<\/li>\n\n\n\n<li><strong>Sal\u00e1rio mantido<\/strong>: proibi\u00e7\u00e3o de redu\u00e7\u00e3o dos vencimentos.<\/li>\n<\/ul>\n\n\n\n<h2 class=\"wp-block-heading\">Por que o trabalho aos domingos passar\u00e1 a custar mais?<\/h2>\n\n\n\n<p>Para setores que n\u00e3o podem interromper atividades, como sa\u00fade e parte do com\u00e9rcio, o trabalho aos domingos seguir\u00e1 permitido, mas com regras mais rigorosas. A ideia \u00e9 compensar melhor o desgaste social desses turnos.<\/p>\n\n\n\n<p>O pagamento em dobro cria um <strong>desest\u00edmulo econ\u00f4mico<\/strong> ao uso excessivo da m\u00e3o de obra nesses dias, incentivando escalas mais equilibradas e refor\u00e7ando o valor do descanso semanal como direito fundamental.<\/p>\n\n\n\n<figure class=\"wp-block-image size-large\"><img loading=\"lazy\" decoding=\"async\" width=\"1024\" height=\"576\" src=\"https:\/\/www.em.com.br\/emfoco\/wp-content\/uploads\/2025\/12\/IA-9-15-1024x576.jpg\" alt=\"Trabalhadores comemoram fim da escala 6x1 e conquista de dois dias de folga por semana\" class=\"wp-image-147642\" srcset=\"https:\/\/www.em.com.br\/emfoco\/wp-content\/uploads\/2025\/12\/IA-9-15-1024x576.jpg 1024w, https:\/\/www.em.com.br\/emfoco\/wp-content\/uploads\/2025\/12\/IA-9-15-300x169.jpg 300w, https:\/\/www.em.com.br\/emfoco\/wp-content\/uploads\/2025\/12\/IA-9-15-768x432.jpg 768w, https:\/\/www.em.com.br\/emfoco\/wp-content\/uploads\/2025\/12\/IA-9-15-750x422.jpg 750w, https:\/\/www.em.com.br\/emfoco\/wp-content\/uploads\/2025\/12\/IA-9-15-1140x641.jpg 1140w, https:\/\/www.em.com.br\/emfoco\/wp-content\/uploads\/2025\/12\/IA-9-15.jpg 1280w\" sizes=\"auto, (max-width: 1024px) 100vw, 1024px\" \/><figcaption class=\"wp-element-caption\">Trabalho aos domingos passa a ter custo maior para empresas<\/figcaption><\/figure>\n\n\n\n<p><em>Leia mais: <strong><a href=\"https:\/\/www.em.com.br\/emfoco\/2025\/12\/29\/a-receita-federal-confirmou-que-essas-pessoas-nao-precisarao-declarar-imposto-de-renda-em-2026\/\" target=\"_blank\" rel=\"noreferrer noopener\">A Receita Federal confirmou que essas pessoas n\u00e3o precisar\u00e3o declarar imposto de renda em 2026<\/a><\/strong><\/em><\/p>\n\n\n\n<h2 class=\"wp-block-heading\">Qual o impacto social e de sa\u00fade por tr\u00e1s dessa proposta?<\/h2>\n\n\n\n<p>A defesa do fim da escala 6&#215;1 se apoia no esgotamento de setores como com\u00e9rcio, telemarketing e sa\u00fade. A rotina atual dificulta resolver quest\u00f5es pessoais e compromete o bem-estar f\u00edsico e emocional dos trabalhadores.<\/p>\n\n\n\n<ul class=\"wp-block-list\">\n<li><strong>Sa\u00fade mental<\/strong>: redu\u00e7\u00e3o do risco de estresse cr\u00f4nico e burnout.<\/li>\n\n\n\n<li><strong>Vida familiar<\/strong>: mais tempo para conv\u00edvio e lazer.<\/li>\n\n\n\n<li><strong>Produtividade<\/strong>: menos erros, menos afastamentos e maior engajamento.<\/li>\n<\/ul>\n\n\n\n<h2 class=\"wp-block-heading\">Quando a nova escala pode come\u00e7ar a valer?<\/h2>\n\n\n\n<p>O cen\u00e1rio pol\u00edtico \u00e9 considerado favor\u00e1vel, com apoio do Executivo e parecer positivo na C\u00e2mara. A expectativa \u00e9 que a proposta avance em dois turnos no Congresso logo ap\u00f3s o recesso parlamentar.<\/p>\n\n\n\n<p>Se aprovada, a mudan\u00e7a poder\u00e1 entrar em vigor a partir de 2026, marcando a maior atualiza\u00e7\u00e3o da <strong>jornada de trabalho brasileira<\/strong> desde a Constitui\u00e7\u00e3o de 1988 e redefinindo o equil\u00edbrio entre tempo, sa\u00fade e produ\u00e7\u00e3o.<\/p>\n","protected":false},"excerpt":{"rendered":"<p>A PEC que prop\u00f5e o fim da escala 6&#215;1 prev\u00ea jornada 5&#215;2, redu\u00e7\u00e3o de 44 para 40 horas semanais sem corte salarial e pagamento em dobro aos domingos, com foco em sa\u00fade mental, conv\u00edvio familiar e produtividade a partir de 2026. O debate sobre o fim da escala 6&#215;1 entrou em uma nova fase com [&hellip;]<\/p>\n","protected":false},"author":13,"featured_media":147641,"comment_status":"open","ping_status":"open","sticky":false,"template":"","format":"standard","meta":{"jnews-multi-image_gallery":[],"jnews_single_post":{"format":"standard"},"jnews_primary_category":[],"jnews_social_meta":[],"jnews_override_counter":[],"footnotes":""},"categories":[28],"tags":[21576,406,327,508],"class_list":["post-147585","post","type-post","status-publish","format-standard","has-post-thumbnail","hentry","category-economia","tag-carga-horario","tag-escala-6x1","tag-qualidade-de-vida","tag-trabalho"],"yoast_head":"<!-- This site is optimized with the Yoast SEO plugin v23.8 - https:\/\/yoast.com\/wordpress\/plugins\/seo\/ -->\n<title>Trabalhadores comemoram fim da escala 6x1 e conquista de dois dias de folga por semana - Estado de Minas - Em foco<\/title>\n<meta name=\"description\" content=\"Fim da escala 6x1 pode virar realidade e garantir dois dias de folga por semana sem cortar sal\u00e1rio. Entenda o que muda e quando come\u00e7a.\" \/>\n<meta name=\"robots\" content=\"index, follow, max-snippet:-1, max-image-preview:large, max-video-preview:-1\" \/>\n<link rel=\"canonical\" href=\"https:\/\/www.em.com.br\/emfoco\/2025\/12\/30\/trabalhadores-comemoram-fim-da-escala-6x1-e-conquista-de-dois-dias-de-folga-por-semana\/\" \/>\n<meta property=\"og:locale\" content=\"pt_BR\" \/>\n<meta property=\"og:type\" content=\"article\" \/>\n<meta property=\"og:title\" content=\"Trabalhadores comemoram fim da escala 6x1 e conquista de dois dias de folga por semana - Estado de Minas - Em foco\" \/>\n<meta property=\"og:description\" content=\"Fim da escala 6x1 pode virar realidade e garantir dois dias de folga por semana sem cortar sal\u00e1rio. Entenda o que muda e quando come\u00e7a.\" \/>\n<meta property=\"og:url\" content=\"https:\/\/www.em.com.br\/emfoco\/2025\/12\/30\/trabalhadores-comemoram-fim-da-escala-6x1-e-conquista-de-dois-dias-de-folga-por-semana\/\" \/>\n<meta property=\"og:site_name\" content=\"Estado de Minas - Em foco\" \/>\n<meta property=\"article:published_time\" content=\"2025-12-30T20:15:00+00:00\" \/>\n<meta property=\"article:modified_time\" content=\"2025-12-29T17:06:09+00:00\" \/>\n<meta property=\"og:image\" content=\"https:\/\/www.em.com.br\/emfoco\/wp-content\/uploads\/2025\/12\/IA-8-18.jpg\" \/>\n\t<meta property=\"og:image:width\" content=\"1280\" \/>\n\t<meta property=\"og:image:height\" content=\"720\" \/>\n\t<meta property=\"og:image:type\" content=\"image\/jpeg\" \/>\n<meta name=\"author\" content=\"Gabriel Martins\" \/>\n<meta name=\"twitter:card\" content=\"summary_large_image\" \/>\n<meta name=\"twitter:label1\" content=\"Escrito por\" \/>\n\t<meta name=\"twitter:data1\" content=\"Gabriel Martins\" \/>\n\t<meta name=\"twitter:label2\" content=\"Est. tempo de leitura\" \/>\n\t<meta name=\"twitter:data2\" content=\"4 minutos\" \/>\n<!-- \/ Yoast SEO plugin. -->","yoast_head_json":{"title":"Trabalhadores comemoram fim da escala 6x1 e conquista de dois dias de folga por semana - Estado de Minas - Em foco","description":"Fim da escala 6x1 pode virar realidade e garantir dois dias de folga por semana sem cortar sal\u00e1rio. Entenda o que muda e quando come\u00e7a.","robots":{"index":"index","follow":"follow","max-snippet":"max-snippet:-1","max-image-preview":"max-image-preview:large","max-video-preview":"max-video-preview:-1"},"canonical":"https:\/\/www.em.com.br\/emfoco\/2025\/12\/30\/trabalhadores-comemoram-fim-da-escala-6x1-e-conquista-de-dois-dias-de-folga-por-semana\/","og_locale":"pt_BR","og_type":"article","og_title":"Trabalhadores comemoram fim da escala 6x1 e conquista de dois dias de folga por semana - Estado de Minas - Em foco","og_description":"Fim da escala 6x1 pode virar realidade e garantir dois dias de folga por semana sem cortar sal\u00e1rio. Entenda o que muda e quando come\u00e7a.","og_url":"https:\/\/www.em.com.br\/emfoco\/2025\/12\/30\/trabalhadores-comemoram-fim-da-escala-6x1-e-conquista-de-dois-dias-de-folga-por-semana\/","og_site_name":"Estado de Minas - Em foco","article_published_time":"2025-12-30T20:15:00+00:00","article_modified_time":"2025-12-29T17:06:09+00:00","og_image":[{"width":1280,"height":720,"url":"https:\/\/www.em.com.br\/emfoco\/wp-content\/uploads\/2025\/12\/IA-8-18.jpg","type":"image\/jpeg"}],"author":"Gabriel Martins","twitter_card":"summary_large_image","twitter_misc":{"Escrito por":"Gabriel Martins","Est. tempo de leitura":"4 minutos"},"schema":{"@context":"https:\/\/schema.org","@graph":[{"@type":"WebPage","@id":"https:\/\/www.em.com.br\/emfoco\/2025\/12\/30\/trabalhadores-comemoram-fim-da-escala-6x1-e-conquista-de-dois-dias-de-folga-por-semana\/","url":"https:\/\/www.em.com.br\/emfoco\/2025\/12\/30\/trabalhadores-comemoram-fim-da-escala-6x1-e-conquista-de-dois-dias-de-folga-por-semana\/","name":"Trabalhadores comemoram fim da escala 6x1 e conquista de dois dias de folga por semana - Estado de Minas - Em foco","isPartOf":{"@id":"https:\/\/www.em.com.br\/emfoco\/#website"},"primaryImageOfPage":{"@id":"https:\/\/www.em.com.br\/emfoco\/2025\/12\/30\/trabalhadores-comemoram-fim-da-escala-6x1-e-conquista-de-dois-dias-de-folga-por-semana\/#primaryimage"},"image":{"@id":"https:\/\/www.em.com.br\/emfoco\/2025\/12\/30\/trabalhadores-comemoram-fim-da-escala-6x1-e-conquista-de-dois-dias-de-folga-por-semana\/#primaryimage"},"thumbnailUrl":"https:\/\/www.em.com.br\/emfoco\/wp-content\/uploads\/2025\/12\/IA-8-18.jpg","datePublished":"2025-12-30T20:15:00+00:00","dateModified":"2025-12-29T17:06:09+00:00","author":{"@id":"https:\/\/www.em.com.br\/emfoco\/#\/schema\/person\/1c9ddeab18b98abeffef834667bcf08a"},"description":"Fim da escala 6x1 pode virar realidade e garantir dois dias de folga por semana sem cortar sal\u00e1rio. Entenda o que muda e quando come\u00e7a.","breadcrumb":{"@id":"https:\/\/www.em.com.br\/emfoco\/2025\/12\/30\/trabalhadores-comemoram-fim-da-escala-6x1-e-conquista-de-dois-dias-de-folga-por-semana\/#breadcrumb"},"inLanguage":"pt-BR","potentialAction":[{"@type":"ReadAction","target":["https:\/\/www.em.com.br\/emfoco\/2025\/12\/30\/trabalhadores-comemoram-fim-da-escala-6x1-e-conquista-de-dois-dias-de-folga-por-semana\/"]}]},{"@type":"ImageObject","inLanguage":"pt-BR","@id":"https:\/\/www.em.com.br\/emfoco\/2025\/12\/30\/trabalhadores-comemoram-fim-da-escala-6x1-e-conquista-de-dois-dias-de-folga-por-semana\/#primaryimage","url":"https:\/\/www.em.com.br\/emfoco\/wp-content\/uploads\/2025\/12\/IA-8-18.jpg","contentUrl":"https:\/\/www.em.com.br\/emfoco\/wp-content\/uploads\/2025\/12\/IA-8-18.jpg","width":1280,"height":720,"caption":"Fim da escala 6x1 prop\u00f5e jornada mais equilibrada e foco em qualidade de vida"},{"@type":"BreadcrumbList","@id":"https:\/\/www.em.com.br\/emfoco\/2025\/12\/30\/trabalhadores-comemoram-fim-da-escala-6x1-e-conquista-de-dois-dias-de-folga-por-semana\/#breadcrumb","itemListElement":[{"@type":"ListItem","position":1,"name":"In\u00edcio","item":"https:\/\/www.em.com.br\/emfoco\/"},{"@type":"ListItem","position":2,"name":"Trabalhadores comemoram fim da escala 6&#215;1 e conquista de dois dias de folga por semana"}]},{"@type":"WebSite","@id":"https:\/\/www.em.com.br\/emfoco\/#website","url":"https:\/\/www.em.com.br\/emfoco\/","name":"Estado de Minas - Em foco","description":"Acompanhe as \u00faltimas not\u00edcias e fique bem informado sobre tudo o que acontece em Minas Gerais, Brasil e no mundo.","potentialAction":[{"@type":"SearchAction","target":{"@type":"EntryPoint","urlTemplate":"https:\/\/www.em.com.br\/emfoco\/?s={search_term_string}"},"query-input":{"@type":"PropertyValueSpecification","valueRequired":true,"valueName":"search_term_string"}}],"inLanguage":"pt-BR"},{"@type":"Person","@id":"https:\/\/www.em.com.br\/emfoco\/#\/schema\/person\/1c9ddeab18b98abeffef834667bcf08a","name":"Gabriel Martins","image":{"@type":"ImageObject","inLanguage":"pt-BR","@id":"https:\/\/www.em.com.br\/emfoco\/#\/schema\/person\/image\/","url":"https:\/\/secure.gravatar.com\/avatar\/f0f1e2efdfd88f1ad2cb08c5c2731e50?s=96&d=mm&r=g","contentUrl":"https:\/\/secure.gravatar.com\/avatar\/f0f1e2efdfd88f1ad2cb08c5c2731e50?s=96&d=mm&r=g","caption":"Gabriel Martins"},"sameAs":["https:\/\/www.em.com.br\/emfoco\/"],"url":"https:\/\/www.em.com.br\/emfoco\/author\/gabrielmartinsmyth\/"}]}},"_links":{"self":[{"href":"https:\/\/www.em.com.br\/emfoco\/wp-json\/wp\/v2\/posts\/147585","targetHints":{"allow":["GET"]}}],"collection":[{"href":"https:\/\/www.em.com.br\/emfoco\/wp-json\/wp\/v2\/posts"}],"about":[{"href":"https:\/\/www.em.com.br\/emfoco\/wp-json\/wp\/v2\/types\/post"}],"author":[{"embeddable":true,"href":"https:\/\/www.em.com.br\/emfoco\/wp-json\/wp\/v2\/users\/13"}],"replies":[{"embeddable":true,"href":"https:\/\/www.em.com.br\/emfoco\/wp-json\/wp\/v2\/comments?post=147585"}],"version-history":[{"count":1,"href":"https:\/\/www.em.com.br\/emfoco\/wp-json\/wp\/v2\/posts\/147585\/revisions"}],"predecessor-version":[{"id":147643,"href":"https:\/\/www.em.com.br\/emfoco\/wp-json\/wp\/v2\/posts\/147585\/revisions\/147643"}],"wp:featuredmedia":[{"embeddable":true,"href":"https:\/\/www.em.com.br\/emfoco\/wp-json\/wp\/v2\/media\/147641"}],"wp:attachment":[{"href":"https:\/\/www.em.com.br\/emfoco\/wp-json\/wp\/v2\/media?parent=147585"}],"wp:term":[{"taxonomy":"category","embeddable":true,"href":"https:\/\/www.em.com.br\/emfoco\/wp-json\/wp\/v2\/categories?post=147585"},{"taxonomy":"post_tag","embeddable":true,"href":"https:\/\/www.em.com.br\/emfoco\/wp-json\/wp\/v2\/tags?post=147585"}],"curies":[{"name":"wp","href":"https:\/\/api.w.org\/{rel}","templated":true}]}}