{"id":147424,"date":"2025-12-30T16:35:30","date_gmt":"2025-12-30T19:35:30","guid":{"rendered":"https:\/\/www.em.com.br\/emfoco\/?p=147424"},"modified":"2025-12-29T14:35:39","modified_gmt":"2025-12-29T17:35:39","slug":"quer-cortar-o-cabelo-veja-as-tendencias-de-mixie-e-bixie-para-2026","status":"publish","type":"post","link":"https:\/\/www.em.com.br\/emfoco\/2025\/12\/30\/quer-cortar-o-cabelo-veja-as-tendencias-de-mixie-e-bixie-para-2026\/","title":{"rendered":"Quer cortar o cabelo? Veja as tend\u00eancias de mixie e bixie para 2026"},"content":{"rendered":"\n<h2 class=\"wp-block-heading\">Em 2025, o corte Pixie cede espa\u00e7o ao Mixie (fus\u00e3o com mullet) e ao Bixie (fus\u00e3o com bob), op\u00e7\u00f5es mais vers\u00e1teis e adapt\u00e1veis a diversas texturas. A escolha ideal depende do formato do rosto e estilo pessoal, exigindo manuten\u00e7\u00e3o frequente do corte e finaliza\u00e7\u00e3o com produtos leves para garantir movimento e naturalidade.<\/h2>\n\n\n\n<p><strong>Voc\u00ea j\u00e1 pensou em cortar o cabelo bem curto<\/strong>, mas ficou em d\u00favida se ia combinar com voc\u00ea? Em 2026, muitas pessoas est\u00e3o passando exatamente por esse dilema e descobrindo novos cortes que fogem do tradicional <b>pixie<\/b>. Em vez de um visual muito marcado, surgem o <b>mixie<\/b> e o <b>bixie<\/b>, dois estilos curtos, modernos e personaliz\u00e1veis, perfeitos para quem quer <strong>praticidade<\/strong> sem perder eleg\u00e2ncia.<\/p>\n\n\n\n<h2 class=\"wp-block-heading\">O que s\u00e3o os cortes mixie e bixie em 2026<\/h2>\n\n\n\n<p>O <b>corte mixie<\/b> \u00e9 como um encontro entre o <strong>mullet<\/strong> e o pixie. Na parte frontal e superior, ele mant\u00e9m o ar curto e leve do pixie, enquanto a parte de tr\u00e1s \u00e9 um pouco mais alongada, lembrando um mullet suave. Isso cria um <b>visual mais alongado<\/b> na nuca e ajuda a dar sensa\u00e7\u00e3o de movimento at\u00e9 em cabelos finos ou bem lisos.<\/p>\n\n\n\n<figure class=\"wp-block-embed is-type-rich is-provider-pinterest wp-block-embed-pinterest\"><div class=\"wp-block-embed__wrapper\">\n<iframe loading=\"lazy\" title=\"15 moderne, strukturierte Pixie-Frisuren zum Entdecken\" src=\"https:\/\/assets.pinterest.com\/ext\/embed.html?id=68748644448&#038;src=oembed\" height=\"899\" width=\"450\" frameborder=\"0\" scrolling=\"no\" ><\/iframe>\n<\/div><\/figure>\n\n\n\n<p>J\u00e1 o <b>corte bixie<\/b> fica entre o pixie e o <strong>bob curto<\/strong>, com um pouco mais de volume nas laterais e na parte de tr\u00e1s. O comprimento pode ir at\u00e9 a altura do queixo, dependendo da <b>adapta\u00e7\u00e3o feita pelo cabeleireiro<\/b>. O bixie combina muito com franjas variadas \u2014 retas, desfiadas, laterais ou bem curtinhas \u2014 e pode ficar mais alinhado ou com um ar bagun\u00e7adinho, de acordo com o <strong>estilo de quem usa<\/strong>.<\/p>\n\n\n\n<figure class=\"wp-block-embed is-type-rich is-provider-pinterest wp-block-embed-pinterest\"><div class=\"wp-block-embed__wrapper\">\n<iframe loading=\"lazy\" title=\" \" src=\"https:\/\/assets.pinterest.com\/ext\/embed.html?id=5629568279929708&#038;src=oembed\" height=\"899\" width=\"450\" frameborder=\"0\" scrolling=\"no\" ><\/iframe>\n<\/div><\/figure>\n\n\n\n<p>Leia tamb\u00e9m:&nbsp;<a href=\"https:\/\/www.em.com.br\/emfoco\/2025\/12\/28\/pele-oleosa-saiba-como-o-banho-frio-evita-o-efeito-rebote-no-rosto\/\" target=\"_blank\" rel=\"noopener\">Pele oleosa? Saiba como o banho frio evita o efeito rebote no rosto<\/a><\/p>\n\n\n\n<h2 class=\"wp-block-heading\">Por que mixie e bixie est\u00e3o substituindo o pixie em 2026<\/h2>\n\n\n\n<p>Quando falamos em <b>novos cortes de cabelo em alta para 2026<\/b>, mixie e bixie aparecem como resposta \u00e0 vontade de ter um cabelo curto, mas n\u00e3o \u201cengessado\u201d em um \u00fanico formato. O pixie tradicional continua existindo, mas ele \u00e9 mais r\u00edgido no desenho, enquanto o <strong>mixie e o bixie<\/strong> permitem transi\u00e7\u00f5es de comprimento e mudan\u00e7as mais suaves durante o <b>crescimento dos fios<\/b>.<\/p>\n\n\n\n<figure class=\"wp-block-embed is-type-rich is-provider-pinterest wp-block-embed-pinterest\"><div class=\"wp-block-embed__wrapper\">\n<iframe loading=\"lazy\" title=\"Mit einem neuen Haarschnitt kannst du dich selbst neu erfinden!\" src=\"https:\/\/assets.pinterest.com\/ext\/embed.html?id=140806234412414&#038;src=oembed\" height=\"899\" width=\"450\" frameborder=\"0\" scrolling=\"no\" ><\/iframe>\n<\/div><\/figure>\n\n\n\n<p>Outro motivo \u00e9 a <b>adapta\u00e7\u00e3o \u00e0s diferentes texturas<\/b>: lisos, ondulados, cacheados ou crespos ficam bem com esses cortes, cada um com um resultado diferente. A tend\u00eancia de beleza em 2026 tamb\u00e9m valoriza um visual mais natural, com <em>layers<\/em>, desconex\u00f5es suaves e <strong>franjas leves<\/strong>, facilitando a finaliza\u00e7\u00e3o em casa com poucos produtos e sem tanta <b>complica\u00e7\u00e3o<\/b>.<\/p>\n\n\n\n<figure class=\"wp-block-embed is-type-rich is-provider-pinterest wp-block-embed-pinterest\"><div class=\"wp-block-embed__wrapper\">\n<iframe loading=\"lazy\" title=\"15 Stunning Pixie Cuts for Wavy Hair You&#039;ll Love\" src=\"https:\/\/assets.pinterest.com\/ext\/embed.html?id=47287864832689703&#038;src=oembed\" height=\"550\" width=\"450\" frameborder=\"0\" scrolling=\"no\" ><\/iframe>\n<\/div><\/figure>\n\n\n\n<h2 class=\"wp-block-heading\">Como escolher entre mixie e bixie para o seu estilo<\/h2>\n\n\n\n<p>A escolha entre <strong>mixie e bixie<\/strong> depende muito do formato do rosto, da textura do cabelo e da rotina. Nos sal\u00f5es, os profissionais costumam observar o dia a dia da pessoa, quanto tempo ela gosta (ou n\u00e3o) de dedicar ao cabelo e o tipo de <b>acabamento que prefere<\/b>, para sugerir o corte mais pr\u00e1tico e coerente com a <strong>realidade<\/strong>.<\/p>\n\n\n\n<p>Se voc\u00ea ainda est\u00e1 em d\u00favida, alguns crit\u00e9rios simples podem ajudar a clarear o caminho e facilitar a conversa com o cabeleireiro, especialmente ao buscar refer\u00eancias de <b>cortes de cabelo curtos 2026<\/b>:<\/p>\n\n\n\n<ul class=\"wp-block-list\">\n<li><strong>Formato do rosto:<\/strong> rostos mais alongados se beneficiam do volume lateral do bixie; rostos arredondados podem ganhar <b>equil\u00edbrio com o mixie<\/b>, que alonga levemente a nuca.<\/li>\n\n\n\n<li><strong>Tipo de cabelo:<\/strong> fios finos costumam ganhar corpo com as camadas suaves do bixie; o mixie valoriza ondas naturais e cachos, mantendo <b>movimento atr\u00e1s<\/b>.<\/li>\n\n\n\n<li><strong>Estilo pessoal:<\/strong> quem prefere algo discreto pode apostar em um bixie mais polido; quem gosta de um <b>visual marcante<\/b> pode investir em um mixie com franja desfiada ou mais curta.<\/li>\n<\/ul>\n\n\n\n<p>Para voc\u00ea que quer saber mais, separamos um v\u00eddeo do canal da <a href=\"https:\/\/www.youtube.com\/@isasalustiano\" target=\"_blank\" rel=\"noopener\">Isa Salustiano<\/a> com dicas para voc\u00ea que pretende cortar o cabelo curto:<\/p>\n\n\n\n<figure class=\"wp-block-embed is-type-video is-provider-youtube wp-block-embed-youtube wp-embed-aspect-16-9 wp-has-aspect-ratio\"><div class=\"wp-block-embed__wrapper\">\n<div class=\"jeg_video_container jeg_video_content\"><iframe loading=\"lazy\" title=\"O QUE VOC\u00ca PRECISA SABER ANTES DE CORTAR O CABELO CURTO | Pixie cut e mais\" width=\"500\" height=\"281\" src=\"https:\/\/www.youtube.com\/embed\/ALArns2JmME?feature=oembed\" frameborder=\"0\" allow=\"accelerometer; autoplay; clipboard-write; encrypted-media; gyroscope; picture-in-picture; web-share\" referrerpolicy=\"strict-origin-when-cross-origin\" allowfullscreen><\/iframe><\/div>\n<\/div><\/figure>\n\n\n\n<h2 class=\"wp-block-heading\">Como cuidar dos novos cortes de cabelo em alta para 2026<\/h2>\n\n\n\n<p>Manter o <b>mixie ou o bixie<\/b> bonito \u00e9 mais simples do que parece, mas exige uma certa regularidade. Como s\u00e3o cortes curtos ou m\u00e9dios-curtos, o crescimento dos fios muda r\u00e1pido o <strong>desenho original<\/strong>. Por isso, os retornos ao sal\u00e3o costumam ser um pouco mais frequentes do que em cabelos longos, principalmente para ajustar <b>nuca e franja<\/b>.<\/p>\n\n\n\n<p>No dia a dia, alguns cuidados b\u00e1sicos ajudam a destacar o corte: cremes de pentear leves, mousses, pomadas em pequena quantidade e <strong>sprays de textura<\/strong> costumam ser suficientes. A secagem pode ser natural, mas o uso do secador direcionando a raiz ajuda a criar ou reduzir <b>volume<\/b>, conforme a necessidade. A franja \u00e9 a parte que mais pede aten\u00e7\u00e3o, j\u00e1 que cresce r\u00e1pido e pode exigir pequenos ajustes entre um corte e outro, principalmente em vers\u00f5es mais <strong>curtinhas ou desfiadas<\/strong>.<\/p>\n","protected":false},"excerpt":{"rendered":"<p>Em 2025, o corte Pixie cede espa\u00e7o ao Mixie (fus\u00e3o com mullet) e ao Bixie (fus\u00e3o com bob), op\u00e7\u00f5es mais vers\u00e1teis e adapt\u00e1veis a diversas texturas. A escolha ideal depende do formato do rosto e estilo pessoal, exigindo manuten\u00e7\u00e3o frequente do corte e finaliza\u00e7\u00e3o com produtos leves para garantir movimento e naturalidade. Voc\u00ea j\u00e1 pensou [&hellip;]<\/p>\n","protected":false},"author":9,"featured_media":135756,"comment_status":"open","ping_status":"open","sticky":false,"template":"","format":"standard","meta":{"jnews-multi-image_gallery":[],"jnews_single_post":{"format":"standard"},"jnews_primary_category":[],"jnews_social_meta":[],"jnews_override_counter":[],"footnotes":""},"categories":[8691,8819,1],"tags":[712,4905,21255],"class_list":["post-147424","post","type-post","status-publish","format-standard","has-post-thumbnail","hentry","category-bem-estar","category-curiosidades","category-noticias","tag-autocuidado","tag-cabelo","tag-pixie"],"yoast_head":"<!-- This site is optimized with the Yoast SEO plugin v23.8 - https:\/\/yoast.com\/wordpress\/plugins\/seo\/ -->\n<title>Quer cortar o cabelo? Veja as tend\u00eancias de mixie e bixie para 2026 - Estado de Minas - Em foco<\/title>\n<meta name=\"description\" content=\"Quer mudar o visual? Conhe\u00e7a o Mixie e o Bixie, tend\u00eancias de 2025 que substituem o Pixie, saiba escolher o ideal para seu rosto e aprenda a finalizar os fios curtos.\" \/>\n<meta name=\"robots\" content=\"index, follow, max-snippet:-1, max-image-preview:large, max-video-preview:-1\" \/>\n<link rel=\"canonical\" href=\"https:\/\/www.em.com.br\/emfoco\/2025\/12\/30\/quer-cortar-o-cabelo-veja-as-tendencias-de-mixie-e-bixie-para-2026\/\" \/>\n<meta property=\"og:locale\" content=\"pt_BR\" \/>\n<meta property=\"og:type\" content=\"article\" \/>\n<meta property=\"og:title\" content=\"Quer cortar o cabelo? Veja as tend\u00eancias de mixie e bixie para 2026 - Estado de Minas - Em foco\" \/>\n<meta property=\"og:description\" content=\"Quer mudar o visual? Conhe\u00e7a o Mixie e o Bixie, tend\u00eancias de 2025 que substituem o Pixie, saiba escolher o ideal para seu rosto e aprenda a finalizar os fios curtos.\" \/>\n<meta property=\"og:url\" content=\"https:\/\/www.em.com.br\/emfoco\/2025\/12\/30\/quer-cortar-o-cabelo-veja-as-tendencias-de-mixie-e-bixie-para-2026\/\" \/>\n<meta property=\"og:site_name\" content=\"Estado de Minas - Em foco\" \/>\n<meta property=\"article:published_time\" content=\"2025-12-30T19:35:30+00:00\" \/>\n<meta property=\"article:modified_time\" content=\"2025-12-29T17:35:39+00:00\" \/>\n<meta property=\"og:image\" content=\"https:\/\/www.em.com.br\/emfoco\/wp-content\/uploads\/2025\/12\/Gemini_Generated_Image_zgdrolzgdrolzgdr-2.png\" \/>\n\t<meta property=\"og:image:width\" content=\"1280\" \/>\n\t<meta property=\"og:image:height\" content=\"720\" \/>\n\t<meta property=\"og:image:type\" content=\"image\/png\" \/>\n<meta name=\"author\" content=\"Daniely Cardoso\" \/>\n<meta name=\"twitter:card\" content=\"summary_large_image\" \/>\n<meta name=\"twitter:label1\" content=\"Escrito por\" \/>\n\t<meta name=\"twitter:data1\" content=\"Daniely Cardoso\" \/>\n\t<meta name=\"twitter:label2\" content=\"Est. tempo de leitura\" \/>\n\t<meta name=\"twitter:data2\" content=\"5 minutos\" \/>\n<!-- \/ Yoast SEO plugin. -->","yoast_head_json":{"title":"Quer cortar o cabelo? Veja as tend\u00eancias de mixie e bixie para 2026 - Estado de Minas - Em foco","description":"Quer mudar o visual? Conhe\u00e7a o Mixie e o Bixie, tend\u00eancias de 2025 que substituem o Pixie, saiba escolher o ideal para seu rosto e aprenda a finalizar os fios curtos.","robots":{"index":"index","follow":"follow","max-snippet":"max-snippet:-1","max-image-preview":"max-image-preview:large","max-video-preview":"max-video-preview:-1"},"canonical":"https:\/\/www.em.com.br\/emfoco\/2025\/12\/30\/quer-cortar-o-cabelo-veja-as-tendencias-de-mixie-e-bixie-para-2026\/","og_locale":"pt_BR","og_type":"article","og_title":"Quer cortar o cabelo? Veja as tend\u00eancias de mixie e bixie para 2026 - Estado de Minas - Em foco","og_description":"Quer mudar o visual? Conhe\u00e7a o Mixie e o Bixie, tend\u00eancias de 2025 que substituem o Pixie, saiba escolher o ideal para seu rosto e aprenda a finalizar os fios curtos.","og_url":"https:\/\/www.em.com.br\/emfoco\/2025\/12\/30\/quer-cortar-o-cabelo-veja-as-tendencias-de-mixie-e-bixie-para-2026\/","og_site_name":"Estado de Minas - Em foco","article_published_time":"2025-12-30T19:35:30+00:00","article_modified_time":"2025-12-29T17:35:39+00:00","og_image":[{"width":1280,"height":720,"url":"https:\/\/www.em.com.br\/emfoco\/wp-content\/uploads\/2025\/12\/Gemini_Generated_Image_zgdrolzgdrolzgdr-2.png","type":"image\/png"}],"author":"Daniely Cardoso","twitter_card":"summary_large_image","twitter_misc":{"Escrito por":"Daniely Cardoso","Est. tempo de leitura":"5 minutos"},"schema":{"@context":"https:\/\/schema.org","@graph":[{"@type":"WebPage","@id":"https:\/\/www.em.com.br\/emfoco\/2025\/12\/30\/quer-cortar-o-cabelo-veja-as-tendencias-de-mixie-e-bixie-para-2026\/","url":"https:\/\/www.em.com.br\/emfoco\/2025\/12\/30\/quer-cortar-o-cabelo-veja-as-tendencias-de-mixie-e-bixie-para-2026\/","name":"Quer cortar o cabelo? Veja as tend\u00eancias de mixie e bixie para 2026 - Estado de Minas - Em foco","isPartOf":{"@id":"https:\/\/www.em.com.br\/emfoco\/#website"},"primaryImageOfPage":{"@id":"https:\/\/www.em.com.br\/emfoco\/2025\/12\/30\/quer-cortar-o-cabelo-veja-as-tendencias-de-mixie-e-bixie-para-2026\/#primaryimage"},"image":{"@id":"https:\/\/www.em.com.br\/emfoco\/2025\/12\/30\/quer-cortar-o-cabelo-veja-as-tendencias-de-mixie-e-bixie-para-2026\/#primaryimage"},"thumbnailUrl":"https:\/\/www.em.com.br\/emfoco\/wp-content\/uploads\/2025\/12\/Gemini_Generated_Image_zgdrolzgdrolzgdr-2.png","datePublished":"2025-12-30T19:35:30+00:00","dateModified":"2025-12-29T17:35:39+00:00","author":{"@id":"https:\/\/www.em.com.br\/emfoco\/#\/schema\/person\/0a8186d72f2c3a5c6276d90b41f271a0"},"description":"Quer mudar o visual? Conhe\u00e7a o Mixie e o Bixie, tend\u00eancias de 2025 que substituem o Pixie, saiba escolher o ideal para seu rosto e aprenda a finalizar os fios curtos.","breadcrumb":{"@id":"https:\/\/www.em.com.br\/emfoco\/2025\/12\/30\/quer-cortar-o-cabelo-veja-as-tendencias-de-mixie-e-bixie-para-2026\/#breadcrumb"},"inLanguage":"pt-BR","potentialAction":[{"@type":"ReadAction","target":["https:\/\/www.em.com.br\/emfoco\/2025\/12\/30\/quer-cortar-o-cabelo-veja-as-tendencias-de-mixie-e-bixie-para-2026\/"]}]},{"@type":"ImageObject","inLanguage":"pt-BR","@id":"https:\/\/www.em.com.br\/emfoco\/2025\/12\/30\/quer-cortar-o-cabelo-veja-as-tendencias-de-mixie-e-bixie-para-2026\/#primaryimage","url":"https:\/\/www.em.com.br\/emfoco\/wp-content\/uploads\/2025\/12\/Gemini_Generated_Image_zgdrolzgdrolzgdr-2.png","contentUrl":"https:\/\/www.em.com.br\/emfoco\/wp-content\/uploads\/2025\/12\/Gemini_Generated_Image_zgdrolzgdrolzgdr-2.png","width":1280,"height":720,"caption":"Por tr\u00e1s de um cabelo pesado nas pontas, com buracos na parte da frente ou cheios de degrauzinhos"},{"@type":"BreadcrumbList","@id":"https:\/\/www.em.com.br\/emfoco\/2025\/12\/30\/quer-cortar-o-cabelo-veja-as-tendencias-de-mixie-e-bixie-para-2026\/#breadcrumb","itemListElement":[{"@type":"ListItem","position":1,"name":"In\u00edcio","item":"https:\/\/www.em.com.br\/emfoco\/"},{"@type":"ListItem","position":2,"name":"Quer cortar o cabelo? Veja as tend\u00eancias de mixie e bixie para 2026"}]},{"@type":"WebSite","@id":"https:\/\/www.em.com.br\/emfoco\/#website","url":"https:\/\/www.em.com.br\/emfoco\/","name":"Estado de Minas - Em foco","description":"Acompanhe as \u00faltimas not\u00edcias e fique bem informado sobre tudo o que acontece em Minas Gerais, Brasil e no mundo.","potentialAction":[{"@type":"SearchAction","target":{"@type":"EntryPoint","urlTemplate":"https:\/\/www.em.com.br\/emfoco\/?s={search_term_string}"},"query-input":{"@type":"PropertyValueSpecification","valueRequired":true,"valueName":"search_term_string"}}],"inLanguage":"pt-BR"},{"@type":"Person","@id":"https:\/\/www.em.com.br\/emfoco\/#\/schema\/person\/0a8186d72f2c3a5c6276d90b41f271a0","name":"Daniely Cardoso","image":{"@type":"ImageObject","inLanguage":"pt-BR","@id":"https:\/\/www.em.com.br\/emfoco\/#\/schema\/person\/image\/","url":"https:\/\/secure.gravatar.com\/avatar\/4b80ddbd124d1f071b626d52d62e5dff?s=96&d=mm&r=g","contentUrl":"https:\/\/secure.gravatar.com\/avatar\/4b80ddbd124d1f071b626d52d62e5dff?s=96&d=mm&r=g","caption":"Daniely Cardoso"},"url":"https:\/\/www.em.com.br\/emfoco\/author\/danielymyth\/"}]}},"_links":{"self":[{"href":"https:\/\/www.em.com.br\/emfoco\/wp-json\/wp\/v2\/posts\/147424","targetHints":{"allow":["GET"]}}],"collection":[{"href":"https:\/\/www.em.com.br\/emfoco\/wp-json\/wp\/v2\/posts"}],"about":[{"href":"https:\/\/www.em.com.br\/emfoco\/wp-json\/wp\/v2\/types\/post"}],"author":[{"embeddable":true,"href":"https:\/\/www.em.com.br\/emfoco\/wp-json\/wp\/v2\/users\/9"}],"replies":[{"embeddable":true,"href":"https:\/\/www.em.com.br\/emfoco\/wp-json\/wp\/v2\/comments?post=147424"}],"version-history":[{"count":3,"href":"https:\/\/www.em.com.br\/emfoco\/wp-json\/wp\/v2\/posts\/147424\/revisions"}],"predecessor-version":[{"id":147719,"href":"https:\/\/www.em.com.br\/emfoco\/wp-json\/wp\/v2\/posts\/147424\/revisions\/147719"}],"wp:featuredmedia":[{"embeddable":true,"href":"https:\/\/www.em.com.br\/emfoco\/wp-json\/wp\/v2\/media\/135756"}],"wp:attachment":[{"href":"https:\/\/www.em.com.br\/emfoco\/wp-json\/wp\/v2\/media?parent=147424"}],"wp:term":[{"taxonomy":"category","embeddable":true,"href":"https:\/\/www.em.com.br\/emfoco\/wp-json\/wp\/v2\/categories?post=147424"},{"taxonomy":"post_tag","embeddable":true,"href":"https:\/\/www.em.com.br\/emfoco\/wp-json\/wp\/v2\/tags?post=147424"}],"curies":[{"name":"wp","href":"https:\/\/api.w.org\/{rel}","templated":true}]}}