{"id":147422,"date":"2025-12-30T15:25:21","date_gmt":"2025-12-30T18:25:21","guid":{"rendered":"https:\/\/www.em.com.br\/emfoco\/?p=147422"},"modified":"2025-12-29T14:27:23","modified_gmt":"2025-12-29T17:27:23","slug":"como-usar-oleo-de-semente-de-uva-para-hidratar-e-deixar-a-pele-macia-todos-os-dias","status":"publish","type":"post","link":"https:\/\/www.em.com.br\/emfoco\/2025\/12\/30\/como-usar-oleo-de-semente-de-uva-para-hidratar-e-deixar-a-pele-macia-todos-os-dias\/","title":{"rendered":"Como usar \u00f3leo de semente de uva para hidratar e deixar a pele macia todos os dias"},"content":{"rendered":"\n<h2 class=\"wp-block-heading\">O \u00f3leo de semente de uva oferece hidrata\u00e7\u00e3o leve e r\u00e1pida absor\u00e7\u00e3o, ideal para todos os tipos de pele. Rico em antioxidantes, pode ser usado puro ap\u00f3s o banho ou misturado a cremes para potencializar a maciez. \u00c9 eficaz em \u00e1reas ressecadas como cotovelos e p\u00e9s, garantindo conforto sem deixar a pele pegajosa.<\/h2>\n\n\n\n<p><b>Voc\u00ea j\u00e1 saiu do banho com a pele puxando<\/b>, passou um hidratante grosso e, mesmo assim, sentiu que nada deu certo? \u00c9 justamente nesse cen\u00e1rio que o <b>\u00f3leo de semente de uva<\/b> vem ganhando espa\u00e7o no cuidado corporal di\u00e1rio, principalmente entre quem busca algo mais leve, pr\u00e1tico e gentil com a pele. Extra\u00eddo das sementes da <b>uva<\/b>, ele \u00e9 conhecido por ter toque suave, boa absor\u00e7\u00e3o e se adaptar bem a diferentes tipos de pele, inclusive as mais sens\u00edveis, seja usado puro ou misturado a cremes e lo\u00e7\u00f5es.<\/p>\n\n\n\n<h2 class=\"wp-block-heading\">Como o \u00f3leo de semente de uva hidrata o corpo diariamente<\/h2>\n\n\n\n<p>A <b>hidrata\u00e7\u00e3o<\/b> \u00e9 um dos principais motivos para o uso do <b>\u00f3leo de semente de uva<\/b> no corpo. Por ser um \u00f3leo mais leve, ele se espalha com facilidade e forma uma camada fina sobre a pele, ajudando a reduzir a sensa\u00e7\u00e3o de ressecamento e aquela apar\u00eancia esbranqui\u00e7ada em pernas e bra\u00e7os, sem deixar o toque excessivamente oleoso.<\/p>\n\n\n\n<p>Muita gente prefere aplic\u00e1-lo ap\u00f3s o banho, com a pele ainda <b>levemente \u00famida<\/b>, para ajudar a reter a \u00e1gua. Em peles normais a secas, o uso di\u00e1rio \u00e9 comum, enquanto peles <b>oleosas<\/b> costumam receber o produto apenas nas \u00e1reas mais ressecadas, como pernas, m\u00e3os e p\u00e9s, evitando exageros e observando a rea\u00e7\u00e3o da pele ao longo dos dias.<\/p>\n\n\n\n<figure class=\"wp-block-embed is-type-rich is-provider-pinterest wp-block-embed-pinterest\"><div class=\"wp-block-embed__wrapper\">\n<iframe loading=\"lazy\" title=\"iKer Hair Cosmetic \u00d3leo de Semente de Uva Extra Virgem - 200 ml | Shopee Brasil\" src=\"https:\/\/assets.pinterest.com\/ext\/embed.html?id=643803709271398592&#038;src=oembed\" height=\"899\" width=\"450\" frameborder=\"0\" scrolling=\"no\" ><\/iframe>\n<\/div><\/figure>\n\n\n\n<p>Leia tamb\u00e9m:&nbsp;<a href=\"https:\/\/www.em.com.br\/emfoco\/2025\/12\/28\/agua-micelar-ou-oleo-aprenda-a-remover-a-maquiagem-do-jeito-certo-antes-de-dormir\/\" target=\"_blank\" rel=\"noopener\">\u00c1gua micelar ou \u00f3leo? Aprenda a remover a maquiagem do jeito certo antes de dormir<\/a><\/p>\n\n\n\n<h2 class=\"wp-block-heading\">Como combinar o \u00f3leo de semente de uva com cremes e lo\u00e7\u00f5es<\/h2>\n\n\n\n<p>O \u00f3leo de semente de uva tamb\u00e9m pode ser usado como um <b>\u201crefor\u00e7o\u201d do hidratante<\/b> que voc\u00ea j\u00e1 tem em casa. Essa mistura costuma ser interessante para quem sente que o creme sozinho n\u00e3o d\u00e1 conta, mas n\u00e3o gosta da sensa\u00e7\u00e3o de um produto muito pesado sobre a pele, criando um equil\u00edbrio entre <b>nutri\u00e7\u00e3o<\/b> e leveza.<\/p>\n\n\n\n<p>Uma estrat\u00e9gia frequente \u00e9 criar combina\u00e7\u00f5es simples com uma <b>lo\u00e7\u00e3o hidratante neutra<\/b>, ajustando a quantidade de \u00f3leo conforme a necessidade do dia. Nesse caso, o uso pode ser feito de tr\u00eas formas principais, sempre respeitando a resposta da <b>pele<\/b> e evitando misturar quantidades muito grandes de uma vez.<\/p>\n\n\n\n<ul class=\"wp-block-list\">\n<li><b>Aplica\u00e7\u00e3o do \u00f3leo puro<\/b>, diretamente sobre a pele limpa;<\/li>\n\n\n\n<li><b>Mistura de algumas gotas<\/b> na quantidade de creme usada no momento;<\/li>\n\n\n\n<li>Prepara\u00e7\u00e3o pr\u00e9via de um <b>\u201chidratante corporal oleoso\u201d<\/b>, guardado em frasco pr\u00f3prio.<\/li>\n<\/ul>\n\n\n\n<figure class=\"wp-block-embed is-type-rich is-provider-pinterest wp-block-embed-pinterest\"><div class=\"wp-block-embed__wrapper\">\n<iframe loading=\"lazy\" title=\"\u00d3leo Vegetal de Semente de Uva - 100ml - Melhor Pre\u00e7o\" src=\"https:\/\/assets.pinterest.com\/ext\/embed.html?id=750482725404724840&#038;src=oembed\" height=\"775\" width=\"450\" frameborder=\"0\" scrolling=\"no\" ><\/iframe>\n<\/div><\/figure>\n\n\n\n<h2 class=\"wp-block-heading\">Quais s\u00e3o os principais benef\u00edcios do \u00f3leo de semente de uva no corpo<\/h2>\n\n\n\n<p>Um dos motivos do interesse pelo \u00f3leo de semente de uva \u00e9 a presen\u00e7a de <b>\u00e1cidos graxos<\/b>, que ajudam na sensa\u00e7\u00e3o de maciez e suavidade ao toque. Ele tamb\u00e9m \u00e9 conhecido por conter <b>compostos antioxidantes<\/b>, frequentemente associados \u00e0 prote\u00e7\u00e3o da pele contra danos do dia a dia, como polui\u00e7\u00e3o e radia\u00e7\u00e3o solar indireta, embora n\u00e3o substitua o uso de protetor solar.<\/p>\n\n\n\n<p>No uso cotidiano, muitas pessoas recorrem ao \u00f3leo para suavizar <b>\u00e1reas \u00e1speras<\/b> e diferen\u00e7as de textura, como em estrias j\u00e1 formadas, buscando um aspecto mais uniforme. Embora n\u00e3o haja consenso cient\u00edfico sobre <b>redu\u00e7\u00e3o de estrias<\/b>, manter a pele bem hidratada tende a melhorar sua apar\u00eancia geral, o que explica a popularidade do produto entre diferentes faixas et\u00e1rias.<\/p>\n\n\n\n<h2 class=\"wp-block-heading\">Como usar o \u00f3leo de semente de uva no cuidado corporal di\u00e1rio<\/h2>\n\n\n\n<p>O <b>\u00f3leo de semente de uva para o corpo<\/b> costuma seguir alguns passos simples de uso, o que o torna pr\u00e1tico mesmo em rotinas corridas. Como tem <b>textura fluida<\/b>, poucas gotas j\u00e1 cobrem uma \u00e1rea grande, evitando desperd\u00edcios e aquela sensa\u00e7\u00e3o escorregadia excessiva que muitas pessoas querem evitar.<\/p>\n\n\n\n<ol class=\"wp-block-list\">\n<li><b>Ap\u00f3s o banho:<\/b> com a pele ainda \u00famida, aplicar o \u00f3leo em movimentos circulares, principalmente nas regi\u00f5es mais ressecadas;<\/li>\n\n\n\n<li><b>Em massagens corporais:<\/b> utilizar o \u00f3leo puro ou combinado a \u00f3leos essenciais adequados para uso t\u00f3pico, seguindo orienta\u00e7\u00f5es de dilui\u00e7\u00e3o;<\/li>\n\n\n\n<li><b>Em \u00e1reas espec\u00edficas:<\/b> concentrar o uso em joelhos, cotovelos, calcanhares e m\u00e3os, sempre que houver sensa\u00e7\u00e3o de aspereza;<\/li>\n\n\n\n<li><b>Misturado a cremes:<\/b> adicionar algumas gotas ao hidratante comum para potencializar a sensa\u00e7\u00e3o de maciez;<\/li>\n\n\n\n<li><b>Em cuidados noturnos:<\/b> aplicar uma camada um pouco mais generosa em regi\u00f5es que tendem a ressecar durante a noite.<\/li>\n<\/ol>\n\n\n\n<p>Para voc\u00ea que gosta de se cuidar, separamos um v\u00eddeo do canal do <a href=\"https:\/\/www.youtube.com\/@dralexandrelima\" target=\"_blank\" rel=\"noreferrer noopener\">Dr Alexandre Lima<\/a> com dicas para usar o \u00f3leo de uva e benef\u00edcios:<\/p>\n\n\n\n<figure class=\"wp-block-embed is-type-video is-provider-youtube wp-block-embed-youtube wp-embed-aspect-16-9 wp-has-aspect-ratio\"><div class=\"wp-block-embed__wrapper\">\n<div class=\"jeg_video_container jeg_video_content\"><iframe loading=\"lazy\" title=\"\u00d3leo de semente de uva: o segredo para uma pele hidratada e cabelos fortes\" width=\"500\" height=\"281\" src=\"https:\/\/www.youtube.com\/embed\/2hdp9Ljsm2M?start=4&#038;feature=oembed\" frameborder=\"0\" allow=\"accelerometer; autoplay; clipboard-write; encrypted-media; gyroscope; picture-in-picture; web-share\" referrerpolicy=\"strict-origin-when-cross-origin\" allowfullscreen><\/iframe><\/div>\n<\/div><\/figure>\n\n\n\n<h2 class=\"wp-block-heading\">Quais cuidados e combina\u00e7\u00f5es favorecem o uso do \u00f3leo de semente de uva<\/h2>\n\n\n\n<p>Ao incluir o \u00f3leo de semente de uva na rotina, vale observar alguns <b>cuidados b\u00e1sicos<\/b> para que a experi\u00eancia seja mais segura e agrad\u00e1vel. Escolher produtos de boa proced\u00eancia, com r\u00f3tulo claro, prensados a frio e sem <b>fragr\u00e2ncias artificiais<\/b> costuma ser prioridade para quem busca f\u00f3rmulas mais simples e com menos risco de irrita\u00e7\u00e3o.<\/p>\n\n\n\n<p>Ele pode ser combinado com <b>sabonetes suaves<\/b> e esfoliantes corporais leves, criando uma rotina pr\u00e1tica: primeiro a limpeza, depois uma esfolia\u00e7\u00e3o de uma a duas vezes por semana e, em seguida, a aplica\u00e7\u00e3o do \u00f3leo. Em peles <b>sens\u00edveis<\/b> ou muito oleosas, \u00e9 importante testar antes em uma pequena \u00e1rea e, em caso de irrita\u00e7\u00e3o, suspender o uso e buscar orienta\u00e7\u00e3o profissional.<\/p>\n","protected":false},"excerpt":{"rendered":"<p>O \u00f3leo de semente de uva oferece hidrata\u00e7\u00e3o leve e r\u00e1pida absor\u00e7\u00e3o, ideal para todos os tipos de pele. Rico em antioxidantes, pode ser usado puro ap\u00f3s o banho ou misturado a cremes para potencializar a maciez. \u00c9 eficaz em \u00e1reas ressecadas como cotovelos e p\u00e9s, garantindo conforto sem deixar a pele pegajosa. Voc\u00ea j\u00e1 [&hellip;]<\/p>\n","protected":false},"author":9,"featured_media":123068,"comment_status":"open","ping_status":"open","sticky":false,"template":"","format":"standard","meta":{"jnews-multi-image_gallery":[],"jnews_single_post":{"format":"standard"},"jnews_primary_category":[],"jnews_social_meta":[],"jnews_override_counter":[],"footnotes":""},"categories":[8691,8819,1],"tags":[712,5612,18392],"class_list":["post-147422","post","type-post","status-publish","format-standard","has-post-thumbnail","hentry","category-bem-estar","category-curiosidades","category-noticias","tag-autocuidado","tag-oleo","tag-semente-de-uva"],"yoast_head":"<!-- This site is optimized with the Yoast SEO plugin v23.8 - https:\/\/yoast.com\/wordpress\/plugins\/seo\/ -->\n<title>Como usar \u00f3leo de semente de uva para hidratar e deixar a pele macia todos os dias - Estado de Minas - Em foco<\/title>\n<meta name=\"description\" content=\"\u00d3leo de semente de uva hidrata, suaviza e protege a pele com toque leve, ideal para uso di\u00e1rio puro ou misturado a cremes.\" \/>\n<meta name=\"robots\" content=\"index, follow, max-snippet:-1, max-image-preview:large, max-video-preview:-1\" \/>\n<link rel=\"canonical\" href=\"https:\/\/www.em.com.br\/emfoco\/2025\/12\/30\/como-usar-oleo-de-semente-de-uva-para-hidratar-e-deixar-a-pele-macia-todos-os-dias\/\" \/>\n<meta property=\"og:locale\" content=\"pt_BR\" \/>\n<meta property=\"og:type\" content=\"article\" \/>\n<meta property=\"og:title\" content=\"Como usar \u00f3leo de semente de uva para hidratar e deixar a pele macia todos os dias - Estado de Minas - Em foco\" \/>\n<meta property=\"og:description\" content=\"\u00d3leo de semente de uva hidrata, suaviza e protege a pele com toque leve, ideal para uso di\u00e1rio puro ou misturado a cremes.\" \/>\n<meta property=\"og:url\" content=\"https:\/\/www.em.com.br\/emfoco\/2025\/12\/30\/como-usar-oleo-de-semente-de-uva-para-hidratar-e-deixar-a-pele-macia-todos-os-dias\/\" \/>\n<meta property=\"og:site_name\" content=\"Estado de Minas - Em foco\" \/>\n<meta property=\"article:published_time\" content=\"2025-12-30T18:25:21+00:00\" \/>\n<meta property=\"article:modified_time\" content=\"2025-12-29T17:27:23+00:00\" \/>\n<meta property=\"og:image\" content=\"https:\/\/www.em.com.br\/emfoco\/wp-content\/uploads\/2025\/11\/semente-de-uva_1762225141553.jpg\" \/>\n\t<meta property=\"og:image:width\" content=\"1280\" \/>\n\t<meta property=\"og:image:height\" content=\"720\" \/>\n\t<meta property=\"og:image:type\" content=\"image\/jpeg\" \/>\n<meta name=\"author\" content=\"Daniely Cardoso\" \/>\n<meta name=\"twitter:card\" content=\"summary_large_image\" \/>\n<meta name=\"twitter:label1\" content=\"Escrito por\" \/>\n\t<meta name=\"twitter:data1\" content=\"Daniely Cardoso\" \/>\n\t<meta name=\"twitter:label2\" content=\"Est. tempo de leitura\" \/>\n\t<meta name=\"twitter:data2\" content=\"6 minutos\" \/>\n<!-- \/ Yoast SEO plugin. -->","yoast_head_json":{"title":"Como usar \u00f3leo de semente de uva para hidratar e deixar a pele macia todos os dias - Estado de Minas - Em foco","description":"\u00d3leo de semente de uva hidrata, suaviza e protege a pele com toque leve, ideal para uso di\u00e1rio puro ou misturado a cremes.","robots":{"index":"index","follow":"follow","max-snippet":"max-snippet:-1","max-image-preview":"max-image-preview:large","max-video-preview":"max-video-preview:-1"},"canonical":"https:\/\/www.em.com.br\/emfoco\/2025\/12\/30\/como-usar-oleo-de-semente-de-uva-para-hidratar-e-deixar-a-pele-macia-todos-os-dias\/","og_locale":"pt_BR","og_type":"article","og_title":"Como usar \u00f3leo de semente de uva para hidratar e deixar a pele macia todos os dias - Estado de Minas - Em foco","og_description":"\u00d3leo de semente de uva hidrata, suaviza e protege a pele com toque leve, ideal para uso di\u00e1rio puro ou misturado a cremes.","og_url":"https:\/\/www.em.com.br\/emfoco\/2025\/12\/30\/como-usar-oleo-de-semente-de-uva-para-hidratar-e-deixar-a-pele-macia-todos-os-dias\/","og_site_name":"Estado de Minas - Em foco","article_published_time":"2025-12-30T18:25:21+00:00","article_modified_time":"2025-12-29T17:27:23+00:00","og_image":[{"width":1280,"height":720,"url":"https:\/\/www.em.com.br\/emfoco\/wp-content\/uploads\/2025\/11\/semente-de-uva_1762225141553.jpg","type":"image\/jpeg"}],"author":"Daniely Cardoso","twitter_card":"summary_large_image","twitter_misc":{"Escrito por":"Daniely Cardoso","Est. tempo de leitura":"6 minutos"},"schema":{"@context":"https:\/\/schema.org","@graph":[{"@type":"WebPage","@id":"https:\/\/www.em.com.br\/emfoco\/2025\/12\/30\/como-usar-oleo-de-semente-de-uva-para-hidratar-e-deixar-a-pele-macia-todos-os-dias\/","url":"https:\/\/www.em.com.br\/emfoco\/2025\/12\/30\/como-usar-oleo-de-semente-de-uva-para-hidratar-e-deixar-a-pele-macia-todos-os-dias\/","name":"Como usar \u00f3leo de semente de uva para hidratar e deixar a pele macia todos os dias - Estado de Minas - Em foco","isPartOf":{"@id":"https:\/\/www.em.com.br\/emfoco\/#website"},"primaryImageOfPage":{"@id":"https:\/\/www.em.com.br\/emfoco\/2025\/12\/30\/como-usar-oleo-de-semente-de-uva-para-hidratar-e-deixar-a-pele-macia-todos-os-dias\/#primaryimage"},"image":{"@id":"https:\/\/www.em.com.br\/emfoco\/2025\/12\/30\/como-usar-oleo-de-semente-de-uva-para-hidratar-e-deixar-a-pele-macia-todos-os-dias\/#primaryimage"},"thumbnailUrl":"https:\/\/www.em.com.br\/emfoco\/wp-content\/uploads\/2025\/11\/semente-de-uva_1762225141553.jpg","datePublished":"2025-12-30T18:25:21+00:00","dateModified":"2025-12-29T17:27:23+00:00","author":{"@id":"https:\/\/www.em.com.br\/emfoco\/#\/schema\/person\/0a8186d72f2c3a5c6276d90b41f271a0"},"description":"\u00d3leo de semente de uva hidrata, suaviza e protege a pele com toque leve, ideal para uso di\u00e1rio puro ou misturado a cremes.","breadcrumb":{"@id":"https:\/\/www.em.com.br\/emfoco\/2025\/12\/30\/como-usar-oleo-de-semente-de-uva-para-hidratar-e-deixar-a-pele-macia-todos-os-dias\/#breadcrumb"},"inLanguage":"pt-BR","potentialAction":[{"@type":"ReadAction","target":["https:\/\/www.em.com.br\/emfoco\/2025\/12\/30\/como-usar-oleo-de-semente-de-uva-para-hidratar-e-deixar-a-pele-macia-todos-os-dias\/"]}]},{"@type":"ImageObject","inLanguage":"pt-BR","@id":"https:\/\/www.em.com.br\/emfoco\/2025\/12\/30\/como-usar-oleo-de-semente-de-uva-para-hidratar-e-deixar-a-pele-macia-todos-os-dias\/#primaryimage","url":"https:\/\/www.em.com.br\/emfoco\/wp-content\/uploads\/2025\/11\/semente-de-uva_1762225141553.jpg","contentUrl":"https:\/\/www.em.com.br\/emfoco\/wp-content\/uploads\/2025\/11\/semente-de-uva_1762225141553.jpg","width":1280,"height":720,"caption":"O \u00f3leo de semente de uva pode ser usado na pele e cabelo - Cr\u00e9ditos: depositphotos.com \/ Oksana6299956"},{"@type":"BreadcrumbList","@id":"https:\/\/www.em.com.br\/emfoco\/2025\/12\/30\/como-usar-oleo-de-semente-de-uva-para-hidratar-e-deixar-a-pele-macia-todos-os-dias\/#breadcrumb","itemListElement":[{"@type":"ListItem","position":1,"name":"In\u00edcio","item":"https:\/\/www.em.com.br\/emfoco\/"},{"@type":"ListItem","position":2,"name":"Como usar \u00f3leo de semente de uva para hidratar e deixar a pele macia todos os dias"}]},{"@type":"WebSite","@id":"https:\/\/www.em.com.br\/emfoco\/#website","url":"https:\/\/www.em.com.br\/emfoco\/","name":"Estado de Minas - Em foco","description":"Acompanhe as \u00faltimas not\u00edcias e fique bem informado sobre tudo o que acontece em Minas Gerais, Brasil e no mundo.","potentialAction":[{"@type":"SearchAction","target":{"@type":"EntryPoint","urlTemplate":"https:\/\/www.em.com.br\/emfoco\/?s={search_term_string}"},"query-input":{"@type":"PropertyValueSpecification","valueRequired":true,"valueName":"search_term_string"}}],"inLanguage":"pt-BR"},{"@type":"Person","@id":"https:\/\/www.em.com.br\/emfoco\/#\/schema\/person\/0a8186d72f2c3a5c6276d90b41f271a0","name":"Daniely Cardoso","image":{"@type":"ImageObject","inLanguage":"pt-BR","@id":"https:\/\/www.em.com.br\/emfoco\/#\/schema\/person\/image\/","url":"https:\/\/secure.gravatar.com\/avatar\/4b80ddbd124d1f071b626d52d62e5dff?s=96&d=mm&r=g","contentUrl":"https:\/\/secure.gravatar.com\/avatar\/4b80ddbd124d1f071b626d52d62e5dff?s=96&d=mm&r=g","caption":"Daniely Cardoso"},"url":"https:\/\/www.em.com.br\/emfoco\/author\/danielymyth\/"}]}},"_links":{"self":[{"href":"https:\/\/www.em.com.br\/emfoco\/wp-json\/wp\/v2\/posts\/147422","targetHints":{"allow":["GET"]}}],"collection":[{"href":"https:\/\/www.em.com.br\/emfoco\/wp-json\/wp\/v2\/posts"}],"about":[{"href":"https:\/\/www.em.com.br\/emfoco\/wp-json\/wp\/v2\/types\/post"}],"author":[{"embeddable":true,"href":"https:\/\/www.em.com.br\/emfoco\/wp-json\/wp\/v2\/users\/9"}],"replies":[{"embeddable":true,"href":"https:\/\/www.em.com.br\/emfoco\/wp-json\/wp\/v2\/comments?post=147422"}],"version-history":[{"count":3,"href":"https:\/\/www.em.com.br\/emfoco\/wp-json\/wp\/v2\/posts\/147422\/revisions"}],"predecessor-version":[{"id":147693,"href":"https:\/\/www.em.com.br\/emfoco\/wp-json\/wp\/v2\/posts\/147422\/revisions\/147693"}],"wp:featuredmedia":[{"embeddable":true,"href":"https:\/\/www.em.com.br\/emfoco\/wp-json\/wp\/v2\/media\/123068"}],"wp:attachment":[{"href":"https:\/\/www.em.com.br\/emfoco\/wp-json\/wp\/v2\/media?parent=147422"}],"wp:term":[{"taxonomy":"category","embeddable":true,"href":"https:\/\/www.em.com.br\/emfoco\/wp-json\/wp\/v2\/categories?post=147422"},{"taxonomy":"post_tag","embeddable":true,"href":"https:\/\/www.em.com.br\/emfoco\/wp-json\/wp\/v2\/tags?post=147422"}],"curies":[{"name":"wp","href":"https:\/\/api.w.org\/{rel}","templated":true}]}}