{"id":147411,"date":"2025-12-30T14:25:21","date_gmt":"2025-12-30T17:25:21","guid":{"rendered":"https:\/\/www.em.com.br\/emfoco\/?p=147411"},"modified":"2025-12-29T14:22:57","modified_gmt":"2025-12-29T17:22:57","slug":"saiba-quais-cores-de-roupas-vao-dominar-o-estilo-elegante-e-moderno-em-2026","status":"publish","type":"post","link":"https:\/\/www.em.com.br\/emfoco\/2025\/12\/30\/saiba-quais-cores-de-roupas-vao-dominar-o-estilo-elegante-e-moderno-em-2026\/","title":{"rendered":"Saiba quais cores de roupas v\u00e3o dominar o estilo elegante e moderno em 2026"},"content":{"rendered":"\n<h2 class=\"wp-block-heading\">A moda de 2026 aposta na eleg\u00e2ncia vers\u00e1til, unindo neutros sofisticados (off-white, marrom chocolate, cinza) a tons profundos (azul petr\u00f3leo, vinho, verde musgo). A tend\u00eancia valoriza o guarda-roupa inteligente, looks monocrom\u00e1ticos e combina\u00e7\u00f5es de alfaiataria com tecidos nobres para um visual equilibrado.<\/h2>\n\n\n\n<p>Imagine abrir o guarda-roupa em 2026 e ver poucas pe\u00e7as, mas todas combinando entre si, f\u00e1ceis de usar do trabalho a um jantar especial. \u00c9 exatamente essa a proposta das <b>cores em alta<\/b>: uma paleta <b>elegante<\/b>, vers\u00e1til e pr\u00e1tica, que mistura neutros cl\u00e1ssicos com tons mais intensos, sem exageros e com muito equil\u00edbrio.<\/p>\n\n\n\n<h2 class=\"wp-block-heading\">Quais ser\u00e3o as cores de roupas mais elegantes em 2026<\/h2>\n\n\n\n<p>A principal tend\u00eancia para 2026 \u00e9 a uni\u00e3o entre <b>cores neutras sofisticadas<\/b> e alguns toques de <b>cor intensa<\/b>. Em vez de apostar s\u00f3 no \u201ctom da vez\u201d, a moda caminha para escolhas que funcionam em muitos momentos diferentes do dia a dia.<\/p>\n\n\n\n<p>Nos neutros, o <b>off-white<\/b>, o <b>bege amendoado<\/b>, o cinza suave e o marrom chocolate aparecem em alfaiataria, tric\u00f4s finos e pe\u00e7as de base. J\u00e1 entre as cores marcantes, surgem o <b>azul petr\u00f3leo<\/b>, o verde musgo, o vinho profundo e o roxo ameixa, em vestidos midi, camisas de seda e blazers estruturados.<\/p>\n\n\n\n<figure class=\"wp-block-embed is-type-rich is-provider-pinterest wp-block-embed-pinterest\"><div class=\"wp-block-embed__wrapper\">\n<iframe loading=\"lazy\" title=\" \" src=\"https:\/\/assets.pinterest.com\/ext\/embed.html?id=9429480466995030&#038;src=oembed\" height=\"875\" width=\"450\" frameborder=\"0\" scrolling=\"no\" ><\/iframe>\n<\/div><\/figure>\n\n\n\n<h2 class=\"wp-block-heading\">Como as cores neutras se tornam a base dos looks elegantes de 2026<\/h2>\n\n\n\n<p>Quando falamos em <b>cores de roupas elegantes<\/b> para 2026, os neutros s\u00e3o o ponto de partida. Eles ajudam a montar um guarda-roupa <b>inteligente<\/b>, em que poucas pe\u00e7as rendem muitos looks apenas mudando acess\u00f3rios ou sobreposi\u00e7\u00f5es.<\/p>\n\n\n\n<p>O <b>off-white<\/b> surge como alternativa mais suave ao branco puro. O bege amendoado e os tons de areia aparecem em conjuntos de <b>alfaiataria<\/b>, saias l\u00e1pis e coletes. O cinza suave substitui o preto em ambientes formais, e o marrom chocolate ganha for\u00e7a em casacos longos, couro e cal\u00e7as de cintura alta.<\/p>\n\n\n\n<p>Leia tamb\u00e9m:&nbsp;<a href=\"https:\/\/www.em.com.br\/emfoco\/2025\/12\/24\/ano-novo-cabelo-novo-os-cortes-de-cabelos-para-cacheadas-comecar-2026-renovadas\/\" target=\"_blank\" rel=\"noopener\">Ano novo, cabelo novo: os cortes de cabelos para cacheadas come\u00e7ar 2026 renovadas<\/a><\/p>\n\n\n\n<h2 class=\"wp-block-heading\">Quais cores neutras valem o investimento em 2026<\/h2>\n\n\n\n<p>Se a ideia \u00e9 montar um arm\u00e1rio <b>elegante<\/b> com pe\u00e7as que realmente ser\u00e3o usadas, vale priorizar alguns neutros curingas. Eles combinam entre si, funcionam em diferentes <b>estilos pessoais<\/b> e atravessam tend\u00eancias sem parecer datados.<\/p>\n\n\n\n<ul class=\"wp-block-list\">\n<li><b>Off-white:<\/b> perfeito para looks monocrom\u00e1ticos sofisticados e luminosos.<\/li>\n\n\n\n<li><b>Bege e areia:<\/b> \u00f3timos para compor visuais clean, discretos e f\u00e1ceis de combinar.<\/li>\n\n\n\n<li><b>Cinza claro:<\/b> substituto moderno do preto em ambientes de trabalho formais.<\/li>\n\n\n\n<li><b>Marrom chocolate:<\/b> destaque em casacos, botas e bolsas estruturadas.<\/li>\n<\/ul>\n\n\n\n<figure class=\"wp-block-embed is-type-rich is-provider-pinterest wp-block-embed-pinterest\"><div class=\"wp-block-embed__wrapper\">\n<iframe loading=\"lazy\" title=\"Ver\u00e3o 2026\" src=\"https:\/\/assets.pinterest.com\/ext\/embed.html?id=949415165204642509&#038;src=oembed\" height=\"772\" width=\"450\" frameborder=\"0\" scrolling=\"no\" ><\/iframe>\n<\/div><\/figure>\n\n\n\n<h2 class=\"wp-block-heading\">Como usar cores fortes sem perder a eleg\u00e2ncia em 2026<\/h2>\n\n\n\n<p>Mesmo com o protagonismo dos neutros, as <b>cores intensas<\/b> tamb\u00e9m t\u00eam espa\u00e7o em 2026, especialmente para quem gosta de um toque de personalidade. A ideia \u00e9 apostar em tons mais <b>profundos<\/b>, que chamam aten\u00e7\u00e3o sem ficar exagerados.<\/p>\n\n\n\n<p>O <b>azul petr\u00f3leo<\/b>, o vinho e o verde musgo funcionam bem como ponto focal: um blazer vinho sobre um look bege, uma cal\u00e7a verde musgo com camisa off-white ou um vestido azul petr\u00f3leo com acess\u00f3rios em tons terrosos. Assim, a cor se destaca sem comprometer a <b>eleg\u00e2ncia<\/b>.<\/p>\n\n\n\n<figure class=\"wp-block-embed is-type-rich is-provider-pinterest wp-block-embed-pinterest\"><div class=\"wp-block-embed__wrapper\">\n<iframe loading=\"lazy\" title=\"Look monocrom\u00e1tico cinza elegante\" src=\"https:\/\/assets.pinterest.com\/ext\/embed.html?id=22025485673797947&#038;src=oembed\" height=\"775\" width=\"450\" frameborder=\"0\" scrolling=\"no\" ><\/iframe>\n<\/div><\/figure>\n\n\n\n<h2 class=\"wp-block-heading\">Quais combina\u00e7\u00f5es de cores prometem looks sofisticados em 2026<\/h2>\n\n\n\n<p>As combina\u00e7\u00f5es de cores de 2026 valorizam <b>contrastes suaves<\/b> e uma sensa\u00e7\u00e3o de <b>organiza\u00e7\u00e3o visual<\/b>. O cl\u00e1ssico preto e branco continua presente, mas divide espa\u00e7o com duplas como off-white e marrom, cinza e azul petr\u00f3leo e bege e verde musgo.<\/p>\n\n\n\n<p>O <em>look monocrom\u00e1tico<\/em> tamb\u00e9m segue forte, com produ\u00e7\u00f5es inteiras em tons de bege, marrom, cinza claro, vinho ou roxo ameixa. Usar varia\u00e7\u00f5es da mesma cor alonga a <b>silhueta<\/b> e passa a impress\u00e3o de um visual bem pensado, principalmente em tecidos <b>estruturados<\/b> e com bom caimento.<\/p>\n\n\n\n<p>Para voc\u00ea que quer mais ideias de looks, separamos um v\u00eddeo do canal da <a class=\"yt-simple-endpoint style-scope yt-formatted-string\" spellcheck=\"false\" href=\"https:\/\/www.youtube.com\/@GabriellePaiva1\" target=\"_blank\" rel=\"noopener\">Gabrielle Paiva<\/a> com ideias para combina\u00e7\u00f5es de ano novo:<\/p>\n\n\n\n<figure class=\"wp-block-embed is-type-video is-provider-youtube wp-block-embed-youtube wp-embed-aspect-16-9 wp-has-aspect-ratio\"><div class=\"wp-block-embed__wrapper\">\n<div class=\"jeg_video_container jeg_video_content\"><iframe loading=\"lazy\" title=\"PROVANDO LOOKS DE NATAL E ANO NOVO \ud83c\udf84- C&amp;A, Renner e SHEIN\" width=\"500\" height=\"281\" src=\"https:\/\/www.youtube.com\/embed\/e2JuafshgVI?feature=oembed\" frameborder=\"0\" allow=\"accelerometer; autoplay; clipboard-write; encrypted-media; gyroscope; picture-in-picture; web-share\" referrerpolicy=\"strict-origin-when-cross-origin\" allowfullscreen><\/iframe><\/div>\n<\/div><\/figure>\n\n\n\n<h2 class=\"wp-block-heading\">Quais detalhes valorizam ainda mais as cores de roupas em 2026<\/h2>\n\n\n\n<p>Al\u00e9m da cor em si, os <b>materiais<\/b> e acabamentos fazem toda a diferen\u00e7a no resultado final. Alfaiataria leve, couro liso, malha de boa qualidade e seda sint\u00e9tica ajudam a real\u00e7ar os tons sem excesso de brilho ou <b>informa\u00e7\u00e3o<\/b>.<\/p>\n\n\n\n<p>Acess\u00f3rios em <b>metais discretos<\/b>, como dourado envelhecido e prata escovada, complementam o look sem roubar a cena. Bolsas e sapatos em marrom, preto, caramelo ou off-white mant\u00eam a harmonia e deixam que as <b>cores principais<\/b> sejam o destaque.<\/p>\n","protected":false},"excerpt":{"rendered":"<p>A moda de 2026 aposta na eleg\u00e2ncia vers\u00e1til, unindo neutros sofisticados (off-white, marrom chocolate, cinza) a tons profundos (azul petr\u00f3leo, vinho, verde musgo). A tend\u00eancia valoriza o guarda-roupa inteligente, looks monocrom\u00e1ticos e combina\u00e7\u00f5es de alfaiataria com tecidos nobres para um visual equilibrado. Imagine abrir o guarda-roupa em 2026 e ver poucas pe\u00e7as, mas todas combinando [&hellip;]<\/p>\n","protected":false},"author":9,"featured_media":147685,"comment_status":"open","ping_status":"open","sticky":false,"template":"","format":"standard","meta":{"jnews-multi-image_gallery":[],"jnews_single_post":{"format":"standard"},"jnews_primary_category":[],"jnews_social_meta":[],"jnews_override_counter":[],"footnotes":""},"categories":[8691,8819,1],"tags":[8991,18815,9446],"class_list":["post-147411","post","type-post","status-publish","format-standard","has-post-thumbnail","hentry","category-bem-estar","category-curiosidades","category-noticias","tag-cor","tag-look","tag-roupa"],"yoast_head":"<!-- This site is optimized with the Yoast SEO plugin v23.8 - https:\/\/yoast.com\/wordpress\/plugins\/seo\/ -->\n<title>Saiba quais cores de roupas v\u00e3o dominar o estilo elegante e moderno em 2026 - Estado de Minas - Em foco<\/title>\n<meta name=\"description\" content=\"Moda 2026 combina neutros sofisticados e tons profundos em looks vers\u00e1teis, monocrom\u00e1ticos e elegantes para diversas ocasi\u00f5es.\" \/>\n<meta name=\"robots\" content=\"index, follow, max-snippet:-1, max-image-preview:large, max-video-preview:-1\" \/>\n<link rel=\"canonical\" href=\"https:\/\/www.em.com.br\/emfoco\/2025\/12\/30\/saiba-quais-cores-de-roupas-vao-dominar-o-estilo-elegante-e-moderno-em-2026\/\" \/>\n<meta property=\"og:locale\" content=\"pt_BR\" \/>\n<meta property=\"og:type\" content=\"article\" \/>\n<meta property=\"og:title\" content=\"Saiba quais cores de roupas v\u00e3o dominar o estilo elegante e moderno em 2026 - Estado de Minas - Em foco\" \/>\n<meta property=\"og:description\" content=\"Moda 2026 combina neutros sofisticados e tons profundos em looks vers\u00e1teis, monocrom\u00e1ticos e elegantes para diversas ocasi\u00f5es.\" \/>\n<meta property=\"og:url\" content=\"https:\/\/www.em.com.br\/emfoco\/2025\/12\/30\/saiba-quais-cores-de-roupas-vao-dominar-o-estilo-elegante-e-moderno-em-2026\/\" \/>\n<meta property=\"og:site_name\" content=\"Estado de Minas - Em foco\" \/>\n<meta property=\"article:published_time\" content=\"2025-12-30T17:25:21+00:00\" \/>\n<meta property=\"article:modified_time\" content=\"2025-12-29T17:22:57+00:00\" \/>\n<meta property=\"og:image\" content=\"https:\/\/www.em.com.br\/emfoco\/wp-content\/uploads\/2025\/12\/Gemini_Generated_Image_g1lu87g1lu87g1lu-1.png\" \/>\n\t<meta property=\"og:image:width\" content=\"1280\" \/>\n\t<meta property=\"og:image:height\" content=\"720\" \/>\n\t<meta property=\"og:image:type\" content=\"image\/png\" \/>\n<meta name=\"author\" content=\"Daniely Cardoso\" \/>\n<meta name=\"twitter:card\" content=\"summary_large_image\" \/>\n<meta name=\"twitter:label1\" content=\"Escrito por\" \/>\n\t<meta name=\"twitter:data1\" content=\"Daniely Cardoso\" \/>\n\t<meta name=\"twitter:label2\" content=\"Est. tempo de leitura\" \/>\n\t<meta name=\"twitter:data2\" content=\"5 minutos\" \/>\n<!-- \/ Yoast SEO plugin. -->","yoast_head_json":{"title":"Saiba quais cores de roupas v\u00e3o dominar o estilo elegante e moderno em 2026 - Estado de Minas - Em foco","description":"Moda 2026 combina neutros sofisticados e tons profundos em looks vers\u00e1teis, monocrom\u00e1ticos e elegantes para diversas ocasi\u00f5es.","robots":{"index":"index","follow":"follow","max-snippet":"max-snippet:-1","max-image-preview":"max-image-preview:large","max-video-preview":"max-video-preview:-1"},"canonical":"https:\/\/www.em.com.br\/emfoco\/2025\/12\/30\/saiba-quais-cores-de-roupas-vao-dominar-o-estilo-elegante-e-moderno-em-2026\/","og_locale":"pt_BR","og_type":"article","og_title":"Saiba quais cores de roupas v\u00e3o dominar o estilo elegante e moderno em 2026 - Estado de Minas - Em foco","og_description":"Moda 2026 combina neutros sofisticados e tons profundos em looks vers\u00e1teis, monocrom\u00e1ticos e elegantes para diversas ocasi\u00f5es.","og_url":"https:\/\/www.em.com.br\/emfoco\/2025\/12\/30\/saiba-quais-cores-de-roupas-vao-dominar-o-estilo-elegante-e-moderno-em-2026\/","og_site_name":"Estado de Minas - Em foco","article_published_time":"2025-12-30T17:25:21+00:00","article_modified_time":"2025-12-29T17:22:57+00:00","og_image":[{"width":1280,"height":720,"url":"https:\/\/www.em.com.br\/emfoco\/wp-content\/uploads\/2025\/12\/Gemini_Generated_Image_g1lu87g1lu87g1lu-1.png","type":"image\/png"}],"author":"Daniely Cardoso","twitter_card":"summary_large_image","twitter_misc":{"Escrito por":"Daniely Cardoso","Est. tempo de leitura":"5 minutos"},"schema":{"@context":"https:\/\/schema.org","@graph":[{"@type":"WebPage","@id":"https:\/\/www.em.com.br\/emfoco\/2025\/12\/30\/saiba-quais-cores-de-roupas-vao-dominar-o-estilo-elegante-e-moderno-em-2026\/","url":"https:\/\/www.em.com.br\/emfoco\/2025\/12\/30\/saiba-quais-cores-de-roupas-vao-dominar-o-estilo-elegante-e-moderno-em-2026\/","name":"Saiba quais cores de roupas v\u00e3o dominar o estilo elegante e moderno em 2026 - Estado de Minas - Em foco","isPartOf":{"@id":"https:\/\/www.em.com.br\/emfoco\/#website"},"primaryImageOfPage":{"@id":"https:\/\/www.em.com.br\/emfoco\/2025\/12\/30\/saiba-quais-cores-de-roupas-vao-dominar-o-estilo-elegante-e-moderno-em-2026\/#primaryimage"},"image":{"@id":"https:\/\/www.em.com.br\/emfoco\/2025\/12\/30\/saiba-quais-cores-de-roupas-vao-dominar-o-estilo-elegante-e-moderno-em-2026\/#primaryimage"},"thumbnailUrl":"https:\/\/www.em.com.br\/emfoco\/wp-content\/uploads\/2025\/12\/Gemini_Generated_Image_g1lu87g1lu87g1lu-1.png","datePublished":"2025-12-30T17:25:21+00:00","dateModified":"2025-12-29T17:22:57+00:00","author":{"@id":"https:\/\/www.em.com.br\/emfoco\/#\/schema\/person\/0a8186d72f2c3a5c6276d90b41f271a0"},"description":"Moda 2026 combina neutros sofisticados e tons profundos em looks vers\u00e1teis, monocrom\u00e1ticos e elegantes para diversas ocasi\u00f5es.","breadcrumb":{"@id":"https:\/\/www.em.com.br\/emfoco\/2025\/12\/30\/saiba-quais-cores-de-roupas-vao-dominar-o-estilo-elegante-e-moderno-em-2026\/#breadcrumb"},"inLanguage":"pt-BR","potentialAction":[{"@type":"ReadAction","target":["https:\/\/www.em.com.br\/emfoco\/2025\/12\/30\/saiba-quais-cores-de-roupas-vao-dominar-o-estilo-elegante-e-moderno-em-2026\/"]}]},{"@type":"ImageObject","inLanguage":"pt-BR","@id":"https:\/\/www.em.com.br\/emfoco\/2025\/12\/30\/saiba-quais-cores-de-roupas-vao-dominar-o-estilo-elegante-e-moderno-em-2026\/#primaryimage","url":"https:\/\/www.em.com.br\/emfoco\/wp-content\/uploads\/2025\/12\/Gemini_Generated_Image_g1lu87g1lu87g1lu-1.png","contentUrl":"https:\/\/www.em.com.br\/emfoco\/wp-content\/uploads\/2025\/12\/Gemini_Generated_Image_g1lu87g1lu87g1lu-1.png","width":1280,"height":720,"caption":"A principal tend\u00eancia para 2026 \u00e9 a uni\u00e3o entre cores neutras sofisticadas e alguns toques de cor intensa"},{"@type":"BreadcrumbList","@id":"https:\/\/www.em.com.br\/emfoco\/2025\/12\/30\/saiba-quais-cores-de-roupas-vao-dominar-o-estilo-elegante-e-moderno-em-2026\/#breadcrumb","itemListElement":[{"@type":"ListItem","position":1,"name":"In\u00edcio","item":"https:\/\/www.em.com.br\/emfoco\/"},{"@type":"ListItem","position":2,"name":"Saiba quais cores de roupas v\u00e3o dominar o estilo elegante e moderno em 2026"}]},{"@type":"WebSite","@id":"https:\/\/www.em.com.br\/emfoco\/#website","url":"https:\/\/www.em.com.br\/emfoco\/","name":"Estado de Minas - Em foco","description":"Acompanhe as \u00faltimas not\u00edcias e fique bem informado sobre tudo o que acontece em Minas Gerais, Brasil e no mundo.","potentialAction":[{"@type":"SearchAction","target":{"@type":"EntryPoint","urlTemplate":"https:\/\/www.em.com.br\/emfoco\/?s={search_term_string}"},"query-input":{"@type":"PropertyValueSpecification","valueRequired":true,"valueName":"search_term_string"}}],"inLanguage":"pt-BR"},{"@type":"Person","@id":"https:\/\/www.em.com.br\/emfoco\/#\/schema\/person\/0a8186d72f2c3a5c6276d90b41f271a0","name":"Daniely Cardoso","image":{"@type":"ImageObject","inLanguage":"pt-BR","@id":"https:\/\/www.em.com.br\/emfoco\/#\/schema\/person\/image\/","url":"https:\/\/secure.gravatar.com\/avatar\/4b80ddbd124d1f071b626d52d62e5dff?s=96&d=mm&r=g","contentUrl":"https:\/\/secure.gravatar.com\/avatar\/4b80ddbd124d1f071b626d52d62e5dff?s=96&d=mm&r=g","caption":"Daniely Cardoso"},"url":"https:\/\/www.em.com.br\/emfoco\/author\/danielymyth\/"}]}},"_links":{"self":[{"href":"https:\/\/www.em.com.br\/emfoco\/wp-json\/wp\/v2\/posts\/147411","targetHints":{"allow":["GET"]}}],"collection":[{"href":"https:\/\/www.em.com.br\/emfoco\/wp-json\/wp\/v2\/posts"}],"about":[{"href":"https:\/\/www.em.com.br\/emfoco\/wp-json\/wp\/v2\/types\/post"}],"author":[{"embeddable":true,"href":"https:\/\/www.em.com.br\/emfoco\/wp-json\/wp\/v2\/users\/9"}],"replies":[{"embeddable":true,"href":"https:\/\/www.em.com.br\/emfoco\/wp-json\/wp\/v2\/comments?post=147411"}],"version-history":[{"count":3,"href":"https:\/\/www.em.com.br\/emfoco\/wp-json\/wp\/v2\/posts\/147411\/revisions"}],"predecessor-version":[{"id":147687,"href":"https:\/\/www.em.com.br\/emfoco\/wp-json\/wp\/v2\/posts\/147411\/revisions\/147687"}],"wp:featuredmedia":[{"embeddable":true,"href":"https:\/\/www.em.com.br\/emfoco\/wp-json\/wp\/v2\/media\/147685"}],"wp:attachment":[{"href":"https:\/\/www.em.com.br\/emfoco\/wp-json\/wp\/v2\/media?parent=147411"}],"wp:term":[{"taxonomy":"category","embeddable":true,"href":"https:\/\/www.em.com.br\/emfoco\/wp-json\/wp\/v2\/categories?post=147411"},{"taxonomy":"post_tag","embeddable":true,"href":"https:\/\/www.em.com.br\/emfoco\/wp-json\/wp\/v2\/tags?post=147411"}],"curies":[{"name":"wp","href":"https:\/\/api.w.org\/{rel}","templated":true}]}}