{"id":14734,"date":"2025-02-03T07:20:00","date_gmt":"2025-02-03T10:20:00","guid":{"rendered":"https:\/\/www.em.com.br\/emfoco\/?p=14734"},"modified":"2025-02-02T08:33:11","modified_gmt":"2025-02-02T11:33:11","slug":"urgente-bolsa-familia-novo-valor-beneficios-extras-e-mudancas-que-voce-precisa-saber","status":"publish","type":"post","link":"https:\/\/www.em.com.br\/emfoco\/2025\/02\/03\/urgente-bolsa-familia-novo-valor-beneficios-extras-e-mudancas-que-voce-precisa-saber\/","title":{"rendered":"URGENTE! Bolsa Fam\u00edlia tem novo valor, benef\u00edcios extras e mudan\u00e7as que voc\u00ea precisa saber!"},"content":{"rendered":"\n<p>O <strong><a href=\"https:\/\/www.em.com.br\/emfoco\/2025\/01\/16\/o-bolsa-familia-e-so-mais-um-programa-social\/\" target=\"_blank\" rel=\"noreferrer noopener\">programa Bolsa Fam\u00edlia <\/a><\/strong>tem sido uma ferramenta essencial na luta contra a pobreza no <strong>Brasil<\/strong>. Recentemente, houve significativas transforma\u00e7\u00f5es visando melhorar a qualidade de vida das fam\u00edlias de baixa renda. Um dos pontos centrais desse novo formato \u00e9 o aumento dos valores pagos, que agora t\u00eam um adicional m\u00e9dio, promovido para garantir um suporte financeiro mais s\u00f3lido \u00e0s fam\u00edlias que mais precisam.<\/p>\n\n\n\n<p>Para o m\u00eas de janeiro de 2025, o valor m\u00ednimo do benef\u00edcio Bolsa Fam\u00edlia \u00e9 de R$ 600, com um adicional que eleva o valor m\u00e9dio para R$ 673,62. Essa mudan\u00e7a visa proporcionar uma ajuda financeira mais consistente para as fam\u00edlias beneficiadas, as quais somaram mais de 20 milh\u00f5es neste m\u00eas. Esse programa \u00e9 um dos pilares das pol\u00edticas sociais do governo, destinando R$ 13,8 bilh\u00f5es para o pagamento das parcelas.<\/p>\n\n\n\n<h2 class=\"wp-block-heading\">Quais s\u00e3o as novidades do novo Bolsa Fam\u00edlia?<\/h2>\n\n\n\n<p>O novo Bolsa Fam\u00edlia inclui uma s\u00e9rie de adicionais direcionados para atender necessidades espec\u00edficas das fam\u00edlias. Entre esses benef\u00edcios, destaca-se o <strong><a href=\"https:\/\/www.gov.br\/secom\/pt-br\/assuntos\/noticias\/2023\/10\/no-mes-em-que-completa-20-anos-bolsa-familia-implementa-beneficio-a-nutrizes-e-fecha-ciclo-de-modernizacoes\" target=\"_blank\" rel=\"noreferrer noopener\">Benef\u00edcio Vari\u00e1vel Familiar Nutriz<\/a><\/strong>, que paga 6 parcelas de R$ 50 as m\u00e3es de beb\u00eas de at\u00e9 6 meses. Al\u00e9m disso, fam\u00edlias com gestantes e filhos entre 7 e 18 anos recebem um acr\u00e9scimo de R$ 50. Para aquelas com crian\u00e7as de at\u00e9 6 anos, o incremento \u00e9 de R$ 150.<\/p>\n\n\n\n<p>Estas adi\u00e7\u00f5es demonstram uma preocupa\u00e7\u00e3o particular em garantir a seguran\u00e7a alimentar e o bem-estar das crian\u00e7as, sendo a popula\u00e7\u00e3o mais vulner\u00e1vel. Outro ponto a ressaltar \u00e9 a altera\u00e7\u00e3o no cronograma de pagamento. Tradicionalmente realizado nos \u00faltimos 10 dias \u00fateis de cada m\u00eas, o benef\u00edcio pode agora ser consultado no aplicativo <strong><a href=\"https:\/\/www.caixa.gov.br\/caixatem\/Paginas\/default.aspx\" target=\"_blank\" rel=\"noreferrer noopener\">Caixa Tem<\/a><\/strong>, que oferece informa\u00e7\u00f5es detalhadas sobre datas de pagamento e composi\u00e7\u00e3o das parcelas.<\/p>\n\n\n<div class=\"wp-block-image\">\n<figure class=\"aligncenter\"><img decoding=\"async\" src=\"https:\/\/www.em.com.br\/emfoco\/wp-content\/uploads\/2025\/01\/Bolsa_Familia_15227337667-1-1024x576.jpg\" alt=\"\"\/><figcaption class=\"wp-element-caption\">Veja essa imagem em: Wikimedia Commons<\/figcaption><\/figure><\/div>\n\n\n<h2 class=\"wp-block-heading\">Como as fam\u00edlias afetadas por calamidades recebem o Bolsa Fam\u00edlia?<\/h2>\n\n\n\n<p>O programa tamb\u00e9m mostrou flexibilidade ao atender fam\u00edlias em situa\u00e7\u00f5es de calamidade, como as do <strong>Rio Grande do Sul<\/strong>, que sofreram com enchentes no ano passado. Nestes casos, os pagamentos foram unificados em uma data espec\u00edfica, no dia 20 do m\u00eas, independentemente do final de seus <strong>NIS<\/strong>. Tal a\u00e7\u00e3o se estendeu a outros estados como <strong>Amazonas<\/strong>, <strong>Piau\u00ed<\/strong>, <strong>Rond\u00f4nia<\/strong>, <strong>S\u00e3o Paulo<\/strong> e <strong>Sergipe<\/strong>, onde condi\u00e7\u00f5es adversas demandaram uma resposta diferenciada do governo.<\/p>\n\n\n\n<p>Esta medida \u00e9 parte do esfor\u00e7o cont\u00ednuo do governo em manter a efic\u00e1cia do sistema de transfer\u00eancia de renda e adequ\u00e1-lo a trag\u00e9dias ambientais e outras emerg\u00eancias que afetam diretamente as condi\u00e7\u00f5es de vida dos cidad\u00e3os.<\/p>\n\n\n\n<h2 class=\"wp-block-heading\">Qual a import\u00e2ncia do fim do desconto do Seguro Defeso?<\/h2>\n\n\n\n<p>Desde a implementa\u00e7\u00e3o da <strong>Lei 14.601\/2023<\/strong>, benefici\u00e1rios do Bolsa Fam\u00edlia n\u00e3o sofrem mais o desconto do <strong><a href=\"https:\/\/www.gov.br\/inss\/pt-br\/servicos\/seguro-defeso\" target=\"_blank\" rel=\"noreferrer noopener\">Seguro Defeso<\/a><\/strong>. O Seguro Defeso \u00e9 destinado \u00e0s pessoas que se dedicam exclusivamente \u00e0 pesca artesanal, n\u00e3o podendo exercer a atividade durante alguns per\u00edodos do ano. A extin\u00e7\u00e3o desse desconto fez parte de uma s\u00e9rie de reformas no programa para ampliar a assist\u00eancia sem onerar indevidamente os cidad\u00e3os que dependem integralmente do apoio do governo.<\/p>\n\n\n\n<p>Desta forma, o novo Bolsa Fam\u00edlia continua a fortalecer sua premissa inicial de al\u00edvio da pobreza, adaptando-se \u00e0s necessidades emergentes da popula\u00e7\u00e3o de baixa renda e demonstrando a import\u00e2ncia de pol\u00edticas p\u00fablicas eficazes na promo\u00e7\u00e3o de justi\u00e7a social e seguran\u00e7a econ\u00f4mica.<\/p>\n","protected":false},"excerpt":{"rendered":"<p>O programa Bolsa Fam\u00edlia tem sido uma ferramenta essencial na luta contra a pobreza no Brasil. Recentemente, houve significativas transforma\u00e7\u00f5es visando melhorar a qualidade de vida das fam\u00edlias de baixa renda. Um dos pontos centrais desse novo formato \u00e9 o aumento dos valores pagos, que agora t\u00eam um adicional m\u00e9dio, promovido para garantir um suporte [&hellip;]<\/p>\n","protected":false},"author":5,"featured_media":10030,"comment_status":"open","ping_status":"open","sticky":false,"template":"","format":"standard","meta":{"jnews-multi-image_gallery":[],"jnews_single_post":{"format":"standard"},"jnews_primary_category":[],"jnews_social_meta":[],"jnews_override_counter":[],"footnotes":""},"categories":[28,1],"tags":[259,209,1496],"class_list":["post-14734","post","type-post","status-publish","format-standard","has-post-thumbnail","hentry","category-economia","category-noticias","tag-beneficio","tag-bolsa-familia","tag-programa-bolsa-familia"],"yoast_head":"<!-- This site is optimized with the Yoast SEO plugin v23.8 - https:\/\/yoast.com\/wordpress\/plugins\/seo\/ -->\n<title>URGENTE! Bolsa Fam\u00edlia tem novo valor, benef\u00edcios extras e mudan\u00e7as que voc\u00ea precisa saber! - Estado de Minas - Em foco<\/title>\n<meta name=\"description\" content=\"Alerta! O Bolsa Fam\u00edlia de 2025 est\u00e1 com um valor MAIOR! Descubra os novos benef\u00edcios, como o adicional para fam\u00edlias com crian\u00e7as!\" \/>\n<meta name=\"robots\" content=\"index, follow, max-snippet:-1, max-image-preview:large, max-video-preview:-1\" \/>\n<link rel=\"canonical\" href=\"https:\/\/www.em.com.br\/emfoco\/2025\/02\/03\/urgente-bolsa-familia-novo-valor-beneficios-extras-e-mudancas-que-voce-precisa-saber\/\" \/>\n<meta property=\"og:locale\" content=\"pt_BR\" \/>\n<meta property=\"og:type\" content=\"article\" \/>\n<meta property=\"og:title\" content=\"URGENTE! Bolsa Fam\u00edlia tem novo valor, benef\u00edcios extras e mudan\u00e7as que voc\u00ea precisa saber! - Estado de Minas - Em foco\" \/>\n<meta property=\"og:description\" content=\"Alerta! O Bolsa Fam\u00edlia de 2025 est\u00e1 com um valor MAIOR! Descubra os novos benef\u00edcios, como o adicional para fam\u00edlias com crian\u00e7as!\" \/>\n<meta property=\"og:url\" content=\"https:\/\/www.em.com.br\/emfoco\/2025\/02\/03\/urgente-bolsa-familia-novo-valor-beneficios-extras-e-mudancas-que-voce-precisa-saber\/\" \/>\n<meta property=\"og:site_name\" content=\"Estado de Minas - Em foco\" \/>\n<meta property=\"article:published_time\" content=\"2025-02-03T10:20:00+00:00\" \/>\n<meta property=\"article:modified_time\" content=\"2025-02-02T11:33:11+00:00\" \/>\n<meta property=\"og:image\" content=\"https:\/\/www.em.com.br\/emfoco\/wp-content\/uploads\/2025\/01\/Quilombo_Biritinga_16237541286-1.jpg\" \/>\n\t<meta property=\"og:image:width\" content=\"1200\" \/>\n\t<meta property=\"og:image:height\" content=\"675\" \/>\n\t<meta property=\"og:image:type\" content=\"image\/jpeg\" \/>\n<meta name=\"author\" content=\"N\u00fabia Rangel\" \/>\n<meta name=\"twitter:card\" content=\"summary_large_image\" \/>\n<meta name=\"twitter:label1\" content=\"Escrito por\" \/>\n\t<meta name=\"twitter:data1\" content=\"N\u00fabia Rangel\" \/>\n\t<meta name=\"twitter:label2\" content=\"Est. tempo de leitura\" \/>\n\t<meta name=\"twitter:data2\" content=\"4 minutos\" \/>\n<!-- \/ Yoast SEO plugin. -->","yoast_head_json":{"title":"URGENTE! Bolsa Fam\u00edlia tem novo valor, benef\u00edcios extras e mudan\u00e7as que voc\u00ea precisa saber! - Estado de Minas - Em foco","description":"Alerta! O Bolsa Fam\u00edlia de 2025 est\u00e1 com um valor MAIOR! Descubra os novos benef\u00edcios, como o adicional para fam\u00edlias com crian\u00e7as!","robots":{"index":"index","follow":"follow","max-snippet":"max-snippet:-1","max-image-preview":"max-image-preview:large","max-video-preview":"max-video-preview:-1"},"canonical":"https:\/\/www.em.com.br\/emfoco\/2025\/02\/03\/urgente-bolsa-familia-novo-valor-beneficios-extras-e-mudancas-que-voce-precisa-saber\/","og_locale":"pt_BR","og_type":"article","og_title":"URGENTE! Bolsa Fam\u00edlia tem novo valor, benef\u00edcios extras e mudan\u00e7as que voc\u00ea precisa saber! - Estado de Minas - Em foco","og_description":"Alerta! O Bolsa Fam\u00edlia de 2025 est\u00e1 com um valor MAIOR! Descubra os novos benef\u00edcios, como o adicional para fam\u00edlias com crian\u00e7as!","og_url":"https:\/\/www.em.com.br\/emfoco\/2025\/02\/03\/urgente-bolsa-familia-novo-valor-beneficios-extras-e-mudancas-que-voce-precisa-saber\/","og_site_name":"Estado de Minas - Em foco","article_published_time":"2025-02-03T10:20:00+00:00","article_modified_time":"2025-02-02T11:33:11+00:00","og_image":[{"width":1200,"height":675,"url":"https:\/\/www.em.com.br\/emfoco\/wp-content\/uploads\/2025\/01\/Quilombo_Biritinga_16237541286-1.jpg","type":"image\/jpeg"}],"author":"N\u00fabia Rangel","twitter_card":"summary_large_image","twitter_misc":{"Escrito por":"N\u00fabia Rangel","Est. tempo de leitura":"4 minutos"},"schema":{"@context":"https:\/\/schema.org","@graph":[{"@type":"WebPage","@id":"https:\/\/www.em.com.br\/emfoco\/2025\/02\/03\/urgente-bolsa-familia-novo-valor-beneficios-extras-e-mudancas-que-voce-precisa-saber\/","url":"https:\/\/www.em.com.br\/emfoco\/2025\/02\/03\/urgente-bolsa-familia-novo-valor-beneficios-extras-e-mudancas-que-voce-precisa-saber\/","name":"URGENTE! Bolsa Fam\u00edlia tem novo valor, benef\u00edcios extras e mudan\u00e7as que voc\u00ea precisa saber! - Estado de Minas - Em foco","isPartOf":{"@id":"https:\/\/www.em.com.br\/emfoco\/#website"},"primaryImageOfPage":{"@id":"https:\/\/www.em.com.br\/emfoco\/2025\/02\/03\/urgente-bolsa-familia-novo-valor-beneficios-extras-e-mudancas-que-voce-precisa-saber\/#primaryimage"},"image":{"@id":"https:\/\/www.em.com.br\/emfoco\/2025\/02\/03\/urgente-bolsa-familia-novo-valor-beneficios-extras-e-mudancas-que-voce-precisa-saber\/#primaryimage"},"thumbnailUrl":"https:\/\/www.em.com.br\/emfoco\/wp-content\/uploads\/2025\/01\/Quilombo_Biritinga_16237541286-1.jpg","datePublished":"2025-02-03T10:20:00+00:00","dateModified":"2025-02-02T11:33:11+00:00","author":{"@id":"https:\/\/www.em.com.br\/emfoco\/#\/schema\/person\/524437ef54f8a5d32591b143307f2e20"},"description":"Alerta! O Bolsa Fam\u00edlia de 2025 est\u00e1 com um valor MAIOR! Descubra os novos benef\u00edcios, como o adicional para fam\u00edlias com crian\u00e7as!","breadcrumb":{"@id":"https:\/\/www.em.com.br\/emfoco\/2025\/02\/03\/urgente-bolsa-familia-novo-valor-beneficios-extras-e-mudancas-que-voce-precisa-saber\/#breadcrumb"},"inLanguage":"pt-BR","potentialAction":[{"@type":"ReadAction","target":["https:\/\/www.em.com.br\/emfoco\/2025\/02\/03\/urgente-bolsa-familia-novo-valor-beneficios-extras-e-mudancas-que-voce-precisa-saber\/"]}]},{"@type":"ImageObject","inLanguage":"pt-BR","@id":"https:\/\/www.em.com.br\/emfoco\/2025\/02\/03\/urgente-bolsa-familia-novo-valor-beneficios-extras-e-mudancas-que-voce-precisa-saber\/#primaryimage","url":"https:\/\/www.em.com.br\/emfoco\/wp-content\/uploads\/2025\/01\/Quilombo_Biritinga_16237541286-1.jpg","contentUrl":"https:\/\/www.em.com.br\/emfoco\/wp-content\/uploads\/2025\/01\/Quilombo_Biritinga_16237541286-1.jpg","width":1200,"height":675,"caption":"Imagem Ilustrativa de Bolsa Fam\u00edlia - Cr\u00e9ditos: wikimedia commons"},{"@type":"BreadcrumbList","@id":"https:\/\/www.em.com.br\/emfoco\/2025\/02\/03\/urgente-bolsa-familia-novo-valor-beneficios-extras-e-mudancas-que-voce-precisa-saber\/#breadcrumb","itemListElement":[{"@type":"ListItem","position":1,"name":"In\u00edcio","item":"https:\/\/www.em.com.br\/emfoco\/"},{"@type":"ListItem","position":2,"name":"URGENTE! Bolsa Fam\u00edlia tem novo valor, benef\u00edcios extras e mudan\u00e7as que voc\u00ea precisa saber!"}]},{"@type":"WebSite","@id":"https:\/\/www.em.com.br\/emfoco\/#website","url":"https:\/\/www.em.com.br\/emfoco\/","name":"Estado de Minas - Em foco","description":"Acompanhe as \u00faltimas not\u00edcias e fique bem informado sobre tudo o que acontece em Minas Gerais, Brasil e no mundo.","potentialAction":[{"@type":"SearchAction","target":{"@type":"EntryPoint","urlTemplate":"https:\/\/www.em.com.br\/emfoco\/?s={search_term_string}"},"query-input":{"@type":"PropertyValueSpecification","valueRequired":true,"valueName":"search_term_string"}}],"inLanguage":"pt-BR"},{"@type":"Person","@id":"https:\/\/www.em.com.br\/emfoco\/#\/schema\/person\/524437ef54f8a5d32591b143307f2e20","name":"N\u00fabia Rangel","image":{"@type":"ImageObject","inLanguage":"pt-BR","@id":"https:\/\/www.em.com.br\/emfoco\/#\/schema\/person\/image\/","url":"https:\/\/secure.gravatar.com\/avatar\/47cff2827a5ba23c37e8068c86817ea4?s=96&d=mm&r=g","contentUrl":"https:\/\/secure.gravatar.com\/avatar\/47cff2827a5ba23c37e8068c86817ea4?s=96&d=mm&r=g","caption":"N\u00fabia Rangel"},"sameAs":["https:\/\/www.em.com.br\/emfoco\/"],"url":"https:\/\/www.em.com.br\/emfoco\/author\/nubiamyth\/"}]}},"_links":{"self":[{"href":"https:\/\/www.em.com.br\/emfoco\/wp-json\/wp\/v2\/posts\/14734","targetHints":{"allow":["GET"]}}],"collection":[{"href":"https:\/\/www.em.com.br\/emfoco\/wp-json\/wp\/v2\/posts"}],"about":[{"href":"https:\/\/www.em.com.br\/emfoco\/wp-json\/wp\/v2\/types\/post"}],"author":[{"embeddable":true,"href":"https:\/\/www.em.com.br\/emfoco\/wp-json\/wp\/v2\/users\/5"}],"replies":[{"embeddable":true,"href":"https:\/\/www.em.com.br\/emfoco\/wp-json\/wp\/v2\/comments?post=14734"}],"version-history":[{"count":8,"href":"https:\/\/www.em.com.br\/emfoco\/wp-json\/wp\/v2\/posts\/14734\/revisions"}],"predecessor-version":[{"id":16111,"href":"https:\/\/www.em.com.br\/emfoco\/wp-json\/wp\/v2\/posts\/14734\/revisions\/16111"}],"wp:featuredmedia":[{"embeddable":true,"href":"https:\/\/www.em.com.br\/emfoco\/wp-json\/wp\/v2\/media\/10030"}],"wp:attachment":[{"href":"https:\/\/www.em.com.br\/emfoco\/wp-json\/wp\/v2\/media?parent=14734"}],"wp:term":[{"taxonomy":"category","embeddable":true,"href":"https:\/\/www.em.com.br\/emfoco\/wp-json\/wp\/v2\/categories?post=14734"},{"taxonomy":"post_tag","embeddable":true,"href":"https:\/\/www.em.com.br\/emfoco\/wp-json\/wp\/v2\/tags?post=14734"}],"curies":[{"name":"wp","href":"https:\/\/api.w.org\/{rel}","templated":true}]}}