{"id":147336,"date":"2025-12-30T21:55:00","date_gmt":"2025-12-31T00:55:00","guid":{"rendered":"https:\/\/www.em.com.br\/emfoco\/?p=147336"},"modified":"2025-12-28T17:47:45","modified_gmt":"2025-12-28T20:47:45","slug":"como-apenas-1-vela-todos-os-ratos-e-baratas-vao-morrer","status":"publish","type":"post","link":"https:\/\/www.em.com.br\/emfoco\/2025\/12\/30\/como-apenas-1-vela-todos-os-ratos-e-baratas-vao-morrer\/","title":{"rendered":"Como apenas 1 vela todos os ratos e baratas v\u00e3o morrer!"},"content":{"rendered":"\n<p>O controle de ratos em \u00e1reas residenciais segue sendo uma preocupa\u00e7\u00e3o constante, especialmente em regi\u00f5es urbanas, onde o contato entre pessoas, alimentos armazenados e res\u00edduos \u00e9 mais intenso. Roedores como rato\u2011de\u2011telhado, ratazana e camundongo podem causar danos em instala\u00e7\u00f5es el\u00e9tricas, alimentos, m\u00f3veis e estruturas, al\u00e9m de estarem associados \u00e0 transmiss\u00e3o de doen\u00e7as, o que leva muitos moradores a recorrerem a alternativas simples e baratas, como m\u00e9todos caseiros, para tentar reduzir a presen\u00e7a desses animais.<\/p>\n\n\n\n<h2 class=\"wp-block-heading\">M\u00e9todo caseiro com vela para controle de ratos funciona?<\/h2>\n\n\n\n<p>Para entender como essa mistura com vela, a\u00e7\u00facar e bolacha \u00e9 preparada e aplicada na pr\u00e1tica, vale assistir ao v\u00eddeo do <strong>@<a href=\"https:\/\/www.youtube.com\/@pomarehortasustentaveis\" target=\"_blank\" rel=\"noreferrer noopener\">Pomar e Horta Sustent\u00e1veis<\/a><\/strong>, que mostra o passo a passo do m\u00e9todo caseiro, os pontos onde a isca costuma ser colocada e os cuidados recomendados no uso dentro de casa.<\/p>\n\n\n\n<iframe loading=\"lazy\" width=\"873\" height=\"491\" src=\"https:\/\/www.youtube.com\/embed\/h2UcSLVMLps\" title=\"MORRIA E N\u00c3O SABIA!! \u00c9 s\u00f3 Usar 1 VELA e TODOS OS RATOS E BARATAS v\u00e3o Morrer - PARA SEMPRE!\" frameborder=\"0\" allow=\"accelerometer; autoplay; clipboard-write; encrypted-media; gyroscope; picture-in-picture; web-share\" referrerpolicy=\"strict-origin-when-cross-origin\" allowfullscreen><\/iframe>\n\n\n\n<p>Entre as solu\u00e7\u00f5es populares, uma das que mais chama aten\u00e7\u00e3o envolve a prepara\u00e7\u00e3o de uma isca \u00e0 base de vela ralada, a\u00e7\u00facar e bolacha triturada. A ideia \u00e9 combinar a parafina da vela, um ingrediente de uso dom\u00e9stico, com alimentos atrativos para roedores, formando um composto que teria potencial para eliminar ratos de forma discreta e de baixo custo.<\/p>\n\n\n\n<p>Esse tipo de receita circula em conversas informais, redes sociais e relatos de moradores, geralmente sem embasamento t\u00e9cnico detalhado. Mesmo assim, continua sendo adotado por quem deseja evitar produtos qu\u00edmicos mais agressivos ou n\u00e3o tem acesso a servi\u00e7os profissionais de controle de pragas.<\/p>\n\n\n\n<h2 class=\"wp-block-heading\">Como funciona o m\u00e9todo caseiro com vela para matar ratos<\/h2>\n\n\n\n<p>O m\u00e9todo caseiro para matar ratos com vela parte da ideia de que a parafina, quando ingerida, pode causar altera\u00e7\u00f5es no organismo do roedor, enquanto a\u00e7\u00facar e bolacha atuam como isca. A mistura \u00e9 montada para ser visualmente semelhante a um alimento comum, aumentando a chance de consumo pelos animais que circulam pela casa, quintal, dep\u00f3sito ou ed\u00edcula.<\/p>\n\n\n\n<p>De maneira geral, a l\u00f3gica \u00e9 oferecer algo doce e farin\u00e1ceo, incorporando um componente n\u00e3o alimentar, no caso a vela ralada. Roedores costumam explorar novas fontes de comida, sobretudo em ambientes com disputa por alimento ou pouca oferta dispon\u00edvel, o que explica a atratividade desse tipo de isca improvisada.<\/p>\n\n\n\n<h2 class=\"wp-block-heading\">Quais s\u00e3o os ingredientes e como preparar a mistura com vela<\/h2>\n\n\n\n<p>Para preparar essa receita caseira de controle de roedores, normalmente s\u00e3o indicados apenas tr\u00eas itens, todos de f\u00e1cil acesso. A propor\u00e7\u00e3o pode variar conforme o tamanho da \u00e1rea a ser tratada, mas a composi\u00e7\u00e3o costuma seguir uma sequ\u00eancia simples e padronizada.<\/p>\n\n\n\n<ul class=\"wp-block-list\">\n<li><strong>Vela ralada<\/strong>: fonte de parafina, considerada o elemento principal da mistura.<\/li>\n\n\n\n<li><strong>A\u00e7\u00facar<\/strong>: pode ser cristal, refinado, mascavo ou outro tipo dispon\u00edvel.<\/li>\n\n\n\n<li><strong>Bolacha ou biscoito triturado<\/strong>: geralmente doce, para refor\u00e7ar o atrativo.<\/li>\n<\/ul>\n\n\n\n<p>Leia mais: <a href=\"https:\/\/www.em.com.br\/emfoco\/2025\/12\/27\/um-truque-de-um-especialista-em-controle-de-pragas-para-manter-ratos-longe-do-jardim-por-ate-60-dias\/\" target=\"_blank\" rel=\"noreferrer noopener\">Um truque de um especialista em controle de pragas para manter ratos longe do jardim por at\u00e9 60 dias<\/a><\/p>\n\n\n\n<h2 class=\"wp-block-heading\">Como preparar corretamente a isca com vela, a\u00e7\u00facar e bolacha<\/h2>\n\n\n\n<p>O preparo costuma seguir alguns passos b\u00e1sicos que garantem melhor homogeneidade e atratividade. \u00c9 importante usar utens\u00edlios separados dos usados na alimenta\u00e7\u00e3o da fam\u00edlia, para evitar qualquer risco de contamina\u00e7\u00e3o acidental.<\/p>\n\n\n\n<ol class=\"wp-block-list\">\n<li>Ralar ou raspar a vela at\u00e9 obter part\u00edculas bem pequenas, quase como raspas de sab\u00e3o.<\/li>\n\n\n\n<li>Misturar essas raspas com cerca de duas colheres de a\u00e7\u00facar, ajustando conforme a quantidade desejada.<\/li>\n\n\n\n<li>Acrescentar a bolacha triturada, mexendo at\u00e9 formar um composto relativamente homog\u00eaneo.<\/li>\n\n\n\n<li>Se desejado, umedecer levemente com \u00e1gua para facilitar a ader\u00eancia entre os ingredientes.<\/li>\n<\/ol>\n\n\n\n<h2 class=\"wp-block-heading\">Como usar a isca caseira de vela e quais cuidados adotar<\/h2>\n\n\n<div class=\"wp-block-image\">\n<figure class=\"aligncenter size-large\"><img loading=\"lazy\" decoding=\"async\" width=\"1024\" height=\"576\" src=\"https:\/\/www.em.com.br\/emfoco\/wp-content\/uploads\/2025\/12\/imagem_2025-12-01_123737326-e1766954103787-1024x576.png\" alt=\"\" class=\"wp-image-147384\" srcset=\"https:\/\/www.em.com.br\/emfoco\/wp-content\/uploads\/2025\/12\/imagem_2025-12-01_123737326-e1766954103787-1024x576.png 1024w, https:\/\/www.em.com.br\/emfoco\/wp-content\/uploads\/2025\/12\/imagem_2025-12-01_123737326-e1766954103787-300x169.png 300w, https:\/\/www.em.com.br\/emfoco\/wp-content\/uploads\/2025\/12\/imagem_2025-12-01_123737326-e1766954103787-768x432.png 768w, https:\/\/www.em.com.br\/emfoco\/wp-content\/uploads\/2025\/12\/imagem_2025-12-01_123737326-e1766954103787-750x422.png 750w, https:\/\/www.em.com.br\/emfoco\/wp-content\/uploads\/2025\/12\/imagem_2025-12-01_123737326-e1766954103787-1140x641.png 1140w, https:\/\/www.em.com.br\/emfoco\/wp-content\/uploads\/2025\/12\/imagem_2025-12-01_123737326-e1766954103787.png 1280w\" sizes=\"auto, (max-width: 1024px) 100vw, 1024px\" \/><figcaption class=\"wp-element-caption\">Um truque caseiro inusitado promete afastar ratos com ingredientes da cozinha<\/figcaption><\/figure><\/div>\n\n\n<p>Depois de pronta, a mistura costuma ser distribu\u00edda em recipientes rasos, como tampas, potes descart\u00e1veis ou peda\u00e7os de papel\u00e3o r\u00edgido. Esses suportes s\u00e3o posicionados em pontos estrat\u00e9gicos, pr\u00f3ximos a sinais de atividade dos roedores, como fezes, roeduras ou trilhas.<\/p>\n\n\n\n<p>As recomenda\u00e7\u00f5es de seguran\u00e7a s\u00e3o fundamentais para evitar acidentes com pessoas e animais dom\u00e9sticos, j\u00e1 que se trata de uma isca com grande apelo olfativo e visual. Alguns cuidados b\u00e1sicos incluem n\u00e3o deixar o produto ao alcance de crian\u00e7as, manter o ambiente ventilado e descartar corretamente sobras e recipientes.<\/p>\n\n\n\n<p>Leia mais: <a href=\"https:\/\/www.em.com.br\/emfoco\/2025\/12\/28\/simples-barato-e-chamativo-o-chinelo-amarelo-virou-peca-chave-do-verao\/\" target=\"_blank\" rel=\"noreferrer noopener\">Simples, barato e chamativo: o chinelo amarelo virou pe\u00e7a-chave do ver\u00e3o<\/a><\/p>\n\n\n\n<h2 class=\"wp-block-heading\">M\u00e9todo com vela realmente resolve o problema dos ratos<\/h2>\n\n\n\n<p>Embora o m\u00e9todo caseiro com vela para ratos seja relatado como uma solu\u00e7\u00e3o acess\u00edvel e f\u00e1cil de aplicar, especialistas em controle de pragas lembram que qualquer isca isolada tende a ter efeito limitado. Se o ambiente continuar oferecendo abrigo, \u00e1gua e alimento, a infesta\u00e7\u00e3o tende a se manter ou retornar em pouco tempo.<\/p>\n\n\n\n<p>Em pr\u00e1ticas de manejo de pragas, o eixo central do controle envolve reduzir as condi\u00e7\u00f5es que atraem e mant\u00eam os roedores pr\u00f3ximos \u00e0s moradias. Guardar alimentos em recipientes fechados, manter lixo bem acondicionado, retirar entulhos e fechar frestas em paredes e telhados s\u00e3o medidas que, combinadas ao uso criterioso de iscas, reduzem de forma significativa o risco de prolifera\u00e7\u00e3o.<\/p>\n","protected":false},"excerpt":{"rendered":"<p>O controle de ratos em \u00e1reas residenciais segue sendo uma preocupa\u00e7\u00e3o constante, especialmente em regi\u00f5es urbanas, onde o contato entre pessoas, alimentos armazenados e res\u00edduos \u00e9 mais intenso. Roedores como rato\u2011de\u2011telhado, ratazana e camundongo podem causar danos em instala\u00e7\u00f5es el\u00e9tricas, alimentos, m\u00f3veis e estruturas, al\u00e9m de estarem associados \u00e0 transmiss\u00e3o de doen\u00e7as, o que leva [&hellip;]<\/p>\n","protected":false},"author":20,"featured_media":147385,"comment_status":"open","ping_status":"open","sticky":false,"template":"","format":"standard","meta":{"jnews-multi-image_gallery":[],"jnews_single_post":{"format":"standard"},"jnews_primary_category":[],"jnews_social_meta":[],"jnews_override_counter":[],"footnotes":""},"categories":[8819,1],"tags":[21548,11804,21547],"class_list":["post-147336","post","type-post","status-publish","format-standard","has-post-thumbnail","hentry","category-curiosidades","category-noticias","tag-metodo-caseiro","tag-ratos","tag-vela"],"yoast_head":"<!-- This site is optimized with the Yoast SEO plugin v23.8 - https:\/\/yoast.com\/wordpress\/plugins\/seo\/ -->\n<title>Como apenas 1 vela todos os ratos e baratas v\u00e3o morrer! - Estado de Minas - Em foco<\/title>\n<meta name=\"description\" content=\"Veja como uma mistura simples de vela, a\u00e7\u00facar e bolacha \u00e9 usada por moradores para tentar reduzir a presen\u00e7a de ratos em casa.\" \/>\n<meta name=\"robots\" content=\"index, follow, max-snippet:-1, max-image-preview:large, max-video-preview:-1\" \/>\n<link rel=\"canonical\" href=\"https:\/\/www.em.com.br\/emfoco\/2025\/12\/30\/como-apenas-1-vela-todos-os-ratos-e-baratas-vao-morrer\/\" \/>\n<meta property=\"og:locale\" content=\"pt_BR\" \/>\n<meta property=\"og:type\" content=\"article\" \/>\n<meta property=\"og:title\" content=\"Como apenas 1 vela todos os ratos e baratas v\u00e3o morrer! - Estado de Minas - Em foco\" \/>\n<meta property=\"og:description\" content=\"Veja como uma mistura simples de vela, a\u00e7\u00facar e bolacha \u00e9 usada por moradores para tentar reduzir a presen\u00e7a de ratos em casa.\" \/>\n<meta property=\"og:url\" content=\"https:\/\/www.em.com.br\/emfoco\/2025\/12\/30\/como-apenas-1-vela-todos-os-ratos-e-baratas-vao-morrer\/\" \/>\n<meta property=\"og:site_name\" content=\"Estado de Minas - Em foco\" \/>\n<meta property=\"article:published_time\" content=\"2025-12-31T00:55:00+00:00\" \/>\n<meta property=\"article:modified_time\" content=\"2025-12-28T20:47:45+00:00\" \/>\n<meta property=\"og:image\" content=\"https:\/\/www.em.com.br\/emfoco\/wp-content\/uploads\/2025\/12\/imagem_2025-12-01_124525397.png\" \/>\n\t<meta property=\"og:image:width\" content=\"1408\" \/>\n\t<meta property=\"og:image:height\" content=\"768\" \/>\n\t<meta property=\"og:image:type\" content=\"image\/png\" \/>\n<meta name=\"author\" content=\"Ingrid Diniz\" \/>\n<meta name=\"twitter:card\" content=\"summary_large_image\" \/>\n<meta name=\"twitter:label1\" content=\"Escrito por\" \/>\n\t<meta name=\"twitter:data1\" content=\"Ingrid Diniz\" \/>\n\t<meta name=\"twitter:label2\" content=\"Est. tempo de leitura\" \/>\n\t<meta name=\"twitter:data2\" content=\"5 minutos\" \/>\n<!-- \/ Yoast SEO plugin. -->","yoast_head_json":{"title":"Como apenas 1 vela todos os ratos e baratas v\u00e3o morrer! - Estado de Minas - Em foco","description":"Veja como uma mistura simples de vela, a\u00e7\u00facar e bolacha \u00e9 usada por moradores para tentar reduzir a presen\u00e7a de ratos em casa.","robots":{"index":"index","follow":"follow","max-snippet":"max-snippet:-1","max-image-preview":"max-image-preview:large","max-video-preview":"max-video-preview:-1"},"canonical":"https:\/\/www.em.com.br\/emfoco\/2025\/12\/30\/como-apenas-1-vela-todos-os-ratos-e-baratas-vao-morrer\/","og_locale":"pt_BR","og_type":"article","og_title":"Como apenas 1 vela todos os ratos e baratas v\u00e3o morrer! - Estado de Minas - Em foco","og_description":"Veja como uma mistura simples de vela, a\u00e7\u00facar e bolacha \u00e9 usada por moradores para tentar reduzir a presen\u00e7a de ratos em casa.","og_url":"https:\/\/www.em.com.br\/emfoco\/2025\/12\/30\/como-apenas-1-vela-todos-os-ratos-e-baratas-vao-morrer\/","og_site_name":"Estado de Minas - Em foco","article_published_time":"2025-12-31T00:55:00+00:00","article_modified_time":"2025-12-28T20:47:45+00:00","og_image":[{"width":1408,"height":768,"url":"https:\/\/www.em.com.br\/emfoco\/wp-content\/uploads\/2025\/12\/imagem_2025-12-01_124525397.png","type":"image\/png"}],"author":"Ingrid Diniz","twitter_card":"summary_large_image","twitter_misc":{"Escrito por":"Ingrid Diniz","Est. tempo de leitura":"5 minutos"},"schema":{"@context":"https:\/\/schema.org","@graph":[{"@type":"WebPage","@id":"https:\/\/www.em.com.br\/emfoco\/2025\/12\/30\/como-apenas-1-vela-todos-os-ratos-e-baratas-vao-morrer\/","url":"https:\/\/www.em.com.br\/emfoco\/2025\/12\/30\/como-apenas-1-vela-todos-os-ratos-e-baratas-vao-morrer\/","name":"Como apenas 1 vela todos os ratos e baratas v\u00e3o morrer! - Estado de Minas - Em foco","isPartOf":{"@id":"https:\/\/www.em.com.br\/emfoco\/#website"},"primaryImageOfPage":{"@id":"https:\/\/www.em.com.br\/emfoco\/2025\/12\/30\/como-apenas-1-vela-todos-os-ratos-e-baratas-vao-morrer\/#primaryimage"},"image":{"@id":"https:\/\/www.em.com.br\/emfoco\/2025\/12\/30\/como-apenas-1-vela-todos-os-ratos-e-baratas-vao-morrer\/#primaryimage"},"thumbnailUrl":"https:\/\/www.em.com.br\/emfoco\/wp-content\/uploads\/2025\/12\/imagem_2025-12-01_124525397.png","datePublished":"2025-12-31T00:55:00+00:00","dateModified":"2025-12-28T20:47:45+00:00","author":{"@id":"https:\/\/www.em.com.br\/emfoco\/#\/schema\/person\/649e610b4eb8fff87ff394e54fe17b2b"},"description":"Veja como uma mistura simples de vela, a\u00e7\u00facar e bolacha \u00e9 usada por moradores para tentar reduzir a presen\u00e7a de ratos em casa.","breadcrumb":{"@id":"https:\/\/www.em.com.br\/emfoco\/2025\/12\/30\/como-apenas-1-vela-todos-os-ratos-e-baratas-vao-morrer\/#breadcrumb"},"inLanguage":"pt-BR","potentialAction":[{"@type":"ReadAction","target":["https:\/\/www.em.com.br\/emfoco\/2025\/12\/30\/como-apenas-1-vela-todos-os-ratos-e-baratas-vao-morrer\/"]}]},{"@type":"ImageObject","inLanguage":"pt-BR","@id":"https:\/\/www.em.com.br\/emfoco\/2025\/12\/30\/como-apenas-1-vela-todos-os-ratos-e-baratas-vao-morrer\/#primaryimage","url":"https:\/\/www.em.com.br\/emfoco\/wp-content\/uploads\/2025\/12\/imagem_2025-12-01_124525397.png","contentUrl":"https:\/\/www.em.com.br\/emfoco\/wp-content\/uploads\/2025\/12\/imagem_2025-12-01_124525397.png","width":1408,"height":768,"caption":"Um truque caseiro inusitado promete afastar ratos com ingredientes da cozinha"},{"@type":"BreadcrumbList","@id":"https:\/\/www.em.com.br\/emfoco\/2025\/12\/30\/como-apenas-1-vela-todos-os-ratos-e-baratas-vao-morrer\/#breadcrumb","itemListElement":[{"@type":"ListItem","position":1,"name":"In\u00edcio","item":"https:\/\/www.em.com.br\/emfoco\/"},{"@type":"ListItem","position":2,"name":"Como apenas 1 vela todos os ratos e baratas v\u00e3o morrer!"}]},{"@type":"WebSite","@id":"https:\/\/www.em.com.br\/emfoco\/#website","url":"https:\/\/www.em.com.br\/emfoco\/","name":"Estado de Minas - Em foco","description":"Acompanhe as \u00faltimas not\u00edcias e fique bem informado sobre tudo o que acontece em Minas Gerais, Brasil e no mundo.","potentialAction":[{"@type":"SearchAction","target":{"@type":"EntryPoint","urlTemplate":"https:\/\/www.em.com.br\/emfoco\/?s={search_term_string}"},"query-input":{"@type":"PropertyValueSpecification","valueRequired":true,"valueName":"search_term_string"}}],"inLanguage":"pt-BR"},{"@type":"Person","@id":"https:\/\/www.em.com.br\/emfoco\/#\/schema\/person\/649e610b4eb8fff87ff394e54fe17b2b","name":"Ingrid Diniz","image":{"@type":"ImageObject","inLanguage":"pt-BR","@id":"https:\/\/www.em.com.br\/emfoco\/#\/schema\/person\/image\/","url":"https:\/\/secure.gravatar.com\/avatar\/a3baa1449ec5c39b4c42babc9d4f3951?s=96&d=mm&r=g","contentUrl":"https:\/\/secure.gravatar.com\/avatar\/a3baa1449ec5c39b4c42babc9d4f3951?s=96&d=mm&r=g","caption":"Ingrid Diniz"},"sameAs":["https:\/\/www.em.com.br\/"],"url":"https:\/\/www.em.com.br\/emfoco\/author\/ingridmyth\/"}]}},"_links":{"self":[{"href":"https:\/\/www.em.com.br\/emfoco\/wp-json\/wp\/v2\/posts\/147336","targetHints":{"allow":["GET"]}}],"collection":[{"href":"https:\/\/www.em.com.br\/emfoco\/wp-json\/wp\/v2\/posts"}],"about":[{"href":"https:\/\/www.em.com.br\/emfoco\/wp-json\/wp\/v2\/types\/post"}],"author":[{"embeddable":true,"href":"https:\/\/www.em.com.br\/emfoco\/wp-json\/wp\/v2\/users\/20"}],"replies":[{"embeddable":true,"href":"https:\/\/www.em.com.br\/emfoco\/wp-json\/wp\/v2\/comments?post=147336"}],"version-history":[{"count":1,"href":"https:\/\/www.em.com.br\/emfoco\/wp-json\/wp\/v2\/posts\/147336\/revisions"}],"predecessor-version":[{"id":147386,"href":"https:\/\/www.em.com.br\/emfoco\/wp-json\/wp\/v2\/posts\/147336\/revisions\/147386"}],"wp:featuredmedia":[{"embeddable":true,"href":"https:\/\/www.em.com.br\/emfoco\/wp-json\/wp\/v2\/media\/147385"}],"wp:attachment":[{"href":"https:\/\/www.em.com.br\/emfoco\/wp-json\/wp\/v2\/media?parent=147336"}],"wp:term":[{"taxonomy":"category","embeddable":true,"href":"https:\/\/www.em.com.br\/emfoco\/wp-json\/wp\/v2\/categories?post=147336"},{"taxonomy":"post_tag","embeddable":true,"href":"https:\/\/www.em.com.br\/emfoco\/wp-json\/wp\/v2\/tags?post=147336"}],"curies":[{"name":"wp","href":"https:\/\/api.w.org\/{rel}","templated":true}]}}