{"id":14692,"date":"2025-02-09T22:20:00","date_gmt":"2025-02-10T01:20:00","guid":{"rendered":"https:\/\/www.em.com.br\/emfoco\/?p=14692"},"modified":"2025-02-05T18:01:35","modified_gmt":"2025-02-05T21:01:35","slug":"inovacoes-medicas-reduzem-mortes-por-infarto-e-avc-veja-como","status":"publish","type":"post","link":"https:\/\/www.em.com.br\/emfoco\/2025\/02\/09\/inovacoes-medicas-reduzem-mortes-por-infarto-e-avc-veja-como\/","title":{"rendered":"Inova\u00e7\u00f5es m\u00e9dicas reduzem mortes por infarto e AVC! Saiba como!"},"content":{"rendered":"\n<p>As doen\u00e7as cardiovasculares representam a principal causa de mortes no mundo, com milh\u00f5es de v\u00edtimas anualmente devido a complica\u00e7\u00f5es como infartos e acidentes vasculares cerebrais (<strong><a href=\"https:\/\/www.gov.br\/saude\/pt-br\/assuntos\/saude-de-a-a-z\/a\/avc#:~:text=O%20Acidente%20Vascular%20Cerebral%20(AVC,interna%C3%A7%C3%B5es%20em%20todo%20o%20mundo.\" target=\"_blank\" rel=\"noreferrer noopener\">AVC<\/a><\/strong>). No <strong>Brasil<\/strong>, essas condi\u00e7\u00f5es tamb\u00e9m lideram a lista de mortalidade, o que torna essencial a busca por solu\u00e7\u00f5es eficazes para preven\u00e7\u00e3o e tratamento. A tecnologia desempenha um papel crucial nesse sentido, oferecendo desde ferramentas para monitoramento at\u00e9 terapias minimamente invasivas.<\/p>\n\n\n\n<p>Smartwatches e dispositivos semelhantes est\u00e3o cada vez mais integrados ao cotidiano, auxiliando no monitoramento do ritmo card\u00edaco e possibilitando a detec\u00e7\u00e3o precoce de anomalias. Al\u00e9m disso, inova\u00e7\u00f5es na \u00e1rea da medicina tornaram os procedimentos menos traumatizantes, oferecendo ao paciente uma recupera\u00e7\u00e3o mais r\u00e1pida e menos dolorosa.<\/p>\n\n\n\n<h2 class=\"wp-block-heading\">Como as tecnologias minimamente invasivas funcionam?<\/h2>\n\n\n\n<p>Nessas t\u00e9cnicas, procedimentos que antes demandavam incis\u00f5es maiores e recupera\u00e7\u00f5es prolongadas agora s\u00e3o realizados por meio de pequenas aberturas no corpo. <strong>Stents<\/strong>, por exemplo, s\u00e3o inseridos dentro das art\u00e9rias coron\u00e1rias para prevenir ou tratar infartos, enquanto procedimentos para substitui\u00e7\u00e3o de v\u00e1lvulas card\u00edacas defeituosas tamb\u00e9m se beneficiam dessas abordagens. A implementa\u00e7\u00e3o de tecnologias m\u00ednimas invasivas reduz n\u00e3o apenas o tempo de interna\u00e7\u00e3o, mas tamb\u00e9m os custos gerais para os sistemas de sa\u00fade.<\/p>\n\n\n\n<figure class=\"wp-block-image size-large\"><img loading=\"lazy\" decoding=\"async\" width=\"1024\" height=\"576\" src=\"https:\/\/www.em.com.br\/emfoco\/wp-content\/uploads\/2024\/12\/futuro_1735339560218-1024x576.jpg\" alt=\"O futuro chegou: as tend\u00eancias tecnol\u00f3gicas que marcaram 2024\" class=\"wp-image-7178\" srcset=\"https:\/\/www.em.com.br\/emfoco\/wp-content\/uploads\/2024\/12\/futuro_1735339560218-1024x576.jpg 1024w, https:\/\/www.em.com.br\/emfoco\/wp-content\/uploads\/2024\/12\/futuro_1735339560218-300x169.jpg 300w, https:\/\/www.em.com.br\/emfoco\/wp-content\/uploads\/2024\/12\/futuro_1735339560218-768x432.jpg 768w, https:\/\/www.em.com.br\/emfoco\/wp-content\/uploads\/2024\/12\/futuro_1735339560218-750x422.jpg 750w, https:\/\/www.em.com.br\/emfoco\/wp-content\/uploads\/2024\/12\/futuro_1735339560218-1140x641.jpg 1140w, https:\/\/www.em.com.br\/emfoco\/wp-content\/uploads\/2024\/12\/futuro_1735339560218.jpg 1280w\" sizes=\"auto, (max-width: 1024px) 100vw, 1024px\" \/><figcaption class=\"wp-element-caption\">Imagem Ilustrativa de futuro &#8211; Cr\u00e9ditos: depositphotos.com \/ VitalikRadko<\/figcaption><\/figure>\n\n\n\n<h2 class=\"wp-block-heading\">Quais s\u00e3o os desafios para a implementa\u00e7\u00e3o de novas tecnologias?<\/h2>\n\n\n\n<p>Apesar dos avan\u00e7os significativos, a acessibilidade dessas <strong><a href=\"https:\/\/www.em.com.br\/emfoco\/2025\/01\/10\/corolla-2025-tecnologia-avancada-e-opcoes-hibridas-para-uma-experiencia-incomparavel\/\" target=\"_blank\" rel=\"noreferrer noopener\">tecnologias<\/a><\/strong> ainda \u00e9 limitada. Mesmo quando uma nova tecnologia \u00e9 aprovada para uso no Brasil ap\u00f3s os rigorosos testes da <strong>Ag\u00eancia Nacional de Vigil\u00e2ncia Sanit\u00e1ria (Anvisa)<\/strong>, a disponibilidade para toda a popula\u00e7\u00e3o n\u00e3o \u00e9 garantida. A incorpora\u00e7\u00e3o em larga escala depende de avalia\u00e7\u00f5es adicionais por \u00f3rg\u00e3os como a <strong>Comiss\u00e3o Nacional de Incorpora\u00e7\u00e3o de Tecnologias no Sistema \u00danico de Sa\u00fade (Conitec)<\/strong> e a <strong>Ag\u00eancia Nacional de Sa\u00fade Suplementar (ANS)<\/strong>.<\/p>\n\n\n\n<p>A jornada desde a concep\u00e7\u00e3o at\u00e9 a implementa\u00e7\u00e3o envolve demonstra\u00e7\u00f5es de efic\u00e1cia, seguran\u00e7a e efici\u00eancia econ\u00f4mica, um processo que exige tempo e extensa documenta\u00e7\u00e3o cient\u00edfica. A inova\u00e7\u00e3o tecnol\u00f3gica deve n\u00e3o apenas oferecer benef\u00edcios cl\u00ednicos, mas tamb\u00e9m demonstrar potencial para melhorar a qualidade de vida dos pacientes e a sustentabilidade dos sistemas de sa\u00fade.<\/p>\n\n\n\n<h2 class=\"wp-block-heading\">Quais tecnologias podem transformar o atendimento cardiovascular?<\/h2>\n\n\n\n<p>A doen\u00e7a arterial coronariana (DAC) \u00e9 uma das principais preocupa\u00e7\u00f5es na cardiologia devido \u00e0 sua alta preval\u00eancia e mortalidade se n\u00e3o tratada. Para lidar com ela, medidas preventivas e mudan\u00e7as no estilo de vida s\u00e3o fundamentais, mas casos avan\u00e7ados exigem interven\u00e7\u00f5es como a implanta\u00e7\u00e3o de cardio-desfibriladores ou marca-passos. Inova\u00e7\u00f5es como o PFA (pulso el\u00e9trodo ampliado) para o tratamento de fibrila\u00e7\u00e3o atrial mostram-se promissoras, oferecendo menos riscos de complica\u00e7\u00f5es e melhorando a efici\u00eancia dos procedimentos.<\/p>\n\n\n\n<p>Al\u00e9m dessas, o fechamento do ap\u00eandice atrial esquerdo \u00e9 uma interven\u00e7\u00e3o eficaz para prevenir AVCs em pacientes com fibrila\u00e7\u00e3o atrial que n\u00e3o podem usar anticoagulantes. Tais avan\u00e7os contribuem significativamente para reduzir os impactos f\u00edsicos e emocionais associados \u00e0s doen\u00e7as cardiovasculares, beneficiando n\u00e3o somente os pacientes, mas suas fam\u00edlias e o sistema de sa\u00fade em geral.<\/p>\n\n\n\n<h2 class=\"wp-block-heading\">Qu\u00e3o importantes s\u00e3o os dispositivos implant\u00e1veis?<\/h2>\n\n\n\n<p>Os dispositivos implant\u00e1veis, como marca-passos e cardio-desfibriladores, continuam a evoluir, tornando-se menores e mais autossuficientes. Esses avan\u00e7os asseguram n\u00e3o apenas uma maior expectativa de vida, mas tamb\u00e9m conforto e redu\u00e7\u00e3o de interven\u00e7\u00f5es para substitui\u00e7\u00f5es de dispositivos desgastados. Esses implantes fornecem estabilidade no ritmo card\u00edaco e prote\u00e7\u00e3o contra mortes s\u00fabitas sem intrus\u00f5es desnecess\u00e1rias na rotina do paciente.<\/p>\n\n\n\n<p>De modo geral, o foco na acelera\u00e7\u00e3o da implementa\u00e7\u00e3o de inova\u00e7\u00f5es tecnol\u00f3gicas no campo da cardiologia \u00e9 um desafio cont\u00ednuo que exige coopera\u00e7\u00e3o entre ind\u00fastria, governo e profissionais da sa\u00fade. A capacidade de traduzir a pesquisa cient\u00edfica e os avan\u00e7os tecnol\u00f3gicos em melhorias palp\u00e1veis para a sa\u00fade da popula\u00e7\u00e3o \u00e9 crucial para enfrentar os desafios card\u00edacos globais e locais.<\/p>\n","protected":false},"excerpt":{"rendered":"<p>As doen\u00e7as cardiovasculares representam a principal causa de mortes no mundo, com milh\u00f5es de v\u00edtimas anualmente devido a complica\u00e7\u00f5es como infartos e acidentes vasculares cerebrais (AVC). No Brasil, essas condi\u00e7\u00f5es tamb\u00e9m lideram a lista de mortalidade, o que torna essencial a busca por solu\u00e7\u00f5es eficazes para preven\u00e7\u00e3o e tratamento. A tecnologia desempenha um papel crucial [&hellip;]<\/p>\n","protected":false},"author":5,"featured_media":7161,"comment_status":"open","ping_status":"open","sticky":false,"template":"","format":"standard","meta":{"jnews-multi-image_gallery":[],"jnews_single_post":{"format":"standard"},"jnews_primary_category":[],"jnews_social_meta":[],"jnews_override_counter":[],"footnotes":""},"categories":[1,4204],"tags":[4384,4383,820],"class_list":["post-14692","post","type-post","status-publish","format-standard","has-post-thumbnail","hentry","category-noticias","category-tecnologia","tag-avancos-tecnologicos","tag-doencas-cardiovasculares","tag-inovacoes-tecnologicas"],"yoast_head":"<!-- This site is optimized with the Yoast SEO plugin v23.8 - https:\/\/yoast.com\/wordpress\/plugins\/seo\/ -->\n<title>Inova\u00e7\u00f5es m\u00e9dicas reduzem mortes por infarto e AVC! Saiba como! - Estado de Minas - Em foco<\/title>\n<meta name=\"description\" content=\"Avan\u00e7os tecnol\u00f3gicos est\u00e3o tornando o tratamento de doen\u00e7as card\u00edacas mais seguro, r\u00e1pido e acess\u00edvel. Veja as inova\u00e7\u00f5es!\" \/>\n<meta name=\"robots\" content=\"index, follow, max-snippet:-1, max-image-preview:large, max-video-preview:-1\" \/>\n<link rel=\"canonical\" href=\"https:\/\/www.em.com.br\/emfoco\/2025\/02\/09\/inovacoes-medicas-reduzem-mortes-por-infarto-e-avc-veja-como\/\" \/>\n<meta property=\"og:locale\" content=\"pt_BR\" \/>\n<meta property=\"og:type\" content=\"article\" \/>\n<meta property=\"og:title\" content=\"Inova\u00e7\u00f5es m\u00e9dicas reduzem mortes por infarto e AVC! Saiba como! - Estado de Minas - Em foco\" \/>\n<meta property=\"og:description\" content=\"Avan\u00e7os tecnol\u00f3gicos est\u00e3o tornando o tratamento de doen\u00e7as card\u00edacas mais seguro, r\u00e1pido e acess\u00edvel. Veja as inova\u00e7\u00f5es!\" \/>\n<meta property=\"og:url\" content=\"https:\/\/www.em.com.br\/emfoco\/2025\/02\/09\/inovacoes-medicas-reduzem-mortes-por-infarto-e-avc-veja-como\/\" \/>\n<meta property=\"og:site_name\" content=\"Estado de Minas - Em foco\" \/>\n<meta property=\"article:published_time\" content=\"2025-02-10T01:20:00+00:00\" \/>\n<meta property=\"article:modified_time\" content=\"2025-02-05T21:01:35+00:00\" \/>\n<meta property=\"og:image\" content=\"https:\/\/www.em.com.br\/emfoco\/wp-content\/uploads\/2024\/12\/coracao-humano_1735336570433.jpg\" \/>\n\t<meta property=\"og:image:width\" content=\"1280\" \/>\n\t<meta property=\"og:image:height\" content=\"720\" \/>\n\t<meta property=\"og:image:type\" content=\"image\/jpeg\" \/>\n<meta name=\"author\" content=\"N\u00fabia Rangel\" \/>\n<meta name=\"twitter:card\" content=\"summary_large_image\" \/>\n<meta name=\"twitter:label1\" content=\"Escrito por\" \/>\n\t<meta name=\"twitter:data1\" content=\"N\u00fabia Rangel\" \/>\n\t<meta name=\"twitter:label2\" content=\"Est. tempo de leitura\" \/>\n\t<meta name=\"twitter:data2\" content=\"4 minutos\" \/>\n<!-- \/ Yoast SEO plugin. -->","yoast_head_json":{"title":"Inova\u00e7\u00f5es m\u00e9dicas reduzem mortes por infarto e AVC! Saiba como! - Estado de Minas - Em foco","description":"Avan\u00e7os tecnol\u00f3gicos est\u00e3o tornando o tratamento de doen\u00e7as card\u00edacas mais seguro, r\u00e1pido e acess\u00edvel. Veja as inova\u00e7\u00f5es!","robots":{"index":"index","follow":"follow","max-snippet":"max-snippet:-1","max-image-preview":"max-image-preview:large","max-video-preview":"max-video-preview:-1"},"canonical":"https:\/\/www.em.com.br\/emfoco\/2025\/02\/09\/inovacoes-medicas-reduzem-mortes-por-infarto-e-avc-veja-como\/","og_locale":"pt_BR","og_type":"article","og_title":"Inova\u00e7\u00f5es m\u00e9dicas reduzem mortes por infarto e AVC! Saiba como! - Estado de Minas - Em foco","og_description":"Avan\u00e7os tecnol\u00f3gicos est\u00e3o tornando o tratamento de doen\u00e7as card\u00edacas mais seguro, r\u00e1pido e acess\u00edvel. Veja as inova\u00e7\u00f5es!","og_url":"https:\/\/www.em.com.br\/emfoco\/2025\/02\/09\/inovacoes-medicas-reduzem-mortes-por-infarto-e-avc-veja-como\/","og_site_name":"Estado de Minas - Em foco","article_published_time":"2025-02-10T01:20:00+00:00","article_modified_time":"2025-02-05T21:01:35+00:00","og_image":[{"width":1280,"height":720,"url":"https:\/\/www.em.com.br\/emfoco\/wp-content\/uploads\/2024\/12\/coracao-humano_1735336570433.jpg","type":"image\/jpeg"}],"author":"N\u00fabia Rangel","twitter_card":"summary_large_image","twitter_misc":{"Escrito por":"N\u00fabia Rangel","Est. tempo de leitura":"4 minutos"},"schema":{"@context":"https:\/\/schema.org","@graph":[{"@type":"WebPage","@id":"https:\/\/www.em.com.br\/emfoco\/2025\/02\/09\/inovacoes-medicas-reduzem-mortes-por-infarto-e-avc-veja-como\/","url":"https:\/\/www.em.com.br\/emfoco\/2025\/02\/09\/inovacoes-medicas-reduzem-mortes-por-infarto-e-avc-veja-como\/","name":"Inova\u00e7\u00f5es m\u00e9dicas reduzem mortes por infarto e AVC! Saiba como! - Estado de Minas - Em foco","isPartOf":{"@id":"https:\/\/www.em.com.br\/emfoco\/#website"},"primaryImageOfPage":{"@id":"https:\/\/www.em.com.br\/emfoco\/2025\/02\/09\/inovacoes-medicas-reduzem-mortes-por-infarto-e-avc-veja-como\/#primaryimage"},"image":{"@id":"https:\/\/www.em.com.br\/emfoco\/2025\/02\/09\/inovacoes-medicas-reduzem-mortes-por-infarto-e-avc-veja-como\/#primaryimage"},"thumbnailUrl":"https:\/\/www.em.com.br\/emfoco\/wp-content\/uploads\/2024\/12\/coracao-humano_1735336570433.jpg","datePublished":"2025-02-10T01:20:00+00:00","dateModified":"2025-02-05T21:01:35+00:00","author":{"@id":"https:\/\/www.em.com.br\/emfoco\/#\/schema\/person\/524437ef54f8a5d32591b143307f2e20"},"description":"Avan\u00e7os tecnol\u00f3gicos est\u00e3o tornando o tratamento de doen\u00e7as card\u00edacas mais seguro, r\u00e1pido e acess\u00edvel. Veja as inova\u00e7\u00f5es!","breadcrumb":{"@id":"https:\/\/www.em.com.br\/emfoco\/2025\/02\/09\/inovacoes-medicas-reduzem-mortes-por-infarto-e-avc-veja-como\/#breadcrumb"},"inLanguage":"pt-BR","potentialAction":[{"@type":"ReadAction","target":["https:\/\/www.em.com.br\/emfoco\/2025\/02\/09\/inovacoes-medicas-reduzem-mortes-por-infarto-e-avc-veja-como\/"]}]},{"@type":"ImageObject","inLanguage":"pt-BR","@id":"https:\/\/www.em.com.br\/emfoco\/2025\/02\/09\/inovacoes-medicas-reduzem-mortes-por-infarto-e-avc-veja-como\/#primaryimage","url":"https:\/\/www.em.com.br\/emfoco\/wp-content\/uploads\/2024\/12\/coracao-humano_1735336570433.jpg","contentUrl":"https:\/\/www.em.com.br\/emfoco\/wp-content\/uploads\/2024\/12\/coracao-humano_1735336570433.jpg","width":1280,"height":720,"caption":"Imagem Ilustrativa de Cora\u00e7\u00e3o - Cr\u00e9ditos: depositphotos.com \/ KostyaKlimenko"},{"@type":"BreadcrumbList","@id":"https:\/\/www.em.com.br\/emfoco\/2025\/02\/09\/inovacoes-medicas-reduzem-mortes-por-infarto-e-avc-veja-como\/#breadcrumb","itemListElement":[{"@type":"ListItem","position":1,"name":"In\u00edcio","item":"https:\/\/www.em.com.br\/emfoco\/"},{"@type":"ListItem","position":2,"name":"Inova\u00e7\u00f5es m\u00e9dicas reduzem mortes por infarto e AVC! Saiba como!"}]},{"@type":"WebSite","@id":"https:\/\/www.em.com.br\/emfoco\/#website","url":"https:\/\/www.em.com.br\/emfoco\/","name":"Estado de Minas - Em foco","description":"Acompanhe as \u00faltimas not\u00edcias e fique bem informado sobre tudo o que acontece em Minas Gerais, Brasil e no mundo.","potentialAction":[{"@type":"SearchAction","target":{"@type":"EntryPoint","urlTemplate":"https:\/\/www.em.com.br\/emfoco\/?s={search_term_string}"},"query-input":{"@type":"PropertyValueSpecification","valueRequired":true,"valueName":"search_term_string"}}],"inLanguage":"pt-BR"},{"@type":"Person","@id":"https:\/\/www.em.com.br\/emfoco\/#\/schema\/person\/524437ef54f8a5d32591b143307f2e20","name":"N\u00fabia Rangel","image":{"@type":"ImageObject","inLanguage":"pt-BR","@id":"https:\/\/www.em.com.br\/emfoco\/#\/schema\/person\/image\/","url":"https:\/\/secure.gravatar.com\/avatar\/47cff2827a5ba23c37e8068c86817ea4?s=96&d=mm&r=g","contentUrl":"https:\/\/secure.gravatar.com\/avatar\/47cff2827a5ba23c37e8068c86817ea4?s=96&d=mm&r=g","caption":"N\u00fabia Rangel"},"sameAs":["https:\/\/www.em.com.br\/emfoco\/"],"url":"https:\/\/www.em.com.br\/emfoco\/author\/nubiamyth\/"}]}},"_links":{"self":[{"href":"https:\/\/www.em.com.br\/emfoco\/wp-json\/wp\/v2\/posts\/14692","targetHints":{"allow":["GET"]}}],"collection":[{"href":"https:\/\/www.em.com.br\/emfoco\/wp-json\/wp\/v2\/posts"}],"about":[{"href":"https:\/\/www.em.com.br\/emfoco\/wp-json\/wp\/v2\/types\/post"}],"author":[{"embeddable":true,"href":"https:\/\/www.em.com.br\/emfoco\/wp-json\/wp\/v2\/users\/5"}],"replies":[{"embeddable":true,"href":"https:\/\/www.em.com.br\/emfoco\/wp-json\/wp\/v2\/comments?post=14692"}],"version-history":[{"count":3,"href":"https:\/\/www.em.com.br\/emfoco\/wp-json\/wp\/v2\/posts\/14692\/revisions"}],"predecessor-version":[{"id":17074,"href":"https:\/\/www.em.com.br\/emfoco\/wp-json\/wp\/v2\/posts\/14692\/revisions\/17074"}],"wp:featuredmedia":[{"embeddable":true,"href":"https:\/\/www.em.com.br\/emfoco\/wp-json\/wp\/v2\/media\/7161"}],"wp:attachment":[{"href":"https:\/\/www.em.com.br\/emfoco\/wp-json\/wp\/v2\/media?parent=14692"}],"wp:term":[{"taxonomy":"category","embeddable":true,"href":"https:\/\/www.em.com.br\/emfoco\/wp-json\/wp\/v2\/categories?post=14692"},{"taxonomy":"post_tag","embeddable":true,"href":"https:\/\/www.em.com.br\/emfoco\/wp-json\/wp\/v2\/tags?post=14692"}],"curies":[{"name":"wp","href":"https:\/\/api.w.org\/{rel}","templated":true}]}}