{"id":14691,"date":"2025-02-08T22:20:00","date_gmt":"2025-02-09T01:20:00","guid":{"rendered":"https:\/\/www.em.com.br\/emfoco\/?p=14691"},"modified":"2025-02-01T16:45:20","modified_gmt":"2025-02-01T19:45:20","slug":"vaticano-se-posiciona-sobre-ia-e-etica-o-que-esta-em-jogo","status":"publish","type":"post","link":"https:\/\/www.em.com.br\/emfoco\/2025\/02\/08\/vaticano-se-posiciona-sobre-ia-e-etica-o-que-esta-em-jogo\/","title":{"rendered":"Vaticano se posiciona sobre IA e \u00e9tica! O que est\u00e1 em jogo?"},"content":{"rendered":"\n<p>A evolu\u00e7\u00e3o da <strong>intelig\u00eancia artificial <\/strong>(IA) tem sido tema de debates intensos em diversas esferas sociais, econ\u00f4micas e pol\u00edticas. O <strong>Vaticano<\/strong>, por interm\u00e9dio de um documento recentemente divulgado, destacou a import\u00e2ncia de uma abordagem \u00e9tica no desenvolvimento e implementa\u00e7\u00e3o dessa tecnologia, apontando os desafios associados \u00e0 dissemina\u00e7\u00e3o de desinforma\u00e7\u00e3o. A preocupa\u00e7\u00e3o central \u00e9 que a IA pode, intencionalmente ou n\u00e3o, minar as bases da sociedade ao gerar conte\u00fado falso.<\/p>\n\n\n\n<p>Com a crescente capacidade da IA para criar e distribuir informa\u00e7\u00f5es, h\u00e1 um risco real de polariza\u00e7\u00e3o pol\u00edtica e desordem social. A <strong><a href=\"https:\/\/pt.wikipedia.org\/wiki\/Igreja_Cat%C3%B3lica\" target=\"_blank\" rel=\"noreferrer noopener\">Igreja Cat\u00f3lica<\/a><\/strong>, com seus 1,4 bilh\u00e3o de membros sob a lideran\u00e7a do <strong>Papa Francisco<\/strong>, tem enfatizado repetidamente a necessidade de regulamenta\u00e7\u00f5es rigorosas para mitigar os potenciais danos causados pela <strong><a href=\"https:\/\/www.em.com.br\/emfoco\/2025\/01\/03\/revolucao-tecnologica-o-que-esperar-de-2025\/\" target=\"_blank\" rel=\"noreferrer noopener\">tecnologia<\/a><\/strong>. O impacto da IA n\u00e3o se limita apenas \u00e0 desinforma\u00e7\u00e3o, mas tamb\u00e9m afeta v\u00e1rias \u00e1reas, incluindo o mercado de trabalho, sa\u00fade e educa\u00e7\u00e3o.<\/p>\n\n\n\n<h2 class=\"wp-block-heading\">Por que a IA \u00e9 uma preocupa\u00e7\u00e3o crescente?<\/h2>\n\n\n\n<p>A intelig\u00eancia artificial tem o potencial de transformar numerosos aspectos da vida cotidiana, desde a automa\u00e7\u00e3o de trabalhos manuais at\u00e9 a personaliza\u00e7\u00e3o de servi\u00e7os de sa\u00fade. No entanto, paralelamente a essas melhorias, surgem preocupa\u00e7\u00f5es significativas, principalmente em rela\u00e7\u00e3o \u00e0 \u00e9tica da IA. O Vaticano ressalta que a avalia\u00e7\u00e3o moral dessa tecnologia deve considerar sua dire\u00e7\u00e3o e utiliza\u00e7\u00e3o, sob a amea\u00e7a constante da &#8220;sombra do mal&#8221;.<\/p>\n\n\n\n<p>Entre os riscos associados \u00e0 IA, a capacidade de espalhar desinforma\u00e7\u00e3o se destaca. Ferramentas alimentadas por algoritmos podem produzir m\u00eddia falsa de maneira eficaz, impactando a opini\u00e3o p\u00fablica e contribuindo para a polariza\u00e7\u00e3o. Diante desse cen\u00e1rio, o Vaticano apelou por um escrut\u00ednio atento por parte dos governos em rela\u00e7\u00e3o ao desenvolvimento e controle da IA.<\/p>\n\n\n\n<figure class=\"wp-block-image size-large\"><img loading=\"lazy\" decoding=\"async\" width=\"1024\" height=\"576\" src=\"https:\/\/www.em.com.br\/emfoco\/wp-content\/uploads\/2025\/01\/chat-gpt_1738171920229-1-1024x576.jpg\" alt=\"Vaticano se posiciona sobre IA e \u00e9tica: o que est\u00e1 em jogo?\" class=\"wp-image-14703\" srcset=\"https:\/\/www.em.com.br\/emfoco\/wp-content\/uploads\/2025\/01\/chat-gpt_1738171920229-1-1024x576.jpg 1024w, https:\/\/www.em.com.br\/emfoco\/wp-content\/uploads\/2025\/01\/chat-gpt_1738171920229-1-300x169.jpg 300w, https:\/\/www.em.com.br\/emfoco\/wp-content\/uploads\/2025\/01\/chat-gpt_1738171920229-1-768x432.jpg 768w, https:\/\/www.em.com.br\/emfoco\/wp-content\/uploads\/2025\/01\/chat-gpt_1738171920229-1-750x422.jpg 750w, https:\/\/www.em.com.br\/emfoco\/wp-content\/uploads\/2025\/01\/chat-gpt_1738171920229-1-1140x641.jpg 1140w, https:\/\/www.em.com.br\/emfoco\/wp-content\/uploads\/2025\/01\/chat-gpt_1738171920229-1.jpg 1280w\" sizes=\"auto, (max-width: 1024px) 100vw, 1024px\" \/><figcaption class=\"wp-element-caption\">Chat GPT &#8211; Cr\u00e9ditos: depositphotos.com \/ Irrmago<\/figcaption><\/figure>\n\n\n\n<h2 class=\"wp-block-heading\">Como a \u00e9tica da IA afeta a sociedade?<\/h2>\n\n\n\n<p>A \u00e9tica em intelig\u00eancia artificial envolve quest\u00f5es complexas que abrangem desde a programa\u00e7\u00e3o de algoritmos at\u00e9 a implementa\u00e7\u00e3o pr\u00e1tica da tecnologia. O Papa Francisco, em ocasi\u00f5es como o <strong>F\u00f3rum Econ\u00f4mico Mundial <\/strong>e a c\u00fapula do <strong>G7<\/strong>, instou l\u00edderes globais a priorizar um exame cr\u00edtico das implica\u00e7\u00f5es \u00e9ticas da IA no futuro da humanidade. A Igreja Cat\u00f3lica considera que decis\u00f5es impulsionadas por algoritmos n\u00e3o devem ditar o destino das pessoas, sublinhando a import\u00e2ncia do julgamento humano.<\/p>\n\n\n\n<ul class=\"wp-block-list\">\n<li><strong>Mercado de Trabalho:<\/strong> A automa\u00e7\u00e3o pode levar a uma redu\u00e7\u00e3o de empregos, exigindo novas pol\u00edticas para mitigar os impactos.<\/li>\n\n\n\n<li><strong>Sa\u00fade:<\/strong> A tecnologia deve respeitar a \u00e9tica m\u00e9dica, garantindo que os algoritmos melhorem, em vez de comprometer, os cuidados com os pacientes.<\/li>\n\n\n\n<li><strong>Educa\u00e7\u00e3o:<\/strong> Precisam ser estabelecidas diretrizes para o uso da IA como suporte educacional, sem substituir a intera\u00e7\u00e3o humana essencial.<\/li>\n<\/ul>\n\n\n\n<h2 class=\"wp-block-heading\">O que o Vaticano prop\u00f5e para o futuro da IA?<\/h2>\n\n\n\n<p>O Vaticano, em seu novo documento intitulado &#8220;<strong>Antica et nova<\/strong>&#8220;, sugere que a regulamenta\u00e7\u00e3o e a supervis\u00e3o cont\u00ednua s\u00e3o cruciais para garantir que a IA seja usada de maneira \u00e9tica e respons\u00e1vel. A proposta inclui a cria\u00e7\u00e3o de estruturas legislativas coerentes que abordem especificamente os desafios e os riscos que a tecnologia representa. Al\u00e9m disso, a Igreja Cat\u00f3lica pressiona por um di\u00e1logo global que explore as implica\u00e7\u00f5es \u00e9ticas da IA, envolvendo n\u00e3o apenas autoridades governamentais, mas tamb\u00e9m a sociedade civil e o setor privado.<\/p>\n\n\n\n<p>Assim, \u00e9 claro que o desenvolvimento da intelig\u00eancia artificial exige n\u00e3o apenas um avan\u00e7o tecnol\u00f3gico, mas tamb\u00e9m uma profunda reflex\u00e3o \u00e9tica e moral. A abordagem proposta pelo Vaticano enfatiza a necessidade de supervis\u00e3o cuidadosa para proteger os princ\u00edpios fundamentais da sociedade, posicionando a \u00e9tica no centro de qualquer progresso tecnol\u00f3gico. As discuss\u00f5es sobre o equil\u00edbrio entre inova\u00e7\u00e3o e valores humanos s\u00e3o mais relevantes do que nunca, demandando a\u00e7\u00f5es coordenadas de todos os setores envolvidos.<\/p>\n","protected":false},"excerpt":{"rendered":"<p>A evolu\u00e7\u00e3o da intelig\u00eancia artificial (IA) tem sido tema de debates intensos em diversas esferas sociais, econ\u00f4micas e pol\u00edticas. O Vaticano, por interm\u00e9dio de um documento recentemente divulgado, destacou a import\u00e2ncia de uma abordagem \u00e9tica no desenvolvimento e implementa\u00e7\u00e3o dessa tecnologia, apontando os desafios associados \u00e0 dissemina\u00e7\u00e3o de desinforma\u00e7\u00e3o. A preocupa\u00e7\u00e3o central \u00e9 que a [&hellip;]<\/p>\n","protected":false},"author":5,"featured_media":14701,"comment_status":"open","ping_status":"open","sticky":false,"template":"","format":"standard","meta":{"jnews-multi-image_gallery":[],"jnews_single_post":{"format":"standard"},"jnews_primary_category":[],"jnews_social_meta":[],"jnews_override_counter":[],"footnotes":""},"categories":[1,4204],"tags":[1375,1249,161],"class_list":["post-14691","post","type-post","status-publish","format-standard","has-post-thumbnail","hentry","category-noticias","category-tecnologia","tag-ia","tag-inteligencia-artificial","tag-tecnologia"],"yoast_head":"<!-- This site is optimized with the Yoast SEO plugin v23.8 - https:\/\/yoast.com\/wordpress\/plugins\/seo\/ -->\n<title>Vaticano se posiciona sobre IA e \u00e9tica! O que est\u00e1 em jogo? - Estado de Minas - Em foco<\/title>\n<meta name=\"description\" content=\"Papa Francisco destaca a necessidade de regulamenta\u00e7\u00e3o da IA para evitar desinforma\u00e7\u00e3o e impactos sociais negativos. Saiba mais!\" \/>\n<meta name=\"robots\" content=\"index, follow, max-snippet:-1, max-image-preview:large, max-video-preview:-1\" \/>\n<link rel=\"canonical\" href=\"https:\/\/www.em.com.br\/emfoco\/2025\/02\/08\/vaticano-se-posiciona-sobre-ia-e-etica-o-que-esta-em-jogo\/\" \/>\n<meta property=\"og:locale\" content=\"pt_BR\" \/>\n<meta property=\"og:type\" content=\"article\" \/>\n<meta property=\"og:title\" content=\"Vaticano se posiciona sobre IA e \u00e9tica! O que est\u00e1 em jogo? - Estado de Minas - Em foco\" \/>\n<meta property=\"og:description\" content=\"Papa Francisco destaca a necessidade de regulamenta\u00e7\u00e3o da IA para evitar desinforma\u00e7\u00e3o e impactos sociais negativos. Saiba mais!\" \/>\n<meta property=\"og:url\" content=\"https:\/\/www.em.com.br\/emfoco\/2025\/02\/08\/vaticano-se-posiciona-sobre-ia-e-etica-o-que-esta-em-jogo\/\" \/>\n<meta property=\"og:site_name\" content=\"Estado de Minas - Em foco\" \/>\n<meta property=\"article:published_time\" content=\"2025-02-09T01:20:00+00:00\" \/>\n<meta property=\"article:modified_time\" content=\"2025-02-01T19:45:20+00:00\" \/>\n<meta property=\"og:image\" content=\"https:\/\/www.em.com.br\/emfoco\/wp-content\/uploads\/2025\/01\/vaticano_1738171815885.jpg\" \/>\n\t<meta property=\"og:image:width\" content=\"1280\" \/>\n\t<meta property=\"og:image:height\" content=\"720\" \/>\n\t<meta property=\"og:image:type\" content=\"image\/jpeg\" \/>\n<meta name=\"author\" content=\"N\u00fabia Rangel\" \/>\n<meta name=\"twitter:card\" content=\"summary_large_image\" \/>\n<meta name=\"twitter:label1\" content=\"Escrito por\" \/>\n\t<meta name=\"twitter:data1\" content=\"N\u00fabia Rangel\" \/>\n\t<meta name=\"twitter:label2\" content=\"Est. tempo de leitura\" \/>\n\t<meta name=\"twitter:data2\" content=\"4 minutos\" \/>\n<!-- \/ Yoast SEO plugin. -->","yoast_head_json":{"title":"Vaticano se posiciona sobre IA e \u00e9tica! O que est\u00e1 em jogo? - Estado de Minas - Em foco","description":"Papa Francisco destaca a necessidade de regulamenta\u00e7\u00e3o da IA para evitar desinforma\u00e7\u00e3o e impactos sociais negativos. Saiba mais!","robots":{"index":"index","follow":"follow","max-snippet":"max-snippet:-1","max-image-preview":"max-image-preview:large","max-video-preview":"max-video-preview:-1"},"canonical":"https:\/\/www.em.com.br\/emfoco\/2025\/02\/08\/vaticano-se-posiciona-sobre-ia-e-etica-o-que-esta-em-jogo\/","og_locale":"pt_BR","og_type":"article","og_title":"Vaticano se posiciona sobre IA e \u00e9tica! O que est\u00e1 em jogo? - Estado de Minas - Em foco","og_description":"Papa Francisco destaca a necessidade de regulamenta\u00e7\u00e3o da IA para evitar desinforma\u00e7\u00e3o e impactos sociais negativos. Saiba mais!","og_url":"https:\/\/www.em.com.br\/emfoco\/2025\/02\/08\/vaticano-se-posiciona-sobre-ia-e-etica-o-que-esta-em-jogo\/","og_site_name":"Estado de Minas - Em foco","article_published_time":"2025-02-09T01:20:00+00:00","article_modified_time":"2025-02-01T19:45:20+00:00","og_image":[{"width":1280,"height":720,"url":"https:\/\/www.em.com.br\/emfoco\/wp-content\/uploads\/2025\/01\/vaticano_1738171815885.jpg","type":"image\/jpeg"}],"author":"N\u00fabia Rangel","twitter_card":"summary_large_image","twitter_misc":{"Escrito por":"N\u00fabia Rangel","Est. tempo de leitura":"4 minutos"},"schema":{"@context":"https:\/\/schema.org","@graph":[{"@type":"WebPage","@id":"https:\/\/www.em.com.br\/emfoco\/2025\/02\/08\/vaticano-se-posiciona-sobre-ia-e-etica-o-que-esta-em-jogo\/","url":"https:\/\/www.em.com.br\/emfoco\/2025\/02\/08\/vaticano-se-posiciona-sobre-ia-e-etica-o-que-esta-em-jogo\/","name":"Vaticano se posiciona sobre IA e \u00e9tica! O que est\u00e1 em jogo? - Estado de Minas - Em foco","isPartOf":{"@id":"https:\/\/www.em.com.br\/emfoco\/#website"},"primaryImageOfPage":{"@id":"https:\/\/www.em.com.br\/emfoco\/2025\/02\/08\/vaticano-se-posiciona-sobre-ia-e-etica-o-que-esta-em-jogo\/#primaryimage"},"image":{"@id":"https:\/\/www.em.com.br\/emfoco\/2025\/02\/08\/vaticano-se-posiciona-sobre-ia-e-etica-o-que-esta-em-jogo\/#primaryimage"},"thumbnailUrl":"https:\/\/www.em.com.br\/emfoco\/wp-content\/uploads\/2025\/01\/vaticano_1738171815885.jpg","datePublished":"2025-02-09T01:20:00+00:00","dateModified":"2025-02-01T19:45:20+00:00","author":{"@id":"https:\/\/www.em.com.br\/emfoco\/#\/schema\/person\/524437ef54f8a5d32591b143307f2e20"},"description":"Papa Francisco destaca a necessidade de regulamenta\u00e7\u00e3o da IA para evitar desinforma\u00e7\u00e3o e impactos sociais negativos. Saiba mais!","breadcrumb":{"@id":"https:\/\/www.em.com.br\/emfoco\/2025\/02\/08\/vaticano-se-posiciona-sobre-ia-e-etica-o-que-esta-em-jogo\/#breadcrumb"},"inLanguage":"pt-BR","potentialAction":[{"@type":"ReadAction","target":["https:\/\/www.em.com.br\/emfoco\/2025\/02\/08\/vaticano-se-posiciona-sobre-ia-e-etica-o-que-esta-em-jogo\/"]}]},{"@type":"ImageObject","inLanguage":"pt-BR","@id":"https:\/\/www.em.com.br\/emfoco\/2025\/02\/08\/vaticano-se-posiciona-sobre-ia-e-etica-o-que-esta-em-jogo\/#primaryimage","url":"https:\/\/www.em.com.br\/emfoco\/wp-content\/uploads\/2025\/01\/vaticano_1738171815885.jpg","contentUrl":"https:\/\/www.em.com.br\/emfoco\/wp-content\/uploads\/2025\/01\/vaticano_1738171815885.jpg","width":1280,"height":720,"caption":"Vaticano - Cr\u00e9ditos: depositphotos.com \/ neneosan"},{"@type":"BreadcrumbList","@id":"https:\/\/www.em.com.br\/emfoco\/2025\/02\/08\/vaticano-se-posiciona-sobre-ia-e-etica-o-que-esta-em-jogo\/#breadcrumb","itemListElement":[{"@type":"ListItem","position":1,"name":"In\u00edcio","item":"https:\/\/www.em.com.br\/emfoco\/"},{"@type":"ListItem","position":2,"name":"Vaticano se posiciona sobre IA e \u00e9tica! O que est\u00e1 em jogo?"}]},{"@type":"WebSite","@id":"https:\/\/www.em.com.br\/emfoco\/#website","url":"https:\/\/www.em.com.br\/emfoco\/","name":"Estado de Minas - Em foco","description":"Acompanhe as \u00faltimas not\u00edcias e fique bem informado sobre tudo o que acontece em Minas Gerais, Brasil e no mundo.","potentialAction":[{"@type":"SearchAction","target":{"@type":"EntryPoint","urlTemplate":"https:\/\/www.em.com.br\/emfoco\/?s={search_term_string}"},"query-input":{"@type":"PropertyValueSpecification","valueRequired":true,"valueName":"search_term_string"}}],"inLanguage":"pt-BR"},{"@type":"Person","@id":"https:\/\/www.em.com.br\/emfoco\/#\/schema\/person\/524437ef54f8a5d32591b143307f2e20","name":"N\u00fabia Rangel","image":{"@type":"ImageObject","inLanguage":"pt-BR","@id":"https:\/\/www.em.com.br\/emfoco\/#\/schema\/person\/image\/","url":"https:\/\/secure.gravatar.com\/avatar\/47cff2827a5ba23c37e8068c86817ea4?s=96&d=mm&r=g","contentUrl":"https:\/\/secure.gravatar.com\/avatar\/47cff2827a5ba23c37e8068c86817ea4?s=96&d=mm&r=g","caption":"N\u00fabia Rangel"},"sameAs":["https:\/\/www.em.com.br\/emfoco\/"],"url":"https:\/\/www.em.com.br\/emfoco\/author\/nubiamyth\/"}]}},"_links":{"self":[{"href":"https:\/\/www.em.com.br\/emfoco\/wp-json\/wp\/v2\/posts\/14691","targetHints":{"allow":["GET"]}}],"collection":[{"href":"https:\/\/www.em.com.br\/emfoco\/wp-json\/wp\/v2\/posts"}],"about":[{"href":"https:\/\/www.em.com.br\/emfoco\/wp-json\/wp\/v2\/types\/post"}],"author":[{"embeddable":true,"href":"https:\/\/www.em.com.br\/emfoco\/wp-json\/wp\/v2\/users\/5"}],"replies":[{"embeddable":true,"href":"https:\/\/www.em.com.br\/emfoco\/wp-json\/wp\/v2\/comments?post=14691"}],"version-history":[{"count":3,"href":"https:\/\/www.em.com.br\/emfoco\/wp-json\/wp\/v2\/posts\/14691\/revisions"}],"predecessor-version":[{"id":16100,"href":"https:\/\/www.em.com.br\/emfoco\/wp-json\/wp\/v2\/posts\/14691\/revisions\/16100"}],"wp:featuredmedia":[{"embeddable":true,"href":"https:\/\/www.em.com.br\/emfoco\/wp-json\/wp\/v2\/media\/14701"}],"wp:attachment":[{"href":"https:\/\/www.em.com.br\/emfoco\/wp-json\/wp\/v2\/media?parent=14691"}],"wp:term":[{"taxonomy":"category","embeddable":true,"href":"https:\/\/www.em.com.br\/emfoco\/wp-json\/wp\/v2\/categories?post=14691"},{"taxonomy":"post_tag","embeddable":true,"href":"https:\/\/www.em.com.br\/emfoco\/wp-json\/wp\/v2\/tags?post=14691"}],"curies":[{"name":"wp","href":"https:\/\/api.w.org\/{rel}","templated":true}]}}