{"id":146851,"date":"2025-12-30T17:45:00","date_gmt":"2025-12-30T20:45:00","guid":{"rendered":"https:\/\/www.em.com.br\/emfoco\/?p=146851"},"modified":"2025-12-29T15:41:37","modified_gmt":"2025-12-29T18:41:37","slug":"adeus-a-lei-do-inquilino-contratos-estao-sendo-atualizados-e-a-partir-de-janeiro-os-inquilinos-pagarao-um-valor-extra","status":"publish","type":"post","link":"https:\/\/www.em.com.br\/emfoco\/2025\/12\/30\/adeus-a-lei-do-inquilino-contratos-estao-sendo-atualizados-e-a-partir-de-janeiro-os-inquilinos-pagarao-um-valor-extra\/","title":{"rendered":"Adeus a Lei do Inquilino: contratos est\u00e3o sendo atualizados e a partir de janeiro, os inquilinos pagar\u00e3o um valor extra"},"content":{"rendered":"\n<p>Desde a revoga\u00e7\u00e3o da Lei de Alugu\u00e9is na <strong>Argentina<\/strong>, o mercado de loca\u00e7\u00f5es passou a operar com maior liberdade contratual, enquanto no <strong>Brasil<\/strong>, em 2026, a Lei do Inquilinato (<strong>Lei 8.245\/91<\/strong>) continua plenamente em vigor, o que torna essencial entender, de forma pr\u00e1tica e direta, como cada pa\u00eds calcula os reajustes e como isso pode afetar o seu bolso logo no pr\u00f3ximo anivers\u00e1rio de contrato.<\/p>\n\n\n\n<h2 class=\"wp-block-heading\">Como funciona o reajuste de aluguel na Argentina e no Brasil em 2026<\/h2>\n\n\n\n<p>Na Argentina, propriet\u00e1rios e inquilinos passaram a negociar livremente como, quando e com qual \u00edndice o aluguel ser\u00e1 reajustado, o que ganha relev\u00e2ncia a partir de janeiro de 2026, quando muitos contratos completam o per\u00edodo previsto para atualiza\u00e7\u00e3o. J\u00e1 no Brasil, os reajustes seguem, em regra, anuais na data de anivers\u00e1rio do contrato, com base em \u00edndices como IGP\u2011M, IPCA ou INPC, aplicando\u2011se o acumulado em 12 meses sobre o valor vigente.<\/p>\n\n\n\n<p>Em ambos os pa\u00edses, o ponto central \u00e9 o que foi assinado: \u00edndice, prazo e forma de corre\u00e7\u00e3o. Respeitar as cl\u00e1usulas contratuais e conhecer os limites legais evita conflitos e permite ao <a href=\"https:\/\/www.em.com.br\/emfoco\/2025\/12\/23\/imovel-a-venda-nao-cancela-aluguel-veja-o-que-a-lei-garante-ao-inquilino\/\" target=\"_blank\" rel=\"noreferrer noopener\">inquilino <\/a>se planejar com anteced\u00eancia, principalmente em cen\u00e1rios de infla\u00e7\u00e3o mais alta ou de renda apertada.<\/p>\n\n\n\n<figure class=\"wp-block-image\"><img decoding=\"async\" src=\"https:\/\/www.em.com.br\/emfoco\/wp-content\/uploads\/2025\/05\/aluguel_1746797693798-1024x576.jpg\" alt=\"\"\/><figcaption class=\"wp-element-caption\"><strong>Entender o reajuste do aluguel virou quest\u00e3o de sobreviv\u00eancia<\/strong> &#8211; Cr\u00e9ditos: depositphotos.com \/ AndrewLozovyi<\/figcaption><\/figure>\n\n\n\n<h2 class=\"wp-block-heading\">Como a infla\u00e7\u00e3o interfere no reajuste do aluguel em janeiro de 2026<\/h2>\n\n\n\n<p>O \u00edndice de pre\u00e7os escolhido em contrato \u00e9 o que, na pr\u00e1tica, traduz a infla\u00e7\u00e3o em aumento de aluguel. Na Argentina, muitos contratos usam o \u00cdndice de Pre\u00e7os ao Consumidor (IPC) do INDEC ou o \u00cdndice de Contratos de Loca\u00e7\u00e3o (ICL) como refer\u00eancia direta para o reajuste peri\u00f3dico.<\/p>\n\n\n\n<p>Quando o contrato vincula o aumento \u00e0 infla\u00e7\u00e3o argentina, os dados do INDEC tornam\u2011se determinantes: por exemplo, um IPC de 2,5% em novembro e infla\u00e7\u00e3o acumulada de 31,4% no ano servem de base para reajustes trimestrais, quadrimestrais ou semestrais. No Brasil, a l\u00f3gica \u00e9 semelhante, mas com IPCA, INPC ou IGP\u2011M, sempre considerando o acumulado de 12 meses antes do anivers\u00e1rio do contrato.<\/p>\n\n\n\n<h2 class=\"wp-block-heading\">Como calcular o reajuste de aluguel pelo IPC na pr\u00e1tica<\/h2>\n\n\n\n<p>Nos contratos argentinos que utilizam o IPC, o c\u00e1lculo segue a cl\u00e1usula de reajuste: o inquilino levanta a infla\u00e7\u00e3o de cada m\u00eas do per\u00edodo, soma os percentuais e aplica a varia\u00e7\u00e3o acumulada sobre o aluguel vigente. Esse procedimento reduz d\u00favidas e d\u00e1 transpar\u00eancia ao valor final cobrado.<\/p>\n\n\n\n<p>Para organizar o processo, locador e locat\u00e1rio podem seguir um passo a passo simples, usando sempre os dados oficiais do INDEC como base de c\u00e1lculo:<\/p>\n\n\n\n<ul class=\"wp-block-list\">\n<li><strong>Identificar o per\u00edodo de atualiza\u00e7\u00e3o<\/strong>: trimestral, quadrimestral ou semestral, conforme o contrato;<\/li>\n\n\n\n<li><strong>Levantar a infla\u00e7\u00e3o de cada m\u00eas<\/strong>&nbsp;no site ou publica\u00e7\u00f5es oficiais do INDEC;<\/li>\n\n\n\n<li><strong>Somar os percentuais mensais<\/strong>&nbsp;para obter a infla\u00e7\u00e3o acumulada do per\u00edodo;<\/li>\n\n\n\n<li><strong>Aplicar o percentual acumulado<\/strong>&nbsp;sobre o valor atual do aluguel;<\/li>\n\n\n\n<li><strong>Definir o novo valor<\/strong>, que passa a valer na data de reajuste.<\/li>\n<\/ul>\n\n\n\n<figure class=\"wp-block-image\"><img decoding=\"async\" src=\"https:\/\/www.em.com.br\/emfoco\/wp-content\/uploads\/2025\/05\/aluguel_1746797795583-1024x576.jpg\" alt=\"\"\/><figcaption class=\"wp-element-caption\">Como as novas regras impactam os inquilinos &#8211; Cr\u00e9ditos: depositphotos.com \/ MalkovKosta<\/figcaption><\/figure>\n\n\n\n<h2 class=\"wp-block-heading\">Como o \u00cdndice de Contratos de Loca\u00e7\u00e3o (ICL) impacta os aumentos<\/h2>\n\n\n\n<p>Mesmo ap\u00f3s a revoga\u00e7\u00e3o da antiga Lei de Alugu\u00e9is na Argentina, muitos contratos seguem atrelados ao \u00cdndice de Contratos de Loca\u00e7\u00e3o (ICL). A legisla\u00e7\u00e3o atual permite escolher livremente o indicador, e o ICL permanece relevante, especialmente porque, desde setembro de 2024, vem desacelerando, gerando aumentos mais moderados que outros \u00edndices.<\/p>\n\n\n\n<p>Em contratos com atualiza\u00e7\u00e3o trimestral pelo ICL e reajuste previsto para dezembro ou janeiro, a varia\u00e7\u00e3o de 6,01% \u00e9 aplicada exatamente sobre o per\u00edodo combinado. No Brasil, embora n\u00e3o exista o ICL, a escolha entre IPCA, IGP\u2011M, INPC e outros \u00edndices tamb\u00e9m \u00e9 contratual, e eventuais mudan\u00e7as da reforma tribut\u00e1ria atingem a tributa\u00e7\u00e3o da renda de aluguel, mas n\u00e3o a mec\u00e2nica de reajuste anual baseada em \u00edndices de pre\u00e7os.<\/p>\n\n\n\n<h2 class=\"wp-block-heading\">Como se preparar para o reajuste e evitar surpresas financeiras<\/h2>\n\n\n\n<p>Com a liberdade contratual na Argentina, cada contrato passou a definir prazo, \u00edndice e m\u00e9todo de c\u00e1lculo, e a partir de janeiro de 2026 muitos inquilinos sentir\u00e3o no bolso o resultado do que foi assinado. No Brasil, a estabilidade da <a href=\"https:\/\/www.planalto.gov.br\/ccivil_03\/leis\/l8245.htm\" target=\"_blank\" rel=\"noreferrer noopener\">Lei do Inquilinato <\/a>n\u00e3o dispensa aten\u00e7\u00e3o: \u00e9 crucial reler as cl\u00e1usulas de corre\u00e7\u00e3o, checar os \u00edndices dos \u00faltimos 12 meses e buscar negocia\u00e7\u00e3o quando a alta for pesada para o or\u00e7amento.<\/p>\n\n\n\n<p>N\u00e3o espere o boleto chegar para descobrir o tamanho do aumento: hoje ainda \u00e9 tempo de calcular o reajuste previsto, projetar o impacto no seu custo de vida e conversar com o propriet\u00e1rio se o valor ficar invi\u00e1vel. Tome a iniciativa agora, antes do pr\u00f3ximo vencimento, para evitar um aperto financeiro dif\u00edcil de reverter e garantir que voc\u00ea continue no im\u00f3vel com seguran\u00e7a e tranquilidade.<\/p>\n","protected":false},"excerpt":{"rendered":"<p>Desde a revoga\u00e7\u00e3o da Lei de Alugu\u00e9is na Argentina, o mercado de loca\u00e7\u00f5es passou a operar com maior liberdade contratual, enquanto no Brasil, em 2026, a Lei do Inquilinato (Lei 8.245\/91) continua plenamente em vigor, o que torna essencial entender, de forma pr\u00e1tica e direta, como cada pa\u00eds calcula os reajustes e como isso pode [&hellip;]<\/p>\n","protected":false},"author":11,"featured_media":147624,"comment_status":"open","ping_status":"open","sticky":false,"template":"","format":"standard","meta":{"jnews-multi-image_gallery":[],"jnews_single_post":{"format":"standard"},"jnews_primary_category":[],"jnews_social_meta":[],"jnews_override_counter":[],"footnotes":""},"categories":[28,1],"tags":[1526,14807,1779,21538],"class_list":["post-146851","post","type-post","status-publish","format-standard","has-post-thumbnail","hentry","category-economia","category-noticias","tag-aluguel","tag-contrato","tag-reajuste","tag-reajuste-de-aluguel-em-2026"],"yoast_head":"<!-- This site is optimized with the Yoast SEO plugin v23.8 - https:\/\/yoast.com\/wordpress\/plugins\/seo\/ -->\n<title>Adeus a Lei do Inquilino: contratos est\u00e3o sendo atualizados e a partir de janeiro, os inquilinos pagar\u00e3o um valor extra - Estado de Minas - Em foco<\/title>\n<meta name=\"description\" content=\"O reajuste de aluguel em 2026 muda conforme o contrato no Brasil e na Argentina. Entenda os \u00edndices e evite um aumento que pese no or\u00e7amento.\" \/>\n<meta name=\"robots\" content=\"index, follow, max-snippet:-1, max-image-preview:large, max-video-preview:-1\" \/>\n<link rel=\"canonical\" href=\"https:\/\/www.em.com.br\/emfoco\/2025\/12\/30\/adeus-a-lei-do-inquilino-contratos-estao-sendo-atualizados-e-a-partir-de-janeiro-os-inquilinos-pagarao-um-valor-extra\/\" \/>\n<meta property=\"og:locale\" content=\"pt_BR\" \/>\n<meta property=\"og:type\" content=\"article\" \/>\n<meta property=\"og:title\" content=\"Adeus a Lei do Inquilino: contratos est\u00e3o sendo atualizados e a partir de janeiro, os inquilinos pagar\u00e3o um valor extra - Estado de Minas - Em foco\" \/>\n<meta property=\"og:description\" content=\"O reajuste de aluguel em 2026 muda conforme o contrato no Brasil e na Argentina. Entenda os \u00edndices e evite um aumento que pese no or\u00e7amento.\" \/>\n<meta property=\"og:url\" content=\"https:\/\/www.em.com.br\/emfoco\/2025\/12\/30\/adeus-a-lei-do-inquilino-contratos-estao-sendo-atualizados-e-a-partir-de-janeiro-os-inquilinos-pagarao-um-valor-extra\/\" \/>\n<meta property=\"og:site_name\" content=\"Estado de Minas - Em foco\" \/>\n<meta property=\"article:published_time\" content=\"2025-12-30T20:45:00+00:00\" \/>\n<meta property=\"article:modified_time\" content=\"2025-12-29T18:41:37+00:00\" \/>\n<meta property=\"og:image\" content=\"https:\/\/www.em.com.br\/emfoco\/wp-content\/uploads\/2025\/12\/Gemini_Generated_Image_me70t1me70t1me70-1.png\" \/>\n\t<meta property=\"og:image:width\" content=\"1280\" \/>\n\t<meta property=\"og:image:height\" content=\"720\" \/>\n\t<meta property=\"og:image:type\" content=\"image\/png\" \/>\n<meta name=\"author\" content=\"Andre\u0301 Rangel\u00a0\" \/>\n<meta name=\"twitter:card\" content=\"summary_large_image\" \/>\n<meta name=\"twitter:label1\" content=\"Escrito por\" \/>\n\t<meta name=\"twitter:data1\" content=\"Andre\u0301 Rangel\u00a0\" \/>\n\t<meta name=\"twitter:label2\" content=\"Est. tempo de leitura\" \/>\n\t<meta name=\"twitter:data2\" content=\"5 minutos\" \/>\n<!-- \/ Yoast SEO plugin. -->","yoast_head_json":{"title":"Adeus a Lei do Inquilino: contratos est\u00e3o sendo atualizados e a partir de janeiro, os inquilinos pagar\u00e3o um valor extra - Estado de Minas - Em foco","description":"O reajuste de aluguel em 2026 muda conforme o contrato no Brasil e na Argentina. Entenda os \u00edndices e evite um aumento que pese no or\u00e7amento.","robots":{"index":"index","follow":"follow","max-snippet":"max-snippet:-1","max-image-preview":"max-image-preview:large","max-video-preview":"max-video-preview:-1"},"canonical":"https:\/\/www.em.com.br\/emfoco\/2025\/12\/30\/adeus-a-lei-do-inquilino-contratos-estao-sendo-atualizados-e-a-partir-de-janeiro-os-inquilinos-pagarao-um-valor-extra\/","og_locale":"pt_BR","og_type":"article","og_title":"Adeus a Lei do Inquilino: contratos est\u00e3o sendo atualizados e a partir de janeiro, os inquilinos pagar\u00e3o um valor extra - Estado de Minas - Em foco","og_description":"O reajuste de aluguel em 2026 muda conforme o contrato no Brasil e na Argentina. Entenda os \u00edndices e evite um aumento que pese no or\u00e7amento.","og_url":"https:\/\/www.em.com.br\/emfoco\/2025\/12\/30\/adeus-a-lei-do-inquilino-contratos-estao-sendo-atualizados-e-a-partir-de-janeiro-os-inquilinos-pagarao-um-valor-extra\/","og_site_name":"Estado de Minas - Em foco","article_published_time":"2025-12-30T20:45:00+00:00","article_modified_time":"2025-12-29T18:41:37+00:00","og_image":[{"width":1280,"height":720,"url":"https:\/\/www.em.com.br\/emfoco\/wp-content\/uploads\/2025\/12\/Gemini_Generated_Image_me70t1me70t1me70-1.png","type":"image\/png"}],"author":"Andre\u0301 Rangel\u00a0","twitter_card":"summary_large_image","twitter_misc":{"Escrito por":"Andre\u0301 Rangel\u00a0","Est. tempo de leitura":"5 minutos"},"schema":{"@context":"https:\/\/schema.org","@graph":[{"@type":"WebPage","@id":"https:\/\/www.em.com.br\/emfoco\/2025\/12\/30\/adeus-a-lei-do-inquilino-contratos-estao-sendo-atualizados-e-a-partir-de-janeiro-os-inquilinos-pagarao-um-valor-extra\/","url":"https:\/\/www.em.com.br\/emfoco\/2025\/12\/30\/adeus-a-lei-do-inquilino-contratos-estao-sendo-atualizados-e-a-partir-de-janeiro-os-inquilinos-pagarao-um-valor-extra\/","name":"Adeus a Lei do Inquilino: contratos est\u00e3o sendo atualizados e a partir de janeiro, os inquilinos pagar\u00e3o um valor extra - Estado de Minas - Em foco","isPartOf":{"@id":"https:\/\/www.em.com.br\/emfoco\/#website"},"primaryImageOfPage":{"@id":"https:\/\/www.em.com.br\/emfoco\/2025\/12\/30\/adeus-a-lei-do-inquilino-contratos-estao-sendo-atualizados-e-a-partir-de-janeiro-os-inquilinos-pagarao-um-valor-extra\/#primaryimage"},"image":{"@id":"https:\/\/www.em.com.br\/emfoco\/2025\/12\/30\/adeus-a-lei-do-inquilino-contratos-estao-sendo-atualizados-e-a-partir-de-janeiro-os-inquilinos-pagarao-um-valor-extra\/#primaryimage"},"thumbnailUrl":"https:\/\/www.em.com.br\/emfoco\/wp-content\/uploads\/2025\/12\/Gemini_Generated_Image_me70t1me70t1me70-1.png","datePublished":"2025-12-30T20:45:00+00:00","dateModified":"2025-12-29T18:41:37+00:00","author":{"@id":"https:\/\/www.em.com.br\/emfoco\/#\/schema\/person\/60eda09c1fedf0d6891f4cef4b60b8b8"},"description":"O reajuste de aluguel em 2026 muda conforme o contrato no Brasil e na Argentina. Entenda os \u00edndices e evite um aumento que pese no or\u00e7amento.","breadcrumb":{"@id":"https:\/\/www.em.com.br\/emfoco\/2025\/12\/30\/adeus-a-lei-do-inquilino-contratos-estao-sendo-atualizados-e-a-partir-de-janeiro-os-inquilinos-pagarao-um-valor-extra\/#breadcrumb"},"inLanguage":"pt-BR","potentialAction":[{"@type":"ReadAction","target":["https:\/\/www.em.com.br\/emfoco\/2025\/12\/30\/adeus-a-lei-do-inquilino-contratos-estao-sendo-atualizados-e-a-partir-de-janeiro-os-inquilinos-pagarao-um-valor-extra\/"]}]},{"@type":"ImageObject","inLanguage":"pt-BR","@id":"https:\/\/www.em.com.br\/emfoco\/2025\/12\/30\/adeus-a-lei-do-inquilino-contratos-estao-sendo-atualizados-e-a-partir-de-janeiro-os-inquilinos-pagarao-um-valor-extra\/#primaryimage","url":"https:\/\/www.em.com.br\/emfoco\/wp-content\/uploads\/2025\/12\/Gemini_Generated_Image_me70t1me70t1me70-1.png","contentUrl":"https:\/\/www.em.com.br\/emfoco\/wp-content\/uploads\/2025\/12\/Gemini_Generated_Image_me70t1me70t1me70-1.png","width":1280,"height":720,"caption":"Inquilinos e propriet\u00e1rios repensam contratos"},{"@type":"BreadcrumbList","@id":"https:\/\/www.em.com.br\/emfoco\/2025\/12\/30\/adeus-a-lei-do-inquilino-contratos-estao-sendo-atualizados-e-a-partir-de-janeiro-os-inquilinos-pagarao-um-valor-extra\/#breadcrumb","itemListElement":[{"@type":"ListItem","position":1,"name":"In\u00edcio","item":"https:\/\/www.em.com.br\/emfoco\/"},{"@type":"ListItem","position":2,"name":"Adeus a Lei do Inquilino: contratos est\u00e3o sendo atualizados e a partir de janeiro, os inquilinos pagar\u00e3o um valor extra"}]},{"@type":"WebSite","@id":"https:\/\/www.em.com.br\/emfoco\/#website","url":"https:\/\/www.em.com.br\/emfoco\/","name":"Estado de Minas - Em foco","description":"Acompanhe as \u00faltimas not\u00edcias e fique bem informado sobre tudo o que acontece em Minas Gerais, Brasil e no mundo.","potentialAction":[{"@type":"SearchAction","target":{"@type":"EntryPoint","urlTemplate":"https:\/\/www.em.com.br\/emfoco\/?s={search_term_string}"},"query-input":{"@type":"PropertyValueSpecification","valueRequired":true,"valueName":"search_term_string"}}],"inLanguage":"pt-BR"},{"@type":"Person","@id":"https:\/\/www.em.com.br\/emfoco\/#\/schema\/person\/60eda09c1fedf0d6891f4cef4b60b8b8","name":"Andre\u0301 Rangel\u00a0","image":{"@type":"ImageObject","inLanguage":"pt-BR","@id":"https:\/\/www.em.com.br\/emfoco\/#\/schema\/person\/image\/","url":"https:\/\/secure.gravatar.com\/avatar\/6234dc814c77c8ef6d8bba622c787efc?s=96&d=mm&r=g","contentUrl":"https:\/\/secure.gravatar.com\/avatar\/6234dc814c77c8ef6d8bba622c787efc?s=96&d=mm&r=g","caption":"Andre\u0301 Rangel\u00a0"},"url":"https:\/\/www.em.com.br\/emfoco\/author\/luizmyth\/"}]}},"_links":{"self":[{"href":"https:\/\/www.em.com.br\/emfoco\/wp-json\/wp\/v2\/posts\/146851","targetHints":{"allow":["GET"]}}],"collection":[{"href":"https:\/\/www.em.com.br\/emfoco\/wp-json\/wp\/v2\/posts"}],"about":[{"href":"https:\/\/www.em.com.br\/emfoco\/wp-json\/wp\/v2\/types\/post"}],"author":[{"embeddable":true,"href":"https:\/\/www.em.com.br\/emfoco\/wp-json\/wp\/v2\/users\/11"}],"replies":[{"embeddable":true,"href":"https:\/\/www.em.com.br\/emfoco\/wp-json\/wp\/v2\/comments?post=146851"}],"version-history":[{"count":4,"href":"https:\/\/www.em.com.br\/emfoco\/wp-json\/wp\/v2\/posts\/146851\/revisions"}],"predecessor-version":[{"id":147625,"href":"https:\/\/www.em.com.br\/emfoco\/wp-json\/wp\/v2\/posts\/146851\/revisions\/147625"}],"wp:featuredmedia":[{"embeddable":true,"href":"https:\/\/www.em.com.br\/emfoco\/wp-json\/wp\/v2\/media\/147624"}],"wp:attachment":[{"href":"https:\/\/www.em.com.br\/emfoco\/wp-json\/wp\/v2\/media?parent=146851"}],"wp:term":[{"taxonomy":"category","embeddable":true,"href":"https:\/\/www.em.com.br\/emfoco\/wp-json\/wp\/v2\/categories?post=146851"},{"taxonomy":"post_tag","embeddable":true,"href":"https:\/\/www.em.com.br\/emfoco\/wp-json\/wp\/v2\/tags?post=146851"}],"curies":[{"name":"wp","href":"https:\/\/api.w.org\/{rel}","templated":true}]}}