{"id":146847,"date":"2025-12-29T19:15:00","date_gmt":"2025-12-29T22:15:00","guid":{"rendered":"https:\/\/www.em.com.br\/emfoco\/?p=146847"},"modified":"2025-12-26T22:24:31","modified_gmt":"2025-12-27T01:24:31","slug":"atencao-trabalhador-voce-pode-estar-perdendo-dinheiro-com-horas-extras-nao-pagas","status":"publish","type":"post","link":"https:\/\/www.em.com.br\/emfoco\/2025\/12\/29\/atencao-trabalhador-voce-pode-estar-perdendo-dinheiro-com-horas-extras-nao-pagas\/","title":{"rendered":"Aten\u00e7\u00e3o trabalhador: voc\u00ea pode estar perdendo dinheiro com horas extras n\u00e3o pagas"},"content":{"rendered":"\n<h2 class=\"wp-block-heading\">A CLT garante pagamento de horas extras al\u00e9m de 8 horas di\u00e1rias ou 44 semanais, incluindo mensagens fora do expediente e intervalos reduzidos, com adicional m\u00ednimo de 50%, reflexos legais e possibilidade de comprova\u00e7\u00e3o por registros e testemunhas.<\/h2>\n\n\n\n<p>Muitos trabalhadores fazem horas extras sem perceber ou sem receber por isso. A legisla\u00e7\u00e3o brasileira define limites claros para a jornada e garante pagamento adicional quando h\u00e1 excesso, inclusive em situa\u00e7\u00f5es comuns como mensagens fora do expediente ou intervalos reduzidos.<\/p>\n\n\n\n<h2 class=\"wp-block-heading\">O que a lei considera como horas extras no Brasil?<\/h2>\n\n\n\n<p>Pela <strong>CLT<\/strong>, a jornada regular \u00e9 de at\u00e9 <strong>8 horas di\u00e1rias<\/strong> e <strong>44 horas semanais<\/strong>. Qualquer tempo trabalhado al\u00e9m desses limites deve ser pago como hora extra, independentemente do cargo ou da forma de controle adotada pela empresa.<\/p>\n\n\n\n<p>Esse excedente n\u00e3o depende apenas de bater ponto. Sempre que o empregado permanece \u00e0 disposi\u00e7\u00e3o do empregador, mesmo sem produzir ativamente, o per\u00edodo pode ser caracterizado como <strong>tempo de servi\u00e7o<\/strong> pass\u00edvel de remunera\u00e7\u00e3o adicional.<\/p>\n\n\n\n<p>Separamos um v\u00eddeo do especialista do canal do YouTube <strong><a href=\"https:\/\/www.youtube.com\/@ricardoazevedofernandes\" target=\"_blank\" rel=\"noreferrer noopener\">Ricardo Azevedo | Advogado<\/a><\/strong> onde ele explica sobre os direitos do trabalhador em rela\u00e7\u00e3o a horas extras sem perceber e n\u00e3o remuneradas.<\/p>\n\n\n\n<figure class=\"wp-block-embed is-type-video is-provider-youtube wp-block-embed-youtube wp-embed-aspect-16-9 wp-has-aspect-ratio\"><div class=\"wp-block-embed__wrapper\">\n<div class=\"jeg_video_container jeg_video_content\"><iframe loading=\"lazy\" title=\"ATEN\u00c7\u00c3O TRABALHADOR: Seus DIREITOS a HORAS EXTRAS que seu CHEFE esconde! DESCUBRA AGORA\" width=\"500\" height=\"281\" src=\"https:\/\/www.youtube.com\/embed\/z4WBQpLg_MY?feature=oembed\" frameborder=\"0\" allow=\"accelerometer; autoplay; clipboard-write; encrypted-media; gyroscope; picture-in-picture; web-share\" referrerpolicy=\"strict-origin-when-cross-origin\" allowfullscreen><\/iframe><\/div>\n<\/div><\/figure>\n\n\n\n<h2 class=\"wp-block-heading\">Quais situa\u00e7\u00f5es do dia a dia tamb\u00e9m contam como hora extra?<\/h2>\n\n\n\n<p>Muitas empresas ignoram ou omitem pr\u00e1ticas comuns que estendem a jornada real do trabalhador. A legisla\u00e7\u00e3o e a Justi\u00e7a do Trabalho reconhecem diversas situa\u00e7\u00f5es como horas extras, incluindo as que voc\u00ea v\u00ea a seguir.<\/p>\n\n\n\n<ul class=\"wp-block-list\">\n<li><strong>Comunica\u00e7\u00e3o fora do expediente<\/strong>: responder WhatsApp ou e-mails com ordens de trabalho.<\/li>\n\n\n\n<li><strong>Tempo \u00e0 disposi\u00e7\u00e3o<\/strong>: permanecer na empresa antes ou ap\u00f3s o hor\u00e1rio oficial.<\/li>\n\n\n\n<li><strong>Intervalo reduzido<\/strong>: quando o descanso ou almo\u00e7o n\u00e3o \u00e9 usufru\u00eddo integralmente.<\/li>\n<\/ul>\n\n\n\n<h2 class=\"wp-block-heading\">Como funciona o c\u00e1lculo do valor das horas extras?<\/h2>\n\n\n\n<p>O c\u00e1lculo parte do valor da hora normal, obtido ao dividir o sal\u00e1rio mensal pelas <strong>220 horas<\/strong> padr\u00e3o. Em dias \u00fateis, a lei garante um adicional m\u00ednimo de <strong>50%<\/strong> sobre esse valor base.<\/p>\n\n\n\n<p>J\u00e1 em <strong>domingos e feriados<\/strong>, a hora extra deve ser paga com adicional de 100%, ou seja, o dobro do valor normal. Esses pagamentos ainda geram reflexos em f\u00e9rias, 13\u00ba sal\u00e1rio e FGTS.<\/p>\n\n\n\n<figure class=\"wp-block-image size-large\"><img loading=\"lazy\" decoding=\"async\" width=\"1024\" height=\"576\" src=\"https:\/\/www.em.com.br\/emfoco\/wp-content\/uploads\/2025\/12\/IA-8-14-1024x576.jpg\" alt=\"Aten\u00e7\u00e3o trabalhador: voc\u00ea pode estar perdendo dinheiro com horas extras n\u00e3o pagas\" class=\"wp-image-146868\" srcset=\"https:\/\/www.em.com.br\/emfoco\/wp-content\/uploads\/2025\/12\/IA-8-14-1024x576.jpg 1024w, https:\/\/www.em.com.br\/emfoco\/wp-content\/uploads\/2025\/12\/IA-8-14-300x169.jpg 300w, https:\/\/www.em.com.br\/emfoco\/wp-content\/uploads\/2025\/12\/IA-8-14-768x432.jpg 768w, https:\/\/www.em.com.br\/emfoco\/wp-content\/uploads\/2025\/12\/IA-8-14-750x422.jpg 750w, https:\/\/www.em.com.br\/emfoco\/wp-content\/uploads\/2025\/12\/IA-8-14-1140x641.jpg 1140w, https:\/\/www.em.com.br\/emfoco\/wp-content\/uploads\/2025\/12\/IA-8-14.jpg 1280w\" sizes=\"auto, (max-width: 1024px) 100vw, 1024px\" \/><figcaption class=\"wp-element-caption\">Intervalos reduzidos tamb\u00e9m geram pagamento adicional obrigat\u00f3rio<\/figcaption><\/figure>\n\n\n\n<p><em>Leia mais: <strong><a href=\"https:\/\/www.em.com.br\/emfoco\/2025\/12\/26\/justica-confirma-que-condominio-nao-pode-multar-morador-por-usar-area-comum-para-lazer-moderado\/\" target=\"_blank\" rel=\"noreferrer noopener\">Justi\u00e7a confirma que condom\u00ednio n\u00e3o pode multar morador por usar \u00e1rea comum para lazer moderado<\/a><\/strong><\/em><\/p>\n\n\n\n<h2 class=\"wp-block-heading\">Como provar horas extras n\u00e3o registradas pela empresa?<\/h2>\n\n\n\n<p>Quando o controle formal falha, o trabalhador pode produzir provas alternativas. A Justi\u00e7a aceita diferentes meios para comprovar a jornada real, desde que coerentes e consistentes, como mostram os principais exemplos abaixo.<\/p>\n\n\n\n<ul class=\"wp-block-list\">\n<li><strong>Registros e mensagens<\/strong>: prints de WhatsApp, e-mails e ordens fora do hor\u00e1rio.<\/li>\n\n\n\n<li><strong>Documentos pessoais<\/strong>: fotos de cart\u00f5es de ponto ou anota\u00e7\u00f5es pr\u00f3prias.<\/li>\n\n\n\n<li><strong>Testemunhas<\/strong>: colegas que presenciaram a jornada estendida.<\/li>\n<\/ul>\n\n\n\n<h2 class=\"wp-block-heading\">Quanto dinheiro pode estar sendo perdido com horas extras ocultas?<\/h2>\n\n\n\n<p>Um trabalhador que ganha R$ 3.000, com hora normal de cerca de <strong>R$ 13,60<\/strong>, recebe R$ 20,40 por hora extra em dias \u00fateis. Com 30 horas mensais, isso representa mais de R$ 600 extras.<\/p>\n\n\n\n<p>Em um ano, o valor ultrapassa <strong>R$ 7.300<\/strong>, sem contar reflexos legais. Caso o di\u00e1logo com a empresa n\u00e3o funcione, o caminho recomendado \u00e9 buscar um advogado trabalhista ou o sindicato para garantir seus direitos.<\/p>\n","protected":false},"excerpt":{"rendered":"<p>A CLT garante pagamento de horas extras al\u00e9m de 8 horas di\u00e1rias ou 44 semanais, incluindo mensagens fora do expediente e intervalos reduzidos, com adicional m\u00ednimo de 50%, reflexos legais e possibilidade de comprova\u00e7\u00e3o por registros e testemunhas. Muitos trabalhadores fazem horas extras sem perceber ou sem receber por isso. A legisla\u00e7\u00e3o brasileira define limites [&hellip;]<\/p>\n","protected":false},"author":13,"featured_media":146867,"comment_status":"open","ping_status":"open","sticky":false,"template":"","format":"standard","meta":{"jnews-multi-image_gallery":[],"jnews_single_post":{"format":"standard"},"jnews_primary_category":[],"jnews_social_meta":[],"jnews_override_counter":[],"footnotes":""},"categories":[28],"tags":[1052,9968,16387],"class_list":["post-146847","post","type-post","status-publish","format-standard","has-post-thumbnail","hentry","category-economia","tag-clt","tag-horas-extras","tag-justica-do-trabalho"],"yoast_head":"<!-- This site is optimized with the Yoast SEO plugin v23.8 - https:\/\/yoast.com\/wordpress\/plugins\/seo\/ -->\n<title>Aten\u00e7\u00e3o trabalhador: voc\u00ea pode estar perdendo dinheiro com horas extras n\u00e3o pagas - Estado de Minas - Em foco<\/title>\n<meta name=\"description\" content=\"Muitas horas extras n\u00e3o s\u00e3o pagas. Veja como identificar, calcular e exigir seus direitos sem depender do ponto eletr\u00f4nico.\" \/>\n<meta name=\"robots\" content=\"index, follow, max-snippet:-1, max-image-preview:large, max-video-preview:-1\" \/>\n<link rel=\"canonical\" href=\"https:\/\/www.em.com.br\/emfoco\/2025\/12\/29\/atencao-trabalhador-voce-pode-estar-perdendo-dinheiro-com-horas-extras-nao-pagas\/\" \/>\n<meta property=\"og:locale\" content=\"pt_BR\" \/>\n<meta property=\"og:type\" content=\"article\" \/>\n<meta property=\"og:title\" content=\"Aten\u00e7\u00e3o trabalhador: voc\u00ea pode estar perdendo dinheiro com horas extras n\u00e3o pagas - Estado de Minas - Em foco\" \/>\n<meta property=\"og:description\" content=\"Muitas horas extras n\u00e3o s\u00e3o pagas. Veja como identificar, calcular e exigir seus direitos sem depender do ponto eletr\u00f4nico.\" \/>\n<meta property=\"og:url\" content=\"https:\/\/www.em.com.br\/emfoco\/2025\/12\/29\/atencao-trabalhador-voce-pode-estar-perdendo-dinheiro-com-horas-extras-nao-pagas\/\" \/>\n<meta property=\"og:site_name\" content=\"Estado de Minas - Em foco\" \/>\n<meta property=\"article:published_time\" content=\"2025-12-29T22:15:00+00:00\" \/>\n<meta property=\"article:modified_time\" content=\"2025-12-27T01:24:31+00:00\" \/>\n<meta property=\"og:image\" content=\"https:\/\/www.em.com.br\/emfoco\/wp-content\/uploads\/2025\/12\/IA-7-21.jpg\" \/>\n\t<meta property=\"og:image:width\" content=\"1280\" \/>\n\t<meta property=\"og:image:height\" content=\"720\" \/>\n\t<meta property=\"og:image:type\" content=\"image\/jpeg\" \/>\n<meta name=\"author\" content=\"Gabriel Martins\" \/>\n<meta name=\"twitter:card\" content=\"summary_large_image\" \/>\n<meta name=\"twitter:label1\" content=\"Escrito por\" \/>\n\t<meta name=\"twitter:data1\" content=\"Gabriel Martins\" \/>\n\t<meta name=\"twitter:label2\" content=\"Est. tempo de leitura\" \/>\n\t<meta name=\"twitter:data2\" content=\"4 minutos\" \/>\n<!-- \/ Yoast SEO plugin. -->","yoast_head_json":{"title":"Aten\u00e7\u00e3o trabalhador: voc\u00ea pode estar perdendo dinheiro com horas extras n\u00e3o pagas - Estado de Minas - Em foco","description":"Muitas horas extras n\u00e3o s\u00e3o pagas. Veja como identificar, calcular e exigir seus direitos sem depender do ponto eletr\u00f4nico.","robots":{"index":"index","follow":"follow","max-snippet":"max-snippet:-1","max-image-preview":"max-image-preview:large","max-video-preview":"max-video-preview:-1"},"canonical":"https:\/\/www.em.com.br\/emfoco\/2025\/12\/29\/atencao-trabalhador-voce-pode-estar-perdendo-dinheiro-com-horas-extras-nao-pagas\/","og_locale":"pt_BR","og_type":"article","og_title":"Aten\u00e7\u00e3o trabalhador: voc\u00ea pode estar perdendo dinheiro com horas extras n\u00e3o pagas - Estado de Minas - Em foco","og_description":"Muitas horas extras n\u00e3o s\u00e3o pagas. Veja como identificar, calcular e exigir seus direitos sem depender do ponto eletr\u00f4nico.","og_url":"https:\/\/www.em.com.br\/emfoco\/2025\/12\/29\/atencao-trabalhador-voce-pode-estar-perdendo-dinheiro-com-horas-extras-nao-pagas\/","og_site_name":"Estado de Minas - Em foco","article_published_time":"2025-12-29T22:15:00+00:00","article_modified_time":"2025-12-27T01:24:31+00:00","og_image":[{"width":1280,"height":720,"url":"https:\/\/www.em.com.br\/emfoco\/wp-content\/uploads\/2025\/12\/IA-7-21.jpg","type":"image\/jpeg"}],"author":"Gabriel Martins","twitter_card":"summary_large_image","twitter_misc":{"Escrito por":"Gabriel Martins","Est. tempo de leitura":"4 minutos"},"schema":{"@context":"https:\/\/schema.org","@graph":[{"@type":"WebPage","@id":"https:\/\/www.em.com.br\/emfoco\/2025\/12\/29\/atencao-trabalhador-voce-pode-estar-perdendo-dinheiro-com-horas-extras-nao-pagas\/","url":"https:\/\/www.em.com.br\/emfoco\/2025\/12\/29\/atencao-trabalhador-voce-pode-estar-perdendo-dinheiro-com-horas-extras-nao-pagas\/","name":"Aten\u00e7\u00e3o trabalhador: voc\u00ea pode estar perdendo dinheiro com horas extras n\u00e3o pagas - Estado de Minas - Em foco","isPartOf":{"@id":"https:\/\/www.em.com.br\/emfoco\/#website"},"primaryImageOfPage":{"@id":"https:\/\/www.em.com.br\/emfoco\/2025\/12\/29\/atencao-trabalhador-voce-pode-estar-perdendo-dinheiro-com-horas-extras-nao-pagas\/#primaryimage"},"image":{"@id":"https:\/\/www.em.com.br\/emfoco\/2025\/12\/29\/atencao-trabalhador-voce-pode-estar-perdendo-dinheiro-com-horas-extras-nao-pagas\/#primaryimage"},"thumbnailUrl":"https:\/\/www.em.com.br\/emfoco\/wp-content\/uploads\/2025\/12\/IA-7-21.jpg","datePublished":"2025-12-29T22:15:00+00:00","dateModified":"2025-12-27T01:24:31+00:00","author":{"@id":"https:\/\/www.em.com.br\/emfoco\/#\/schema\/person\/1c9ddeab18b98abeffef834667bcf08a"},"description":"Muitas horas extras n\u00e3o s\u00e3o pagas. Veja como identificar, calcular e exigir seus direitos sem depender do ponto eletr\u00f4nico.","breadcrumb":{"@id":"https:\/\/www.em.com.br\/emfoco\/2025\/12\/29\/atencao-trabalhador-voce-pode-estar-perdendo-dinheiro-com-horas-extras-nao-pagas\/#breadcrumb"},"inLanguage":"pt-BR","potentialAction":[{"@type":"ReadAction","target":["https:\/\/www.em.com.br\/emfoco\/2025\/12\/29\/atencao-trabalhador-voce-pode-estar-perdendo-dinheiro-com-horas-extras-nao-pagas\/"]}]},{"@type":"ImageObject","inLanguage":"pt-BR","@id":"https:\/\/www.em.com.br\/emfoco\/2025\/12\/29\/atencao-trabalhador-voce-pode-estar-perdendo-dinheiro-com-horas-extras-nao-pagas\/#primaryimage","url":"https:\/\/www.em.com.br\/emfoco\/wp-content\/uploads\/2025\/12\/IA-7-21.jpg","contentUrl":"https:\/\/www.em.com.br\/emfoco\/wp-content\/uploads\/2025\/12\/IA-7-21.jpg","width":1280,"height":720,"caption":"Lei trabalhista garante pagamento extra por jornada al\u00e9m do limite legal"},{"@type":"BreadcrumbList","@id":"https:\/\/www.em.com.br\/emfoco\/2025\/12\/29\/atencao-trabalhador-voce-pode-estar-perdendo-dinheiro-com-horas-extras-nao-pagas\/#breadcrumb","itemListElement":[{"@type":"ListItem","position":1,"name":"In\u00edcio","item":"https:\/\/www.em.com.br\/emfoco\/"},{"@type":"ListItem","position":2,"name":"Aten\u00e7\u00e3o trabalhador: voc\u00ea pode estar perdendo dinheiro com horas extras n\u00e3o pagas"}]},{"@type":"WebSite","@id":"https:\/\/www.em.com.br\/emfoco\/#website","url":"https:\/\/www.em.com.br\/emfoco\/","name":"Estado de Minas - Em foco","description":"Acompanhe as \u00faltimas not\u00edcias e fique bem informado sobre tudo o que acontece em Minas Gerais, Brasil e no mundo.","potentialAction":[{"@type":"SearchAction","target":{"@type":"EntryPoint","urlTemplate":"https:\/\/www.em.com.br\/emfoco\/?s={search_term_string}"},"query-input":{"@type":"PropertyValueSpecification","valueRequired":true,"valueName":"search_term_string"}}],"inLanguage":"pt-BR"},{"@type":"Person","@id":"https:\/\/www.em.com.br\/emfoco\/#\/schema\/person\/1c9ddeab18b98abeffef834667bcf08a","name":"Gabriel Martins","image":{"@type":"ImageObject","inLanguage":"pt-BR","@id":"https:\/\/www.em.com.br\/emfoco\/#\/schema\/person\/image\/","url":"https:\/\/secure.gravatar.com\/avatar\/f0f1e2efdfd88f1ad2cb08c5c2731e50?s=96&d=mm&r=g","contentUrl":"https:\/\/secure.gravatar.com\/avatar\/f0f1e2efdfd88f1ad2cb08c5c2731e50?s=96&d=mm&r=g","caption":"Gabriel Martins"},"sameAs":["https:\/\/www.em.com.br\/emfoco\/"],"url":"https:\/\/www.em.com.br\/emfoco\/author\/gabrielmartinsmyth\/"}]}},"_links":{"self":[{"href":"https:\/\/www.em.com.br\/emfoco\/wp-json\/wp\/v2\/posts\/146847","targetHints":{"allow":["GET"]}}],"collection":[{"href":"https:\/\/www.em.com.br\/emfoco\/wp-json\/wp\/v2\/posts"}],"about":[{"href":"https:\/\/www.em.com.br\/emfoco\/wp-json\/wp\/v2\/types\/post"}],"author":[{"embeddable":true,"href":"https:\/\/www.em.com.br\/emfoco\/wp-json\/wp\/v2\/users\/13"}],"replies":[{"embeddable":true,"href":"https:\/\/www.em.com.br\/emfoco\/wp-json\/wp\/v2\/comments?post=146847"}],"version-history":[{"count":1,"href":"https:\/\/www.em.com.br\/emfoco\/wp-json\/wp\/v2\/posts\/146847\/revisions"}],"predecessor-version":[{"id":146869,"href":"https:\/\/www.em.com.br\/emfoco\/wp-json\/wp\/v2\/posts\/146847\/revisions\/146869"}],"wp:featuredmedia":[{"embeddable":true,"href":"https:\/\/www.em.com.br\/emfoco\/wp-json\/wp\/v2\/media\/146867"}],"wp:attachment":[{"href":"https:\/\/www.em.com.br\/emfoco\/wp-json\/wp\/v2\/media?parent=146847"}],"wp:term":[{"taxonomy":"category","embeddable":true,"href":"https:\/\/www.em.com.br\/emfoco\/wp-json\/wp\/v2\/categories?post=146847"},{"taxonomy":"post_tag","embeddable":true,"href":"https:\/\/www.em.com.br\/emfoco\/wp-json\/wp\/v2\/tags?post=146847"}],"curies":[{"name":"wp","href":"https:\/\/api.w.org\/{rel}","templated":true}]}}