{"id":146845,"date":"2025-12-29T17:45:00","date_gmt":"2025-12-29T20:45:00","guid":{"rendered":"https:\/\/www.em.com.br\/emfoco\/?p=146845"},"modified":"2025-12-26T22:20:56","modified_gmt":"2025-12-27T01:20:56","slug":"urgente-stf-mantem-reducao-da-aposentadoria-por-invalidez-e-regra-ja-esta-valendo","status":"publish","type":"post","link":"https:\/\/www.em.com.br\/emfoco\/2025\/12\/29\/urgente-stf-mantem-reducao-da-aposentadoria-por-invalidez-e-regra-ja-esta-valendo\/","title":{"rendered":"Urgente: STF mant\u00e9m redu\u00e7\u00e3o da aposentadoria por invalidez e regra j\u00e1 est\u00e1 valendo"},"content":{"rendered":"\n<h2 class=\"wp-block-heading\">O STF validou a redu\u00e7\u00e3o da aposentadoria por incapacidade permanente para doen\u00e7as comuns: 60% da m\u00e9dia mais 2% por ano acima de 20. Casos ocupacionais mant\u00eam 100%, e erro de enquadramento pode ser revertido.<\/h2>\n\n\n\n<p>O Supremo Tribunal Federal validou a regra da Reforma da Previd\u00eancia que reduz o valor da aposentadoria por incapacidade permanente. A decis\u00e3o, tomada em dezembro de 2025, define quem recebe menos, quem mant\u00e9m 100% e quais estrat\u00e9gias podem reverter o c\u00e1lculo.<\/p>\n\n\n\n<h2 class=\"wp-block-heading\">O que o STF decidiu sobre a aposentadoria por invalidez?<\/h2>\n\n\n\n<p>Em julgamento conclu\u00eddo em 18 de dezembro de 2025, o <strong>Supremo Tribunal Federal<\/strong> considerou constitucional a regra que reduz o valor da <strong>aposentadoria por incapacidade permanente<\/strong>, antiga aposentadoria por invalidez, nos casos de doen\u00e7a ou acidente sem rela\u00e7\u00e3o com o trabalho.<\/p>\n\n\n\n<p>A decis\u00e3o foi apertada, por <strong>6 votos a 5<\/strong>, no Tema 1.300. Prevaleceu o entendimento de que a Reforma de 2019 pode limitar o benef\u00edcio a um percentual da m\u00e9dia salarial, mantendo a diferencia\u00e7\u00e3o entre incapacidade comum e ocupacional.<\/p>\n\n\n\n<p>Confira o v\u00eddeo compartilhado pelo canal do YouTube <strong><a href=\"https:\/\/www.youtube.com\/@ricardoazevedofernandes\" target=\"_blank\" rel=\"noreferrer noopener\">Ricardo Azevedo | Advogado<\/a><\/strong> sobre a nova decis\u00e3o do STF em reduzir o valor da aposentadoria por invalidez.<\/p>\n\n\n\n<figure class=\"wp-block-embed is-type-video is-provider-youtube wp-block-embed-youtube wp-embed-aspect-16-9 wp-has-aspect-ratio\"><div class=\"wp-block-embed__wrapper\">\n<div class=\"jeg_video_container jeg_video_content\"><iframe loading=\"lazy\" title=\"URGENTE: STF MANT\u00c9M Redu\u00e7\u00e3o da Aposentadoria por Invalidez! Veja se VOC\u00ca ser\u00e1 AFETADO.\" width=\"500\" height=\"281\" src=\"https:\/\/www.youtube.com\/embed\/goirgdtcL3c?feature=oembed\" frameborder=\"0\" allow=\"accelerometer; autoplay; clipboard-write; encrypted-media; gyroscope; picture-in-picture; web-share\" referrerpolicy=\"strict-origin-when-cross-origin\" allowfullscreen><\/iframe><\/div>\n<\/div><\/figure>\n\n\n\n<h2 class=\"wp-block-heading\">Como funciona o novo c\u00e1lculo validado pelo STF?<\/h2>\n\n\n\n<p>O c\u00e1lculo aprovado passou a considerar toda a m\u00e9dia de sal\u00e1rios de contribui\u00e7\u00e3o, com percentuais adicionais por tempo trabalhado. Esse modelo altera valores finais e impacta diretamente quem se aposentou ap\u00f3s a reforma. Os pontos centrais do c\u00e1lculo s\u00e3o os seguintes.<\/p>\n\n\n\n<ul class=\"wp-block-list\">\n<li><strong>Base de 60%<\/strong>: percentual inicial aplicado sobre a m\u00e9dia de sal\u00e1rios.<\/li>\n\n\n\n<li><strong>Acr\u00e9scimo progressivo<\/strong>: 2% por ano que exceder 20 anos de contribui\u00e7\u00e3o.<\/li>\n\n\n\n<li><strong>Direito adquirido<\/strong>: benef\u00edcios concedidos antes de 13\/11\/2019 n\u00e3o mudam.<\/li>\n<\/ul>\n\n\n\n<h2 class=\"wp-block-heading\">Quem ainda tem direito a receber 100% do benef\u00edcio?<\/h2>\n\n\n\n<p>A redu\u00e7\u00e3o n\u00e3o \u00e9 universal. O STF manteve a garantia de <strong>100% da m\u00e9dia salarial<\/strong> para segurados cuja incapacidade tenha rela\u00e7\u00e3o direta com o trabalho, reconhecendo a prote\u00e7\u00e3o integral nesses casos espec\u00edficos.<\/p>\n\n\n\n<p>Isso inclui <strong>acidente de trabalho<\/strong> e <strong>doen\u00e7a ocupacional<\/strong>, como LER, burnout, depress\u00e3o vinculada ao ambiente laboral e doen\u00e7as respirat\u00f3rias por exposi\u00e7\u00e3o qu\u00edmica, independentemente do tempo de contribui\u00e7\u00e3o acumulado.<\/p>\n\n\n\n<figure class=\"wp-block-image size-large\"><img loading=\"lazy\" decoding=\"async\" width=\"1024\" height=\"576\" src=\"https:\/\/www.em.com.br\/emfoco\/wp-content\/uploads\/2025\/12\/IA-6-33-1024x576.jpg\" alt=\"Urgente: STF mant\u00e9m redu\u00e7\u00e3o da aposentadoria por invalidez e regra j\u00e1 est\u00e1 valendo\" class=\"wp-image-146863\" srcset=\"https:\/\/www.em.com.br\/emfoco\/wp-content\/uploads\/2025\/12\/IA-6-33-1024x576.jpg 1024w, https:\/\/www.em.com.br\/emfoco\/wp-content\/uploads\/2025\/12\/IA-6-33-300x169.jpg 300w, https:\/\/www.em.com.br\/emfoco\/wp-content\/uploads\/2025\/12\/IA-6-33-768x432.jpg 768w, https:\/\/www.em.com.br\/emfoco\/wp-content\/uploads\/2025\/12\/IA-6-33-750x422.jpg 750w, https:\/\/www.em.com.br\/emfoco\/wp-content\/uploads\/2025\/12\/IA-6-33-1140x641.jpg 1140w, https:\/\/www.em.com.br\/emfoco\/wp-content\/uploads\/2025\/12\/IA-6-33.jpg 1280w\" sizes=\"auto, (max-width: 1024px) 100vw, 1024px\" \/><figcaption class=\"wp-element-caption\">Casos ligados ao trabalho mant\u00eam direito a 100% do benef\u00edcio<\/figcaption><\/figure>\n\n\n\n<p><em>Leia mais: <strong><a href=\"https:\/\/www.em.com.br\/emfoco\/2025\/12\/26\/justica-confirma-que-condominio-nao-pode-multar-morador-por-usar-area-comum-para-lazer-moderado\/\" target=\"_blank\" rel=\"noreferrer noopener\">Justi\u00e7a confirma que condom\u00ednio n\u00e3o pode multar morador por usar \u00e1rea comum para lazer moderado<\/a><\/strong><\/em><\/p>\n\n\n\n<h2 class=\"wp-block-heading\">Qual a diferen\u00e7a entre doen\u00e7a comum e ocupacional no benef\u00edcio?<\/h2>\n\n\n\n<p>A distin\u00e7\u00e3o \u00e9 decisiva para o valor final. Quando o INSS classifica corretamente a origem da incapacidade, o c\u00e1lculo muda completamente. As situa\u00e7\u00f5es mais comuns se dividem da seguinte forma.<\/p>\n\n\n\n<ul class=\"wp-block-list\">\n<li><strong>Doen\u00e7a comum<\/strong>: c\u00e2ncer, AVC ou degenerativas sem v\u00ednculo laboral recebem 60%+.<\/li>\n\n\n\n<li><strong>Acidente comum<\/strong>: ocorr\u00eancias fora do trabalho seguem a mesma regra reduzida.<\/li>\n\n\n\n<li><strong>Acidente ocupacional<\/strong>: v\u00ednculo com o trabalho garante 100% do valor.<\/li>\n<\/ul>\n\n\n\n<h2 class=\"wp-block-heading\">O que fazer se o INSS pagar menos do que o devido?<\/h2>\n\n\n\n<p>Quando a incapacidade \u00e9 ocupacional, mas o INSS a trata como comum, o segurado pode agir. O primeiro passo \u00e9 reunir <strong>provas t\u00e9cnicas<\/strong>, como laudos m\u00e9dicos detalhados, CAT e o PPP, para demonstrar o nexo com o trabalho.<\/p>\n\n\n\n<p>Se a revis\u00e3o administrativa for negada, a <strong>a\u00e7\u00e3o judicial<\/strong> permite discutir o enquadramento correto e elevar o benef\u00edcio para 100%. Essa estrat\u00e9gia tem sido fundamental para corrigir erros ap\u00f3s a decis\u00e3o do STF.<\/p>\n","protected":false},"excerpt":{"rendered":"<p>O STF validou a redu\u00e7\u00e3o da aposentadoria por incapacidade permanente para doen\u00e7as comuns: 60% da m\u00e9dia mais 2% por ano acima de 20. Casos ocupacionais mant\u00eam 100%, e erro de enquadramento pode ser revertido. O Supremo Tribunal Federal validou a regra da Reforma da Previd\u00eancia que reduz o valor da aposentadoria por incapacidade permanente. A [&hellip;]<\/p>\n","protected":false},"author":13,"featured_media":146862,"comment_status":"open","ping_status":"open","sticky":false,"template":"","format":"standard","meta":{"jnews-multi-image_gallery":[],"jnews_single_post":{"format":"standard"},"jnews_primary_category":[],"jnews_social_meta":[],"jnews_override_counter":[],"footnotes":""},"categories":[28],"tags":[11613,21488,173],"class_list":["post-146845","post","type-post","status-publish","format-standard","has-post-thumbnail","hentry","category-economia","tag-aposentadoria-por-invalidez","tag-corte-da-aposentadoria","tag-stf"],"yoast_head":"<!-- This site is optimized with the Yoast SEO plugin v23.8 - https:\/\/yoast.com\/wordpress\/plugins\/seo\/ -->\n<title>Urgente: STF mant\u00e9m redu\u00e7\u00e3o da aposentadoria por invalidez e regra j\u00e1 est\u00e1 valendo - Estado de Minas - Em foco<\/title>\n<meta name=\"description\" content=\"STF validou regra que reduz a aposentadoria por invalidez. S\u00f3 quem teve acidente ou doen\u00e7a do trabalho mant\u00e9m 100% do valor.\" \/>\n<meta name=\"robots\" content=\"index, follow, max-snippet:-1, max-image-preview:large, max-video-preview:-1\" \/>\n<link rel=\"canonical\" href=\"https:\/\/www.em.com.br\/emfoco\/2025\/12\/29\/urgente-stf-mantem-reducao-da-aposentadoria-por-invalidez-e-regra-ja-esta-valendo\/\" \/>\n<meta property=\"og:locale\" content=\"pt_BR\" \/>\n<meta property=\"og:type\" content=\"article\" \/>\n<meta property=\"og:title\" content=\"Urgente: STF mant\u00e9m redu\u00e7\u00e3o da aposentadoria por invalidez e regra j\u00e1 est\u00e1 valendo - Estado de Minas - Em foco\" \/>\n<meta property=\"og:description\" content=\"STF validou regra que reduz a aposentadoria por invalidez. S\u00f3 quem teve acidente ou doen\u00e7a do trabalho mant\u00e9m 100% do valor.\" \/>\n<meta property=\"og:url\" content=\"https:\/\/www.em.com.br\/emfoco\/2025\/12\/29\/urgente-stf-mantem-reducao-da-aposentadoria-por-invalidez-e-regra-ja-esta-valendo\/\" \/>\n<meta property=\"og:site_name\" content=\"Estado de Minas - Em foco\" \/>\n<meta property=\"article:published_time\" content=\"2025-12-29T20:45:00+00:00\" \/>\n<meta property=\"article:modified_time\" content=\"2025-12-27T01:20:56+00:00\" \/>\n<meta property=\"og:image\" content=\"https:\/\/www.em.com.br\/emfoco\/wp-content\/uploads\/2025\/12\/IA-5-50.jpg\" \/>\n\t<meta property=\"og:image:width\" content=\"1280\" \/>\n\t<meta property=\"og:image:height\" content=\"720\" \/>\n\t<meta property=\"og:image:type\" content=\"image\/jpeg\" \/>\n<meta name=\"author\" content=\"Gabriel Martins\" \/>\n<meta name=\"twitter:card\" content=\"summary_large_image\" \/>\n<meta name=\"twitter:label1\" content=\"Escrito por\" \/>\n\t<meta name=\"twitter:data1\" content=\"Gabriel Martins\" \/>\n\t<meta name=\"twitter:label2\" content=\"Est. tempo de leitura\" \/>\n\t<meta name=\"twitter:data2\" content=\"4 minutos\" \/>\n<!-- \/ Yoast SEO plugin. -->","yoast_head_json":{"title":"Urgente: STF mant\u00e9m redu\u00e7\u00e3o da aposentadoria por invalidez e regra j\u00e1 est\u00e1 valendo - Estado de Minas - Em foco","description":"STF validou regra que reduz a aposentadoria por invalidez. S\u00f3 quem teve acidente ou doen\u00e7a do trabalho mant\u00e9m 100% do valor.","robots":{"index":"index","follow":"follow","max-snippet":"max-snippet:-1","max-image-preview":"max-image-preview:large","max-video-preview":"max-video-preview:-1"},"canonical":"https:\/\/www.em.com.br\/emfoco\/2025\/12\/29\/urgente-stf-mantem-reducao-da-aposentadoria-por-invalidez-e-regra-ja-esta-valendo\/","og_locale":"pt_BR","og_type":"article","og_title":"Urgente: STF mant\u00e9m redu\u00e7\u00e3o da aposentadoria por invalidez e regra j\u00e1 est\u00e1 valendo - Estado de Minas - Em foco","og_description":"STF validou regra que reduz a aposentadoria por invalidez. S\u00f3 quem teve acidente ou doen\u00e7a do trabalho mant\u00e9m 100% do valor.","og_url":"https:\/\/www.em.com.br\/emfoco\/2025\/12\/29\/urgente-stf-mantem-reducao-da-aposentadoria-por-invalidez-e-regra-ja-esta-valendo\/","og_site_name":"Estado de Minas - Em foco","article_published_time":"2025-12-29T20:45:00+00:00","article_modified_time":"2025-12-27T01:20:56+00:00","og_image":[{"width":1280,"height":720,"url":"https:\/\/www.em.com.br\/emfoco\/wp-content\/uploads\/2025\/12\/IA-5-50.jpg","type":"image\/jpeg"}],"author":"Gabriel Martins","twitter_card":"summary_large_image","twitter_misc":{"Escrito por":"Gabriel Martins","Est. tempo de leitura":"4 minutos"},"schema":{"@context":"https:\/\/schema.org","@graph":[{"@type":"WebPage","@id":"https:\/\/www.em.com.br\/emfoco\/2025\/12\/29\/urgente-stf-mantem-reducao-da-aposentadoria-por-invalidez-e-regra-ja-esta-valendo\/","url":"https:\/\/www.em.com.br\/emfoco\/2025\/12\/29\/urgente-stf-mantem-reducao-da-aposentadoria-por-invalidez-e-regra-ja-esta-valendo\/","name":"Urgente: STF mant\u00e9m redu\u00e7\u00e3o da aposentadoria por invalidez e regra j\u00e1 est\u00e1 valendo - Estado de Minas - Em foco","isPartOf":{"@id":"https:\/\/www.em.com.br\/emfoco\/#website"},"primaryImageOfPage":{"@id":"https:\/\/www.em.com.br\/emfoco\/2025\/12\/29\/urgente-stf-mantem-reducao-da-aposentadoria-por-invalidez-e-regra-ja-esta-valendo\/#primaryimage"},"image":{"@id":"https:\/\/www.em.com.br\/emfoco\/2025\/12\/29\/urgente-stf-mantem-reducao-da-aposentadoria-por-invalidez-e-regra-ja-esta-valendo\/#primaryimage"},"thumbnailUrl":"https:\/\/www.em.com.br\/emfoco\/wp-content\/uploads\/2025\/12\/IA-5-50.jpg","datePublished":"2025-12-29T20:45:00+00:00","dateModified":"2025-12-27T01:20:56+00:00","author":{"@id":"https:\/\/www.em.com.br\/emfoco\/#\/schema\/person\/1c9ddeab18b98abeffef834667bcf08a"},"description":"STF validou regra que reduz a aposentadoria por invalidez. S\u00f3 quem teve acidente ou doen\u00e7a do trabalho mant\u00e9m 100% do valor.","breadcrumb":{"@id":"https:\/\/www.em.com.br\/emfoco\/2025\/12\/29\/urgente-stf-mantem-reducao-da-aposentadoria-por-invalidez-e-regra-ja-esta-valendo\/#breadcrumb"},"inLanguage":"pt-BR","potentialAction":[{"@type":"ReadAction","target":["https:\/\/www.em.com.br\/emfoco\/2025\/12\/29\/urgente-stf-mantem-reducao-da-aposentadoria-por-invalidez-e-regra-ja-esta-valendo\/"]}]},{"@type":"ImageObject","inLanguage":"pt-BR","@id":"https:\/\/www.em.com.br\/emfoco\/2025\/12\/29\/urgente-stf-mantem-reducao-da-aposentadoria-por-invalidez-e-regra-ja-esta-valendo\/#primaryimage","url":"https:\/\/www.em.com.br\/emfoco\/wp-content\/uploads\/2025\/12\/IA-5-50.jpg","contentUrl":"https:\/\/www.em.com.br\/emfoco\/wp-content\/uploads\/2025\/12\/IA-5-50.jpg","width":1280,"height":720,"caption":"STF valida regra que reduz valor da aposentadoria por incapacidade permanente"},{"@type":"BreadcrumbList","@id":"https:\/\/www.em.com.br\/emfoco\/2025\/12\/29\/urgente-stf-mantem-reducao-da-aposentadoria-por-invalidez-e-regra-ja-esta-valendo\/#breadcrumb","itemListElement":[{"@type":"ListItem","position":1,"name":"In\u00edcio","item":"https:\/\/www.em.com.br\/emfoco\/"},{"@type":"ListItem","position":2,"name":"Urgente: STF mant\u00e9m redu\u00e7\u00e3o da aposentadoria por invalidez e regra j\u00e1 est\u00e1 valendo"}]},{"@type":"WebSite","@id":"https:\/\/www.em.com.br\/emfoco\/#website","url":"https:\/\/www.em.com.br\/emfoco\/","name":"Estado de Minas - Em foco","description":"Acompanhe as \u00faltimas not\u00edcias e fique bem informado sobre tudo o que acontece em Minas Gerais, Brasil e no mundo.","potentialAction":[{"@type":"SearchAction","target":{"@type":"EntryPoint","urlTemplate":"https:\/\/www.em.com.br\/emfoco\/?s={search_term_string}"},"query-input":{"@type":"PropertyValueSpecification","valueRequired":true,"valueName":"search_term_string"}}],"inLanguage":"pt-BR"},{"@type":"Person","@id":"https:\/\/www.em.com.br\/emfoco\/#\/schema\/person\/1c9ddeab18b98abeffef834667bcf08a","name":"Gabriel Martins","image":{"@type":"ImageObject","inLanguage":"pt-BR","@id":"https:\/\/www.em.com.br\/emfoco\/#\/schema\/person\/image\/","url":"https:\/\/secure.gravatar.com\/avatar\/f0f1e2efdfd88f1ad2cb08c5c2731e50?s=96&d=mm&r=g","contentUrl":"https:\/\/secure.gravatar.com\/avatar\/f0f1e2efdfd88f1ad2cb08c5c2731e50?s=96&d=mm&r=g","caption":"Gabriel Martins"},"sameAs":["https:\/\/www.em.com.br\/emfoco\/"],"url":"https:\/\/www.em.com.br\/emfoco\/author\/gabrielmartinsmyth\/"}]}},"_links":{"self":[{"href":"https:\/\/www.em.com.br\/emfoco\/wp-json\/wp\/v2\/posts\/146845","targetHints":{"allow":["GET"]}}],"collection":[{"href":"https:\/\/www.em.com.br\/emfoco\/wp-json\/wp\/v2\/posts"}],"about":[{"href":"https:\/\/www.em.com.br\/emfoco\/wp-json\/wp\/v2\/types\/post"}],"author":[{"embeddable":true,"href":"https:\/\/www.em.com.br\/emfoco\/wp-json\/wp\/v2\/users\/13"}],"replies":[{"embeddable":true,"href":"https:\/\/www.em.com.br\/emfoco\/wp-json\/wp\/v2\/comments?post=146845"}],"version-history":[{"count":1,"href":"https:\/\/www.em.com.br\/emfoco\/wp-json\/wp\/v2\/posts\/146845\/revisions"}],"predecessor-version":[{"id":146864,"href":"https:\/\/www.em.com.br\/emfoco\/wp-json\/wp\/v2\/posts\/146845\/revisions\/146864"}],"wp:featuredmedia":[{"embeddable":true,"href":"https:\/\/www.em.com.br\/emfoco\/wp-json\/wp\/v2\/media\/146862"}],"wp:attachment":[{"href":"https:\/\/www.em.com.br\/emfoco\/wp-json\/wp\/v2\/media?parent=146845"}],"wp:term":[{"taxonomy":"category","embeddable":true,"href":"https:\/\/www.em.com.br\/emfoco\/wp-json\/wp\/v2\/categories?post=146845"},{"taxonomy":"post_tag","embeddable":true,"href":"https:\/\/www.em.com.br\/emfoco\/wp-json\/wp\/v2\/tags?post=146845"}],"curies":[{"name":"wp","href":"https:\/\/api.w.org\/{rel}","templated":true}]}}