{"id":146814,"date":"2025-12-28T19:15:01","date_gmt":"2025-12-28T22:15:01","guid":{"rendered":"https:\/\/www.em.com.br\/emfoco\/?p=146814"},"modified":"2025-12-27T13:10:59","modified_gmt":"2025-12-27T16:10:59","slug":"essa-tendencia-artesanal-esta-dominando-a-cidade-e-a-praia-com-muito-estilo","status":"publish","type":"post","link":"https:\/\/www.em.com.br\/emfoco\/2025\/12\/28\/essa-tendencia-artesanal-esta-dominando-a-cidade-e-a-praia-com-muito-estilo\/","title":{"rendered":"Essa tend\u00eancia artesanal est\u00e1 dominando a cidade e a praia com muito estilo"},"content":{"rendered":"\n<h2 class=\"wp-block-heading\">Tend\u00eancia handmade, a touca de croch\u00ea comp\u00f5e looks urbanos e praianos com estilo, misturando conforto e modernidade. Use modelos coloridos ou neutros conforme a ocasi\u00e3o e lave \u00e0 m\u00e3o, secando na horizontal, para preservar a pe\u00e7a.<\/h2>\n\n\n\n<p>Voc\u00ea j\u00e1 percebeu como algumas pe\u00e7as que lembram a casa da av\u00f3 voltaram com tudo para os looks do dia a dia? As <b>toucas de croch\u00ea<\/b> s\u00e3o um \u00f3timo exemplo disso: um <b>acess\u00f3rio<\/b> que antes aparecia quase s\u00f3 no inverno e que agora ganhou espa\u00e7o nas ruas, nas praias e nas redes sociais, misturando o charme artesanal com um visual moderno e descolado.<\/p>\n\n\n\n<h2 class=\"wp-block-heading\">Por que a touca de croch\u00ea virou tend\u00eancia na moda atual<\/h2>\n\n\n\n<p><strong>A touca de croch\u00ea<\/strong> ganhou for\u00e7a nas buscas de moda porque traduz v\u00e1rias vibes do momento: o interesse pelo <b>handmade<\/b>, o consumo mais consciente e o resgate de t\u00e9cnicas artesanais que trazem afeto e hist\u00f3ria. Em vez de tudo igual e industrial, muita gente passou a valorizar <b>pe\u00e7as \u00fanicas<\/b>, feitas \u00e0 m\u00e3o e cheias de personalidade.<\/p>\n\n\n\n<p>Al\u00e9m disso, a <b>touca de croch\u00ea<\/b> saiu do papel de \u201cacess\u00f3rio s\u00f3 para o frio\u201d e ganhou novas cores, formatos e acabamentos. Modelos coloridos, vers\u00f5es minimalistas, fios mais sofisticados e at\u00e9 combina\u00e7\u00f5es com outras pe\u00e7as em <b>croch\u00ea<\/b> deixaram o acess\u00f3rio mais vers\u00e1til e presente em looks de diferentes estilos e idades.<\/p>\n\n\n\n<figure class=\"wp-block-embed is-type-rich is-provider-pinterest wp-block-embed-pinterest\"><div class=\"wp-block-embed__wrapper\">\n<iframe loading=\"lazy\" title=\"Jellyfish\" src=\"https:\/\/assets.pinterest.com\/ext\/embed.html?id=563018698003811&#038;src=oembed\" height=\"699\" width=\"450\" frameborder=\"0\" scrolling=\"no\" ><\/iframe>\n<\/div><\/figure>\n\n\n\n<p>Leia tamb\u00e9m:&nbsp;<a href=\"https:\/\/www.em.com.br\/emfoco\/2025\/12\/25\/nem-bico-fino-nem-cano-curto-sapato-classico-das-avos-reaparece-como-tendencia-para-2026\/\" target=\"_blank\" rel=\"noopener\">Nem bico fino, nem cano curto: sapato cl\u00e1ssico das av\u00f3s reaparece como tend\u00eancia para 2026<\/a><\/p>\n\n\n\n<h2 class=\"wp-block-heading\">Como usar touca de croch\u00ea em looks urbanos com estilo<\/h2>\n\n\n\n<p>No dia a dia da cidade, a <strong>touca de croch\u00ea estilosa<\/strong> costuma ser o ponto de destaque do visual, dando um toque moderno at\u00e9 nas produ\u00e7\u00f5es mais simples. Em dias amenos, ela aparece combinada com <b>casacos leves<\/b>, jaquetas jeans ou bomber, criando um equil\u00edbrio entre conforto e <b>estilo<\/b>.<\/p>\n\n\n\n<p>J\u00e1 em lugares mais frios, entra junto de sobretudos, tric\u00f4s pesados e cachec\u00f3is, trazendo aquela sensa\u00e7\u00e3o de <b>aconchego<\/b>. Para deixar o uso mais pr\u00e1tico, muita gente aposta em repetir na touca alguma <b>cor<\/b> que j\u00e1 est\u00e1 na roupa, criando harmonia sem esfor\u00e7o.<\/p>\n\n\n\n<figure class=\"wp-block-embed is-type-rich is-provider-pinterest wp-block-embed-pinterest\"><div class=\"wp-block-embed__wrapper\">\n<iframe loading=\"lazy\" title=\" \" src=\"https:\/\/assets.pinterest.com\/ext\/embed.html?id=11540542794557563&#038;src=oembed\" height=\"899\" width=\"450\" frameborder=\"0\" scrolling=\"no\" ><\/iframe>\n<\/div><\/figure>\n\n\n\n<p>Quem gosta de ousar prefere modelos vibrantes em <b>looks monocrom\u00e1ticos<\/b>, deixando o acess\u00f3rio chamar a aten\u00e7\u00e3o sem precisar mudar todo o guarda-roupa. Esse contraste deixa o visual mais <b>atual<\/b> e com cara de produ\u00e7\u00e3o pensada, mesmo em combina\u00e7\u00f5es simples.<\/p>\n\n\n\n<h2 class=\"wp-block-heading\">Quais combina\u00e7\u00f5es urbanas ficam bem com touca de croch\u00ea<\/h2>\n\n\n\n<p>Se voc\u00ea quer come\u00e7ar a usar <b>touca de croch\u00ea<\/b> na cidade, vale testar aos poucos em looks que voc\u00ea j\u00e1 usa no dia a dia. A ideia \u00e9 encaixar a pe\u00e7a em produ\u00e7\u00f5es que fa\u00e7am sentido com seu <b>estilo<\/b>, seja ele mais b\u00e1sico, street ou criativo, e usar a touca como um toque final que muda o clima do visual.<\/p>\n\n\n\n<ul class=\"wp-block-list\">\n<li><strong>Look b\u00e1sico atualizado<\/strong>: touca de croch\u00ea neutra com <b>camiseta branca<\/b>, cal\u00e7a jeans reta e <b>t\u00eanis<\/b> simples;<\/li>\n\n\n\n<li><strong>Visual streetwear<\/strong>: touca colorida com moletom oversized, <b>cal\u00e7a cargo<\/b> e t\u00eanis robusto;<\/li>\n\n\n\n<li><strong>Proposta minimalista<\/strong>: touca em tom s\u00f3brio, <b>trench coat<\/b>, cal\u00e7a de alfaiataria e <b>sapato<\/b> baixo;<\/li>\n\n\n\n<li><strong>Estilo criativo<\/strong>: touca com fios multicoloridos, <b>jaqueta de couro<\/b> sint\u00e9tico e saia midi.<\/li>\n<\/ul>\n\n\n\n<figure class=\"wp-block-embed is-type-rich is-provider-pinterest wp-block-embed-pinterest\"><div class=\"wp-block-embed__wrapper\">\n<iframe loading=\"lazy\" title=\" \" src=\"https:\/\/assets.pinterest.com\/ext\/embed.html?id=3096293491159299&#038;src=oembed\" height=\"550\" width=\"450\" frameborder=\"0\" scrolling=\"no\" ><\/iframe>\n<\/div><\/figure>\n\n\n\n<h2 class=\"wp-block-heading\">Como incluir a touca de croch\u00ea em produ\u00e7\u00f5es de praia<\/h2>\n\n\n\n<p>Na praia, a <strong>touca de croch\u00ea praiana<\/strong> aparece muito em combina\u00e7\u00f5es com biqu\u00edni, mai\u00f4 e sa\u00eddas de banho leves, trazendo um ar despojado e ao mesmo tempo arrumadinho. Em hor\u00e1rios de sol mais ameno, como manh\u00e3 e fim de tarde, ela ajuda a manter os <b>fios no lugar<\/b> e deixa o visual mais <b>estiloso<\/b> para caminhar na orla ou curtir um quiosque.<\/p>\n\n\n\n<p>Em climas quentes, as toucas feitas com fios mais leves, como <b>algod\u00e3o<\/b>, s\u00e3o as mais usadas, pois deixam o couro cabeludo respirar. J\u00e1 \u00e0 noite, em locais litor\u00e2neos com vento mais frio, entram em cena os modelos de fio um pouco mais grosso, que protegem do <b>frio<\/b> sem perder o ar praiano.<\/p>\n\n\n\n<figure class=\"wp-block-embed is-type-rich is-provider-pinterest wp-block-embed-pinterest\"><div class=\"wp-block-embed__wrapper\">\n<iframe loading=\"lazy\" title=\"Mesh hat, casquetes,  son la tendencia de esta temporada.. . #hechoamano #tejidoartesanal #crochetydise\u00f1os #dise\u00f1ostejidos #crochet #mijustextil\" src=\"https:\/\/assets.pinterest.com\/ext\/embed.html?id=32017847347210754&#038;src=oembed\" height=\"899\" width=\"450\" frameborder=\"0\" scrolling=\"no\" ><\/iframe>\n<\/div><\/figure>\n\n\n\n<h2 class=\"wp-block-heading\">Ideias de looks de praia com touca de croch\u00ea<\/h2>\n\n\n\n<p>Para quem quer levar a <b>touca de croch\u00ea<\/b> para a mala de viagem, vale pensar nela como um acess\u00f3rio que completa o visual tanto na areia quanto no p\u00f3s-praia. Ela combina bem com <b>pe\u00e7as fluidas<\/b>, cores claras, estampas leves e produ\u00e7\u00f5es confort\u00e1veis para caminhar e aproveitar o dia perto do mar.<\/p>\n\n\n\n<ol class=\"wp-block-list\">\n<li><strong>Look p\u00f3s-praia<\/strong>: touca de croch\u00ea clara, vestido de <b>sa\u00edda de praia<\/b> e sand\u00e1lias <b>rasteiras<\/b>;<\/li>\n\n\n\n<li><strong>Produ\u00e7\u00e3o coordenada<\/strong>: touca e top de croch\u00ea em cores semelhantes, combinados com <b>short<\/b> de cintura alta;<\/li>\n\n\n\n<li><strong>Estilo boho<\/strong>: touca em tom terroso, <b>kimono leve<\/b> estampado e biqu\u00edni neutro;<\/li>\n\n\n\n<li><strong>Visual esportivo<\/strong>: touca ajustada \u00e0 cabe\u00e7a, mai\u00f4 de uma pe\u00e7a e <b>bermuda<\/b> de tecido leve.<\/li>\n<\/ol>\n\n\n\n<p>Para voc\u00ea que gosta dessa moda, separamos um v\u00eddeo do canal da <a href=\"https:\/\/www.youtube.com\/@meumagicomundo\" target=\"_blank\" rel=\"noopener\">Meu m\u00e1gico mundo<\/a> ensinando a fazer sua pr\u00f3pria touca de croch\u00ea:<\/p>\n\n\n\n<figure class=\"wp-block-embed is-type-video is-provider-youtube wp-block-embed-youtube wp-embed-aspect-16-9 wp-has-aspect-ratio\"><div class=\"wp-block-embed__wrapper\">\n<div class=\"jeg_video_container jeg_video_content\"><iframe loading=\"lazy\" title=\"Headpiece de croch\u00ea passo a passo \/ Touca de croch\u00ea f\u00e1cil e econ\u00f4mica\" width=\"500\" height=\"281\" src=\"https:\/\/www.youtube.com\/embed\/i8i12g7PTLM?feature=oembed\" frameborder=\"0\" allow=\"accelerometer; autoplay; clipboard-write; encrypted-media; gyroscope; picture-in-picture; web-share\" referrerpolicy=\"strict-origin-when-cross-origin\" allowfullscreen><\/iframe><\/div>\n<\/div><\/figure>\n\n\n\n<h2 class=\"wp-block-heading\">Quais cuidados ter com a touca de croch\u00ea para durar mais<\/h2>\n\n\n\n<p>Para que a sua <strong>touca de croch\u00ea<\/strong> siga bonita por bastante tempo, alguns cuidados simples fazem diferen\u00e7a. A <b>lavagem \u00e0 m\u00e3o<\/b>, com \u00e1gua fria ou levemente morna e sab\u00e3o neutro, ajuda a manter a elasticidade do fio e evita que a pe\u00e7a deforme, preservando o <b>acabamento<\/b> artesanal.<\/p>\n\n\n\n<p>Em vez de torcer com for\u00e7a, basta apertar suavemente para tirar o excesso de \u00e1gua. Na hora de secar, o ideal \u00e9 deixar a touca estendida em uma <b>superf\u00edcie plana<\/b>, sobre uma toalha limpa e longe de sol muito forte, para que ela n\u00e3o laceie nem <b>desbote<\/b>.<\/p>\n\n\n\n<p>Guardar dobrada com cuidado em gavetas ou caixas, sem pendurar, tamb\u00e9m ajuda a preservar os <b>pontos<\/b> e o caimento original. Assim, sua pe\u00e7a se mant\u00e9m bonita por mais tempo e voc\u00ea evita aquelas deforma\u00e7\u00f5es que tiram o <b>charme<\/b> da touca.<\/p>\n\n\n\n<p>&nbsp;<\/p>\n","protected":false},"excerpt":{"rendered":"<p>Tend\u00eancia handmade, a touca de croch\u00ea comp\u00f5e looks urbanos e praianos com estilo, misturando conforto e modernidade. Use modelos coloridos ou neutros conforme a ocasi\u00e3o e lave \u00e0 m\u00e3o, secando na horizontal, para preservar a pe\u00e7a. Voc\u00ea j\u00e1 percebeu como algumas pe\u00e7as que lembram a casa da av\u00f3 voltaram com tudo para os looks do [&hellip;]<\/p>\n","protected":false},"author":9,"featured_media":146901,"comment_status":"open","ping_status":"open","sticky":false,"template":"","format":"standard","meta":{"jnews-multi-image_gallery":[],"jnews_single_post":{"format":"standard"},"jnews_primary_category":[],"jnews_social_meta":[],"jnews_override_counter":[],"footnotes":""},"categories":[8691,8819,1],"tags":[19687,2616,21482],"class_list":["post-146814","post","type-post","status-publish","format-standard","has-post-thumbnail","hentry","category-bem-estar","category-curiosidades","category-noticias","tag-acessorio","tag-beleza","tag-touca-croche"],"yoast_head":"<!-- This site is optimized with the Yoast SEO plugin v23.8 - https:\/\/yoast.com\/wordpress\/plugins\/seo\/ -->\n<title>Essa tend\u00eancia artesanal est\u00e1 dominando a cidade e a praia com muito estilo - Estado de Minas - Em foco<\/title>\n<meta name=\"description\" content=\"Quer estilo handmade? Descubra como usar touca de croch\u00ea na cidade e na praia, veja dicas de looks urbanos e saiba como lavar sua pe\u00e7a para durar mais.\" \/>\n<meta name=\"robots\" content=\"index, follow, max-snippet:-1, max-image-preview:large, max-video-preview:-1\" \/>\n<link rel=\"canonical\" href=\"https:\/\/www.em.com.br\/emfoco\/2025\/12\/28\/essa-tendencia-artesanal-esta-dominando-a-cidade-e-a-praia-com-muito-estilo\/\" \/>\n<meta property=\"og:locale\" content=\"pt_BR\" \/>\n<meta property=\"og:type\" content=\"article\" \/>\n<meta property=\"og:title\" content=\"Essa tend\u00eancia artesanal est\u00e1 dominando a cidade e a praia com muito estilo - Estado de Minas - Em foco\" \/>\n<meta property=\"og:description\" content=\"Quer estilo handmade? Descubra como usar touca de croch\u00ea na cidade e na praia, veja dicas de looks urbanos e saiba como lavar sua pe\u00e7a para durar mais.\" \/>\n<meta property=\"og:url\" content=\"https:\/\/www.em.com.br\/emfoco\/2025\/12\/28\/essa-tendencia-artesanal-esta-dominando-a-cidade-e-a-praia-com-muito-estilo\/\" \/>\n<meta property=\"og:site_name\" content=\"Estado de Minas - Em foco\" \/>\n<meta property=\"article:published_time\" content=\"2025-12-28T22:15:01+00:00\" \/>\n<meta property=\"article:modified_time\" content=\"2025-12-27T16:10:59+00:00\" \/>\n<meta property=\"og:image\" content=\"https:\/\/www.em.com.br\/emfoco\/wp-content\/uploads\/2025\/12\/touca-de-croche_1766800523583.jpg\" \/>\n\t<meta property=\"og:image:width\" content=\"1280\" \/>\n\t<meta property=\"og:image:height\" content=\"720\" \/>\n\t<meta property=\"og:image:type\" content=\"image\/jpeg\" \/>\n<meta name=\"author\" content=\"Daniely Cardoso\" \/>\n<meta name=\"twitter:card\" content=\"summary_large_image\" \/>\n<meta name=\"twitter:label1\" content=\"Escrito por\" \/>\n\t<meta name=\"twitter:data1\" content=\"Daniely Cardoso\" \/>\n\t<meta name=\"twitter:label2\" content=\"Est. tempo de leitura\" \/>\n\t<meta name=\"twitter:data2\" content=\"6 minutos\" \/>\n<!-- \/ Yoast SEO plugin. -->","yoast_head_json":{"title":"Essa tend\u00eancia artesanal est\u00e1 dominando a cidade e a praia com muito estilo - Estado de Minas - Em foco","description":"Quer estilo handmade? Descubra como usar touca de croch\u00ea na cidade e na praia, veja dicas de looks urbanos e saiba como lavar sua pe\u00e7a para durar mais.","robots":{"index":"index","follow":"follow","max-snippet":"max-snippet:-1","max-image-preview":"max-image-preview:large","max-video-preview":"max-video-preview:-1"},"canonical":"https:\/\/www.em.com.br\/emfoco\/2025\/12\/28\/essa-tendencia-artesanal-esta-dominando-a-cidade-e-a-praia-com-muito-estilo\/","og_locale":"pt_BR","og_type":"article","og_title":"Essa tend\u00eancia artesanal est\u00e1 dominando a cidade e a praia com muito estilo - Estado de Minas - Em foco","og_description":"Quer estilo handmade? Descubra como usar touca de croch\u00ea na cidade e na praia, veja dicas de looks urbanos e saiba como lavar sua pe\u00e7a para durar mais.","og_url":"https:\/\/www.em.com.br\/emfoco\/2025\/12\/28\/essa-tendencia-artesanal-esta-dominando-a-cidade-e-a-praia-com-muito-estilo\/","og_site_name":"Estado de Minas - Em foco","article_published_time":"2025-12-28T22:15:01+00:00","article_modified_time":"2025-12-27T16:10:59+00:00","og_image":[{"width":1280,"height":720,"url":"https:\/\/www.em.com.br\/emfoco\/wp-content\/uploads\/2025\/12\/touca-de-croche_1766800523583.jpg","type":"image\/jpeg"}],"author":"Daniely Cardoso","twitter_card":"summary_large_image","twitter_misc":{"Escrito por":"Daniely Cardoso","Est. tempo de leitura":"6 minutos"},"schema":{"@context":"https:\/\/schema.org","@graph":[{"@type":"WebPage","@id":"https:\/\/www.em.com.br\/emfoco\/2025\/12\/28\/essa-tendencia-artesanal-esta-dominando-a-cidade-e-a-praia-com-muito-estilo\/","url":"https:\/\/www.em.com.br\/emfoco\/2025\/12\/28\/essa-tendencia-artesanal-esta-dominando-a-cidade-e-a-praia-com-muito-estilo\/","name":"Essa tend\u00eancia artesanal est\u00e1 dominando a cidade e a praia com muito estilo - Estado de Minas - Em foco","isPartOf":{"@id":"https:\/\/www.em.com.br\/emfoco\/#website"},"primaryImageOfPage":{"@id":"https:\/\/www.em.com.br\/emfoco\/2025\/12\/28\/essa-tendencia-artesanal-esta-dominando-a-cidade-e-a-praia-com-muito-estilo\/#primaryimage"},"image":{"@id":"https:\/\/www.em.com.br\/emfoco\/2025\/12\/28\/essa-tendencia-artesanal-esta-dominando-a-cidade-e-a-praia-com-muito-estilo\/#primaryimage"},"thumbnailUrl":"https:\/\/www.em.com.br\/emfoco\/wp-content\/uploads\/2025\/12\/touca-de-croche_1766800523583.jpg","datePublished":"2025-12-28T22:15:01+00:00","dateModified":"2025-12-27T16:10:59+00:00","author":{"@id":"https:\/\/www.em.com.br\/emfoco\/#\/schema\/person\/0a8186d72f2c3a5c6276d90b41f271a0"},"description":"Quer estilo handmade? Descubra como usar touca de croch\u00ea na cidade e na praia, veja dicas de looks urbanos e saiba como lavar sua pe\u00e7a para durar mais.","breadcrumb":{"@id":"https:\/\/www.em.com.br\/emfoco\/2025\/12\/28\/essa-tendencia-artesanal-esta-dominando-a-cidade-e-a-praia-com-muito-estilo\/#breadcrumb"},"inLanguage":"pt-BR","potentialAction":[{"@type":"ReadAction","target":["https:\/\/www.em.com.br\/emfoco\/2025\/12\/28\/essa-tendencia-artesanal-esta-dominando-a-cidade-e-a-praia-com-muito-estilo\/"]}]},{"@type":"ImageObject","inLanguage":"pt-BR","@id":"https:\/\/www.em.com.br\/emfoco\/2025\/12\/28\/essa-tendencia-artesanal-esta-dominando-a-cidade-e-a-praia-com-muito-estilo\/#primaryimage","url":"https:\/\/www.em.com.br\/emfoco\/wp-content\/uploads\/2025\/12\/touca-de-croche_1766800523583.jpg","contentUrl":"https:\/\/www.em.com.br\/emfoco\/wp-content\/uploads\/2025\/12\/touca-de-croche_1766800523583.jpg","width":1280,"height":720,"caption":"Al\u00e9m disso, a touca de croch\u00ea saiu do papel de \u201cacess\u00f3rio s\u00f3 para o frio\u201d e ganhou novas cores, formatos e acabamentos - Cr\u00e9ditos: depositphotos.com \/ Elnur_"},{"@type":"BreadcrumbList","@id":"https:\/\/www.em.com.br\/emfoco\/2025\/12\/28\/essa-tendencia-artesanal-esta-dominando-a-cidade-e-a-praia-com-muito-estilo\/#breadcrumb","itemListElement":[{"@type":"ListItem","position":1,"name":"In\u00edcio","item":"https:\/\/www.em.com.br\/emfoco\/"},{"@type":"ListItem","position":2,"name":"Essa tend\u00eancia artesanal est\u00e1 dominando a cidade e a praia com muito estilo"}]},{"@type":"WebSite","@id":"https:\/\/www.em.com.br\/emfoco\/#website","url":"https:\/\/www.em.com.br\/emfoco\/","name":"Estado de Minas - Em foco","description":"Acompanhe as \u00faltimas not\u00edcias e fique bem informado sobre tudo o que acontece em Minas Gerais, Brasil e no mundo.","potentialAction":[{"@type":"SearchAction","target":{"@type":"EntryPoint","urlTemplate":"https:\/\/www.em.com.br\/emfoco\/?s={search_term_string}"},"query-input":{"@type":"PropertyValueSpecification","valueRequired":true,"valueName":"search_term_string"}}],"inLanguage":"pt-BR"},{"@type":"Person","@id":"https:\/\/www.em.com.br\/emfoco\/#\/schema\/person\/0a8186d72f2c3a5c6276d90b41f271a0","name":"Daniely Cardoso","image":{"@type":"ImageObject","inLanguage":"pt-BR","@id":"https:\/\/www.em.com.br\/emfoco\/#\/schema\/person\/image\/","url":"https:\/\/secure.gravatar.com\/avatar\/4b80ddbd124d1f071b626d52d62e5dff?s=96&d=mm&r=g","contentUrl":"https:\/\/secure.gravatar.com\/avatar\/4b80ddbd124d1f071b626d52d62e5dff?s=96&d=mm&r=g","caption":"Daniely Cardoso"},"url":"https:\/\/www.em.com.br\/emfoco\/author\/danielymyth\/"}]}},"_links":{"self":[{"href":"https:\/\/www.em.com.br\/emfoco\/wp-json\/wp\/v2\/posts\/146814","targetHints":{"allow":["GET"]}}],"collection":[{"href":"https:\/\/www.em.com.br\/emfoco\/wp-json\/wp\/v2\/posts"}],"about":[{"href":"https:\/\/www.em.com.br\/emfoco\/wp-json\/wp\/v2\/types\/post"}],"author":[{"embeddable":true,"href":"https:\/\/www.em.com.br\/emfoco\/wp-json\/wp\/v2\/users\/9"}],"replies":[{"embeddable":true,"href":"https:\/\/www.em.com.br\/emfoco\/wp-json\/wp\/v2\/comments?post=146814"}],"version-history":[{"count":3,"href":"https:\/\/www.em.com.br\/emfoco\/wp-json\/wp\/v2\/posts\/146814\/revisions"}],"predecessor-version":[{"id":147017,"href":"https:\/\/www.em.com.br\/emfoco\/wp-json\/wp\/v2\/posts\/146814\/revisions\/147017"}],"wp:featuredmedia":[{"embeddable":true,"href":"https:\/\/www.em.com.br\/emfoco\/wp-json\/wp\/v2\/media\/146901"}],"wp:attachment":[{"href":"https:\/\/www.em.com.br\/emfoco\/wp-json\/wp\/v2\/media?parent=146814"}],"wp:term":[{"taxonomy":"category","embeddable":true,"href":"https:\/\/www.em.com.br\/emfoco\/wp-json\/wp\/v2\/categories?post=146814"},{"taxonomy":"post_tag","embeddable":true,"href":"https:\/\/www.em.com.br\/emfoco\/wp-json\/wp\/v2\/tags?post=146814"}],"curies":[{"name":"wp","href":"https:\/\/api.w.org\/{rel}","templated":true}]}}