{"id":146612,"date":"2025-12-29T20:55:00","date_gmt":"2025-12-29T23:55:00","guid":{"rendered":"https:\/\/www.em.com.br\/emfoco\/?p=146612"},"modified":"2025-12-26T16:02:39","modified_gmt":"2025-12-26T19:02:39","slug":"como-eliminar-o-ressecamento-dos-pes-sem-lixar-e-sem-gastar-com-cremes-caros","status":"publish","type":"post","link":"https:\/\/www.em.com.br\/emfoco\/2025\/12\/29\/como-eliminar-o-ressecamento-dos-pes-sem-lixar-e-sem-gastar-com-cremes-caros\/","title":{"rendered":"Como eliminar o ressecamento dos p\u00e9s sem lixar e sem gastar com cremes caros"},"content":{"rendered":"\n<h2 class=\"wp-block-heading\">P\u00e9s ressecam por pouca oleosidade, atrito e banhos quentes. \u00d3leo de coco cria barreira hidratante, ajuda na repara\u00e7\u00e3o e melhora fissuras. Aplicar \u00e0 noite com meia de algod\u00e3o, 3 a 5 vezes por semana, devolve maciez e conforto.<\/h2>\n\n\n\n<p>P\u00e9s ressecados, \u00e1speros e at\u00e9 rachados causam um desconforto silencioso e muito comum. Banhos quentes, uso frequente de cal\u00e7ados fechados e falta de hidrata\u00e7\u00e3o espec\u00edfica fazem muita gente cuidar do corpo inteiro, mas s\u00f3 lembrar dos p\u00e9s quando o inc\u00f4modo aparece.<\/p>\n\n\n\n<h2 class=\"wp-block-heading\">Por que os p\u00e9s ressecam com tanta facilidade?<\/h2>\n\n\n\n<p>A pele dos p\u00e9s \u00e9 naturalmente mais espessa e possui menos gl\u00e2ndulas seb\u00e1ceas, o que reduz a prote\u00e7\u00e3o natural contra a perda de \u00e1gua. Esse fator favorece o <strong>ressecamento intenso<\/strong>, especialmente nos calcanhares, que sofrem atrito constante ao longo do dia.<\/p>\n\n\n\n<p>Al\u00e9m disso, o contato com \u00e1gua quente e sabonetes comuns remove a oleosidade residual da regi\u00e3o. Sem um cuidado direcionado, surgem \u00e1reas \u00e1speras, sens\u00edveis e propensas a fissuras, exigindo um <strong>tratamento oclusivo<\/strong> para restaurar a maciez.<\/p>\n\n\n\n<figure class=\"wp-block-image size-large\"><img loading=\"lazy\" decoding=\"async\" width=\"1024\" height=\"576\" src=\"https:\/\/www.em.com.br\/emfoco\/wp-content\/uploads\/2025\/12\/IA-5-48-1024x576.jpg\" alt=\"Como eliminar o ressecamento dos p\u00e9s sem lixar e sem gastar com cremes caros\" class=\"wp-image-146662\" srcset=\"https:\/\/www.em.com.br\/emfoco\/wp-content\/uploads\/2025\/12\/IA-5-48-1024x576.jpg 1024w, https:\/\/www.em.com.br\/emfoco\/wp-content\/uploads\/2025\/12\/IA-5-48-300x169.jpg 300w, https:\/\/www.em.com.br\/emfoco\/wp-content\/uploads\/2025\/12\/IA-5-48-768x432.jpg 768w, https:\/\/www.em.com.br\/emfoco\/wp-content\/uploads\/2025\/12\/IA-5-48-750x422.jpg 750w, https:\/\/www.em.com.br\/emfoco\/wp-content\/uploads\/2025\/12\/IA-5-48-1140x641.jpg 1140w, https:\/\/www.em.com.br\/emfoco\/wp-content\/uploads\/2025\/12\/IA-5-48.jpg 1280w\" sizes=\"auto, (max-width: 1024px) 100vw, 1024px\" \/><figcaption class=\"wp-element-caption\">A pele dos p\u00e9s \u00e9 espessa, sofre atrito e perde \u00e1gua facilmente<\/figcaption><\/figure>\n\n\n\n<h2 class=\"wp-block-heading\">Como o \u00f3leo de coco ajuda a recuperar p\u00e9s ressecados?<\/h2>\n\n\n\n<p>O \u00f3leo de coco \u00e9 um aliado poderoso no cuidado noturno dos p\u00e9s por criar uma barreira que reduz a perda de \u00e1gua. Rico em \u00e1cidos graxos, ele hidrata profundamente e favorece a regenera\u00e7\u00e3o da pele durante o descanso, como voc\u00ea ver\u00e1 a seguir.<\/p>\n\n\n\n<ul class=\"wp-block-list\">\n<li><strong>Hidrata\u00e7\u00e3o profunda<\/strong>: penetra nas camadas mais externas da pele, devolvendo elasticidade.<\/li>\n\n\n\n<li><strong>Barreira protetora<\/strong>: forma um filme que evita a evapora\u00e7\u00e3o da umidade natural.<\/li>\n\n\n\n<li><strong>A\u00e7\u00e3o reparadora<\/strong>: contribui para a recupera\u00e7\u00e3o de \u00e1reas \u00e1speras e sensibilizadas.<\/li>\n<\/ul>\n\n\n\n<p><em>Leia mais: <strong><a href=\"https:\/\/www.em.com.br\/emfoco\/2025\/12\/07\/por-que-seus-pes-racham-e-como-resolver-isso-com-cuidados-simples\/\" target=\"_blank\" rel=\"noreferrer noopener\">Por que seus p\u00e9s racham e como resolver isso com cuidados simples<\/a><\/strong><\/em><\/p>\n\n\n\n<h2 class=\"wp-block-heading\">Qual \u00e9 a forma correta de aplicar \u00f3leo de coco \u00e0 noite?<\/h2>\n\n\n\n<p>O ideal \u00e9 realizar o cuidado antes de dormir, com os p\u00e9s limpos e bem secos. Aplique uma quantidade suficiente de <strong>\u00f3leo de coco extravirgem<\/strong>, aquecido levemente nas m\u00e3os, massageando calcanhares e \u00e1reas \u00e1speras at\u00e9 a absor\u00e7\u00e3o completa.<\/p>\n\n\n\n<p>Em seguida, calce uma meia de algod\u00e3o limpa para manter o \u00f3leo em contato cont\u00ednuo com a pele. Esse passo potencializa o tratamento noturno, evita sujeira nos len\u00e7\u00f3is e cria um ambiente favor\u00e1vel \u00e0 <strong>hidrata\u00e7\u00e3o prolongada<\/strong>.<\/p>\n\n\n\n<p>Confira mais dicas compartilhadas pelo canal do TikTok <strong><a href=\"https:\/\/www.tiktok.com\/@drahadrabanks\" target=\"_blank\" rel=\"noreferrer noopener\"><strong>drahadrabanks<\/strong><\/a><\/strong> sobre como hidratar o p\u00e9 da forma correta e mant\u00ea-lo sempre macio.<\/p>\n\n\n\n<blockquote class=\"tiktok-embed\" cite=\"https:\/\/www.tiktok.com\/@drahadrabanks\/video\/7511761677419826454\" data-video-id=\"7511761677419826454\" style=\"max-width: 605px;min-width: 325px;\" > <section> <a target=\"_blank\" title=\"@drahadrabanks\" href=\"https:\/\/www.tiktok.com\/@drahadrabanks?refer=embed\">@drahadrabanks<\/a> P\u00e9s cascudos nunca mais!!! <a title=\"beleza\" target=\"_blank\" href=\"https:\/\/www.tiktok.com\/tag\/beleza?refer=embed\">#beleza<\/a> <a title=\"tiktokbeleza\" target=\"_blank\" href=\"https:\/\/www.tiktok.com\/tag\/tiktokbeleza?refer=embed\">#tiktokbeleza<\/a> <a target=\"_blank\" title=\"\u266c som original - drahadrabanks\" href=\"https:\/\/www.tiktok.com\/music\/som-original-7511761810886806294?refer=embed\">\u266c som original &#8211; drahadrabanks<\/a> <\/section> <\/blockquote> <script async src=\"https:\/\/www.tiktok.com\/embed.js\"><\/script>\n\n\n\n<h2 class=\"wp-block-heading\">Por que usar meia de algod\u00e3o faz tanta diferen\u00e7a?<\/h2>\n\n\n\n<p>A meia de algod\u00e3o permite que a pele respire enquanto mant\u00e9m o \u00f3leo de coco agindo por horas. Esse equil\u00edbrio evita abafamento, reduz irrita\u00e7\u00f5es e transforma o cuidado simples em um <strong>tratamento intensivo<\/strong>, especialmente eficaz durante o sono.<\/p>\n\n\n\n<p>Ao contr\u00e1rio de tecidos sint\u00e9ticos, o algod\u00e3o n\u00e3o agride a pele sens\u00edvel dos p\u00e9s. Assim, a hidrata\u00e7\u00e3o ocorre de forma cont\u00ednua e segura, favorecendo a recupera\u00e7\u00e3o da maciez sem comprometer o conforto durante a noite.<\/p>\n\n\n\n<h2 class=\"wp-block-heading\">Com que frequ\u00eancia repetir o cuidado para ver resultados?<\/h2>\n\n\n\n<p>A regularidade \u00e9 essencial para resultados vis\u00edveis e duradouros. Repetir o processo algumas vezes por semana j\u00e1 promove melhora r\u00e1pida na textura da pele, e alguns cuidados extras ajudam a evitar que o ressecamento volte, como voc\u00ea confere abaixo.<\/p>\n\n\n\n<ul class=\"wp-block-list\">\n<li><strong>Frequ\u00eancia ideal<\/strong>: aplicar o \u00f3leo de coco de tr\u00eas a cinco vezes por semana.<\/li>\n\n\n\n<li><strong>Evitar agress\u00f5es<\/strong>: n\u00e3o lixar excessivamente nem usar produtos muito abrasivos.<\/li>\n\n\n\n<li><strong>Manuten\u00e7\u00e3o simples<\/strong>: manter hidrata\u00e7\u00e3o leve mesmo nos dias sem o ritual noturno.<\/li>\n<\/ul>\n\n\n\n<p>Cuidar dos p\u00e9s com \u00f3leo de coco e meia de algod\u00e3o \u00e9 um gesto simples de autocuidado que transforma o descanso em um tratamento reparador, devolvendo conforto, maciez e bem-estar sem complica\u00e7\u00e3o.<\/p>\n","protected":false},"excerpt":{"rendered":"<p>P\u00e9s ressecam por pouca oleosidade, atrito e banhos quentes. \u00d3leo de coco cria barreira hidratante, ajuda na repara\u00e7\u00e3o e melhora fissuras. Aplicar \u00e0 noite com meia de algod\u00e3o, 3 a 5 vezes por semana, devolve maciez e conforto. P\u00e9s ressecados, \u00e1speros e at\u00e9 rachados causam um desconforto silencioso e muito comum. Banhos quentes, uso frequente [&hellip;]<\/p>\n","protected":false},"author":13,"featured_media":146660,"comment_status":"open","ping_status":"open","sticky":false,"template":"","format":"standard","meta":{"jnews-multi-image_gallery":[],"jnews_single_post":{"format":"standard"},"jnews_primary_category":[],"jnews_social_meta":[],"jnews_override_counter":[],"footnotes":""},"categories":[8819],"tags":[712,19474],"class_list":["post-146612","post","type-post","status-publish","format-standard","has-post-thumbnail","hentry","category-curiosidades","tag-autocuidado","tag-pes-ressecados"],"yoast_head":"<!-- This site is optimized with the Yoast SEO plugin v23.8 - https:\/\/yoast.com\/wordpress\/plugins\/seo\/ -->\n<title>Como eliminar o ressecamento dos p\u00e9s sem lixar e sem gastar com cremes caros - Estado de Minas - Em foco<\/title>\n<meta name=\"description\" content=\"Aprenda como acabar com os p\u00e9s rachados usando \u00f3leo de coco e uma meia de algod\u00e3o. Simples, r\u00e1pido e perfeito para fazer \u00e0 noite.\" \/>\n<meta name=\"robots\" content=\"index, follow, max-snippet:-1, max-image-preview:large, max-video-preview:-1\" \/>\n<link rel=\"canonical\" href=\"https:\/\/www.em.com.br\/emfoco\/2025\/12\/29\/como-eliminar-o-ressecamento-dos-pes-sem-lixar-e-sem-gastar-com-cremes-caros\/\" \/>\n<meta property=\"og:locale\" content=\"pt_BR\" \/>\n<meta property=\"og:type\" content=\"article\" \/>\n<meta property=\"og:title\" content=\"Como eliminar o ressecamento dos p\u00e9s sem lixar e sem gastar com cremes caros - Estado de Minas - Em foco\" \/>\n<meta property=\"og:description\" content=\"Aprenda como acabar com os p\u00e9s rachados usando \u00f3leo de coco e uma meia de algod\u00e3o. Simples, r\u00e1pido e perfeito para fazer \u00e0 noite.\" \/>\n<meta property=\"og:url\" content=\"https:\/\/www.em.com.br\/emfoco\/2025\/12\/29\/como-eliminar-o-ressecamento-dos-pes-sem-lixar-e-sem-gastar-com-cremes-caros\/\" \/>\n<meta property=\"og:site_name\" content=\"Estado de Minas - Em foco\" \/>\n<meta property=\"article:published_time\" content=\"2025-12-29T23:55:00+00:00\" \/>\n<meta property=\"article:modified_time\" content=\"2025-12-26T19:02:39+00:00\" \/>\n<meta property=\"og:image\" content=\"https:\/\/www.em.com.br\/emfoco\/wp-content\/uploads\/2025\/12\/IA-4-62.jpg\" \/>\n\t<meta property=\"og:image:width\" content=\"1280\" \/>\n\t<meta property=\"og:image:height\" content=\"720\" \/>\n\t<meta property=\"og:image:type\" content=\"image\/jpeg\" \/>\n<meta name=\"author\" content=\"Gabriel Martins\" \/>\n<meta name=\"twitter:card\" content=\"summary_large_image\" \/>\n<meta name=\"twitter:label1\" content=\"Escrito por\" \/>\n\t<meta name=\"twitter:data1\" content=\"Gabriel Martins\" \/>\n\t<meta name=\"twitter:label2\" content=\"Est. tempo de leitura\" \/>\n\t<meta name=\"twitter:data2\" content=\"4 minutos\" \/>\n<!-- \/ Yoast SEO plugin. -->","yoast_head_json":{"title":"Como eliminar o ressecamento dos p\u00e9s sem lixar e sem gastar com cremes caros - Estado de Minas - Em foco","description":"Aprenda como acabar com os p\u00e9s rachados usando \u00f3leo de coco e uma meia de algod\u00e3o. Simples, r\u00e1pido e perfeito para fazer \u00e0 noite.","robots":{"index":"index","follow":"follow","max-snippet":"max-snippet:-1","max-image-preview":"max-image-preview:large","max-video-preview":"max-video-preview:-1"},"canonical":"https:\/\/www.em.com.br\/emfoco\/2025\/12\/29\/como-eliminar-o-ressecamento-dos-pes-sem-lixar-e-sem-gastar-com-cremes-caros\/","og_locale":"pt_BR","og_type":"article","og_title":"Como eliminar o ressecamento dos p\u00e9s sem lixar e sem gastar com cremes caros - Estado de Minas - Em foco","og_description":"Aprenda como acabar com os p\u00e9s rachados usando \u00f3leo de coco e uma meia de algod\u00e3o. Simples, r\u00e1pido e perfeito para fazer \u00e0 noite.","og_url":"https:\/\/www.em.com.br\/emfoco\/2025\/12\/29\/como-eliminar-o-ressecamento-dos-pes-sem-lixar-e-sem-gastar-com-cremes-caros\/","og_site_name":"Estado de Minas - Em foco","article_published_time":"2025-12-29T23:55:00+00:00","article_modified_time":"2025-12-26T19:02:39+00:00","og_image":[{"width":1280,"height":720,"url":"https:\/\/www.em.com.br\/emfoco\/wp-content\/uploads\/2025\/12\/IA-4-62.jpg","type":"image\/jpeg"}],"author":"Gabriel Martins","twitter_card":"summary_large_image","twitter_misc":{"Escrito por":"Gabriel Martins","Est. tempo de leitura":"4 minutos"},"schema":{"@context":"https:\/\/schema.org","@graph":[{"@type":"WebPage","@id":"https:\/\/www.em.com.br\/emfoco\/2025\/12\/29\/como-eliminar-o-ressecamento-dos-pes-sem-lixar-e-sem-gastar-com-cremes-caros\/","url":"https:\/\/www.em.com.br\/emfoco\/2025\/12\/29\/como-eliminar-o-ressecamento-dos-pes-sem-lixar-e-sem-gastar-com-cremes-caros\/","name":"Como eliminar o ressecamento dos p\u00e9s sem lixar e sem gastar com cremes caros - Estado de Minas - Em foco","isPartOf":{"@id":"https:\/\/www.em.com.br\/emfoco\/#website"},"primaryImageOfPage":{"@id":"https:\/\/www.em.com.br\/emfoco\/2025\/12\/29\/como-eliminar-o-ressecamento-dos-pes-sem-lixar-e-sem-gastar-com-cremes-caros\/#primaryimage"},"image":{"@id":"https:\/\/www.em.com.br\/emfoco\/2025\/12\/29\/como-eliminar-o-ressecamento-dos-pes-sem-lixar-e-sem-gastar-com-cremes-caros\/#primaryimage"},"thumbnailUrl":"https:\/\/www.em.com.br\/emfoco\/wp-content\/uploads\/2025\/12\/IA-4-62.jpg","datePublished":"2025-12-29T23:55:00+00:00","dateModified":"2025-12-26T19:02:39+00:00","author":{"@id":"https:\/\/www.em.com.br\/emfoco\/#\/schema\/person\/1c9ddeab18b98abeffef834667bcf08a"},"description":"Aprenda como acabar com os p\u00e9s rachados usando \u00f3leo de coco e uma meia de algod\u00e3o. Simples, r\u00e1pido e perfeito para fazer \u00e0 noite.","breadcrumb":{"@id":"https:\/\/www.em.com.br\/emfoco\/2025\/12\/29\/como-eliminar-o-ressecamento-dos-pes-sem-lixar-e-sem-gastar-com-cremes-caros\/#breadcrumb"},"inLanguage":"pt-BR","potentialAction":[{"@type":"ReadAction","target":["https:\/\/www.em.com.br\/emfoco\/2025\/12\/29\/como-eliminar-o-ressecamento-dos-pes-sem-lixar-e-sem-gastar-com-cremes-caros\/"]}]},{"@type":"ImageObject","inLanguage":"pt-BR","@id":"https:\/\/www.em.com.br\/emfoco\/2025\/12\/29\/como-eliminar-o-ressecamento-dos-pes-sem-lixar-e-sem-gastar-com-cremes-caros\/#primaryimage","url":"https:\/\/www.em.com.br\/emfoco\/wp-content\/uploads\/2025\/12\/IA-4-62.jpg","contentUrl":"https:\/\/www.em.com.br\/emfoco\/wp-content\/uploads\/2025\/12\/IA-4-62.jpg","width":1280,"height":720,"caption":"P\u00e9s ressecados surgem por falta de oleosidade natural e hidrata\u00e7\u00e3o cont\u00ednua"},{"@type":"BreadcrumbList","@id":"https:\/\/www.em.com.br\/emfoco\/2025\/12\/29\/como-eliminar-o-ressecamento-dos-pes-sem-lixar-e-sem-gastar-com-cremes-caros\/#breadcrumb","itemListElement":[{"@type":"ListItem","position":1,"name":"In\u00edcio","item":"https:\/\/www.em.com.br\/emfoco\/"},{"@type":"ListItem","position":2,"name":"Como eliminar o ressecamento dos p\u00e9s sem lixar e sem gastar com cremes caros"}]},{"@type":"WebSite","@id":"https:\/\/www.em.com.br\/emfoco\/#website","url":"https:\/\/www.em.com.br\/emfoco\/","name":"Estado de Minas - Em foco","description":"Acompanhe as \u00faltimas not\u00edcias e fique bem informado sobre tudo o que acontece em Minas Gerais, Brasil e no mundo.","potentialAction":[{"@type":"SearchAction","target":{"@type":"EntryPoint","urlTemplate":"https:\/\/www.em.com.br\/emfoco\/?s={search_term_string}"},"query-input":{"@type":"PropertyValueSpecification","valueRequired":true,"valueName":"search_term_string"}}],"inLanguage":"pt-BR"},{"@type":"Person","@id":"https:\/\/www.em.com.br\/emfoco\/#\/schema\/person\/1c9ddeab18b98abeffef834667bcf08a","name":"Gabriel Martins","image":{"@type":"ImageObject","inLanguage":"pt-BR","@id":"https:\/\/www.em.com.br\/emfoco\/#\/schema\/person\/image\/","url":"https:\/\/secure.gravatar.com\/avatar\/f0f1e2efdfd88f1ad2cb08c5c2731e50?s=96&d=mm&r=g","contentUrl":"https:\/\/secure.gravatar.com\/avatar\/f0f1e2efdfd88f1ad2cb08c5c2731e50?s=96&d=mm&r=g","caption":"Gabriel Martins"},"sameAs":["https:\/\/www.em.com.br\/emfoco\/"],"url":"https:\/\/www.em.com.br\/emfoco\/author\/gabrielmartinsmyth\/"}]}},"_links":{"self":[{"href":"https:\/\/www.em.com.br\/emfoco\/wp-json\/wp\/v2\/posts\/146612","targetHints":{"allow":["GET"]}}],"collection":[{"href":"https:\/\/www.em.com.br\/emfoco\/wp-json\/wp\/v2\/posts"}],"about":[{"href":"https:\/\/www.em.com.br\/emfoco\/wp-json\/wp\/v2\/types\/post"}],"author":[{"embeddable":true,"href":"https:\/\/www.em.com.br\/emfoco\/wp-json\/wp\/v2\/users\/13"}],"replies":[{"embeddable":true,"href":"https:\/\/www.em.com.br\/emfoco\/wp-json\/wp\/v2\/comments?post=146612"}],"version-history":[{"count":1,"href":"https:\/\/www.em.com.br\/emfoco\/wp-json\/wp\/v2\/posts\/146612\/revisions"}],"predecessor-version":[{"id":146663,"href":"https:\/\/www.em.com.br\/emfoco\/wp-json\/wp\/v2\/posts\/146612\/revisions\/146663"}],"wp:featuredmedia":[{"embeddable":true,"href":"https:\/\/www.em.com.br\/emfoco\/wp-json\/wp\/v2\/media\/146660"}],"wp:attachment":[{"href":"https:\/\/www.em.com.br\/emfoco\/wp-json\/wp\/v2\/media?parent=146612"}],"wp:term":[{"taxonomy":"category","embeddable":true,"href":"https:\/\/www.em.com.br\/emfoco\/wp-json\/wp\/v2\/categories?post=146612"},{"taxonomy":"post_tag","embeddable":true,"href":"https:\/\/www.em.com.br\/emfoco\/wp-json\/wp\/v2\/tags?post=146612"}],"curies":[{"name":"wp","href":"https:\/\/api.w.org\/{rel}","templated":true}]}}