{"id":146463,"date":"2025-12-29T06:05:00","date_gmt":"2025-12-29T09:05:00","guid":{"rendered":"https:\/\/www.em.com.br\/emfoco\/?p=146463"},"modified":"2025-12-26T13:42:49","modified_gmt":"2025-12-26T16:42:49","slug":"especialistas-explicam-quando-a-picada-de-vespa-se-transforma-em-urgencia-medica-e-pode-exigir-internacao-imediata","status":"publish","type":"post","link":"https:\/\/www.em.com.br\/emfoco\/2025\/12\/29\/especialistas-explicam-quando-a-picada-de-vespa-se-transforma-em-urgencia-medica-e-pode-exigir-internacao-imediata\/","title":{"rendered":"Especialistas explicam quando a picada de vespa se transforma em urg\u00eancia m\u00e9dica e pode exigir interna\u00e7\u00e3o imediata"},"content":{"rendered":"\n<h2 class=\"wp-block-heading\">Picadas de vespa costumam causar dor, incha\u00e7o e vermelhid\u00e3o locais, mas podem evoluir para rea\u00e7\u00f5es graves. Incha\u00e7o na garganta, falta de ar, tontura ou desmaio indicam emerg\u00eancia m\u00e9dica imediata.<\/h2>\n\n\n\n<p>A picada de vespa costuma causar dor e incha\u00e7o local, mas em alguns casos pode evoluir rapidamente para quadros graves. Saber diferenciar uma rea\u00e7\u00e3o comum de uma emerg\u00eancia m\u00e9dica \u00e9 essencial para evitar complica\u00e7\u00f5es e agir com seguran\u00e7a no momento certo.<\/p>\n\n\n\n<h2 class=\"wp-block-heading\">O que acontece no corpo ap\u00f3s uma picada de vespa?<\/h2>\n\n\n\n<p>A <strong>picada de vespa<\/strong> ocorre quando o inseto injeta veneno atrav\u00e9s do ferr\u00e3o, usado como defesa. Esse veneno cont\u00e9m subst\u00e2ncias irritantes e enzim\u00e1ticas que provocam uma rea\u00e7\u00e3o inflamat\u00f3ria imediata na pele.<\/p>\n\n\n\n<p>Segundo especialistas em alergias da<a href=\"https:\/\/www.mayoclinic.org\/\" target=\"_blank\" rel=\"noreferrer noopener\"> <strong>Cl\u00ednica Mayo<\/strong><\/a>, em pessoas sem alergias o efeito costuma ser local, limitado a dor intensa, vermelhid\u00e3o, incha\u00e7o e coceira. Esses sintomas geralmente desaparecem em horas ou poucos dias.<\/p>\n\n\n\n<figure class=\"wp-block-image size-large\"><img loading=\"lazy\" decoding=\"async\" width=\"1024\" height=\"576\" src=\"https:\/\/www.em.com.br\/emfoco\/wp-content\/uploads\/2025\/12\/IA-1-84-1024x576.jpg\" alt=\"Especialistas explicam quando a picada de vespa se transforma em urg\u00eancia m\u00e9dica e pode exigir interna\u00e7\u00e3o imediata\" class=\"wp-image-146478\" srcset=\"https:\/\/www.em.com.br\/emfoco\/wp-content\/uploads\/2025\/12\/IA-1-84-1024x576.jpg 1024w, https:\/\/www.em.com.br\/emfoco\/wp-content\/uploads\/2025\/12\/IA-1-84-300x169.jpg 300w, https:\/\/www.em.com.br\/emfoco\/wp-content\/uploads\/2025\/12\/IA-1-84-768x432.jpg 768w, https:\/\/www.em.com.br\/emfoco\/wp-content\/uploads\/2025\/12\/IA-1-84-750x422.jpg 750w, https:\/\/www.em.com.br\/emfoco\/wp-content\/uploads\/2025\/12\/IA-1-84-1140x641.jpg 1140w, https:\/\/www.em.com.br\/emfoco\/wp-content\/uploads\/2025\/12\/IA-1-84.jpg 1280w\" sizes=\"auto, (max-width: 1024px) 100vw, 1024px\" \/><figcaption class=\"wp-element-caption\">Veneno da vespa provoca inflama\u00e7\u00e3o imediata com dor, vermelhid\u00e3o e incha\u00e7o<\/figcaption><\/figure>\n\n\n\n<h2 class=\"wp-block-heading\">Quais sintomas s\u00e3o considerados normais ap\u00f3s a picada?<\/h2>\n\n\n\n<p>A maioria das picadas provoca rea\u00e7\u00f5es leves e transit\u00f3rias, sem risco sist\u00eamico. Reconhecer os sinais esperados ajuda a evitar p\u00e2nico desnecess\u00e1rio e a monitorar a evolu\u00e7\u00e3o corretamente. Os sintomas comuns incluem os seguintes.<\/p>\n\n\n\n<ul class=\"wp-block-list\">\n<li><strong>Dor local intensa<\/strong>: sensa\u00e7\u00e3o imediata de ardor no ponto da picada.<\/li>\n\n\n\n<li><strong>Incha\u00e7o e vermelhid\u00e3o<\/strong>: \u00e1rea inflamada geralmente com menos de 10 cent\u00edmetros.<\/li>\n\n\n\n<li><strong>Coceira persistente<\/strong>: pode durar algumas horas ou at\u00e9 dois dias.<\/li>\n<\/ul>\n\n\n\n<h2 class=\"wp-block-heading\">Quando a picada de vespa se torna perigosa?<\/h2>\n\n\n\n<p>A gravidade aumenta quando h\u00e1 <strong>m\u00faltiplas picadas<\/strong>, regi\u00f5es sens\u00edveis afetadas ou resposta imunol\u00f3gica alterada. Crian\u00e7as, pessoas de baixo peso e indiv\u00edduos com hist\u00f3rico al\u00e9rgico apresentam maior risco de complica\u00e7\u00f5es.<\/p>\n\n\n\n<p>A Dra. <strong>Jenny D\u00e1valos Mar\u00edn<\/strong>, da Sociedade Espanhola de Cl\u00ednicos Gerais e M\u00e9dicos de Fam\u00edlia, alerta que picadas de himen\u00f3pteros podem causar rea\u00e7\u00f5es sist\u00eamicas graves, incluindo dificuldade respirat\u00f3ria e perda de consci\u00eancia.<\/p>\n\n\n\n<figure class=\"wp-block-image size-large\"><img loading=\"lazy\" decoding=\"async\" width=\"1024\" height=\"576\" src=\"https:\/\/www.em.com.br\/emfoco\/wp-content\/uploads\/2025\/12\/IA-2-76-1024x576.jpg\" alt=\"Especialistas explicam quando a picada de vespa se transforma em urg\u00eancia m\u00e9dica e pode exigir interna\u00e7\u00e3o imediata\" class=\"wp-image-146479\" srcset=\"https:\/\/www.em.com.br\/emfoco\/wp-content\/uploads\/2025\/12\/IA-2-76-1024x576.jpg 1024w, https:\/\/www.em.com.br\/emfoco\/wp-content\/uploads\/2025\/12\/IA-2-76-300x169.jpg 300w, https:\/\/www.em.com.br\/emfoco\/wp-content\/uploads\/2025\/12\/IA-2-76-768x432.jpg 768w, https:\/\/www.em.com.br\/emfoco\/wp-content\/uploads\/2025\/12\/IA-2-76-750x422.jpg 750w, https:\/\/www.em.com.br\/emfoco\/wp-content\/uploads\/2025\/12\/IA-2-76-1140x641.jpg 1140w, https:\/\/www.em.com.br\/emfoco\/wp-content\/uploads\/2025\/12\/IA-2-76.jpg 1280w\" sizes=\"auto, (max-width: 1024px) 100vw, 1024px\" \/><figcaption class=\"wp-element-caption\">M\u00faltiplas picadas ou hist\u00f3rico al\u00e9rgico aumentam risco de complica\u00e7\u00f5es graves<\/figcaption><\/figure>\n\n\n\n<p><em>Leia mais: <strong><a href=\"https:\/\/www.em.com.br\/emfoco\/2025\/12\/26\/o-que-significa-para-alguem-permanecer-solteiro-apos-os-40-anos-segundo-a-psicologia\/\" target=\"_blank\" rel=\"noreferrer noopener\">O que significa para algu\u00e9m permanecer solteiro ap\u00f3s os 40 anos, segundo a psicologia<\/a><\/strong><\/em><\/p>\n\n\n\n<h2 class=\"wp-block-heading\">Quais sinais indicam emerg\u00eancia m\u00e9dica imediata?<\/h2>\n\n\n\n<p>Alguns sintomas n\u00e3o devem ser ignorados, pois indicam uma rea\u00e7\u00e3o sist\u00eamica potencialmente fatal. A presen\u00e7a desses sinais exige atendimento urgente, sem esperar evolu\u00e7\u00e3o do quadro. Os principais alertas s\u00e3o os listados a seguir.<\/p>\n\n\n\n<ul class=\"wp-block-list\">\n<li><strong>Incha\u00e7o de l\u00e1bios, l\u00edngua ou garganta<\/strong>: risco de obstru\u00e7\u00e3o das vias a\u00e9reas.<\/li>\n\n\n\n<li><strong>Dificuldade para respirar<\/strong>: chiado, aperto no peito ou falta de ar.<\/li>\n\n\n\n<li><strong>Tontura ou desmaio<\/strong>: poss\u00edvel queda da press\u00e3o arterial.<\/li>\n<\/ul>\n\n\n\n<h2 class=\"wp-block-heading\">O que fazer imediatamente ap\u00f3s uma picada de vespa?<\/h2>\n\n\n\n<p>As primeiras a\u00e7\u00f5es reduzem dor e inflama\u00e7\u00e3o. Lave a \u00e1rea com <strong>\u00e1gua e sab\u00e3o<\/strong>, aplique compressa fria por cerca de 10 minutos e evite co\u00e7ar. Anti-histam\u00ednicos e cremes corticosteroides podem aliviar sintomas leves.<\/p>\n\n\n\n<p>Em pessoas com hist\u00f3rico al\u00e9rgico, a aten\u00e7\u00e3o deve ser redobrada. A <strong>anafilaxia<\/strong> pode surgir ap\u00f3s uma \u00fanica picada e exige uso imediato de adrenalina e atendimento hospitalar, mesmo que haja melhora inicial.<\/p>\n","protected":false},"excerpt":{"rendered":"<p>Picadas de vespa costumam causar dor, incha\u00e7o e vermelhid\u00e3o locais, mas podem evoluir para rea\u00e7\u00f5es graves. Incha\u00e7o na garganta, falta de ar, tontura ou desmaio indicam emerg\u00eancia m\u00e9dica imediata. A picada de vespa costuma causar dor e incha\u00e7o local, mas em alguns casos pode evoluir rapidamente para quadros graves. Saber diferenciar uma rea\u00e7\u00e3o comum de [&hellip;]<\/p>\n","protected":false},"author":13,"featured_media":146477,"comment_status":"open","ping_status":"open","sticky":false,"template":"","format":"standard","meta":{"jnews-multi-image_gallery":[],"jnews_single_post":{"format":"standard"},"jnews_primary_category":[],"jnews_social_meta":[],"jnews_override_counter":[],"footnotes":""},"categories":[9053],"tags":[21440,21439,15716],"class_list":["post-146463","post","type-post","status-publish","format-standard","has-post-thumbnail","hentry","category-saude","tag-cuidados-com-insetos","tag-picada-de-vespa","tag-vespas"],"yoast_head":"<!-- This site is optimized with the Yoast SEO plugin v23.8 - https:\/\/yoast.com\/wordpress\/plugins\/seo\/ -->\n<title>Especialistas explicam quando a picada de vespa se transforma em urg\u00eancia m\u00e9dica e pode exigir interna\u00e7\u00e3o imediata - Estado de Minas - Em foco<\/title>\n<meta name=\"description\" content=\"Picada de vespa pode causar rea\u00e7\u00e3o grave com falta de ar e incha\u00e7o intenso. Veja como agir e quando buscar socorro imediatamente.\" \/>\n<meta name=\"robots\" content=\"index, follow, max-snippet:-1, max-image-preview:large, max-video-preview:-1\" \/>\n<link rel=\"canonical\" href=\"https:\/\/www.em.com.br\/emfoco\/2025\/12\/29\/especialistas-explicam-quando-a-picada-de-vespa-se-transforma-em-urgencia-medica-e-pode-exigir-internacao-imediata\/\" \/>\n<meta property=\"og:locale\" content=\"pt_BR\" \/>\n<meta property=\"og:type\" content=\"article\" \/>\n<meta property=\"og:title\" content=\"Especialistas explicam quando a picada de vespa se transforma em urg\u00eancia m\u00e9dica e pode exigir interna\u00e7\u00e3o imediata - Estado de Minas - Em foco\" \/>\n<meta property=\"og:description\" content=\"Picada de vespa pode causar rea\u00e7\u00e3o grave com falta de ar e incha\u00e7o intenso. Veja como agir e quando buscar socorro imediatamente.\" \/>\n<meta property=\"og:url\" content=\"https:\/\/www.em.com.br\/emfoco\/2025\/12\/29\/especialistas-explicam-quando-a-picada-de-vespa-se-transforma-em-urgencia-medica-e-pode-exigir-internacao-imediata\/\" \/>\n<meta property=\"og:site_name\" content=\"Estado de Minas - Em foco\" \/>\n<meta property=\"article:published_time\" content=\"2025-12-29T09:05:00+00:00\" \/>\n<meta property=\"article:modified_time\" content=\"2025-12-26T16:42:49+00:00\" \/>\n<meta property=\"og:image\" content=\"https:\/\/www.em.com.br\/emfoco\/wp-content\/uploads\/2025\/12\/IA-101.jpg\" \/>\n\t<meta property=\"og:image:width\" content=\"1280\" \/>\n\t<meta property=\"og:image:height\" content=\"720\" \/>\n\t<meta property=\"og:image:type\" content=\"image\/jpeg\" \/>\n<meta name=\"author\" content=\"Gabriel Martins\" \/>\n<meta name=\"twitter:card\" content=\"summary_large_image\" \/>\n<meta name=\"twitter:label1\" content=\"Escrito por\" \/>\n\t<meta name=\"twitter:data1\" content=\"Gabriel Martins\" \/>\n\t<meta name=\"twitter:label2\" content=\"Est. tempo de leitura\" \/>\n\t<meta name=\"twitter:data2\" content=\"4 minutos\" \/>\n<!-- \/ Yoast SEO plugin. -->","yoast_head_json":{"title":"Especialistas explicam quando a picada de vespa se transforma em urg\u00eancia m\u00e9dica e pode exigir interna\u00e7\u00e3o imediata - Estado de Minas - Em foco","description":"Picada de vespa pode causar rea\u00e7\u00e3o grave com falta de ar e incha\u00e7o intenso. Veja como agir e quando buscar socorro imediatamente.","robots":{"index":"index","follow":"follow","max-snippet":"max-snippet:-1","max-image-preview":"max-image-preview:large","max-video-preview":"max-video-preview:-1"},"canonical":"https:\/\/www.em.com.br\/emfoco\/2025\/12\/29\/especialistas-explicam-quando-a-picada-de-vespa-se-transforma-em-urgencia-medica-e-pode-exigir-internacao-imediata\/","og_locale":"pt_BR","og_type":"article","og_title":"Especialistas explicam quando a picada de vespa se transforma em urg\u00eancia m\u00e9dica e pode exigir interna\u00e7\u00e3o imediata - Estado de Minas - Em foco","og_description":"Picada de vespa pode causar rea\u00e7\u00e3o grave com falta de ar e incha\u00e7o intenso. Veja como agir e quando buscar socorro imediatamente.","og_url":"https:\/\/www.em.com.br\/emfoco\/2025\/12\/29\/especialistas-explicam-quando-a-picada-de-vespa-se-transforma-em-urgencia-medica-e-pode-exigir-internacao-imediata\/","og_site_name":"Estado de Minas - Em foco","article_published_time":"2025-12-29T09:05:00+00:00","article_modified_time":"2025-12-26T16:42:49+00:00","og_image":[{"width":1280,"height":720,"url":"https:\/\/www.em.com.br\/emfoco\/wp-content\/uploads\/2025\/12\/IA-101.jpg","type":"image\/jpeg"}],"author":"Gabriel Martins","twitter_card":"summary_large_image","twitter_misc":{"Escrito por":"Gabriel Martins","Est. tempo de leitura":"4 minutos"},"schema":{"@context":"https:\/\/schema.org","@graph":[{"@type":"WebPage","@id":"https:\/\/www.em.com.br\/emfoco\/2025\/12\/29\/especialistas-explicam-quando-a-picada-de-vespa-se-transforma-em-urgencia-medica-e-pode-exigir-internacao-imediata\/","url":"https:\/\/www.em.com.br\/emfoco\/2025\/12\/29\/especialistas-explicam-quando-a-picada-de-vespa-se-transforma-em-urgencia-medica-e-pode-exigir-internacao-imediata\/","name":"Especialistas explicam quando a picada de vespa se transforma em urg\u00eancia m\u00e9dica e pode exigir interna\u00e7\u00e3o imediata - Estado de Minas - Em foco","isPartOf":{"@id":"https:\/\/www.em.com.br\/emfoco\/#website"},"primaryImageOfPage":{"@id":"https:\/\/www.em.com.br\/emfoco\/2025\/12\/29\/especialistas-explicam-quando-a-picada-de-vespa-se-transforma-em-urgencia-medica-e-pode-exigir-internacao-imediata\/#primaryimage"},"image":{"@id":"https:\/\/www.em.com.br\/emfoco\/2025\/12\/29\/especialistas-explicam-quando-a-picada-de-vespa-se-transforma-em-urgencia-medica-e-pode-exigir-internacao-imediata\/#primaryimage"},"thumbnailUrl":"https:\/\/www.em.com.br\/emfoco\/wp-content\/uploads\/2025\/12\/IA-101.jpg","datePublished":"2025-12-29T09:05:00+00:00","dateModified":"2025-12-26T16:42:49+00:00","author":{"@id":"https:\/\/www.em.com.br\/emfoco\/#\/schema\/person\/1c9ddeab18b98abeffef834667bcf08a"},"description":"Picada de vespa pode causar rea\u00e7\u00e3o grave com falta de ar e incha\u00e7o intenso. Veja como agir e quando buscar socorro imediatamente.","breadcrumb":{"@id":"https:\/\/www.em.com.br\/emfoco\/2025\/12\/29\/especialistas-explicam-quando-a-picada-de-vespa-se-transforma-em-urgencia-medica-e-pode-exigir-internacao-imediata\/#breadcrumb"},"inLanguage":"pt-BR","potentialAction":[{"@type":"ReadAction","target":["https:\/\/www.em.com.br\/emfoco\/2025\/12\/29\/especialistas-explicam-quando-a-picada-de-vespa-se-transforma-em-urgencia-medica-e-pode-exigir-internacao-imediata\/"]}]},{"@type":"ImageObject","inLanguage":"pt-BR","@id":"https:\/\/www.em.com.br\/emfoco\/2025\/12\/29\/especialistas-explicam-quando-a-picada-de-vespa-se-transforma-em-urgencia-medica-e-pode-exigir-internacao-imediata\/#primaryimage","url":"https:\/\/www.em.com.br\/emfoco\/wp-content\/uploads\/2025\/12\/IA-101.jpg","contentUrl":"https:\/\/www.em.com.br\/emfoco\/wp-content\/uploads\/2025\/12\/IA-101.jpg","width":1280,"height":720,"caption":"Picada de vespa geralmente causa rea\u00e7\u00e3o local, mas pode evoluir para emerg\u00eancia"},{"@type":"BreadcrumbList","@id":"https:\/\/www.em.com.br\/emfoco\/2025\/12\/29\/especialistas-explicam-quando-a-picada-de-vespa-se-transforma-em-urgencia-medica-e-pode-exigir-internacao-imediata\/#breadcrumb","itemListElement":[{"@type":"ListItem","position":1,"name":"In\u00edcio","item":"https:\/\/www.em.com.br\/emfoco\/"},{"@type":"ListItem","position":2,"name":"Especialistas explicam quando a picada de vespa se transforma em urg\u00eancia m\u00e9dica e pode exigir interna\u00e7\u00e3o imediata"}]},{"@type":"WebSite","@id":"https:\/\/www.em.com.br\/emfoco\/#website","url":"https:\/\/www.em.com.br\/emfoco\/","name":"Estado de Minas - Em foco","description":"Acompanhe as \u00faltimas not\u00edcias e fique bem informado sobre tudo o que acontece em Minas Gerais, Brasil e no mundo.","potentialAction":[{"@type":"SearchAction","target":{"@type":"EntryPoint","urlTemplate":"https:\/\/www.em.com.br\/emfoco\/?s={search_term_string}"},"query-input":{"@type":"PropertyValueSpecification","valueRequired":true,"valueName":"search_term_string"}}],"inLanguage":"pt-BR"},{"@type":"Person","@id":"https:\/\/www.em.com.br\/emfoco\/#\/schema\/person\/1c9ddeab18b98abeffef834667bcf08a","name":"Gabriel Martins","image":{"@type":"ImageObject","inLanguage":"pt-BR","@id":"https:\/\/www.em.com.br\/emfoco\/#\/schema\/person\/image\/","url":"https:\/\/secure.gravatar.com\/avatar\/f0f1e2efdfd88f1ad2cb08c5c2731e50?s=96&d=mm&r=g","contentUrl":"https:\/\/secure.gravatar.com\/avatar\/f0f1e2efdfd88f1ad2cb08c5c2731e50?s=96&d=mm&r=g","caption":"Gabriel Martins"},"sameAs":["https:\/\/www.em.com.br\/emfoco\/"],"url":"https:\/\/www.em.com.br\/emfoco\/author\/gabrielmartinsmyth\/"}]}},"_links":{"self":[{"href":"https:\/\/www.em.com.br\/emfoco\/wp-json\/wp\/v2\/posts\/146463","targetHints":{"allow":["GET"]}}],"collection":[{"href":"https:\/\/www.em.com.br\/emfoco\/wp-json\/wp\/v2\/posts"}],"about":[{"href":"https:\/\/www.em.com.br\/emfoco\/wp-json\/wp\/v2\/types\/post"}],"author":[{"embeddable":true,"href":"https:\/\/www.em.com.br\/emfoco\/wp-json\/wp\/v2\/users\/13"}],"replies":[{"embeddable":true,"href":"https:\/\/www.em.com.br\/emfoco\/wp-json\/wp\/v2\/comments?post=146463"}],"version-history":[{"count":1,"href":"https:\/\/www.em.com.br\/emfoco\/wp-json\/wp\/v2\/posts\/146463\/revisions"}],"predecessor-version":[{"id":146480,"href":"https:\/\/www.em.com.br\/emfoco\/wp-json\/wp\/v2\/posts\/146463\/revisions\/146480"}],"wp:featuredmedia":[{"embeddable":true,"href":"https:\/\/www.em.com.br\/emfoco\/wp-json\/wp\/v2\/media\/146477"}],"wp:attachment":[{"href":"https:\/\/www.em.com.br\/emfoco\/wp-json\/wp\/v2\/media?parent=146463"}],"wp:term":[{"taxonomy":"category","embeddable":true,"href":"https:\/\/www.em.com.br\/emfoco\/wp-json\/wp\/v2\/categories?post=146463"},{"taxonomy":"post_tag","embeddable":true,"href":"https:\/\/www.em.com.br\/emfoco\/wp-json\/wp\/v2\/tags?post=146463"}],"curies":[{"name":"wp","href":"https:\/\/api.w.org\/{rel}","templated":true}]}}