{"id":146333,"date":"2025-12-28T16:45:00","date_gmt":"2025-12-28T19:45:00","guid":{"rendered":"https:\/\/www.em.com.br\/emfoco\/?p=146333"},"modified":"2025-12-26T20:16:17","modified_gmt":"2025-12-26T23:16:17","slug":"os-estilos-de-decoracao-que-prometem-transformar-as-casas-em-2026","status":"publish","type":"post","link":"https:\/\/www.em.com.br\/emfoco\/2025\/12\/28\/os-estilos-de-decoracao-que-prometem-transformar-as-casas-em-2026\/","title":{"rendered":"Os estilos de decora\u00e7\u00e3o que prometem transformar as casas em 2026"},"content":{"rendered":"\n<p>Escolher os materiais certos para um projeto de interiores, em 2026, deixou de ser apenas uma quest\u00e3o est\u00e9tica e passou a refletir um estilo de vida mais afetivo, sensorial e conectado ao bem-estar, no qual a casa assume o papel de ref\u00fagio emocional e cen\u00e1rio da rotina h\u00edbrida entre trabalho, descanso e lazer.<\/p>\n\n\n\n<h2 class=\"wp-block-heading\">Por que o sensorial guia a decora\u00e7\u00e3o em 2026<\/h2>\n\n\n\n<p>A decora\u00e7\u00e3o em 2026 est\u00e1 diretamente ligada \u00e0 busca por conforto emocional e descanso mental, com ambientes que acolhem, acalmam e estimulam de forma suave. Depois de anos usando a casa para tudo, o morador prioriza espa\u00e7os que transmitam seguran\u00e7a, aconchego e pausas reais na rotina.<\/p>\n\n\n\n<p>O chamado \u201cluxo sensorial\u201d n\u00e3o \u00e9 sobre ostenta\u00e7\u00e3o, mas sobre a qualidade da experi\u00eancia: toque macio, superf\u00edcies envolventes, ilumina\u00e7\u00e3o regul\u00e1vel e elementos naturais criam uma atmosfera imersiva. Detalhes antes discretos, como um tecido mais agrad\u00e1vel ou uma textura de parede, passam a ter impacto direto na percep\u00e7\u00e3o de conforto di\u00e1rio.<\/p>\n\n\n\n<figure class=\"wp-block-image size-large\"><img loading=\"lazy\" decoding=\"async\" width=\"1024\" height=\"576\" src=\"https:\/\/www.em.com.br\/emfoco\/wp-content\/uploads\/2025\/12\/Gemini_Generated_Image_2lyb4g2lyb4g2lyb-1-1024x576.png\" alt=\"A decora\u00e7\u00e3o em 2026 valoriza toque, textura e conforto emocional. \" class=\"wp-image-146774\" srcset=\"https:\/\/www.em.com.br\/emfoco\/wp-content\/uploads\/2025\/12\/Gemini_Generated_Image_2lyb4g2lyb4g2lyb-1-1024x576.png 1024w, https:\/\/www.em.com.br\/emfoco\/wp-content\/uploads\/2025\/12\/Gemini_Generated_Image_2lyb4g2lyb4g2lyb-1-300x169.png 300w, https:\/\/www.em.com.br\/emfoco\/wp-content\/uploads\/2025\/12\/Gemini_Generated_Image_2lyb4g2lyb4g2lyb-1-768x432.png 768w, https:\/\/www.em.com.br\/emfoco\/wp-content\/uploads\/2025\/12\/Gemini_Generated_Image_2lyb4g2lyb4g2lyb-1-750x422.png 750w, https:\/\/www.em.com.br\/emfoco\/wp-content\/uploads\/2025\/12\/Gemini_Generated_Image_2lyb4g2lyb4g2lyb-1-1140x641.png 1140w, https:\/\/www.em.com.br\/emfoco\/wp-content\/uploads\/2025\/12\/Gemini_Generated_Image_2lyb4g2lyb4g2lyb-1.png 1280w\" sizes=\"auto, (max-width: 1024px) 100vw, 1024px\" \/><figcaption class=\"wp-element-caption\">A decora\u00e7\u00e3o em 2026 valoriza toque, textura e conforto emocional. <\/figcaption><\/figure>\n\n\n\n<h2 class=\"wp-block-heading\">Quais materiais traduzem a decora\u00e7\u00e3o em 2026<\/h2>\n\n\n\n<p>Na sele\u00e7\u00e3o de materiais, a decora\u00e7\u00e3o em 2026 privilegia <a href=\"https:\/\/www.em.com.br\/emfoco\/2025\/12\/25\/adeus-quarto-sem-graca-uma-tendencia-dos-anos-90-retorna-aos-quartos\/\" target=\"_blank\" rel=\"noreferrer noopener\">texturas <\/a>que convidam ao toque e criam camadas visuais e t\u00e1teis, trocando o minimalismo frio por uma est\u00e9tica mais humana e calorosa. Estofados, cortinas e mantas ganham protagonismo ao refor\u00e7ar a sensa\u00e7\u00e3o de abrigo sem exagero.<\/p>\n\n\n\n<p>Entre os tecidos, destacam-se op\u00e7\u00f5es que combinam textura evidente com conforto, ideais para quem quer renovar sem grandes obras:<\/p>\n\n\n\n<ul class=\"wp-block-list\">\n<li><strong>Boucl\u00e9<\/strong>: encorpado e com relevo marcado, em poltronas, sof\u00e1s e pufes, refor\u00e7a a sensa\u00e7\u00e3o de aconchego.<\/li>\n\n\n\n<li><strong>Veludo<\/strong>: em tons intensos, como azul profundo e verde azulado, adiciona profundidade e sofistica\u00e7\u00e3o.<\/li>\n\n\n\n<li><strong>Linho<\/strong>: de origem natural, traz leveza e frescor em cortinas, capas de almofada e roupas de cama.<\/li>\n\n\n\n<li><strong>Chenille<\/strong>: com toque suave e apar\u00eancia volumosa, equilibra conforto e eleg\u00e2ncia discreta.<\/li>\n<\/ul>\n\n\n\n<h2 class=\"wp-block-heading\">Como revestimentos e metais expressam essa nova est\u00e9tica<\/h2>\n\n\n\n<p>Nos revestimentos de piso e parede, a decora\u00e7\u00e3o em 2026 resgata materiais de apar\u00eancia org\u00e2nica e imperfei\u00e7\u00f5es aparentes, associando irregularidades \u00e0 autenticidade. Pedras naturais, porcelanatos que imitam rochas, cer\u00e2micas artesanais e pe\u00e7as 3D marcam presen\u00e7a em banheiros, cozinhas e \u00e1reas sociais.<\/p>\n\n\n\n<p>Elementos como pedras e m\u00e1rmores coloridos, cer\u00e2micas de bordas irregulares e revestimentos tridimensionais criam movimento visual e jogos de luz e sombra. J\u00e1 nos metais, acabamentos em cobre, lat\u00e3o e a\u00e7o escovado, muitas vezes envelhecidos ou oxidados, equilibram refer\u00eancias industriais e artesanais, trazendo uma sensa\u00e7\u00e3o de tecnologia integrada \u00e0 natureza.<\/p>\n\n\n\n<p>Selecionamos o v\u00eddeo do canal <a href=\"https:\/\/www.youtube.com\/@Simplichique\" target=\"_blank\" rel=\"noreferrer noopener\">@Simplichique<\/a> que fala sobre as 10 tend\u00eancias de decora\u00e7\u00e3o para 2026<\/p>\n\n\n\n<figure class=\"wp-block-embed is-type-video is-provider-youtube wp-block-embed-youtube wp-embed-aspect-16-9 wp-has-aspect-ratio\"><div class=\"wp-block-embed__wrapper\">\n<div class=\"jeg_video_container jeg_video_content\"><iframe loading=\"lazy\" title=\"10 Tend\u00eancias de Decora\u00e7\u00e3o para 2026 (e a VERDADE por tr\u00e1s delas) | SIMPLICHIQUE\" width=\"500\" height=\"281\" src=\"https:\/\/www.youtube.com\/embed\/-0er_YiV6yM?feature=oembed\" frameborder=\"0\" allow=\"accelerometer; autoplay; clipboard-write; encrypted-media; gyroscope; picture-in-picture; web-share\" referrerpolicy=\"strict-origin-when-cross-origin\" allowfullscreen><\/iframe><\/div>\n<\/div><\/figure>\n\n\n\n<h2 class=\"wp-block-heading\">Qual \u00e9 o papel da madeira e da ilumina\u00e7\u00e3o na sensa\u00e7\u00e3o de aconchego<\/h2>\n\n\n\n<p>A madeira segue essencial na decora\u00e7\u00e3o de interiores em 2026, com veios marcados, tons m\u00e9dios e textura evidente, em pisos, pain\u00e9is e marcenaria sob medida. Essa apar\u00eancia mais \u201ccrua\u201d aproxima o morador de uma natureza filtrada para dentro de casa, refor\u00e7ando o clima de ref\u00fagio.<\/p>\n\n\n\n<p>A ilumina\u00e7\u00e3o acompanha esse movimento com temperaturas de cor mais quentes e sistemas regul\u00e1veis, substituindo o \u00fanico ponto forte no teto por cenas variadas. Sancas, perfis embutidos, lumin\u00e1rias de piso e mesa e spots direcion\u00e1veis permitem adaptar o ambiente a trabalho, leitura ou descanso com ajustes simples de intensidade e dire\u00e7\u00e3o da luz.<\/p>\n\n\n\n<h2 class=\"wp-block-heading\">Como objetos afetivos e escolhas conscientes transformam a casa<\/h2>\n\n\n\n<p>Objetos afetivos e pe\u00e7as decorativas ganham protagonismo como forma de contar a hist\u00f3ria de quem vive no espa\u00e7o, em uma mistura de cer\u00e2micas autorais, quadros, m\u00f3veis garimpados e lembran\u00e7as de viagem com itens contempor\u00e2neos. Essa curadoria pessoal refor\u00e7a a ideia de que a decora\u00e7\u00e3o em 2026 privilegia ambientes \u00fanicos, constru\u00eddos aos poucos e alinhados \u00e0 rotina real.<\/p>\n\n\n\n<p>Se voc\u00ea quer que sua casa acompanhe essa mudan\u00e7a de comportamento, o momento de agir \u00e9 agora: repense materiais, ilumina\u00e7\u00e3o e objetos com um olhar mais sensorial e emocional, comece por um c\u00f4modo e sinta a diferen\u00e7a no seu dia a dia \u2014 n\u00e3o adie essa transforma\u00e7\u00e3o, porque o ref\u00fagio que voc\u00ea precisa pode come\u00e7ar hoje mesmo dentro da sua pr\u00f3pria casa.<\/p>\n\n\n\n<p><\/p>\n","protected":false},"excerpt":{"rendered":"<p>Escolher os materiais certos para um projeto de interiores, em 2026, deixou de ser apenas uma quest\u00e3o est\u00e9tica e passou a refletir um estilo de vida mais afetivo, sensorial e conectado ao bem-estar, no qual a casa assume o papel de ref\u00fagio emocional e cen\u00e1rio da rotina h\u00edbrida entre trabalho, descanso e lazer. Por que [&hellip;]<\/p>\n","protected":false},"author":11,"featured_media":146773,"comment_status":"open","ping_status":"open","sticky":false,"template":"","format":"standard","meta":{"jnews-multi-image_gallery":[],"jnews_single_post":{"format":"standard"},"jnews_primary_category":[],"jnews_social_meta":[],"jnews_override_counter":[],"footnotes":""},"categories":[8819,1],"tags":[15753,4687,8853,17223],"class_list":["post-146333","post","type-post","status-publish","format-standard","has-post-thumbnail","hentry","category-curiosidades","category-noticias","tag-aconchego","tag-decoracao","tag-iluminacao","tag-madeira"],"yoast_head":"<!-- This site is optimized with the Yoast SEO plugin v23.8 - https:\/\/yoast.com\/wordpress\/plugins\/seo\/ -->\n<title>Os estilos de decora\u00e7\u00e3o que prometem transformar as casas em 2026 - Estado de Minas - Em foco<\/title>\n<meta name=\"description\" content=\"A decora\u00e7\u00e3o em 2026 valoriza toque, textura e conforto emocional. Veja quais materiais est\u00e3o criando casas mais acolhedoras.\" \/>\n<meta name=\"robots\" content=\"index, follow, max-snippet:-1, max-image-preview:large, max-video-preview:-1\" \/>\n<link rel=\"canonical\" href=\"https:\/\/www.em.com.br\/emfoco\/2025\/12\/28\/os-estilos-de-decoracao-que-prometem-transformar-as-casas-em-2026\/\" \/>\n<meta property=\"og:locale\" content=\"pt_BR\" \/>\n<meta property=\"og:type\" content=\"article\" \/>\n<meta property=\"og:title\" content=\"Os estilos de decora\u00e7\u00e3o que prometem transformar as casas em 2026 - Estado de Minas - Em foco\" \/>\n<meta property=\"og:description\" content=\"A decora\u00e7\u00e3o em 2026 valoriza toque, textura e conforto emocional. Veja quais materiais est\u00e3o criando casas mais acolhedoras.\" \/>\n<meta property=\"og:url\" content=\"https:\/\/www.em.com.br\/emfoco\/2025\/12\/28\/os-estilos-de-decoracao-que-prometem-transformar-as-casas-em-2026\/\" \/>\n<meta property=\"og:site_name\" content=\"Estado de Minas - Em foco\" \/>\n<meta property=\"article:published_time\" content=\"2025-12-28T19:45:00+00:00\" \/>\n<meta property=\"article:modified_time\" content=\"2025-12-26T23:16:17+00:00\" \/>\n<meta property=\"og:image\" content=\"https:\/\/www.em.com.br\/emfoco\/wp-content\/uploads\/2025\/12\/Gemini_Generated_Image_vqo7rkvqo7rkvqo7-1.png\" \/>\n\t<meta property=\"og:image:width\" content=\"1280\" \/>\n\t<meta property=\"og:image:height\" content=\"720\" \/>\n\t<meta property=\"og:image:type\" content=\"image\/png\" \/>\n<meta name=\"author\" content=\"Andre\u0301 Rangel\u00a0\" \/>\n<meta name=\"twitter:card\" content=\"summary_large_image\" \/>\n<meta name=\"twitter:label1\" content=\"Escrito por\" \/>\n\t<meta name=\"twitter:data1\" content=\"Andre\u0301 Rangel\u00a0\" \/>\n\t<meta name=\"twitter:label2\" content=\"Est. tempo de leitura\" \/>\n\t<meta name=\"twitter:data2\" content=\"5 minutos\" \/>\n<!-- \/ Yoast SEO plugin. -->","yoast_head_json":{"title":"Os estilos de decora\u00e7\u00e3o que prometem transformar as casas em 2026 - Estado de Minas - Em foco","description":"A decora\u00e7\u00e3o em 2026 valoriza toque, textura e conforto emocional. Veja quais materiais est\u00e3o criando casas mais acolhedoras.","robots":{"index":"index","follow":"follow","max-snippet":"max-snippet:-1","max-image-preview":"max-image-preview:large","max-video-preview":"max-video-preview:-1"},"canonical":"https:\/\/www.em.com.br\/emfoco\/2025\/12\/28\/os-estilos-de-decoracao-que-prometem-transformar-as-casas-em-2026\/","og_locale":"pt_BR","og_type":"article","og_title":"Os estilos de decora\u00e7\u00e3o que prometem transformar as casas em 2026 - Estado de Minas - Em foco","og_description":"A decora\u00e7\u00e3o em 2026 valoriza toque, textura e conforto emocional. Veja quais materiais est\u00e3o criando casas mais acolhedoras.","og_url":"https:\/\/www.em.com.br\/emfoco\/2025\/12\/28\/os-estilos-de-decoracao-que-prometem-transformar-as-casas-em-2026\/","og_site_name":"Estado de Minas - Em foco","article_published_time":"2025-12-28T19:45:00+00:00","article_modified_time":"2025-12-26T23:16:17+00:00","og_image":[{"width":1280,"height":720,"url":"https:\/\/www.em.com.br\/emfoco\/wp-content\/uploads\/2025\/12\/Gemini_Generated_Image_vqo7rkvqo7rkvqo7-1.png","type":"image\/png"}],"author":"Andre\u0301 Rangel\u00a0","twitter_card":"summary_large_image","twitter_misc":{"Escrito por":"Andre\u0301 Rangel\u00a0","Est. tempo de leitura":"5 minutos"},"schema":{"@context":"https:\/\/schema.org","@graph":[{"@type":"WebPage","@id":"https:\/\/www.em.com.br\/emfoco\/2025\/12\/28\/os-estilos-de-decoracao-que-prometem-transformar-as-casas-em-2026\/","url":"https:\/\/www.em.com.br\/emfoco\/2025\/12\/28\/os-estilos-de-decoracao-que-prometem-transformar-as-casas-em-2026\/","name":"Os estilos de decora\u00e7\u00e3o que prometem transformar as casas em 2026 - Estado de Minas - Em foco","isPartOf":{"@id":"https:\/\/www.em.com.br\/emfoco\/#website"},"primaryImageOfPage":{"@id":"https:\/\/www.em.com.br\/emfoco\/2025\/12\/28\/os-estilos-de-decoracao-que-prometem-transformar-as-casas-em-2026\/#primaryimage"},"image":{"@id":"https:\/\/www.em.com.br\/emfoco\/2025\/12\/28\/os-estilos-de-decoracao-que-prometem-transformar-as-casas-em-2026\/#primaryimage"},"thumbnailUrl":"https:\/\/www.em.com.br\/emfoco\/wp-content\/uploads\/2025\/12\/Gemini_Generated_Image_vqo7rkvqo7rkvqo7-1.png","datePublished":"2025-12-28T19:45:00+00:00","dateModified":"2025-12-26T23:16:17+00:00","author":{"@id":"https:\/\/www.em.com.br\/emfoco\/#\/schema\/person\/60eda09c1fedf0d6891f4cef4b60b8b8"},"description":"A decora\u00e7\u00e3o em 2026 valoriza toque, textura e conforto emocional. Veja quais materiais est\u00e3o criando casas mais acolhedoras.","breadcrumb":{"@id":"https:\/\/www.em.com.br\/emfoco\/2025\/12\/28\/os-estilos-de-decoracao-que-prometem-transformar-as-casas-em-2026\/#breadcrumb"},"inLanguage":"pt-BR","potentialAction":[{"@type":"ReadAction","target":["https:\/\/www.em.com.br\/emfoco\/2025\/12\/28\/os-estilos-de-decoracao-que-prometem-transformar-as-casas-em-2026\/"]}]},{"@type":"ImageObject","inLanguage":"pt-BR","@id":"https:\/\/www.em.com.br\/emfoco\/2025\/12\/28\/os-estilos-de-decoracao-que-prometem-transformar-as-casas-em-2026\/#primaryimage","url":"https:\/\/www.em.com.br\/emfoco\/wp-content\/uploads\/2025\/12\/Gemini_Generated_Image_vqo7rkvqo7rkvqo7-1.png","contentUrl":"https:\/\/www.em.com.br\/emfoco\/wp-content\/uploads\/2025\/12\/Gemini_Generated_Image_vqo7rkvqo7rkvqo7-1.png","width":1280,"height":720,"caption":"A decora\u00e7\u00e3o em 2026 valoriza toque, textura e conforto emocional."},{"@type":"BreadcrumbList","@id":"https:\/\/www.em.com.br\/emfoco\/2025\/12\/28\/os-estilos-de-decoracao-que-prometem-transformar-as-casas-em-2026\/#breadcrumb","itemListElement":[{"@type":"ListItem","position":1,"name":"In\u00edcio","item":"https:\/\/www.em.com.br\/emfoco\/"},{"@type":"ListItem","position":2,"name":"Os estilos de decora\u00e7\u00e3o que prometem transformar as casas em 2026"}]},{"@type":"WebSite","@id":"https:\/\/www.em.com.br\/emfoco\/#website","url":"https:\/\/www.em.com.br\/emfoco\/","name":"Estado de Minas - Em foco","description":"Acompanhe as \u00faltimas not\u00edcias e fique bem informado sobre tudo o que acontece em Minas Gerais, Brasil e no mundo.","potentialAction":[{"@type":"SearchAction","target":{"@type":"EntryPoint","urlTemplate":"https:\/\/www.em.com.br\/emfoco\/?s={search_term_string}"},"query-input":{"@type":"PropertyValueSpecification","valueRequired":true,"valueName":"search_term_string"}}],"inLanguage":"pt-BR"},{"@type":"Person","@id":"https:\/\/www.em.com.br\/emfoco\/#\/schema\/person\/60eda09c1fedf0d6891f4cef4b60b8b8","name":"Andre\u0301 Rangel\u00a0","image":{"@type":"ImageObject","inLanguage":"pt-BR","@id":"https:\/\/www.em.com.br\/emfoco\/#\/schema\/person\/image\/","url":"https:\/\/secure.gravatar.com\/avatar\/6234dc814c77c8ef6d8bba622c787efc?s=96&d=mm&r=g","contentUrl":"https:\/\/secure.gravatar.com\/avatar\/6234dc814c77c8ef6d8bba622c787efc?s=96&d=mm&r=g","caption":"Andre\u0301 Rangel\u00a0"},"url":"https:\/\/www.em.com.br\/emfoco\/author\/luizmyth\/"}]}},"_links":{"self":[{"href":"https:\/\/www.em.com.br\/emfoco\/wp-json\/wp\/v2\/posts\/146333","targetHints":{"allow":["GET"]}}],"collection":[{"href":"https:\/\/www.em.com.br\/emfoco\/wp-json\/wp\/v2\/posts"}],"about":[{"href":"https:\/\/www.em.com.br\/emfoco\/wp-json\/wp\/v2\/types\/post"}],"author":[{"embeddable":true,"href":"https:\/\/www.em.com.br\/emfoco\/wp-json\/wp\/v2\/users\/11"}],"replies":[{"embeddable":true,"href":"https:\/\/www.em.com.br\/emfoco\/wp-json\/wp\/v2\/comments?post=146333"}],"version-history":[{"count":4,"href":"https:\/\/www.em.com.br\/emfoco\/wp-json\/wp\/v2\/posts\/146333\/revisions"}],"predecessor-version":[{"id":146781,"href":"https:\/\/www.em.com.br\/emfoco\/wp-json\/wp\/v2\/posts\/146333\/revisions\/146781"}],"wp:featuredmedia":[{"embeddable":true,"href":"https:\/\/www.em.com.br\/emfoco\/wp-json\/wp\/v2\/media\/146773"}],"wp:attachment":[{"href":"https:\/\/www.em.com.br\/emfoco\/wp-json\/wp\/v2\/media?parent=146333"}],"wp:term":[{"taxonomy":"category","embeddable":true,"href":"https:\/\/www.em.com.br\/emfoco\/wp-json\/wp\/v2\/categories?post=146333"},{"taxonomy":"post_tag","embeddable":true,"href":"https:\/\/www.em.com.br\/emfoco\/wp-json\/wp\/v2\/tags?post=146333"}],"curies":[{"name":"wp","href":"https:\/\/api.w.org\/{rel}","templated":true}]}}