{"id":146139,"date":"2025-12-28T21:15:00","date_gmt":"2025-12-29T00:15:00","guid":{"rendered":"https:\/\/www.em.com.br\/emfoco\/?p=146139"},"modified":"2025-12-25T16:40:03","modified_gmt":"2025-12-25T19:40:03","slug":"se-voce-espirra-so-de-olhar-para-a-luz-pode-ter-uma-sindrome-genetica-que-passa-de-pais-para-filhos-e-muita-gente-nem-sabe","status":"publish","type":"post","link":"https:\/\/www.em.com.br\/emfoco\/2025\/12\/28\/se-voce-espirra-so-de-olhar-para-a-luz-pode-ter-uma-sindrome-genetica-que-passa-de-pais-para-filhos-e-muita-gente-nem-sabe\/","title":{"rendered":"Se voc\u00ea espirra s\u00f3 de olhar para a luz pode ter uma s\u00edndrome gen\u00e9tica que passa de pais para filhos e muita gente nem sabe"},"content":{"rendered":"\n<h2 class=\"wp-block-heading\">O espirro ao olhar para a luz ocorre por interfer\u00eancia entre nervos \u00f3ptico e trig\u00eameo. A s\u00edndrome gen\u00e9tica ACHOO \u00e9 heredit\u00e1ria, inofensiva, mais comum em mulheres e explica o reflexo f\u00f3tico involunt\u00e1rio.<\/h2>\n\n\n\n<p>Sentir um espirro \u201cpreso\u201d e conseguir solt\u00e1-lo ao olhar para a luz n\u00e3o \u00e9 coincid\u00eancia. Esse reflexo curioso tem rela\u00e7\u00e3o gen\u00e9tica e neurol\u00f3gica, conhecida como s\u00edndrome ACHOO, que afeta uma parcela espec\u00edfica da popula\u00e7\u00e3o e costuma passar despercebida.<\/p>\n\n\n\n<h2 class=\"wp-block-heading\">Por que algumas pessoas espirram quando olham para a luz?<\/h2>\n\n\n\n<p>O espirro \u00e9 um reflexo de defesa do corpo contra irrita\u00e7\u00f5es nasais. Segundo o m\u00e9dico <strong>David Lang<\/strong>, da <strong><a href=\"https:\/\/my.clevelandclinic.org\/\" target=\"_blank\" rel=\"noreferrer noopener\">Cleveland Clinic<\/a><\/strong>, ele funciona para o nariz como a tosse para os pulm\u00f5es, ajudando a expulsar part\u00edculas potencialmente nocivas.<\/p>\n\n\n\n<p>Em algumas pessoas, a exposi\u00e7\u00e3o \u00e0 <strong>luz intensa<\/strong> provoca espirros porque ocorre uma interfer\u00eancia entre nervos faciais. O est\u00edmulo luminoso nos olhos acaba \u201cativando\u201d o reflexo nasal, gerando o espirro de forma involunt\u00e1ria.<\/p>\n\n\n\n<figure class=\"wp-block-image size-large\"><img loading=\"lazy\" decoding=\"async\" width=\"1024\" height=\"576\" src=\"https:\/\/www.em.com.br\/emfoco\/wp-content\/uploads\/2025\/12\/IA-36-2-1024x576.jpg\" alt=\"Se voc\u00ea espirra s\u00f3 de olhar para a luz pode ter uma s\u00edndrome gen\u00e9tica que passa de pais para filhos e muita gente nem sabe\" class=\"wp-image-146186\" srcset=\"https:\/\/www.em.com.br\/emfoco\/wp-content\/uploads\/2025\/12\/IA-36-2-1024x576.jpg 1024w, https:\/\/www.em.com.br\/emfoco\/wp-content\/uploads\/2025\/12\/IA-36-2-300x169.jpg 300w, https:\/\/www.em.com.br\/emfoco\/wp-content\/uploads\/2025\/12\/IA-36-2-768x432.jpg 768w, https:\/\/www.em.com.br\/emfoco\/wp-content\/uploads\/2025\/12\/IA-36-2-750x422.jpg 750w, https:\/\/www.em.com.br\/emfoco\/wp-content\/uploads\/2025\/12\/IA-36-2-1140x641.jpg 1140w, https:\/\/www.em.com.br\/emfoco\/wp-content\/uploads\/2025\/12\/IA-36-2.jpg 1280w\" sizes=\"auto, (max-width: 1024px) 100vw, 1024px\" \/><figcaption class=\"wp-element-caption\">Luz intensa ativa nervos faciais e dispara reflexo do espirro<\/figcaption><\/figure>\n\n\n\n<h2 class=\"wp-block-heading\">O que \u00e9 exatamente a s\u00edndrome ACHOO?<\/h2>\n\n\n\n<p>A chamada s\u00edndrome ACHOO \u00e9 uma condi\u00e7\u00e3o gen\u00e9tica heredit\u00e1ria e inofensiva. O nome vem da sigla em ingl\u00eas para <strong>espirro f\u00f3tico de heran\u00e7a autoss\u00f4mica dominante<\/strong>, caracterizado por espirros desencadeados por luz forte.<\/p>\n\n\n\n<p>Ela ocorre por uma \u201cconfus\u00e3o\u201d entre o nervo \u00f3ptico e o <strong>nervo trig\u00eameo<\/strong>, respons\u00e1vel por sensa\u00e7\u00f5es no rosto e nariz. Quando as pupilas se contraem diante da luz, o c\u00e9rebro interpreta o est\u00edmulo como necessidade de espirrar.<\/p>\n\n\n\n<h2 class=\"wp-block-heading\">Essa condi\u00e7\u00e3o \u00e9 comum ou heredit\u00e1ria?<\/h2>\n\n\n\n<p>Especialistas apontam que a s\u00edndrome ACHOO \u00e9 relativamente rara, mas claramente <strong>heredit\u00e1ria<\/strong>. Por isso, muitas pessoas relatam que aprenderam o \u201ctruque\u201d de olhar para a luz com pais ou av\u00f3s que apresentavam o mesmo reflexo.<\/p>\n\n\n\n<p>O comportamento tende a se repetir em fam\u00edlias, mesmo sem diagn\u00f3stico formal. Quem possui a condi\u00e7\u00e3o pode passar anos sem saber que o reflexo tem origem gen\u00e9tica e neurol\u00f3gica, acreditando ser apenas um h\u00e1bito curioso.<\/p>\n\n\n\n<figure class=\"wp-block-image size-large\"><img loading=\"lazy\" decoding=\"async\" width=\"1024\" height=\"576\" src=\"https:\/\/www.em.com.br\/emfoco\/wp-content\/uploads\/2025\/12\/IA-37-2-1024x576.jpg\" alt=\"Se voc\u00ea espirra s\u00f3 de olhar para a luz pode ter uma s\u00edndrome gen\u00e9tica que passa de pais para filhos e muita gente nem sabe\" class=\"wp-image-146189\" srcset=\"https:\/\/www.em.com.br\/emfoco\/wp-content\/uploads\/2025\/12\/IA-37-2-1024x576.jpg 1024w, https:\/\/www.em.com.br\/emfoco\/wp-content\/uploads\/2025\/12\/IA-37-2-300x169.jpg 300w, https:\/\/www.em.com.br\/emfoco\/wp-content\/uploads\/2025\/12\/IA-37-2-768x432.jpg 768w, https:\/\/www.em.com.br\/emfoco\/wp-content\/uploads\/2025\/12\/IA-37-2-750x422.jpg 750w, https:\/\/www.em.com.br\/emfoco\/wp-content\/uploads\/2025\/12\/IA-37-2-1140x641.jpg 1140w, https:\/\/www.em.com.br\/emfoco\/wp-content\/uploads\/2025\/12\/IA-37-2.jpg 1280w\" sizes=\"auto, (max-width: 1024px) 100vw, 1024px\" \/><figcaption class=\"wp-element-caption\">Condi\u00e7\u00e3o \u00e9 heredit\u00e1ria e costuma se repetir em fam\u00edlias<\/figcaption><\/figure>\n\n\n\n<p><em>Leia mais: <strong><a href=\"https:\/\/www.em.com.br\/emfoco\/2025\/08\/09\/tres-habitos-saudaveis-que-reduzem-riscos-de-doencas-cronicas\/\" target=\"_blank\" rel=\"noreferrer noopener\">Tr\u00eas h\u00e1bitos saud\u00e1veis que reduzem riscos de doen\u00e7as cr\u00f4nicas<\/a><\/strong><\/em><\/p>\n\n\n\n<h2 class=\"wp-block-heading\">Quem tem mais chances de apresentar espirros f\u00f3ticos?<\/h2>\n\n\n\n<p>Embora possa ocorrer em qualquer pessoa, alguns grupos apresentam maior predisposi\u00e7\u00e3o ao espirro induzido pela luz, segundo observa\u00e7\u00f5es cl\u00ednicas descritas por especialistas. Entre os principais fatores associados, destacam-se os seguintes.<\/p>\n\n\n\n<ul class=\"wp-block-list\">\n<li><strong>Predisposi\u00e7\u00e3o gen\u00e9tica<\/strong>: hist\u00f3rico familiar aumenta significativamente a chance.<\/li>\n\n\n\n<li><strong>Sexo feminino<\/strong>: mulheres apresentam maior frequ\u00eancia do reflexo.<\/li>\n\n\n\n<li><strong>Desvio de septo nasal<\/strong>: altera\u00e7\u00f5es estruturais podem intensificar o fen\u00f4meno.<\/li>\n<\/ul>\n\n\n\n<h2 class=\"wp-block-heading\">Olhar para a luz para espirrar \u00e9 seguro para todos?<\/h2>\n\n\n\n<p>Para quem tem a s\u00edndrome, o reflexo \u00e9 inofensivo e ocorre naturalmente. No entanto, especialistas alertam que <strong>n\u00e3o \u00e9 uma t\u00e9cnica universal<\/strong> e n\u00e3o funciona para todas as pessoas, podendo causar desconforto ocular.<\/p>\n\n\n\n<p>Al\u00e9m disso, olhar diretamente para fontes de luz intensa, como o sol, n\u00e3o \u00e9 recomendado. O espirro f\u00f3tico \u00e9 curioso, mas n\u00e3o deve ser estimulado de forma artificial, refor\u00e7ando que se trata de uma caracter\u00edstica gen\u00e9tica espec\u00edfica.<\/p>\n","protected":false},"excerpt":{"rendered":"<p>O espirro ao olhar para a luz ocorre por interfer\u00eancia entre nervos \u00f3ptico e trig\u00eameo. A s\u00edndrome gen\u00e9tica ACHOO \u00e9 heredit\u00e1ria, inofensiva, mais comum em mulheres e explica o reflexo f\u00f3tico involunt\u00e1rio. Sentir um espirro \u201cpreso\u201d e conseguir solt\u00e1-lo ao olhar para a luz n\u00e3o \u00e9 coincid\u00eancia. Esse reflexo curioso tem rela\u00e7\u00e3o gen\u00e9tica e neurol\u00f3gica, [&hellip;]<\/p>\n","protected":false},"author":13,"featured_media":146182,"comment_status":"open","ping_status":"open","sticky":false,"template":"","format":"standard","meta":{"jnews-multi-image_gallery":[],"jnews_single_post":{"format":"standard"},"jnews_primary_category":[],"jnews_social_meta":[],"jnews_override_counter":[],"footnotes":""},"categories":[9053],"tags":[21409,21410],"class_list":["post-146139","post","type-post","status-publish","format-standard","has-post-thumbnail","hentry","category-saude","tag-sindrome-de-achoo","tag-vontade-de-espirrar"],"yoast_head":"<!-- This site is optimized with the Yoast SEO plugin v23.8 - https:\/\/yoast.com\/wordpress\/plugins\/seo\/ -->\n<title>Se voc\u00ea espirra s\u00f3 de olhar para a luz pode ter uma s\u00edndrome gen\u00e9tica que passa de pais para filhos e muita gente nem sabe - Estado de Minas - Em foco<\/title>\n<meta name=\"description\" content=\"Sentir vontade de espirrar ao olhar para a luz pode indicar uma s\u00edndrome gen\u00e9tica rara conhecida como ACHOO.\" \/>\n<meta name=\"robots\" content=\"index, follow, max-snippet:-1, max-image-preview:large, max-video-preview:-1\" \/>\n<link rel=\"canonical\" href=\"https:\/\/www.em.com.br\/emfoco\/2025\/12\/28\/se-voce-espirra-so-de-olhar-para-a-luz-pode-ter-uma-sindrome-genetica-que-passa-de-pais-para-filhos-e-muita-gente-nem-sabe\/\" \/>\n<meta property=\"og:locale\" content=\"pt_BR\" \/>\n<meta property=\"og:type\" content=\"article\" \/>\n<meta property=\"og:title\" content=\"Se voc\u00ea espirra s\u00f3 de olhar para a luz pode ter uma s\u00edndrome gen\u00e9tica que passa de pais para filhos e muita gente nem sabe - Estado de Minas - Em foco\" \/>\n<meta property=\"og:description\" content=\"Sentir vontade de espirrar ao olhar para a luz pode indicar uma s\u00edndrome gen\u00e9tica rara conhecida como ACHOO.\" \/>\n<meta property=\"og:url\" content=\"https:\/\/www.em.com.br\/emfoco\/2025\/12\/28\/se-voce-espirra-so-de-olhar-para-a-luz-pode-ter-uma-sindrome-genetica-que-passa-de-pais-para-filhos-e-muita-gente-nem-sabe\/\" \/>\n<meta property=\"og:site_name\" content=\"Estado de Minas - Em foco\" \/>\n<meta property=\"article:published_time\" content=\"2025-12-29T00:15:00+00:00\" \/>\n<meta property=\"article:modified_time\" content=\"2025-12-25T19:40:03+00:00\" \/>\n<meta property=\"og:image\" content=\"https:\/\/www.em.com.br\/emfoco\/wp-content\/uploads\/2025\/12\/IA-35-2.jpg\" \/>\n\t<meta property=\"og:image:width\" content=\"1280\" \/>\n\t<meta property=\"og:image:height\" content=\"720\" \/>\n\t<meta property=\"og:image:type\" content=\"image\/jpeg\" \/>\n<meta name=\"author\" content=\"Gabriel Martins\" \/>\n<meta name=\"twitter:card\" content=\"summary_large_image\" \/>\n<meta name=\"twitter:label1\" content=\"Escrito por\" \/>\n\t<meta name=\"twitter:data1\" content=\"Gabriel Martins\" \/>\n\t<meta name=\"twitter:label2\" content=\"Est. tempo de leitura\" \/>\n\t<meta name=\"twitter:data2\" content=\"4 minutos\" \/>\n<!-- \/ Yoast SEO plugin. -->","yoast_head_json":{"title":"Se voc\u00ea espirra s\u00f3 de olhar para a luz pode ter uma s\u00edndrome gen\u00e9tica que passa de pais para filhos e muita gente nem sabe - Estado de Minas - Em foco","description":"Sentir vontade de espirrar ao olhar para a luz pode indicar uma s\u00edndrome gen\u00e9tica rara conhecida como ACHOO.","robots":{"index":"index","follow":"follow","max-snippet":"max-snippet:-1","max-image-preview":"max-image-preview:large","max-video-preview":"max-video-preview:-1"},"canonical":"https:\/\/www.em.com.br\/emfoco\/2025\/12\/28\/se-voce-espirra-so-de-olhar-para-a-luz-pode-ter-uma-sindrome-genetica-que-passa-de-pais-para-filhos-e-muita-gente-nem-sabe\/","og_locale":"pt_BR","og_type":"article","og_title":"Se voc\u00ea espirra s\u00f3 de olhar para a luz pode ter uma s\u00edndrome gen\u00e9tica que passa de pais para filhos e muita gente nem sabe - Estado de Minas - Em foco","og_description":"Sentir vontade de espirrar ao olhar para a luz pode indicar uma s\u00edndrome gen\u00e9tica rara conhecida como ACHOO.","og_url":"https:\/\/www.em.com.br\/emfoco\/2025\/12\/28\/se-voce-espirra-so-de-olhar-para-a-luz-pode-ter-uma-sindrome-genetica-que-passa-de-pais-para-filhos-e-muita-gente-nem-sabe\/","og_site_name":"Estado de Minas - Em foco","article_published_time":"2025-12-29T00:15:00+00:00","article_modified_time":"2025-12-25T19:40:03+00:00","og_image":[{"width":1280,"height":720,"url":"https:\/\/www.em.com.br\/emfoco\/wp-content\/uploads\/2025\/12\/IA-35-2.jpg","type":"image\/jpeg"}],"author":"Gabriel Martins","twitter_card":"summary_large_image","twitter_misc":{"Escrito por":"Gabriel Martins","Est. tempo de leitura":"4 minutos"},"schema":{"@context":"https:\/\/schema.org","@graph":[{"@type":"WebPage","@id":"https:\/\/www.em.com.br\/emfoco\/2025\/12\/28\/se-voce-espirra-so-de-olhar-para-a-luz-pode-ter-uma-sindrome-genetica-que-passa-de-pais-para-filhos-e-muita-gente-nem-sabe\/","url":"https:\/\/www.em.com.br\/emfoco\/2025\/12\/28\/se-voce-espirra-so-de-olhar-para-a-luz-pode-ter-uma-sindrome-genetica-que-passa-de-pais-para-filhos-e-muita-gente-nem-sabe\/","name":"Se voc\u00ea espirra s\u00f3 de olhar para a luz pode ter uma s\u00edndrome gen\u00e9tica que passa de pais para filhos e muita gente nem sabe - Estado de Minas - Em foco","isPartOf":{"@id":"https:\/\/www.em.com.br\/emfoco\/#website"},"primaryImageOfPage":{"@id":"https:\/\/www.em.com.br\/emfoco\/2025\/12\/28\/se-voce-espirra-so-de-olhar-para-a-luz-pode-ter-uma-sindrome-genetica-que-passa-de-pais-para-filhos-e-muita-gente-nem-sabe\/#primaryimage"},"image":{"@id":"https:\/\/www.em.com.br\/emfoco\/2025\/12\/28\/se-voce-espirra-so-de-olhar-para-a-luz-pode-ter-uma-sindrome-genetica-que-passa-de-pais-para-filhos-e-muita-gente-nem-sabe\/#primaryimage"},"thumbnailUrl":"https:\/\/www.em.com.br\/emfoco\/wp-content\/uploads\/2025\/12\/IA-35-2.jpg","datePublished":"2025-12-29T00:15:00+00:00","dateModified":"2025-12-25T19:40:03+00:00","author":{"@id":"https:\/\/www.em.com.br\/emfoco\/#\/schema\/person\/1c9ddeab18b98abeffef834667bcf08a"},"description":"Sentir vontade de espirrar ao olhar para a luz pode indicar uma s\u00edndrome gen\u00e9tica rara conhecida como ACHOO.","breadcrumb":{"@id":"https:\/\/www.em.com.br\/emfoco\/2025\/12\/28\/se-voce-espirra-so-de-olhar-para-a-luz-pode-ter-uma-sindrome-genetica-que-passa-de-pais-para-filhos-e-muita-gente-nem-sabe\/#breadcrumb"},"inLanguage":"pt-BR","potentialAction":[{"@type":"ReadAction","target":["https:\/\/www.em.com.br\/emfoco\/2025\/12\/28\/se-voce-espirra-so-de-olhar-para-a-luz-pode-ter-uma-sindrome-genetica-que-passa-de-pais-para-filhos-e-muita-gente-nem-sabe\/"]}]},{"@type":"ImageObject","inLanguage":"pt-BR","@id":"https:\/\/www.em.com.br\/emfoco\/2025\/12\/28\/se-voce-espirra-so-de-olhar-para-a-luz-pode-ter-uma-sindrome-genetica-que-passa-de-pais-para-filhos-e-muita-gente-nem-sabe\/#primaryimage","url":"https:\/\/www.em.com.br\/emfoco\/wp-content\/uploads\/2025\/12\/IA-35-2.jpg","contentUrl":"https:\/\/www.em.com.br\/emfoco\/wp-content\/uploads\/2025\/12\/IA-35-2.jpg","width":1280,"height":720,"caption":"Espirrar ao olhar para luz \u00e9 reflexo gen\u00e9tico neurol\u00f3gico inofensivo"},{"@type":"BreadcrumbList","@id":"https:\/\/www.em.com.br\/emfoco\/2025\/12\/28\/se-voce-espirra-so-de-olhar-para-a-luz-pode-ter-uma-sindrome-genetica-que-passa-de-pais-para-filhos-e-muita-gente-nem-sabe\/#breadcrumb","itemListElement":[{"@type":"ListItem","position":1,"name":"In\u00edcio","item":"https:\/\/www.em.com.br\/emfoco\/"},{"@type":"ListItem","position":2,"name":"Se voc\u00ea espirra s\u00f3 de olhar para a luz pode ter uma s\u00edndrome gen\u00e9tica que passa de pais para filhos e muita gente nem sabe"}]},{"@type":"WebSite","@id":"https:\/\/www.em.com.br\/emfoco\/#website","url":"https:\/\/www.em.com.br\/emfoco\/","name":"Estado de Minas - Em foco","description":"Acompanhe as \u00faltimas not\u00edcias e fique bem informado sobre tudo o que acontece em Minas Gerais, Brasil e no mundo.","potentialAction":[{"@type":"SearchAction","target":{"@type":"EntryPoint","urlTemplate":"https:\/\/www.em.com.br\/emfoco\/?s={search_term_string}"},"query-input":{"@type":"PropertyValueSpecification","valueRequired":true,"valueName":"search_term_string"}}],"inLanguage":"pt-BR"},{"@type":"Person","@id":"https:\/\/www.em.com.br\/emfoco\/#\/schema\/person\/1c9ddeab18b98abeffef834667bcf08a","name":"Gabriel Martins","image":{"@type":"ImageObject","inLanguage":"pt-BR","@id":"https:\/\/www.em.com.br\/emfoco\/#\/schema\/person\/image\/","url":"https:\/\/secure.gravatar.com\/avatar\/f0f1e2efdfd88f1ad2cb08c5c2731e50?s=96&d=mm&r=g","contentUrl":"https:\/\/secure.gravatar.com\/avatar\/f0f1e2efdfd88f1ad2cb08c5c2731e50?s=96&d=mm&r=g","caption":"Gabriel Martins"},"sameAs":["https:\/\/www.em.com.br\/emfoco\/"],"url":"https:\/\/www.em.com.br\/emfoco\/author\/gabrielmartinsmyth\/"}]}},"_links":{"self":[{"href":"https:\/\/www.em.com.br\/emfoco\/wp-json\/wp\/v2\/posts\/146139","targetHints":{"allow":["GET"]}}],"collection":[{"href":"https:\/\/www.em.com.br\/emfoco\/wp-json\/wp\/v2\/posts"}],"about":[{"href":"https:\/\/www.em.com.br\/emfoco\/wp-json\/wp\/v2\/types\/post"}],"author":[{"embeddable":true,"href":"https:\/\/www.em.com.br\/emfoco\/wp-json\/wp\/v2\/users\/13"}],"replies":[{"embeddable":true,"href":"https:\/\/www.em.com.br\/emfoco\/wp-json\/wp\/v2\/comments?post=146139"}],"version-history":[{"count":1,"href":"https:\/\/www.em.com.br\/emfoco\/wp-json\/wp\/v2\/posts\/146139\/revisions"}],"predecessor-version":[{"id":146190,"href":"https:\/\/www.em.com.br\/emfoco\/wp-json\/wp\/v2\/posts\/146139\/revisions\/146190"}],"wp:featuredmedia":[{"embeddable":true,"href":"https:\/\/www.em.com.br\/emfoco\/wp-json\/wp\/v2\/media\/146182"}],"wp:attachment":[{"href":"https:\/\/www.em.com.br\/emfoco\/wp-json\/wp\/v2\/media?parent=146139"}],"wp:term":[{"taxonomy":"category","embeddable":true,"href":"https:\/\/www.em.com.br\/emfoco\/wp-json\/wp\/v2\/categories?post=146139"},{"taxonomy":"post_tag","embeddable":true,"href":"https:\/\/www.em.com.br\/emfoco\/wp-json\/wp\/v2\/tags?post=146139"}],"curies":[{"name":"wp","href":"https:\/\/api.w.org\/{rel}","templated":true}]}}