{"id":145911,"date":"2025-12-26T12:05:58","date_gmt":"2025-12-26T15:05:58","guid":{"rendered":"https:\/\/www.em.com.br\/emfoco\/?p=145911"},"modified":"2025-12-25T17:56:17","modified_gmt":"2025-12-25T20:56:17","slug":"a-erva-refrescante-que-alivia-enjoo-dores-leves-e-traz-conforto-rapido","status":"publish","type":"post","link":"https:\/\/www.em.com.br\/emfoco\/2025\/12\/26\/a-erva-refrescante-que-alivia-enjoo-dores-leves-e-traz-conforto-rapido\/","title":{"rendered":"A erva refrescante que alivia enjoo, dores leves e traz conforto r\u00e1pido"},"content":{"rendered":"\n<h2 class=\"wp-block-heading\">Rica em mentol, a hortel\u00e3-pimenta alivia dores e n\u00e1useas ao resfriar a pele e relaxar o intestino. O uso seguro inclui ch\u00e1, \u00f3leo dilu\u00eddo ou c\u00e1psulas, auxiliando na digest\u00e3o e c\u00f3licas com orienta\u00e7\u00e3o profissional.<\/h2>\n\n\n\n<p>Voc\u00ea j\u00e1 tomou um ch\u00e1 de <strong>hortel\u00e3-pimenta<\/strong> para aliviar um <b>mal-estar<\/b> e sentiu um conforto quase imediato? Em muitas casas, essa plantinha arom\u00e1tica \u00e9 a primeira op\u00e7\u00e3o quando aparecem <strong>dores leves<\/strong> ou n\u00e1useas, ganhando espa\u00e7o tanto na <b>cozinha<\/b> quanto em momentos de cuidado com a sa\u00fade. Em 2025, com o aumento do interesse por terapias naturais, a hortel\u00e3-pimenta passou a ser vista como uma aliada frequente em rotinas de <strong>autocuidado<\/strong> e bem-estar.<\/p>\n\n\n\n<h2 class=\"wp-block-heading\">O que torna a hortel\u00e3-pimenta \u00fatil para dores e n\u00e1useas<\/h2>\n\n\n\n<p>A palavra-chave central aqui \u00e9 a <strong>hortel\u00e3-pimenta<\/strong>, conhecida cientificamente como <em>Mentha x piperita<\/em>, uma erva que se destaca pelo <b>aroma refrescante<\/b> e pela sensa\u00e7\u00e3o de <strong>al\u00edvio<\/strong> que oferece. Por ser um h\u00edbrido de outras mentas, ela concentra subst\u00e2ncias como mentol e mentona, que ajudam a trazer frescor e conforto em momentos de dor leve ou <b>mal-estar<\/b>.<\/p>\n\n\n\n<p>O <strong>mentol<\/strong>, em especial, gera uma sensa\u00e7\u00e3o de resfriamento na pele e nas mucosas, o que pode reduzir a percep\u00e7\u00e3o de <b>dor<\/b> em algumas situa\u00e7\u00f5es do dia a dia. Al\u00e9m disso, compostos dessa erva atuam sobre a musculatura do <strong>sistema digestivo<\/strong>, ajudando no relaxamento do intestino e colaborando em casos de <b>n\u00e1usea<\/b> leve, c\u00f3licas e sensa\u00e7\u00e3o de est\u00f4mago pesado.<\/p>\n\n\n<div class=\"wp-block-image\">\n<figure class=\"aligncenter size-large\"><img loading=\"lazy\" decoding=\"async\" width=\"1024\" height=\"576\" src=\"https:\/\/www.em.com.br\/emfoco\/wp-content\/uploads\/2025\/11\/cha-de-hortela_1763822005604-1024x576.jpg\" alt=\"\" class=\"wp-image-130853\" srcset=\"https:\/\/www.em.com.br\/emfoco\/wp-content\/uploads\/2025\/11\/cha-de-hortela_1763822005604-1024x576.jpg 1024w, https:\/\/www.em.com.br\/emfoco\/wp-content\/uploads\/2025\/11\/cha-de-hortela_1763822005604-300x169.jpg 300w, https:\/\/www.em.com.br\/emfoco\/wp-content\/uploads\/2025\/11\/cha-de-hortela_1763822005604-768x432.jpg 768w, https:\/\/www.em.com.br\/emfoco\/wp-content\/uploads\/2025\/11\/cha-de-hortela_1763822005604-750x422.jpg 750w, https:\/\/www.em.com.br\/emfoco\/wp-content\/uploads\/2025\/11\/cha-de-hortela_1763822005604-1140x641.jpg 1140w, https:\/\/www.em.com.br\/emfoco\/wp-content\/uploads\/2025\/11\/cha-de-hortela_1763822005604.jpg 1280w\" sizes=\"auto, (max-width: 1024px) 100vw, 1024px\" \/><figcaption class=\"wp-element-caption\"> hortel\u00e3 \u00e9 uma planta famosa pelo aroma refrescante e sabor marcante &#8211; Cr\u00e9ditos: depositphotos.com \/ Sandralise<\/figcaption><\/figure><\/div>\n\n\n<p>Leia tamb\u00e9m:&nbsp;<a href=\"https:\/\/www.em.com.br\/emfoco\/2025\/12\/25\/sandalias-elegantes-e-confortaveis-para-virar-o-ano-sem-dor-nos-pes\/\" target=\"_blank\" rel=\"noopener\">Sand\u00e1lias elegantes e confort\u00e1veis para virar o ano sem dor nos p\u00e9s<\/a><\/p>\n\n\n\n<h2 class=\"wp-block-heading\">Como a hortel\u00e3-pimenta pode ajudar na digest\u00e3o e na redu\u00e7\u00e3o de enjoo<\/h2>\n\n\n\n<p>Pesquisas recentes apontam que o <strong>\u00f3leo de hortel\u00e3-pimenta<\/strong>, quando usado de forma correta, pode auxiliar pessoas com <b>c\u00f3licas intestinais<\/b> e indigest\u00e3o. Ele costuma ser inclu\u00eddo em alguns tratamentos complementares, especialmente em c\u00e1psulas gastro-resistentes, sempre com orienta\u00e7\u00e3o <strong>profissional<\/strong> para evitar excessos.<\/p>\n\n\n\n<p>Ao mesmo tempo, o tradicional <strong>ch\u00e1 de hortel\u00e3-pimenta<\/strong> continua presente nas casas como apoio em epis\u00f3dios de enjoo leve, gases e desconforto estomacal ap\u00f3s refei\u00e7\u00f5es mais pesadas. Mesmo sendo uma op\u00e7\u00e3o <b>natural<\/b>, \u00e9 importante lembrar que seu uso \u00e9 complementar e n\u00e3o substitui avalia\u00e7\u00e3o <strong>m\u00e9dica<\/strong>, principalmente em quadros intensos, repetitivos ou que causem muita dor.<\/p>\n\n\n\n<h2 class=\"wp-block-heading\">Formas seguras de usar hortel\u00e3-pimenta no dia a dia<\/h2>\n\n\n\n<p>Existem diferentes formas de usar a <strong>hortel\u00e3-pimenta<\/strong> no al\u00edvio de dores e n\u00e1useas, e cada pessoa pode encontrar a que melhor se adapta \u00e0 sua rotina. As op\u00e7\u00f5es mais comuns incluem <b>ch\u00e1<\/b>, \u00f3leo essencial dilu\u00eddo, c\u00e1psulas padronizadas e cremes t\u00f3picos, sempre com aten\u00e7\u00e3o \u00e0 <strong>dosagem<\/strong>, \u00e0 frequ\u00eancia e \u00e0s orienta\u00e7\u00f5es de profissionais de sa\u00fade.<\/p>\n\n\n\n<ul class=\"wp-block-list\">\n<li><strong>Ch\u00e1 de hortel\u00e3-pimenta<\/strong>: bastante utilizado em casos de <b>desconforto digestivo<\/b> e enjoo leve.<\/li>\n\n\n\n<li><strong>\u00d3leo essencial dilu\u00eddo<\/strong>: aplicado em pequenas \u00e1reas da pele para <b>dores tensionais<\/b>, como dor de cabe\u00e7a ou contratura no pesco\u00e7o.<\/li>\n\n\n\n<li><strong>Inala\u00e7\u00e3o arom\u00e1tica<\/strong>: algumas gotas em difusor podem colaborar com a sensa\u00e7\u00e3o de <b>bem-estar<\/b> em situa\u00e7\u00f5es de n\u00e1usea.<\/li>\n\n\n\n<li><strong>C\u00e1psulas gastro-resistentes<\/strong>: usadas em alguns protocolos para sintomas intestinais, sempre sob orienta\u00e7\u00e3o <b>profissional<\/b>.<\/li>\n<\/ul>\n\n\n\n<p>Para voc\u00ea que gosta de aprofundar, separamos um v\u00eddeo do canal <a href=\"https:\/\/www.youtube.com\/@HelpFarma\" target=\"_blank\" rel=\"noopener\">Help Farma<\/a> com dicas de consumo e mais benef\u00edcios do ch\u00e1 de hortel\u00e3:<\/p>\n\n\n\n<figure class=\"wp-block-embed is-type-video is-provider-youtube wp-block-embed-youtube wp-embed-aspect-16-9 wp-has-aspect-ratio\"><div class=\"wp-block-embed__wrapper\">\n<div class=\"jeg_video_container jeg_video_content\"><iframe loading=\"lazy\" title=\"CH\u00c1 DE HORTEL\u00c3 Para que serve? Como fazer do jeito certo?\" width=\"500\" height=\"281\" src=\"https:\/\/www.youtube.com\/embed\/FNBHMKOiB4E?feature=oembed\" frameborder=\"0\" allow=\"accelerometer; autoplay; clipboard-write; encrypted-media; gyroscope; picture-in-picture; web-share\" referrerpolicy=\"strict-origin-when-cross-origin\" allowfullscreen><\/iframe><\/div>\n<\/div><\/figure>\n\n\n\n<h2 class=\"wp-block-heading\">Como incluir a hortel\u00e3-pimenta em uma rotina equilibrada de cuidados<\/h2>\n\n\n\n<p>A <strong>hortel\u00e3-pimenta<\/strong>, usada com responsabilidade, pode integrar uma rotina de <b>autocuidado<\/b> voltada ao al\u00edvio de dores leves e n\u00e1useas ocasionais. Em muitos lares, ela j\u00e1 faz parte de pequenos rituais de bem-estar ao lado de outras <strong>plantas medicinais<\/strong>, ajudando a criar momentos de pausa, respira\u00e7\u00e3o profunda e cuidado com o pr\u00f3prio corpo.<\/p>\n\n\n\n<p>Quando combinada com alimenta\u00e7\u00e3o <strong>equilibrada<\/strong>, hidrata\u00e7\u00e3o adequada, descanso e acompanhamento profissional, a hortel\u00e3-pimenta deixa de ser apenas um aroma de bala ou <b>tempero<\/b> e passa a participar de conversas sobre <strong>sa\u00fade preventiva<\/strong>. Ter informa\u00e7\u00e3o clara sobre seus usos e limites \u00e9 o que permite aproveitar seus benef\u00edcios com seguran\u00e7a, sem esquecer que recursos naturais s\u00e3o apenas uma parte de um cuidado mais completo com a sa\u00fade.<\/p>\n","protected":false},"excerpt":{"rendered":"<p>Rica em mentol, a hortel\u00e3-pimenta alivia dores e n\u00e1useas ao resfriar a pele e relaxar o intestino. O uso seguro inclui ch\u00e1, \u00f3leo dilu\u00eddo ou c\u00e1psulas, auxiliando na digest\u00e3o e c\u00f3licas com orienta\u00e7\u00e3o profissional. Voc\u00ea j\u00e1 tomou um ch\u00e1 de hortel\u00e3-pimenta para aliviar um mal-estar e sentiu um conforto quase imediato? Em muitas casas, essa [&hellip;]<\/p>\n","protected":false},"author":9,"featured_media":130423,"comment_status":"open","ping_status":"open","sticky":false,"template":"","format":"standard","meta":{"jnews-multi-image_gallery":[],"jnews_single_post":{"format":"standard"},"jnews_primary_category":[],"jnews_social_meta":[],"jnews_override_counter":[],"footnotes":""},"categories":[8691,8819,1],"tags":[15259,9959,3981],"class_list":["post-145911","post","type-post","status-publish","format-standard","has-post-thumbnail","hentry","category-bem-estar","category-curiosidades","category-noticias","tag-analgesico","tag-dor","tag-hortela"],"yoast_head":"<!-- This site is optimized with the Yoast SEO plugin v23.8 - https:\/\/yoast.com\/wordpress\/plugins\/seo\/ -->\n<title>A erva refrescante que alivia enjoo, dores leves e traz conforto r\u00e1pido - Estado de Minas - Em foco<\/title>\n<meta name=\"description\" content=\"Conhe\u00e7a os benef\u00edcios dessa erva, saiba usar o \u00f3leo essencial e o ch\u00e1 para aliviar n\u00e1useas e relaxar a musculatura com seguran\u00e7a.\" \/>\n<meta name=\"robots\" content=\"index, follow, max-snippet:-1, max-image-preview:large, max-video-preview:-1\" \/>\n<link rel=\"canonical\" href=\"https:\/\/www.em.com.br\/emfoco\/2025\/12\/26\/a-erva-refrescante-que-alivia-enjoo-dores-leves-e-traz-conforto-rapido\/\" \/>\n<meta property=\"og:locale\" content=\"pt_BR\" \/>\n<meta property=\"og:type\" content=\"article\" \/>\n<meta property=\"og:title\" content=\"A erva refrescante que alivia enjoo, dores leves e traz conforto r\u00e1pido - Estado de Minas - Em foco\" \/>\n<meta property=\"og:description\" content=\"Conhe\u00e7a os benef\u00edcios dessa erva, saiba usar o \u00f3leo essencial e o ch\u00e1 para aliviar n\u00e1useas e relaxar a musculatura com seguran\u00e7a.\" \/>\n<meta property=\"og:url\" content=\"https:\/\/www.em.com.br\/emfoco\/2025\/12\/26\/a-erva-refrescante-que-alivia-enjoo-dores-leves-e-traz-conforto-rapido\/\" \/>\n<meta property=\"og:site_name\" content=\"Estado de Minas - Em foco\" \/>\n<meta property=\"article:published_time\" content=\"2025-12-26T15:05:58+00:00\" \/>\n<meta property=\"article:modified_time\" content=\"2025-12-25T20:56:17+00:00\" \/>\n<meta property=\"og:image\" content=\"https:\/\/www.em.com.br\/emfoco\/wp-content\/uploads\/2025\/11\/nausea_1763746972548.jpg\" \/>\n\t<meta property=\"og:image:width\" content=\"1280\" \/>\n\t<meta property=\"og:image:height\" content=\"720\" \/>\n\t<meta property=\"og:image:type\" content=\"image\/jpeg\" \/>\n<meta name=\"author\" content=\"Daniely Cardoso\" \/>\n<meta name=\"twitter:card\" content=\"summary_large_image\" \/>\n<meta name=\"twitter:label1\" content=\"Escrito por\" \/>\n\t<meta name=\"twitter:data1\" content=\"Daniely Cardoso\" \/>\n\t<meta name=\"twitter:label2\" content=\"Est. tempo de leitura\" \/>\n\t<meta name=\"twitter:data2\" content=\"4 minutos\" \/>\n<!-- \/ Yoast SEO plugin. -->","yoast_head_json":{"title":"A erva refrescante que alivia enjoo, dores leves e traz conforto r\u00e1pido - Estado de Minas - Em foco","description":"Conhe\u00e7a os benef\u00edcios dessa erva, saiba usar o \u00f3leo essencial e o ch\u00e1 para aliviar n\u00e1useas e relaxar a musculatura com seguran\u00e7a.","robots":{"index":"index","follow":"follow","max-snippet":"max-snippet:-1","max-image-preview":"max-image-preview:large","max-video-preview":"max-video-preview:-1"},"canonical":"https:\/\/www.em.com.br\/emfoco\/2025\/12\/26\/a-erva-refrescante-que-alivia-enjoo-dores-leves-e-traz-conforto-rapido\/","og_locale":"pt_BR","og_type":"article","og_title":"A erva refrescante que alivia enjoo, dores leves e traz conforto r\u00e1pido - Estado de Minas - Em foco","og_description":"Conhe\u00e7a os benef\u00edcios dessa erva, saiba usar o \u00f3leo essencial e o ch\u00e1 para aliviar n\u00e1useas e relaxar a musculatura com seguran\u00e7a.","og_url":"https:\/\/www.em.com.br\/emfoco\/2025\/12\/26\/a-erva-refrescante-que-alivia-enjoo-dores-leves-e-traz-conforto-rapido\/","og_site_name":"Estado de Minas - Em foco","article_published_time":"2025-12-26T15:05:58+00:00","article_modified_time":"2025-12-25T20:56:17+00:00","og_image":[{"width":1280,"height":720,"url":"https:\/\/www.em.com.br\/emfoco\/wp-content\/uploads\/2025\/11\/nausea_1763746972548.jpg","type":"image\/jpeg"}],"author":"Daniely Cardoso","twitter_card":"summary_large_image","twitter_misc":{"Escrito por":"Daniely Cardoso","Est. tempo de leitura":"4 minutos"},"schema":{"@context":"https:\/\/schema.org","@graph":[{"@type":"WebPage","@id":"https:\/\/www.em.com.br\/emfoco\/2025\/12\/26\/a-erva-refrescante-que-alivia-enjoo-dores-leves-e-traz-conforto-rapido\/","url":"https:\/\/www.em.com.br\/emfoco\/2025\/12\/26\/a-erva-refrescante-que-alivia-enjoo-dores-leves-e-traz-conforto-rapido\/","name":"A erva refrescante que alivia enjoo, dores leves e traz conforto r\u00e1pido - Estado de Minas - Em foco","isPartOf":{"@id":"https:\/\/www.em.com.br\/emfoco\/#website"},"primaryImageOfPage":{"@id":"https:\/\/www.em.com.br\/emfoco\/2025\/12\/26\/a-erva-refrescante-que-alivia-enjoo-dores-leves-e-traz-conforto-rapido\/#primaryimage"},"image":{"@id":"https:\/\/www.em.com.br\/emfoco\/2025\/12\/26\/a-erva-refrescante-que-alivia-enjoo-dores-leves-e-traz-conforto-rapido\/#primaryimage"},"thumbnailUrl":"https:\/\/www.em.com.br\/emfoco\/wp-content\/uploads\/2025\/11\/nausea_1763746972548.jpg","datePublished":"2025-12-26T15:05:58+00:00","dateModified":"2025-12-25T20:56:17+00:00","author":{"@id":"https:\/\/www.em.com.br\/emfoco\/#\/schema\/person\/0a8186d72f2c3a5c6276d90b41f271a0"},"description":"Conhe\u00e7a os benef\u00edcios dessa erva, saiba usar o \u00f3leo essencial e o ch\u00e1 para aliviar n\u00e1useas e relaxar a musculatura com seguran\u00e7a.","breadcrumb":{"@id":"https:\/\/www.em.com.br\/emfoco\/2025\/12\/26\/a-erva-refrescante-que-alivia-enjoo-dores-leves-e-traz-conforto-rapido\/#breadcrumb"},"inLanguage":"pt-BR","potentialAction":[{"@type":"ReadAction","target":["https:\/\/www.em.com.br\/emfoco\/2025\/12\/26\/a-erva-refrescante-que-alivia-enjoo-dores-leves-e-traz-conforto-rapido\/"]}]},{"@type":"ImageObject","inLanguage":"pt-BR","@id":"https:\/\/www.em.com.br\/emfoco\/2025\/12\/26\/a-erva-refrescante-que-alivia-enjoo-dores-leves-e-traz-conforto-rapido\/#primaryimage","url":"https:\/\/www.em.com.br\/emfoco\/wp-content\/uploads\/2025\/11\/nausea_1763746972548.jpg","contentUrl":"https:\/\/www.em.com.br\/emfoco\/wp-content\/uploads\/2025\/11\/nausea_1763746972548.jpg","width":1280,"height":720,"caption":"O gengibre ajuda no enjoou - Cr\u00e9ditos: depositphotos.com \/ seb_ra"},{"@type":"BreadcrumbList","@id":"https:\/\/www.em.com.br\/emfoco\/2025\/12\/26\/a-erva-refrescante-que-alivia-enjoo-dores-leves-e-traz-conforto-rapido\/#breadcrumb","itemListElement":[{"@type":"ListItem","position":1,"name":"In\u00edcio","item":"https:\/\/www.em.com.br\/emfoco\/"},{"@type":"ListItem","position":2,"name":"A erva refrescante que alivia enjoo, dores leves e traz conforto r\u00e1pido"}]},{"@type":"WebSite","@id":"https:\/\/www.em.com.br\/emfoco\/#website","url":"https:\/\/www.em.com.br\/emfoco\/","name":"Estado de Minas - Em foco","description":"Acompanhe as \u00faltimas not\u00edcias e fique bem informado sobre tudo o que acontece em Minas Gerais, Brasil e no mundo.","potentialAction":[{"@type":"SearchAction","target":{"@type":"EntryPoint","urlTemplate":"https:\/\/www.em.com.br\/emfoco\/?s={search_term_string}"},"query-input":{"@type":"PropertyValueSpecification","valueRequired":true,"valueName":"search_term_string"}}],"inLanguage":"pt-BR"},{"@type":"Person","@id":"https:\/\/www.em.com.br\/emfoco\/#\/schema\/person\/0a8186d72f2c3a5c6276d90b41f271a0","name":"Daniely Cardoso","image":{"@type":"ImageObject","inLanguage":"pt-BR","@id":"https:\/\/www.em.com.br\/emfoco\/#\/schema\/person\/image\/","url":"https:\/\/secure.gravatar.com\/avatar\/4b80ddbd124d1f071b626d52d62e5dff?s=96&d=mm&r=g","contentUrl":"https:\/\/secure.gravatar.com\/avatar\/4b80ddbd124d1f071b626d52d62e5dff?s=96&d=mm&r=g","caption":"Daniely Cardoso"},"url":"https:\/\/www.em.com.br\/emfoco\/author\/danielymyth\/"}]}},"_links":{"self":[{"href":"https:\/\/www.em.com.br\/emfoco\/wp-json\/wp\/v2\/posts\/145911","targetHints":{"allow":["GET"]}}],"collection":[{"href":"https:\/\/www.em.com.br\/emfoco\/wp-json\/wp\/v2\/posts"}],"about":[{"href":"https:\/\/www.em.com.br\/emfoco\/wp-json\/wp\/v2\/types\/post"}],"author":[{"embeddable":true,"href":"https:\/\/www.em.com.br\/emfoco\/wp-json\/wp\/v2\/users\/9"}],"replies":[{"embeddable":true,"href":"https:\/\/www.em.com.br\/emfoco\/wp-json\/wp\/v2\/comments?post=145911"}],"version-history":[{"count":3,"href":"https:\/\/www.em.com.br\/emfoco\/wp-json\/wp\/v2\/posts\/145911\/revisions"}],"predecessor-version":[{"id":146259,"href":"https:\/\/www.em.com.br\/emfoco\/wp-json\/wp\/v2\/posts\/145911\/revisions\/146259"}],"wp:featuredmedia":[{"embeddable":true,"href":"https:\/\/www.em.com.br\/emfoco\/wp-json\/wp\/v2\/media\/130423"}],"wp:attachment":[{"href":"https:\/\/www.em.com.br\/emfoco\/wp-json\/wp\/v2\/media?parent=145911"}],"wp:term":[{"taxonomy":"category","embeddable":true,"href":"https:\/\/www.em.com.br\/emfoco\/wp-json\/wp\/v2\/categories?post=145911"},{"taxonomy":"post_tag","embeddable":true,"href":"https:\/\/www.em.com.br\/emfoco\/wp-json\/wp\/v2\/tags?post=145911"}],"curies":[{"name":"wp","href":"https:\/\/api.w.org\/{rel}","templated":true}]}}