{"id":14587,"date":"2025-02-09T16:20:00","date_gmt":"2025-02-09T19:20:00","guid":{"rendered":"https:\/\/www.em.com.br\/emfoco\/?p=14587"},"modified":"2025-02-05T17:57:49","modified_gmt":"2025-02-05T20:57:49","slug":"quer-pagar-menos-impostos-veja-como-o-cpf-na-nota-pode-te-ajudar","status":"publish","type":"post","link":"https:\/\/www.em.com.br\/emfoco\/2025\/02\/09\/quer-pagar-menos-impostos-veja-como-o-cpf-na-nota-pode-te-ajudar\/","title":{"rendered":"Quer pagar menos impostos? Veja como o CPF na Nota pode te ajudar!"},"content":{"rendered":"\n<p>No <strong>Brasil<\/strong>, a inclus\u00e3o do CPF na nota fiscal se apresenta como uma estrat\u00e9gia eficaz para combater a evas\u00e3o fiscal, iniciativa j\u00e1 implementada em diversos estados. Ao fornecer o CPF no momento da compra, o consumidor participa ativamente na promo\u00e7\u00e3o da fiscaliza\u00e7\u00e3o tribut\u00e1ria, al\u00e9m de poder desfrutar de certas vantagens financeiras. Este programa n\u00e3o s\u00f3 garante o correto recolhimento dos impostos, como tamb\u00e9m incentiva uma cultura de responsabilidade fiscal entre os cidad\u00e3os.<\/p>\n\n\n\n<p>A integra\u00e7\u00e3o entre governo e sociedade, proporcionada pelo <strong><a href=\"https:\/\/www.em.com.br\/emfoco\/2025\/01\/01\/transforme-suas-compras-em-sorte-entenda-como-o-programa-cpf-na-nota-funciona\/\" target=\"_blank\" rel=\"noreferrer noopener\">CPF<\/a><\/strong> na nota, tem como objetivo aumentar a transpar\u00eancia nas transa\u00e7\u00f5es comerciais. Esse tipo de parceria visa fortalecer a confian\u00e7a nas institui\u00e7\u00f5es p\u00fablicas enquanto recompensa os participantes por sua contribui\u00e7\u00e3o na economia formal. Assim, consumidores e governo saem beneficiados, pois promove-se um ciclo de maior justi\u00e7a fiscal.<\/p>\n\n\n\n<h2 class=\"wp-block-heading\">Quais benef\u00edcios o CPF na Nota Fiscal oferece?<\/h2>\n\n\n\n<p>Os consumidores que aderem ao programa CPF na nota t\u00eam a chance de receber recompensas financeiras, que variam conforme o estado. Entre os benef\u00edcios mais comuns est\u00e3o o ac\u00famulo de cr\u00e9ditos que podem ser utilizados para abater o valor de impostos estaduais, al\u00e9m de participa\u00e7\u00e3o em sorteios de pr\u00eamios e descontos. Esses incentivos s\u00e3o desenhados para fomentar a ades\u00e3o e garantir a fidelidade dos participantes.<\/p>\n\n\n\n<p>Os cr\u00e9ditos acumulados no programa tamb\u00e9m podem ser transferidos para contas banc\u00e1rias, dependendo das regras estipuladas em cada estado. Essa flexibilidade torna o programa ainda mais atrativo para os consumidores, que conseguem resgatar seus benef\u00edcios de maneira pr\u00e1tica.<\/p>\n\n\n\n<figure class=\"wp-block-image size-large\"><img loading=\"lazy\" decoding=\"async\" width=\"1024\" height=\"576\" src=\"https:\/\/www.em.com.br\/emfoco\/wp-content\/uploads\/2025\/01\/recibo_1737909879571-1024x576.jpg\" alt=\"Comunicado para quem utiliza o CPF ao comprar em mercados em 2025\" class=\"wp-image-13855\" srcset=\"https:\/\/www.em.com.br\/emfoco\/wp-content\/uploads\/2025\/01\/recibo_1737909879571-1024x576.jpg 1024w, https:\/\/www.em.com.br\/emfoco\/wp-content\/uploads\/2025\/01\/recibo_1737909879571-300x169.jpg 300w, https:\/\/www.em.com.br\/emfoco\/wp-content\/uploads\/2025\/01\/recibo_1737909879571-768x432.jpg 768w, https:\/\/www.em.com.br\/emfoco\/wp-content\/uploads\/2025\/01\/recibo_1737909879571-750x422.jpg 750w, https:\/\/www.em.com.br\/emfoco\/wp-content\/uploads\/2025\/01\/recibo_1737909879571-1140x642.jpg 1140w, https:\/\/www.em.com.br\/emfoco\/wp-content\/uploads\/2025\/01\/recibo_1737909879571.jpg 1279w\" sizes=\"auto, (max-width: 1024px) 100vw, 1024px\" \/><figcaption class=\"wp-element-caption\">Imagem Ilustrativa de Nota Fiscal &#8211; Cr\u00e9ditos: depositphotos.com \/ quackersnaps<\/figcaption><\/figure>\n\n\n\n<h2 class=\"wp-block-heading\">Como consultar os cr\u00e9ditos acumulados pelo programa?<\/h2>\n\n\n\n<p>A consulta dos cr\u00e9ditos acumulados \u00e9 um processo simples, cujo intuito \u00e9 garantir que os consumidores estejam sempre cientes de seus benef\u00edcios. Para realizar a consulta, \u00e9 necess\u00e1rio acessar o portal oficial do CPF na nota fiscal do seu estado de resid\u00eancia. A seguir, um guia b\u00e1sico para realizar esta verifica\u00e7\u00e3o:<\/p>\n\n\n\n<ol class=\"wp-block-list\">\n<li>Acesse o site oficial do programa \u201cCPF na nota fiscal\u201d do seu estado.<\/li>\n\n\n\n<li>Fa\u00e7a login utilizando suas credenciais cadastradas.<\/li>\n\n\n\n<li>Navegue at\u00e9 a se\u00e7\u00e3o destinada \u00e0 consulta de cr\u00e9ditos.<\/li>\n\n\n\n<li>Verifique o saldo dispon\u00edvel e, caso necess\u00e1rio, solicite resgates ou transfer\u00eancias, de acordo com as op\u00e7\u00f5es apresentadas.<\/li>\n<\/ol>\n\n\n\n<h2 class=\"wp-block-heading\">Quais estados participam do programa CPF na Nota?<\/h2>\n\n\n\n<p>O programa est\u00e1 dispon\u00edvel em v\u00e1rios estados brasileiros, proporcionando uma cobertura significativa em todo o territ\u00f3rio nacional. Estados como <strong>S\u00e3o Paulo, Rio de Janeiro<\/strong>, <strong><a href=\"https:\/\/pt.wikipedia.org\/wiki\/Minas_Gerais\" target=\"_blank\" rel=\"noreferrer noopener\">Minas Gerais<\/a><\/strong>, e <strong>Distrito Federal<\/strong>, entre outros, participam ativamente deste projeto. Cada estado pode oferecer diferentes benef\u00edcios e realizar ajustes nas regras do programa para atender melhor \u00e0s necessidades dos seus cidad\u00e3os.<\/p>\n\n\n\n<p>Em cada localidade, as regras e formas de ades\u00e3o podem variar, sendo crucial que o consumidor se informe sobre as especificidades do seu estado. Dessa forma, aproveita-se ao m\u00e1ximo as recompensas oferecidas, promovendo uma cultura fiscal consciente e participativa.<\/p>\n","protected":false},"excerpt":{"rendered":"<p>No Brasil, a inclus\u00e3o do CPF na nota fiscal se apresenta como uma estrat\u00e9gia eficaz para combater a evas\u00e3o fiscal, iniciativa j\u00e1 implementada em diversos estados. Ao fornecer o CPF no momento da compra, o consumidor participa ativamente na promo\u00e7\u00e3o da fiscaliza\u00e7\u00e3o tribut\u00e1ria, al\u00e9m de poder desfrutar de certas vantagens financeiras. Este programa n\u00e3o s\u00f3 [&hellip;]<\/p>\n","protected":false},"author":5,"featured_media":7165,"comment_status":"open","ping_status":"open","sticky":false,"template":"","format":"standard","meta":{"jnews-multi-image_gallery":[],"jnews_single_post":{"format":"standard"},"jnews_primary_category":[],"jnews_social_meta":[],"jnews_override_counter":[],"footnotes":""},"categories":[28,1],"tags":[848,398,3134,2588],"class_list":["post-14587","post","type-post","status-publish","format-standard","has-post-thumbnail","hentry","category-economia","category-noticias","tag-cpf","tag-cpf-na-nota","tag-cpf-na-nota-fiscal","tag-programa-cpf-na-nota"],"yoast_head":"<!-- This site is optimized with the Yoast SEO plugin v23.8 - https:\/\/yoast.com\/wordpress\/plugins\/seo\/ -->\n<title>Quer pagar menos impostos? Veja como o CPF na Nota pode te ajudar! - Estado de Minas - Em foco<\/title>\n<meta name=\"description\" content=\"Voc\u00ea pode estar perdendo dinheiro! Veja como o CPF na Nota oferece pr\u00eamios, descontos e cr\u00e9ditos para abater impostos estaduais.\" \/>\n<meta name=\"robots\" content=\"index, follow, max-snippet:-1, max-image-preview:large, max-video-preview:-1\" \/>\n<link rel=\"canonical\" href=\"https:\/\/www.em.com.br\/emfoco\/2025\/02\/09\/quer-pagar-menos-impostos-veja-como-o-cpf-na-nota-pode-te-ajudar\/\" \/>\n<meta property=\"og:locale\" content=\"pt_BR\" \/>\n<meta property=\"og:type\" content=\"article\" \/>\n<meta property=\"og:title\" content=\"Quer pagar menos impostos? Veja como o CPF na Nota pode te ajudar! - Estado de Minas - Em foco\" \/>\n<meta property=\"og:description\" content=\"Voc\u00ea pode estar perdendo dinheiro! Veja como o CPF na Nota oferece pr\u00eamios, descontos e cr\u00e9ditos para abater impostos estaduais.\" \/>\n<meta property=\"og:url\" content=\"https:\/\/www.em.com.br\/emfoco\/2025\/02\/09\/quer-pagar-menos-impostos-veja-como-o-cpf-na-nota-pode-te-ajudar\/\" \/>\n<meta property=\"og:site_name\" content=\"Estado de Minas - Em foco\" \/>\n<meta property=\"article:published_time\" content=\"2025-02-09T19:20:00+00:00\" \/>\n<meta property=\"article:modified_time\" content=\"2025-02-05T20:57:49+00:00\" \/>\n<meta property=\"og:image\" content=\"https:\/\/www.em.com.br\/emfoco\/wp-content\/uploads\/2024\/12\/cpf_1735336911493.jpg\" \/>\n\t<meta property=\"og:image:width\" content=\"1280\" \/>\n\t<meta property=\"og:image:height\" content=\"720\" \/>\n\t<meta property=\"og:image:type\" content=\"image\/jpeg\" \/>\n<meta name=\"author\" content=\"N\u00fabia Rangel\" \/>\n<meta name=\"twitter:card\" content=\"summary_large_image\" \/>\n<meta name=\"twitter:label1\" content=\"Escrito por\" \/>\n\t<meta name=\"twitter:data1\" content=\"N\u00fabia Rangel\" \/>\n\t<meta name=\"twitter:label2\" content=\"Est. tempo de leitura\" \/>\n\t<meta name=\"twitter:data2\" content=\"3 minutos\" \/>\n<!-- \/ Yoast SEO plugin. -->","yoast_head_json":{"title":"Quer pagar menos impostos? Veja como o CPF na Nota pode te ajudar! - Estado de Minas - Em foco","description":"Voc\u00ea pode estar perdendo dinheiro! Veja como o CPF na Nota oferece pr\u00eamios, descontos e cr\u00e9ditos para abater impostos estaduais.","robots":{"index":"index","follow":"follow","max-snippet":"max-snippet:-1","max-image-preview":"max-image-preview:large","max-video-preview":"max-video-preview:-1"},"canonical":"https:\/\/www.em.com.br\/emfoco\/2025\/02\/09\/quer-pagar-menos-impostos-veja-como-o-cpf-na-nota-pode-te-ajudar\/","og_locale":"pt_BR","og_type":"article","og_title":"Quer pagar menos impostos? Veja como o CPF na Nota pode te ajudar! - Estado de Minas - Em foco","og_description":"Voc\u00ea pode estar perdendo dinheiro! Veja como o CPF na Nota oferece pr\u00eamios, descontos e cr\u00e9ditos para abater impostos estaduais.","og_url":"https:\/\/www.em.com.br\/emfoco\/2025\/02\/09\/quer-pagar-menos-impostos-veja-como-o-cpf-na-nota-pode-te-ajudar\/","og_site_name":"Estado de Minas - Em foco","article_published_time":"2025-02-09T19:20:00+00:00","article_modified_time":"2025-02-05T20:57:49+00:00","og_image":[{"width":1280,"height":720,"url":"https:\/\/www.em.com.br\/emfoco\/wp-content\/uploads\/2024\/12\/cpf_1735336911493.jpg","type":"image\/jpeg"}],"author":"N\u00fabia Rangel","twitter_card":"summary_large_image","twitter_misc":{"Escrito por":"N\u00fabia Rangel","Est. tempo de leitura":"3 minutos"},"schema":{"@context":"https:\/\/schema.org","@graph":[{"@type":"WebPage","@id":"https:\/\/www.em.com.br\/emfoco\/2025\/02\/09\/quer-pagar-menos-impostos-veja-como-o-cpf-na-nota-pode-te-ajudar\/","url":"https:\/\/www.em.com.br\/emfoco\/2025\/02\/09\/quer-pagar-menos-impostos-veja-como-o-cpf-na-nota-pode-te-ajudar\/","name":"Quer pagar menos impostos? Veja como o CPF na Nota pode te ajudar! - Estado de Minas - Em foco","isPartOf":{"@id":"https:\/\/www.em.com.br\/emfoco\/#website"},"primaryImageOfPage":{"@id":"https:\/\/www.em.com.br\/emfoco\/2025\/02\/09\/quer-pagar-menos-impostos-veja-como-o-cpf-na-nota-pode-te-ajudar\/#primaryimage"},"image":{"@id":"https:\/\/www.em.com.br\/emfoco\/2025\/02\/09\/quer-pagar-menos-impostos-veja-como-o-cpf-na-nota-pode-te-ajudar\/#primaryimage"},"thumbnailUrl":"https:\/\/www.em.com.br\/emfoco\/wp-content\/uploads\/2024\/12\/cpf_1735336911493.jpg","datePublished":"2025-02-09T19:20:00+00:00","dateModified":"2025-02-05T20:57:49+00:00","author":{"@id":"https:\/\/www.em.com.br\/emfoco\/#\/schema\/person\/524437ef54f8a5d32591b143307f2e20"},"description":"Voc\u00ea pode estar perdendo dinheiro! Veja como o CPF na Nota oferece pr\u00eamios, descontos e cr\u00e9ditos para abater impostos estaduais.","breadcrumb":{"@id":"https:\/\/www.em.com.br\/emfoco\/2025\/02\/09\/quer-pagar-menos-impostos-veja-como-o-cpf-na-nota-pode-te-ajudar\/#breadcrumb"},"inLanguage":"pt-BR","potentialAction":[{"@type":"ReadAction","target":["https:\/\/www.em.com.br\/emfoco\/2025\/02\/09\/quer-pagar-menos-impostos-veja-como-o-cpf-na-nota-pode-te-ajudar\/"]}]},{"@type":"ImageObject","inLanguage":"pt-BR","@id":"https:\/\/www.em.com.br\/emfoco\/2025\/02\/09\/quer-pagar-menos-impostos-veja-como-o-cpf-na-nota-pode-te-ajudar\/#primaryimage","url":"https:\/\/www.em.com.br\/emfoco\/wp-content\/uploads\/2024\/12\/cpf_1735336911493.jpg","contentUrl":"https:\/\/www.em.com.br\/emfoco\/wp-content\/uploads\/2024\/12\/cpf_1735336911493.jpg","width":1280,"height":720,"caption":"Imagem Ilustrativa de CPF - Cr\u00e9ditos: depositphotos.com \/ Mehaniq"},{"@type":"BreadcrumbList","@id":"https:\/\/www.em.com.br\/emfoco\/2025\/02\/09\/quer-pagar-menos-impostos-veja-como-o-cpf-na-nota-pode-te-ajudar\/#breadcrumb","itemListElement":[{"@type":"ListItem","position":1,"name":"In\u00edcio","item":"https:\/\/www.em.com.br\/emfoco\/"},{"@type":"ListItem","position":2,"name":"Quer pagar menos impostos? Veja como o CPF na Nota pode te ajudar!"}]},{"@type":"WebSite","@id":"https:\/\/www.em.com.br\/emfoco\/#website","url":"https:\/\/www.em.com.br\/emfoco\/","name":"Estado de Minas - Em foco","description":"Acompanhe as \u00faltimas not\u00edcias e fique bem informado sobre tudo o que acontece em Minas Gerais, Brasil e no mundo.","potentialAction":[{"@type":"SearchAction","target":{"@type":"EntryPoint","urlTemplate":"https:\/\/www.em.com.br\/emfoco\/?s={search_term_string}"},"query-input":{"@type":"PropertyValueSpecification","valueRequired":true,"valueName":"search_term_string"}}],"inLanguage":"pt-BR"},{"@type":"Person","@id":"https:\/\/www.em.com.br\/emfoco\/#\/schema\/person\/524437ef54f8a5d32591b143307f2e20","name":"N\u00fabia Rangel","image":{"@type":"ImageObject","inLanguage":"pt-BR","@id":"https:\/\/www.em.com.br\/emfoco\/#\/schema\/person\/image\/","url":"https:\/\/secure.gravatar.com\/avatar\/47cff2827a5ba23c37e8068c86817ea4?s=96&d=mm&r=g","contentUrl":"https:\/\/secure.gravatar.com\/avatar\/47cff2827a5ba23c37e8068c86817ea4?s=96&d=mm&r=g","caption":"N\u00fabia Rangel"},"sameAs":["https:\/\/www.em.com.br\/emfoco\/"],"url":"https:\/\/www.em.com.br\/emfoco\/author\/nubiamyth\/"}]}},"_links":{"self":[{"href":"https:\/\/www.em.com.br\/emfoco\/wp-json\/wp\/v2\/posts\/14587","targetHints":{"allow":["GET"]}}],"collection":[{"href":"https:\/\/www.em.com.br\/emfoco\/wp-json\/wp\/v2\/posts"}],"about":[{"href":"https:\/\/www.em.com.br\/emfoco\/wp-json\/wp\/v2\/types\/post"}],"author":[{"embeddable":true,"href":"https:\/\/www.em.com.br\/emfoco\/wp-json\/wp\/v2\/users\/5"}],"replies":[{"embeddable":true,"href":"https:\/\/www.em.com.br\/emfoco\/wp-json\/wp\/v2\/comments?post=14587"}],"version-history":[{"count":3,"href":"https:\/\/www.em.com.br\/emfoco\/wp-json\/wp\/v2\/posts\/14587\/revisions"}],"predecessor-version":[{"id":17069,"href":"https:\/\/www.em.com.br\/emfoco\/wp-json\/wp\/v2\/posts\/14587\/revisions\/17069"}],"wp:featuredmedia":[{"embeddable":true,"href":"https:\/\/www.em.com.br\/emfoco\/wp-json\/wp\/v2\/media\/7165"}],"wp:attachment":[{"href":"https:\/\/www.em.com.br\/emfoco\/wp-json\/wp\/v2\/media?parent=14587"}],"wp:term":[{"taxonomy":"category","embeddable":true,"href":"https:\/\/www.em.com.br\/emfoco\/wp-json\/wp\/v2\/categories?post=14587"},{"taxonomy":"post_tag","embeddable":true,"href":"https:\/\/www.em.com.br\/emfoco\/wp-json\/wp\/v2\/tags?post=14587"}],"curies":[{"name":"wp","href":"https:\/\/api.w.org\/{rel}","templated":true}]}}