{"id":14577,"date":"2025-02-09T08:40:00","date_gmt":"2025-02-09T11:40:00","guid":{"rendered":"https:\/\/www.em.com.br\/emfoco\/?p=14577"},"modified":"2025-02-05T17:56:55","modified_gmt":"2025-02-05T20:56:55","slug":"governo-federal-09-02-emite-comunicado-para-quem-recebe-bpc-e-salario-minimo","status":"publish","type":"post","link":"https:\/\/www.em.com.br\/emfoco\/2025\/02\/09\/governo-federal-09-02-emite-comunicado-para-quem-recebe-bpc-e-salario-minimo\/","title":{"rendered":"Governo Federal 09\/02 emite comunicado para quem recebe BPC e sal\u00e1rio m\u00ednimo"},"content":{"rendered":"\n<p>Recentemente, o <strong>Congresso Nacional<\/strong> aprovou uma reformula\u00e7\u00e3o significativa no <strong>Benef\u00edcio de Presta\u00e7\u00e3o Continuada (BPC)<\/strong> e no <strong><a href=\"https:\/\/www.em.com.br\/emfoco\/2025\/01\/02\/governo-define-novo-valor-do-salario-minimo-saiba-quanto-voce-vai-ganhar\/\" target=\"_blank\" rel=\"noreferrer noopener\">sal\u00e1rio m\u00ednimo<\/a><\/strong> como parte de um esfor\u00e7o para ajustar o sistema previdenci\u00e1rio no Brasil. Essa mudan\u00e7a legislativa visa garantir a sustentabilidade financeira das contas p\u00fablicas, afetando diretamente milh\u00f5es de brasileiros que dependem desses benef\u00edcios.<\/p>\n\n\n\n<p>As novas diretrizes estipulam exig\u00eancias adicionais para que se tenha acesso ao BPC e introduzem uma nova regra fiscal para o reajuste do sal\u00e1rio m\u00ednimo. A seguir, s\u00e3o apresentados detalhes sobre essas altera\u00e7\u00f5es, suas implica\u00e7\u00f5es e o que a popula\u00e7\u00e3o pode esperar no futuro.<\/p>\n\n\n\n<h2 class=\"wp-block-heading\">Quais s\u00e3o as novas exig\u00eancias para o BPC?<\/h2>\n\n\n\n<p>O BPC \u00e9 um benef\u00edcio assistencial que visa atender idosos e pessoas com defici\u00eancia em situa\u00e7\u00e3o de vulnerabilidade econ\u00f4mica. Com a nova legisla\u00e7\u00e3o, foram estabelecidas mudan\u00e7as nos crit\u00e9rios de elegibilidade. Agora, os solicitantes precisar\u00e3o atender a requisitos mais rigorosos, que podem incluir a comprova\u00e7\u00e3o de renda familiar e condi\u00e7\u00f5es espec\u00edficas de vulnerabilidade.<\/p>\n\n\n\n<p>Al\u00e9m disso, o governo prop\u00f4s a incorpora\u00e7\u00e3o de novos par\u00e2metros para a avalia\u00e7\u00e3o social e m\u00e9dica dos requisitantes. Estes ajustes buscam garantir que o benef\u00edcio chegue apenas \u00e0queles que realmente est\u00e3o em extrema necessidade, uma vez que o BPC n\u00e3o \u00e9 cumulativo nem vital\u00edcio.<\/p>\n\n\n\n<figure class=\"wp-block-image size-large\"><img loading=\"lazy\" decoding=\"async\" width=\"1024\" height=\"576\" src=\"https:\/\/www.em.com.br\/emfoco\/wp-content\/uploads\/2025\/01\/INSS_1736772502695-1024x576.jpg\" alt=\"BPC: um direito seu! Saiba como garantir o benef\u00edcio e melhorar sua qualidade de vida\" class=\"wp-image-10348\" srcset=\"https:\/\/www.em.com.br\/emfoco\/wp-content\/uploads\/2025\/01\/INSS_1736772502695-1024x576.jpg 1024w, https:\/\/www.em.com.br\/emfoco\/wp-content\/uploads\/2025\/01\/INSS_1736772502695-300x169.jpg 300w, https:\/\/www.em.com.br\/emfoco\/wp-content\/uploads\/2025\/01\/INSS_1736772502695-768x432.jpg 768w, https:\/\/www.em.com.br\/emfoco\/wp-content\/uploads\/2025\/01\/INSS_1736772502695-750x422.jpg 750w, https:\/\/www.em.com.br\/emfoco\/wp-content\/uploads\/2025\/01\/INSS_1736772502695-1140x641.jpg 1140w, https:\/\/www.em.com.br\/emfoco\/wp-content\/uploads\/2025\/01\/INSS_1736772502695.jpg 1280w\" sizes=\"auto, (max-width: 1024px) 100vw, 1024px\" \/><figcaption class=\"wp-element-caption\">Imagem Ilustrativa do INSS &#8211; Cr\u00e9ditos: depositphotos.com \/ AngelaMacario<\/figcaption><\/figure>\n\n\n\n<h2 class=\"wp-block-heading\">Como a nova regra fiscal afeta o sal\u00e1rio m\u00ednimo?<\/h2>\n\n\n\n<p>A atualiza\u00e7\u00e3o do sal\u00e1rio m\u00ednimo \u00e9 outro ponto crucial desse pacote de mudan\u00e7as. A nova regra fiscal determina que o reajuste do sal\u00e1rio m\u00ednimo ser\u00e1 baseado em crit\u00e9rios que englobam infla\u00e7\u00e3o e crescimento econ\u00f4mico. Isso representa uma mudan\u00e7a significativa em rela\u00e7\u00e3o ao sistema anterior, que considerava majoritariamente a infla\u00e7\u00e3o.<\/p>\n\n\n\n<p>Esse novo c\u00e1lculo visa estabilizar a economia, promovendo um reajuste mais alinhado com as condi\u00e7\u00f5es econ\u00f4micas do pa\u00eds. A medida que o cen\u00e1rio econ\u00f4mico melhora, esperam-se ganhos reais para os trabalhadores que recebem o sal\u00e1rio m\u00ednimo, por\u00e9m, em momentos de retra\u00e7\u00e3o econ\u00f4mica, o aumento pode ser mais contido.<\/p>\n\n\n\n<h2 class=\"wp-block-heading\">Quais s\u00e3o os impactos esperados da nova lei?<\/h2>\n\n\n\n<p>A implementa\u00e7\u00e3o dessas mudan\u00e7as legais dever\u00e1 ser acompanhada por regulamentos espec\u00edficos que definir\u00e3o os detalhes pr\u00e1ticos. Enquanto isso, especialistas como Jamille Novaes alertam para a necessidade de acompanhamento cont\u00ednuo das novas diretrizes para garantir o entendimento de como elas afetar\u00e3o a vida cotidiana dos benefici\u00e1rios do <strong><a href=\"https:\/\/www.gov.br\/mds\/pt-br\/acoes-e-programas\/suas\/beneficios-assistenciais\/beneficio-assistencial-ao-idoso-e-a-pessoa-com-deficiencia-bpc\" target=\"_blank\" rel=\"noreferrer noopener\">BPC<\/a><\/strong> e dos trabalhadores que recebem o sal\u00e1rio m\u00ednimo.<\/p>\n\n\n\n<p>Nos pr\u00f3ximos meses, o governo dever\u00e1 fornecer mais clareza sobre a operacionaliza\u00e7\u00e3o dessas regras, incluindo as etapas que ser\u00e3o necess\u00e1rias para adaptar as pol\u00edticas atuais \u00e0s novas m\u00eddias e diretrizes. Os cidad\u00e3os podem esperar que haja transi\u00e7\u00e3o para que ningu\u00e9m, que realmente necessite, seja indevidamente afetado.<\/p>\n\n\n\n<h2 class=\"wp-block-heading\">Os pr\u00f3ximos passos para a implementa\u00e7\u00e3o<\/h2>\n\n\n\n<p>Embora a lei tenha sido aprovada, ainda resta a regulamenta\u00e7\u00e3o por parte do governo para definir exatamente como as novas regras ser\u00e3o implementadas. O acompanhamento das decis\u00f5es tomadas pelo governo ser\u00e1 crucial para todos que ser\u00e3o impactados por essas mudan\u00e7as.<\/p>\n\n\n\n<p>A longo prazo, espera-se que essas reformas contribuam para um <em>sistema previdenci\u00e1rio<\/em> mais s\u00f3lido e uma economia mais est\u00e1vel. At\u00e9 l\u00e1, \u00e9 fundamental que os cidad\u00e3os estejam bem informados e preparados para adaptar-se a essas importantes altera\u00e7\u00f5es no cen\u00e1rio de benef\u00edcios sociais e trabalhistas brasileiros.<\/p>\n","protected":false},"excerpt":{"rendered":"<p>Recentemente, o Congresso Nacional aprovou uma reformula\u00e7\u00e3o significativa no Benef\u00edcio de Presta\u00e7\u00e3o Continuada (BPC) e no sal\u00e1rio m\u00ednimo como parte de um esfor\u00e7o para ajustar o sistema previdenci\u00e1rio no Brasil. Essa mudan\u00e7a legislativa visa garantir a sustentabilidade financeira das contas p\u00fablicas, afetando diretamente milh\u00f5es de brasileiros que dependem desses benef\u00edcios. As novas diretrizes estipulam exig\u00eancias [&hellip;]<\/p>\n","protected":false},"author":5,"featured_media":3933,"comment_status":"open","ping_status":"open","sticky":false,"template":"","format":"standard","meta":{"jnews-multi-image_gallery":[],"jnews_single_post":{"format":"standard"},"jnews_primary_category":[],"jnews_social_meta":[],"jnews_override_counter":[],"footnotes":""},"categories":[28,1],"tags":[257,354,717],"class_list":["post-14577","post","type-post","status-publish","format-standard","has-post-thumbnail","hentry","category-economia","category-noticias","tag-bpc","tag-mudancas","tag-salario-minimo"],"yoast_head":"<!-- This site is optimized with the Yoast SEO plugin v23.8 - https:\/\/yoast.com\/wordpress\/plugins\/seo\/ -->\n<title>Governo Federal 09\/02 emite comunicado para quem recebe BPC e sal\u00e1rio m\u00ednimo - Estado de Minas - Em foco<\/title>\n<meta name=\"description\" content=\"Mudan\u00e7as importantes no BPC e no sal\u00e1rio m\u00ednimo foram aprovadas. Veja o que muda e como isso pode te afetar!\" \/>\n<meta name=\"robots\" content=\"index, follow, max-snippet:-1, max-image-preview:large, max-video-preview:-1\" \/>\n<link rel=\"canonical\" href=\"https:\/\/www.em.com.br\/emfoco\/2025\/02\/09\/governo-federal-09-02-emite-comunicado-para-quem-recebe-bpc-e-salario-minimo\/\" \/>\n<meta property=\"og:locale\" content=\"pt_BR\" \/>\n<meta property=\"og:type\" content=\"article\" \/>\n<meta property=\"og:title\" content=\"Governo Federal 09\/02 emite comunicado para quem recebe BPC e sal\u00e1rio m\u00ednimo - Estado de Minas - Em foco\" \/>\n<meta property=\"og:description\" content=\"Mudan\u00e7as importantes no BPC e no sal\u00e1rio m\u00ednimo foram aprovadas. Veja o que muda e como isso pode te afetar!\" \/>\n<meta property=\"og:url\" content=\"https:\/\/www.em.com.br\/emfoco\/2025\/02\/09\/governo-federal-09-02-emite-comunicado-para-quem-recebe-bpc-e-salario-minimo\/\" \/>\n<meta property=\"og:site_name\" content=\"Estado de Minas - Em foco\" \/>\n<meta property=\"article:published_time\" content=\"2025-02-09T11:40:00+00:00\" \/>\n<meta property=\"article:modified_time\" content=\"2025-02-05T20:56:55+00:00\" \/>\n<meta property=\"og:image\" content=\"https:\/\/www.em.com.br\/emfoco\/wp-content\/uploads\/2024\/12\/image-37-e1733743764491.png\" \/>\n\t<meta property=\"og:image:width\" content=\"1024\" \/>\n\t<meta property=\"og:image:height\" content=\"577\" \/>\n\t<meta property=\"og:image:type\" content=\"image\/png\" \/>\n<meta name=\"author\" content=\"N\u00fabia Rangel\" \/>\n<meta name=\"twitter:card\" content=\"summary_large_image\" \/>\n<meta name=\"twitter:label1\" content=\"Escrito por\" \/>\n\t<meta name=\"twitter:data1\" content=\"N\u00fabia Rangel\" \/>\n\t<meta name=\"twitter:label2\" content=\"Est. tempo de leitura\" \/>\n\t<meta name=\"twitter:data2\" content=\"4 minutos\" \/>\n<!-- \/ Yoast SEO plugin. -->","yoast_head_json":{"title":"Governo Federal 09\/02 emite comunicado para quem recebe BPC e sal\u00e1rio m\u00ednimo - Estado de Minas - Em foco","description":"Mudan\u00e7as importantes no BPC e no sal\u00e1rio m\u00ednimo foram aprovadas. Veja o que muda e como isso pode te afetar!","robots":{"index":"index","follow":"follow","max-snippet":"max-snippet:-1","max-image-preview":"max-image-preview:large","max-video-preview":"max-video-preview:-1"},"canonical":"https:\/\/www.em.com.br\/emfoco\/2025\/02\/09\/governo-federal-09-02-emite-comunicado-para-quem-recebe-bpc-e-salario-minimo\/","og_locale":"pt_BR","og_type":"article","og_title":"Governo Federal 09\/02 emite comunicado para quem recebe BPC e sal\u00e1rio m\u00ednimo - Estado de Minas - Em foco","og_description":"Mudan\u00e7as importantes no BPC e no sal\u00e1rio m\u00ednimo foram aprovadas. Veja o que muda e como isso pode te afetar!","og_url":"https:\/\/www.em.com.br\/emfoco\/2025\/02\/09\/governo-federal-09-02-emite-comunicado-para-quem-recebe-bpc-e-salario-minimo\/","og_site_name":"Estado de Minas - Em foco","article_published_time":"2025-02-09T11:40:00+00:00","article_modified_time":"2025-02-05T20:56:55+00:00","og_image":[{"width":1024,"height":577,"url":"https:\/\/www.em.com.br\/emfoco\/wp-content\/uploads\/2024\/12\/image-37-e1733743764491.png","type":"image\/png"}],"author":"N\u00fabia Rangel","twitter_card":"summary_large_image","twitter_misc":{"Escrito por":"N\u00fabia Rangel","Est. tempo de leitura":"4 minutos"},"schema":{"@context":"https:\/\/schema.org","@graph":[{"@type":"WebPage","@id":"https:\/\/www.em.com.br\/emfoco\/2025\/02\/09\/governo-federal-09-02-emite-comunicado-para-quem-recebe-bpc-e-salario-minimo\/","url":"https:\/\/www.em.com.br\/emfoco\/2025\/02\/09\/governo-federal-09-02-emite-comunicado-para-quem-recebe-bpc-e-salario-minimo\/","name":"Governo Federal 09\/02 emite comunicado para quem recebe BPC e sal\u00e1rio m\u00ednimo - Estado de Minas - Em foco","isPartOf":{"@id":"https:\/\/www.em.com.br\/emfoco\/#website"},"primaryImageOfPage":{"@id":"https:\/\/www.em.com.br\/emfoco\/2025\/02\/09\/governo-federal-09-02-emite-comunicado-para-quem-recebe-bpc-e-salario-minimo\/#primaryimage"},"image":{"@id":"https:\/\/www.em.com.br\/emfoco\/2025\/02\/09\/governo-federal-09-02-emite-comunicado-para-quem-recebe-bpc-e-salario-minimo\/#primaryimage"},"thumbnailUrl":"https:\/\/www.em.com.br\/emfoco\/wp-content\/uploads\/2024\/12\/image-37-e1733743764491.png","datePublished":"2025-02-09T11:40:00+00:00","dateModified":"2025-02-05T20:56:55+00:00","author":{"@id":"https:\/\/www.em.com.br\/emfoco\/#\/schema\/person\/524437ef54f8a5d32591b143307f2e20"},"description":"Mudan\u00e7as importantes no BPC e no sal\u00e1rio m\u00ednimo foram aprovadas. Veja o que muda e como isso pode te afetar!","breadcrumb":{"@id":"https:\/\/www.em.com.br\/emfoco\/2025\/02\/09\/governo-federal-09-02-emite-comunicado-para-quem-recebe-bpc-e-salario-minimo\/#breadcrumb"},"inLanguage":"pt-BR","potentialAction":[{"@type":"ReadAction","target":["https:\/\/www.em.com.br\/emfoco\/2025\/02\/09\/governo-federal-09-02-emite-comunicado-para-quem-recebe-bpc-e-salario-minimo\/"]}]},{"@type":"ImageObject","inLanguage":"pt-BR","@id":"https:\/\/www.em.com.br\/emfoco\/2025\/02\/09\/governo-federal-09-02-emite-comunicado-para-quem-recebe-bpc-e-salario-minimo\/#primaryimage","url":"https:\/\/www.em.com.br\/emfoco\/wp-content\/uploads\/2024\/12\/image-37-e1733743764491.png","contentUrl":"https:\/\/www.em.com.br\/emfoco\/wp-content\/uploads\/2024\/12\/image-37-e1733743764491.png","width":1024,"height":577,"caption":"Presidente Lula - Cr\u00e9ditos: Flickr"},{"@type":"BreadcrumbList","@id":"https:\/\/www.em.com.br\/emfoco\/2025\/02\/09\/governo-federal-09-02-emite-comunicado-para-quem-recebe-bpc-e-salario-minimo\/#breadcrumb","itemListElement":[{"@type":"ListItem","position":1,"name":"In\u00edcio","item":"https:\/\/www.em.com.br\/emfoco\/"},{"@type":"ListItem","position":2,"name":"Governo Federal 09\/02 emite comunicado para quem recebe BPC e sal\u00e1rio m\u00ednimo"}]},{"@type":"WebSite","@id":"https:\/\/www.em.com.br\/emfoco\/#website","url":"https:\/\/www.em.com.br\/emfoco\/","name":"Estado de Minas - Em foco","description":"Acompanhe as \u00faltimas not\u00edcias e fique bem informado sobre tudo o que acontece em Minas Gerais, Brasil e no mundo.","potentialAction":[{"@type":"SearchAction","target":{"@type":"EntryPoint","urlTemplate":"https:\/\/www.em.com.br\/emfoco\/?s={search_term_string}"},"query-input":{"@type":"PropertyValueSpecification","valueRequired":true,"valueName":"search_term_string"}}],"inLanguage":"pt-BR"},{"@type":"Person","@id":"https:\/\/www.em.com.br\/emfoco\/#\/schema\/person\/524437ef54f8a5d32591b143307f2e20","name":"N\u00fabia Rangel","image":{"@type":"ImageObject","inLanguage":"pt-BR","@id":"https:\/\/www.em.com.br\/emfoco\/#\/schema\/person\/image\/","url":"https:\/\/secure.gravatar.com\/avatar\/47cff2827a5ba23c37e8068c86817ea4?s=96&d=mm&r=g","contentUrl":"https:\/\/secure.gravatar.com\/avatar\/47cff2827a5ba23c37e8068c86817ea4?s=96&d=mm&r=g","caption":"N\u00fabia Rangel"},"sameAs":["https:\/\/www.em.com.br\/emfoco\/"],"url":"https:\/\/www.em.com.br\/emfoco\/author\/nubiamyth\/"}]}},"_links":{"self":[{"href":"https:\/\/www.em.com.br\/emfoco\/wp-json\/wp\/v2\/posts\/14577","targetHints":{"allow":["GET"]}}],"collection":[{"href":"https:\/\/www.em.com.br\/emfoco\/wp-json\/wp\/v2\/posts"}],"about":[{"href":"https:\/\/www.em.com.br\/emfoco\/wp-json\/wp\/v2\/types\/post"}],"author":[{"embeddable":true,"href":"https:\/\/www.em.com.br\/emfoco\/wp-json\/wp\/v2\/users\/5"}],"replies":[{"embeddable":true,"href":"https:\/\/www.em.com.br\/emfoco\/wp-json\/wp\/v2\/comments?post=14577"}],"version-history":[{"count":3,"href":"https:\/\/www.em.com.br\/emfoco\/wp-json\/wp\/v2\/posts\/14577\/revisions"}],"predecessor-version":[{"id":17068,"href":"https:\/\/www.em.com.br\/emfoco\/wp-json\/wp\/v2\/posts\/14577\/revisions\/17068"}],"wp:featuredmedia":[{"embeddable":true,"href":"https:\/\/www.em.com.br\/emfoco\/wp-json\/wp\/v2\/media\/3933"}],"wp:attachment":[{"href":"https:\/\/www.em.com.br\/emfoco\/wp-json\/wp\/v2\/media?parent=14577"}],"wp:term":[{"taxonomy":"category","embeddable":true,"href":"https:\/\/www.em.com.br\/emfoco\/wp-json\/wp\/v2\/categories?post=14577"},{"taxonomy":"post_tag","embeddable":true,"href":"https:\/\/www.em.com.br\/emfoco\/wp-json\/wp\/v2\/tags?post=14577"}],"curies":[{"name":"wp","href":"https:\/\/api.w.org\/{rel}","templated":true}]}}