{"id":145639,"date":"2025-12-27T18:45:00","date_gmt":"2025-12-27T21:45:00","guid":{"rendered":"https:\/\/www.em.com.br\/emfoco\/?p=145639"},"modified":"2025-12-24T15:06:31","modified_gmt":"2025-12-24T18:06:31","slug":"alerta-quem-nao-fizer-isso-ate-dia-31-de-dezembro-vai-perder-o-bolsa-familia-em-2026","status":"publish","type":"post","link":"https:\/\/www.em.com.br\/emfoco\/2025\/12\/27\/alerta-quem-nao-fizer-isso-ate-dia-31-de-dezembro-vai-perder-o-bolsa-familia-em-2026\/","title":{"rendered":"Alerta! Quem n\u00e3o fizer isso at\u00e9 dia 31 de dezembro vai perder o bolsa fam\u00edlia em 2026"},"content":{"rendered":"\n<h2 class=\"wp-block-heading\">Benefici\u00e1rios do Bolsa Fam\u00edlia devem cumprir o acompanhamento obrigat\u00f3rio de sa\u00fade at\u00e9 31 de dezembro. Crian\u00e7as e gestantes precisam de pesagem, vacina\u00e7\u00e3o ou pr\u00e9-natal; o descumprimento pode bloquear o benef\u00edcio j\u00e1 em 2026.<\/h2>\n\n\n\n<p>Benefici\u00e1rios do <strong>Bolsa Fam\u00edlia<\/strong> precisam cumprir um prazo decisivo at\u00e9 31 de dezembro para evitar bloqueio do benef\u00edcio em 2026. Fam\u00edlias com crian\u00e7as ou gestantes devem realizar o acompanhamento obrigat\u00f3rio de sa\u00fade, procedimento exigido por lei e monitorado automaticamente pelo governo.<\/p>\n\n\n\n<h2 class=\"wp-block-heading\">Por que o dia 31 de dezembro \u00e9 um prazo cr\u00edtico?<\/h2>\n\n\n\n<p>O acompanhamento de sa\u00fade do segundo semestre \u00e9 obrigat\u00f3rio e vai de julho a 31 de dezembro. Quem n\u00e3o cumprir essa etapa dentro do prazo entra automaticamente em situa\u00e7\u00e3o de <strong>descumprimento das condicionalidades<\/strong>, o que pode gerar bloqueio j\u00e1 nos primeiros pagamentos de 2026.<\/p>\n\n\n\n<p>O sistema cruza dados da sa\u00fade com o cadastro do programa. Sem o registro correto at\u00e9 o fim do ano, o Minist\u00e9rio do Desenvolvimento Social entende que a fam\u00edlia n\u00e3o seguiu as regras, acionando <strong><a href=\"https:\/\/www.mds.gov.br\/webarquivos\/publicacao\/bolsa_familia\/Informes\/Informe%2071.pdf\" target=\"_blank\" rel=\"noreferrer noopener\">san\u00e7\u00f5es autom\u00e1ticas<\/a><\/strong> como advert\u00eancia, bloqueio ou cancelamento.<\/p>\n\n\n\n<figure class=\"wp-block-image size-large\"><img loading=\"lazy\" decoding=\"async\" width=\"1024\" height=\"576\" src=\"https:\/\/www.em.com.br\/emfoco\/wp-content\/uploads\/2025\/12\/IA-93-1024x576.jpg\" alt=\"Alerta! Quem n\u00e3o fizer isso at\u00e9 dia 31 de dezembro vai perder o bolsa fam\u00edlia em 2026\" class=\"wp-image-145664\" srcset=\"https:\/\/www.em.com.br\/emfoco\/wp-content\/uploads\/2025\/12\/IA-93-1024x576.jpg 1024w, https:\/\/www.em.com.br\/emfoco\/wp-content\/uploads\/2025\/12\/IA-93-300x169.jpg 300w, https:\/\/www.em.com.br\/emfoco\/wp-content\/uploads\/2025\/12\/IA-93-768x432.jpg 768w, https:\/\/www.em.com.br\/emfoco\/wp-content\/uploads\/2025\/12\/IA-93-750x422.jpg 750w, https:\/\/www.em.com.br\/emfoco\/wp-content\/uploads\/2025\/12\/IA-93-1140x641.jpg 1140w, https:\/\/www.em.com.br\/emfoco\/wp-content\/uploads\/2025\/12\/IA-93.jpg 1280w\" sizes=\"auto, (max-width: 1024px) 100vw, 1024px\" \/><figcaption class=\"wp-element-caption\">Fim do prazo ativa bloqueios autom\u00e1ticos por descumprimento das condicionalidades<\/figcaption><\/figure>\n\n\n\n<h2 class=\"wp-block-heading\">Quem \u00e9 obrigado a fazer o acompanhamento de sa\u00fade?<\/h2>\n\n\n\n<p>As exig\u00eancias variam conforme o perfil da fam\u00edlia, mas o foco da lei est\u00e1 na prote\u00e7\u00e3o de grupos mais vulner\u00e1veis. Precisam passar pelo acompanhamento aqueles que se enquadram nas categorias abaixo.<\/p>\n\n\n\n<ul class=\"wp-block-list\">\n<li><strong>Crian\u00e7as menores de 7 anos<\/strong>: pesagem, medi\u00e7\u00e3o e vacina\u00e7\u00e3o obrigat\u00f3rias.<\/li>\n\n\n\n<li><strong>Gestantes<\/strong>: acompanhamento regular de pr\u00e9-natal na rede p\u00fablica.<\/li>\n\n\n\n<li><strong>Mulheres em idade f\u00e9rtil<\/strong>: em alguns munic\u00edpios, pode haver exig\u00eancia de pesagem.<\/li>\n<\/ul>\n\n\n\n<h2 class=\"wp-block-heading\">Quais s\u00e3o as condicionalidades exigidas por lei?<\/h2>\n\n\n\n<p>A Lei 14.601 estabelece que o benef\u00edcio est\u00e1 condicionado ao cuidado com a sa\u00fade. O objetivo \u00e9 garantir desenvolvimento infantil, preven\u00e7\u00e3o de doen\u00e7as e acompanhamento materno adequado, usando dados coletados diretamente nas unidades de sa\u00fade.<\/p>\n\n\n\n<p>A <strong>vacina\u00e7\u00e3o em dia<\/strong> \u00e9 ponto central. A recusa injustificada pode levar \u00e0 perda definitiva do benef\u00edcio. J\u00e1 a pesagem e medi\u00e7\u00e3o permitem monitorar o estado nutricional, enquanto o pr\u00e9-natal protege m\u00e3e e beb\u00ea durante a gesta\u00e7\u00e3o.<\/p>\n\n\n\n<figure class=\"wp-block-image size-large\"><img loading=\"lazy\" decoding=\"async\" width=\"1024\" height=\"576\" src=\"https:\/\/www.em.com.br\/emfoco\/wp-content\/uploads\/2025\/12\/IA-1-75-1024x576.jpg\" alt=\"Alerta! Quem n\u00e3o fizer isso at\u00e9 dia 31 de dezembro vai perder o bolsa fam\u00edlia em 2026\" class=\"wp-image-145667\" srcset=\"https:\/\/www.em.com.br\/emfoco\/wp-content\/uploads\/2025\/12\/IA-1-75-1024x576.jpg 1024w, https:\/\/www.em.com.br\/emfoco\/wp-content\/uploads\/2025\/12\/IA-1-75-300x169.jpg 300w, https:\/\/www.em.com.br\/emfoco\/wp-content\/uploads\/2025\/12\/IA-1-75-768x432.jpg 768w, https:\/\/www.em.com.br\/emfoco\/wp-content\/uploads\/2025\/12\/IA-1-75-750x422.jpg 750w, https:\/\/www.em.com.br\/emfoco\/wp-content\/uploads\/2025\/12\/IA-1-75-1140x641.jpg 1140w, https:\/\/www.em.com.br\/emfoco\/wp-content\/uploads\/2025\/12\/IA-1-75.jpg 1280w\" sizes=\"auto, (max-width: 1024px) 100vw, 1024px\" \/><figcaption class=\"wp-element-caption\">Lei exige vacina\u00e7\u00e3o, pesagem e pr\u00e9-natal como requisitos centrais<\/figcaption><\/figure>\n\n\n\n<p><em>Leia mais: <strong><a href=\"https:\/\/www.em.com.br\/emfoco\/2025\/12\/24\/empresa-acusa-funcionaria-de-falsificar-atestado-odontologico-agora-tera-que-pagar-indenizacao-de-r-3-19718-por-assedio-moral\/\" target=\"_blank\" rel=\"noreferrer noopener\">Empresa acusa funcion\u00e1ria de falsificar atestado odontol\u00f3gico, agora ter\u00e1 que pagar indeniza\u00e7\u00e3o de R$ 3.197,18\u00a0por ass\u00e9dio moral\u00a0<\/a><\/strong><\/em><\/p>\n\n\n\n<h2 class=\"wp-block-heading\">Onde fazer o procedimento e quais documentos levar?<\/h2>\n\n\n\n<p>O acompanhamento deve ser feito na <strong>Unidade B\u00e1sica de Sa\u00fade<\/strong> ou postinho de refer\u00eancia do bairro. O atendimento \u00e9 gratuito e r\u00e1pido, mas exige documentos para que o registro seja lan\u00e7ado corretamente no sistema.<\/p>\n\n\n\n<ul class=\"wp-block-list\">\n<li><strong>NIS ou cart\u00e3o do Bolsa Fam\u00edlia<\/strong>: identifica\u00e7\u00e3o do benefici\u00e1rio no sistema.<\/li>\n\n\n\n<li><strong>Caderneta de vacina\u00e7\u00e3o<\/strong>: comprova vacinas atualizadas das crian\u00e7as.<\/li>\n\n\n\n<li><strong>Cart\u00e3o da gestante<\/strong>: obrigat\u00f3rio para quem est\u00e1 em pr\u00e9-natal.<\/li>\n<\/ul>\n\n\n\n<h2 class=\"wp-block-heading\">Como se preparar para 2026 e evitar novos problemas?<\/h2>\n\n\n\n<p>O acompanhamento de sa\u00fade \u00e9 feito <strong>duas vezes ao ano<\/strong>, de janeiro a junho e de julho a dezembro. Criar o h\u00e1bito de cumprir logo no in\u00edcio da vig\u00eancia reduz o risco de esquecimento e evita correria perto do prazo final.<\/p>\n\n\n\n<p>Mesmo que o filho tenha mais de 7 anos, se o posto solicitar a pesagem, o recomendado \u00e9 realizar. Essa atitude preventiva ajuda a evitar <strong>inconsist\u00eancias no CRAS<\/strong> e protege a continuidade do benef\u00edcio ao longo do pr\u00f3ximo ano.<\/p>\n","protected":false},"excerpt":{"rendered":"<p>Benefici\u00e1rios do Bolsa Fam\u00edlia devem cumprir o acompanhamento obrigat\u00f3rio de sa\u00fade at\u00e9 31 de dezembro. Crian\u00e7as e gestantes precisam de pesagem, vacina\u00e7\u00e3o ou pr\u00e9-natal; o descumprimento pode bloquear o benef\u00edcio j\u00e1 em 2026. Benefici\u00e1rios do Bolsa Fam\u00edlia precisam cumprir um prazo decisivo at\u00e9 31 de dezembro para evitar bloqueio do benef\u00edcio em 2026. Fam\u00edlias com [&hellip;]<\/p>\n","protected":false},"author":13,"featured_media":145661,"comment_status":"open","ping_status":"open","sticky":false,"template":"","format":"standard","meta":{"jnews-multi-image_gallery":[],"jnews_single_post":{"format":"standard"},"jnews_primary_category":[],"jnews_social_meta":[],"jnews_override_counter":[],"footnotes":""},"categories":[28],"tags":[21348,12028,21349],"class_list":["post-145639","post","type-post","status-publish","format-standard","has-post-thumbnail","hentry","category-economia","tag-beneficio-bloqueado","tag-bolsa-familia-2","tag-sancoes-automaticas"],"yoast_head":"<!-- This site is optimized with the Yoast SEO plugin v23.8 - https:\/\/yoast.com\/wordpress\/plugins\/seo\/ -->\n<title>Alerta! Quem n\u00e3o fizer isso at\u00e9 dia 31 de dezembro vai perder o bolsa fam\u00edlia em 2026 - Estado de Minas - Em foco<\/title>\n<meta name=\"description\" content=\"Quem recebe o Bolsa Fam\u00edlia tem at\u00e9 31 de dezembro para cumprir regra de sa\u00fade ou pode ter o benef\u00edcio bloqueado j\u00e1 no in\u00edcio de 2026.\" \/>\n<meta name=\"robots\" content=\"index, follow, max-snippet:-1, max-image-preview:large, max-video-preview:-1\" \/>\n<link rel=\"canonical\" href=\"https:\/\/www.em.com.br\/emfoco\/2025\/12\/27\/alerta-quem-nao-fizer-isso-ate-dia-31-de-dezembro-vai-perder-o-bolsa-familia-em-2026\/\" \/>\n<meta property=\"og:locale\" content=\"pt_BR\" \/>\n<meta property=\"og:type\" content=\"article\" \/>\n<meta property=\"og:title\" content=\"Alerta! Quem n\u00e3o fizer isso at\u00e9 dia 31 de dezembro vai perder o bolsa fam\u00edlia em 2026 - Estado de Minas - Em foco\" \/>\n<meta property=\"og:description\" content=\"Quem recebe o Bolsa Fam\u00edlia tem at\u00e9 31 de dezembro para cumprir regra de sa\u00fade ou pode ter o benef\u00edcio bloqueado j\u00e1 no in\u00edcio de 2026.\" \/>\n<meta property=\"og:url\" content=\"https:\/\/www.em.com.br\/emfoco\/2025\/12\/27\/alerta-quem-nao-fizer-isso-ate-dia-31-de-dezembro-vai-perder-o-bolsa-familia-em-2026\/\" \/>\n<meta property=\"og:site_name\" content=\"Estado de Minas - Em foco\" \/>\n<meta property=\"article:published_time\" content=\"2025-12-27T21:45:00+00:00\" \/>\n<meta property=\"article:modified_time\" content=\"2025-12-24T18:06:31+00:00\" \/>\n<meta property=\"og:image\" content=\"https:\/\/www.em.com.br\/emfoco\/wp-content\/uploads\/2025\/12\/IA-6-22.jpg\" \/>\n\t<meta property=\"og:image:width\" content=\"1280\" \/>\n\t<meta property=\"og:image:height\" content=\"720\" \/>\n\t<meta property=\"og:image:type\" content=\"image\/jpeg\" \/>\n<meta name=\"author\" content=\"Gabriel Martins\" \/>\n<meta name=\"twitter:card\" content=\"summary_large_image\" \/>\n<meta name=\"twitter:label1\" content=\"Escrito por\" \/>\n\t<meta name=\"twitter:data1\" content=\"Gabriel Martins\" \/>\n\t<meta name=\"twitter:label2\" content=\"Est. tempo de leitura\" \/>\n\t<meta name=\"twitter:data2\" content=\"4 minutos\" \/>\n<!-- \/ Yoast SEO plugin. -->","yoast_head_json":{"title":"Alerta! Quem n\u00e3o fizer isso at\u00e9 dia 31 de dezembro vai perder o bolsa fam\u00edlia em 2026 - Estado de Minas - Em foco","description":"Quem recebe o Bolsa Fam\u00edlia tem at\u00e9 31 de dezembro para cumprir regra de sa\u00fade ou pode ter o benef\u00edcio bloqueado j\u00e1 no in\u00edcio de 2026.","robots":{"index":"index","follow":"follow","max-snippet":"max-snippet:-1","max-image-preview":"max-image-preview:large","max-video-preview":"max-video-preview:-1"},"canonical":"https:\/\/www.em.com.br\/emfoco\/2025\/12\/27\/alerta-quem-nao-fizer-isso-ate-dia-31-de-dezembro-vai-perder-o-bolsa-familia-em-2026\/","og_locale":"pt_BR","og_type":"article","og_title":"Alerta! Quem n\u00e3o fizer isso at\u00e9 dia 31 de dezembro vai perder o bolsa fam\u00edlia em 2026 - Estado de Minas - Em foco","og_description":"Quem recebe o Bolsa Fam\u00edlia tem at\u00e9 31 de dezembro para cumprir regra de sa\u00fade ou pode ter o benef\u00edcio bloqueado j\u00e1 no in\u00edcio de 2026.","og_url":"https:\/\/www.em.com.br\/emfoco\/2025\/12\/27\/alerta-quem-nao-fizer-isso-ate-dia-31-de-dezembro-vai-perder-o-bolsa-familia-em-2026\/","og_site_name":"Estado de Minas - Em foco","article_published_time":"2025-12-27T21:45:00+00:00","article_modified_time":"2025-12-24T18:06:31+00:00","og_image":[{"width":1280,"height":720,"url":"https:\/\/www.em.com.br\/emfoco\/wp-content\/uploads\/2025\/12\/IA-6-22.jpg","type":"image\/jpeg"}],"author":"Gabriel Martins","twitter_card":"summary_large_image","twitter_misc":{"Escrito por":"Gabriel Martins","Est. tempo de leitura":"4 minutos"},"schema":{"@context":"https:\/\/schema.org","@graph":[{"@type":"WebPage","@id":"https:\/\/www.em.com.br\/emfoco\/2025\/12\/27\/alerta-quem-nao-fizer-isso-ate-dia-31-de-dezembro-vai-perder-o-bolsa-familia-em-2026\/","url":"https:\/\/www.em.com.br\/emfoco\/2025\/12\/27\/alerta-quem-nao-fizer-isso-ate-dia-31-de-dezembro-vai-perder-o-bolsa-familia-em-2026\/","name":"Alerta! Quem n\u00e3o fizer isso at\u00e9 dia 31 de dezembro vai perder o bolsa fam\u00edlia em 2026 - Estado de Minas - Em foco","isPartOf":{"@id":"https:\/\/www.em.com.br\/emfoco\/#website"},"primaryImageOfPage":{"@id":"https:\/\/www.em.com.br\/emfoco\/2025\/12\/27\/alerta-quem-nao-fizer-isso-ate-dia-31-de-dezembro-vai-perder-o-bolsa-familia-em-2026\/#primaryimage"},"image":{"@id":"https:\/\/www.em.com.br\/emfoco\/2025\/12\/27\/alerta-quem-nao-fizer-isso-ate-dia-31-de-dezembro-vai-perder-o-bolsa-familia-em-2026\/#primaryimage"},"thumbnailUrl":"https:\/\/www.em.com.br\/emfoco\/wp-content\/uploads\/2025\/12\/IA-6-22.jpg","datePublished":"2025-12-27T21:45:00+00:00","dateModified":"2025-12-24T18:06:31+00:00","author":{"@id":"https:\/\/www.em.com.br\/emfoco\/#\/schema\/person\/1c9ddeab18b98abeffef834667bcf08a"},"description":"Quem recebe o Bolsa Fam\u00edlia tem at\u00e9 31 de dezembro para cumprir regra de sa\u00fade ou pode ter o benef\u00edcio bloqueado j\u00e1 no in\u00edcio de 2026.","breadcrumb":{"@id":"https:\/\/www.em.com.br\/emfoco\/2025\/12\/27\/alerta-quem-nao-fizer-isso-ate-dia-31-de-dezembro-vai-perder-o-bolsa-familia-em-2026\/#breadcrumb"},"inLanguage":"pt-BR","potentialAction":[{"@type":"ReadAction","target":["https:\/\/www.em.com.br\/emfoco\/2025\/12\/27\/alerta-quem-nao-fizer-isso-ate-dia-31-de-dezembro-vai-perder-o-bolsa-familia-em-2026\/"]}]},{"@type":"ImageObject","inLanguage":"pt-BR","@id":"https:\/\/www.em.com.br\/emfoco\/2025\/12\/27\/alerta-quem-nao-fizer-isso-ate-dia-31-de-dezembro-vai-perder-o-bolsa-familia-em-2026\/#primaryimage","url":"https:\/\/www.em.com.br\/emfoco\/wp-content\/uploads\/2025\/12\/IA-6-22.jpg","contentUrl":"https:\/\/www.em.com.br\/emfoco\/wp-content\/uploads\/2025\/12\/IA-6-22.jpg","width":1280,"height":720,"caption":"Prazo de dezembro define manuten\u00e7\u00e3o do Bolsa Fam\u00edlia em 2026"},{"@type":"BreadcrumbList","@id":"https:\/\/www.em.com.br\/emfoco\/2025\/12\/27\/alerta-quem-nao-fizer-isso-ate-dia-31-de-dezembro-vai-perder-o-bolsa-familia-em-2026\/#breadcrumb","itemListElement":[{"@type":"ListItem","position":1,"name":"In\u00edcio","item":"https:\/\/www.em.com.br\/emfoco\/"},{"@type":"ListItem","position":2,"name":"Alerta! Quem n\u00e3o fizer isso at\u00e9 dia 31 de dezembro vai perder o bolsa fam\u00edlia em 2026"}]},{"@type":"WebSite","@id":"https:\/\/www.em.com.br\/emfoco\/#website","url":"https:\/\/www.em.com.br\/emfoco\/","name":"Estado de Minas - Em foco","description":"Acompanhe as \u00faltimas not\u00edcias e fique bem informado sobre tudo o que acontece em Minas Gerais, Brasil e no mundo.","potentialAction":[{"@type":"SearchAction","target":{"@type":"EntryPoint","urlTemplate":"https:\/\/www.em.com.br\/emfoco\/?s={search_term_string}"},"query-input":{"@type":"PropertyValueSpecification","valueRequired":true,"valueName":"search_term_string"}}],"inLanguage":"pt-BR"},{"@type":"Person","@id":"https:\/\/www.em.com.br\/emfoco\/#\/schema\/person\/1c9ddeab18b98abeffef834667bcf08a","name":"Gabriel Martins","image":{"@type":"ImageObject","inLanguage":"pt-BR","@id":"https:\/\/www.em.com.br\/emfoco\/#\/schema\/person\/image\/","url":"https:\/\/secure.gravatar.com\/avatar\/f0f1e2efdfd88f1ad2cb08c5c2731e50?s=96&d=mm&r=g","contentUrl":"https:\/\/secure.gravatar.com\/avatar\/f0f1e2efdfd88f1ad2cb08c5c2731e50?s=96&d=mm&r=g","caption":"Gabriel Martins"},"sameAs":["https:\/\/www.em.com.br\/emfoco\/"],"url":"https:\/\/www.em.com.br\/emfoco\/author\/gabrielmartinsmyth\/"}]}},"_links":{"self":[{"href":"https:\/\/www.em.com.br\/emfoco\/wp-json\/wp\/v2\/posts\/145639","targetHints":{"allow":["GET"]}}],"collection":[{"href":"https:\/\/www.em.com.br\/emfoco\/wp-json\/wp\/v2\/posts"}],"about":[{"href":"https:\/\/www.em.com.br\/emfoco\/wp-json\/wp\/v2\/types\/post"}],"author":[{"embeddable":true,"href":"https:\/\/www.em.com.br\/emfoco\/wp-json\/wp\/v2\/users\/13"}],"replies":[{"embeddable":true,"href":"https:\/\/www.em.com.br\/emfoco\/wp-json\/wp\/v2\/comments?post=145639"}],"version-history":[{"count":1,"href":"https:\/\/www.em.com.br\/emfoco\/wp-json\/wp\/v2\/posts\/145639\/revisions"}],"predecessor-version":[{"id":145668,"href":"https:\/\/www.em.com.br\/emfoco\/wp-json\/wp\/v2\/posts\/145639\/revisions\/145668"}],"wp:featuredmedia":[{"embeddable":true,"href":"https:\/\/www.em.com.br\/emfoco\/wp-json\/wp\/v2\/media\/145661"}],"wp:attachment":[{"href":"https:\/\/www.em.com.br\/emfoco\/wp-json\/wp\/v2\/media?parent=145639"}],"wp:term":[{"taxonomy":"category","embeddable":true,"href":"https:\/\/www.em.com.br\/emfoco\/wp-json\/wp\/v2\/categories?post=145639"},{"taxonomy":"post_tag","embeddable":true,"href":"https:\/\/www.em.com.br\/emfoco\/wp-json\/wp\/v2\/tags?post=145639"}],"curies":[{"name":"wp","href":"https:\/\/api.w.org\/{rel}","templated":true}]}}