{"id":1456,"date":"2024-11-27T20:20:00","date_gmt":"2024-11-27T23:20:00","guid":{"rendered":"https:\/\/www.em.com.br\/emfoco\/?p=1456"},"modified":"2024-11-26T11:24:59","modified_gmt":"2024-11-26T14:24:59","slug":"saiba-como-funciona-o-auxilio-de-r-2-260-via-pix-do-cadunico","status":"publish","type":"post","link":"https:\/\/www.em.com.br\/emfoco\/2024\/11\/27\/saiba-como-funciona-o-auxilio-de-r-2-260-via-pix-do-cadunico\/","title":{"rendered":"Saiba como funciona o aux\u00edlio de R$ 2.260 via Pix do\u00a0Cad\u00danico"},"content":{"rendered":"\n<p>No Brasil, o <a href=\"https:\/\/www.gov.br\/pt-br\/servicos\/consultar-dados-do-cadastro-unico-cadunico\" target=\"_blank\" rel=\"noreferrer noopener\"><strong>Cadastro \u00danico<\/strong><\/a>, ou Cad\u00danico, \u00e9 um sistema criado para identificar as <a href=\"https:\/\/www.em.com.br\/emfoco\/2024\/11\/25\/governo-estuda-novas-iniciativas-complementares-ao-bolsa-familia-para-2025\/\" target=\"_blank\" rel=\"noreferrer noopener\"><strong>fam\u00edlias <\/strong><\/a>de baixa renda e ajud\u00e1-las a acessar <a href=\"https:\/\/www.em.com.br\/emfoco\/categoria\/economia\/\" target=\"_blank\" rel=\"noreferrer noopener\"><strong>programas<\/strong><\/a> sociais do governo. Este registro \u00e9 fundamental para que essas fam\u00edlias possam receber assist\u00eancia que melhora suas condi\u00e7\u00f5es de vida e contribui para sua inclus\u00e3o social.<\/p>\n\n\n\n<p>Esses aux\u00edlios incluem desde suporte financeiro para necessidades imediatas at\u00e9 incentivos educacionais. Com o Cad\u00danico, o governo pode direcionar os recursos de maneira eficiente, assegurando que as fam\u00edlias que realmente precisam de ajuda sejam favorecidas.<\/p>\n\n\n\n<h2 class=\"wp-block-heading\">Como funciona o aux\u00edlio de R$ 2.260 via Pix?<\/h2>\n\n\n\n<p>Um dos recentes benef\u00edcios oferecidos atrav\u00e9s do Cad\u00danico \u00e9 o aux\u00edlio de R$ 2.260, pago via Pix. Este tipo de transfer\u00eancia \u00e9 r\u00e1pida e pr\u00e1tica, j\u00e1 que o Pix permite que o dinheiro chegue instantaneamente \u00e0 conta banc\u00e1ria dos benefici\u00e1rios, sem demoras tradicionais de outros m\u00e9todos de pagamento.<\/p>\n\n\n\n<p>Este aux\u00edlio se destina a oferecer al\u00edvio financeiro imediato a fam\u00edlias em situa\u00e7\u00e3o de vulnerabilidade econ\u00f4mica, contribuindo para que possam superar desafios financeiros mais facilmente em tempos de dificuldade.<\/p>\n\n\n\n<h2 class=\"wp-block-heading\">Crit\u00e9rios para receber o benef\u00edcio financeiro<\/h2>\n\n\n\n<figure class=\"wp-block-gallery has-nested-images columns-default is-cropped wp-block-gallery-1 is-layout-flex wp-block-gallery-is-layout-flex\">\n<figure class=\"wp-block-image size-large\"><img loading=\"lazy\" decoding=\"async\" width=\"1024\" height=\"576\" data-id=\"897\" src=\"https:\/\/www.em.com.br\/emfoco\/wp-content\/uploads\/2024\/11\/Beneficio-de-Prestacao-Continuada-BPC-Creditos-depositphotos.com-verganifotografia-1024x576.jpg\" alt=\"Benef\u00edcio de Presta\u00e7\u00e3o Continuada (BPC) - Cr\u00e9ditos depositphotos.com verganifotografia\" class=\"wp-image-897\" srcset=\"https:\/\/www.em.com.br\/emfoco\/wp-content\/uploads\/2024\/11\/Beneficio-de-Prestacao-Continuada-BPC-Creditos-depositphotos.com-verganifotografia-1024x576.jpg 1024w, https:\/\/www.em.com.br\/emfoco\/wp-content\/uploads\/2024\/11\/Beneficio-de-Prestacao-Continuada-BPC-Creditos-depositphotos.com-verganifotografia-300x169.jpg 300w, https:\/\/www.em.com.br\/emfoco\/wp-content\/uploads\/2024\/11\/Beneficio-de-Prestacao-Continuada-BPC-Creditos-depositphotos.com-verganifotografia-768x432.jpg 768w, https:\/\/www.em.com.br\/emfoco\/wp-content\/uploads\/2024\/11\/Beneficio-de-Prestacao-Continuada-BPC-Creditos-depositphotos.com-verganifotografia-750x422.jpg 750w, https:\/\/www.em.com.br\/emfoco\/wp-content\/uploads\/2024\/11\/Beneficio-de-Prestacao-Continuada-BPC-Creditos-depositphotos.com-verganifotografia-1140x641.jpg 1140w, https:\/\/www.em.com.br\/emfoco\/wp-content\/uploads\/2024\/11\/Beneficio-de-Prestacao-Continuada-BPC-Creditos-depositphotos.com-verganifotografia.jpg 1280w\" sizes=\"auto, (max-width: 1024px) 100vw, 1024px\" \/><figcaption class=\"wp-element-caption\">Cad\u00danico &#8211; Benef\u00edcio de Presta\u00e7\u00e3o Continuada (BPC) &#8211; Cr\u00e9ditos depositphotos.com  verganifotografia<\/figcaption><\/figure>\n<\/figure>\n\n\n\n<p>Para ser eleg\u00edvel ao aux\u00edlio de R$ 2.260, as fam\u00edlias precisam cumprir certos requisitos estabelecidos. O crit\u00e9rio principal baseia-se na renda per capita, que deve ser de no m\u00e1ximo R$ 218,00. Al\u00e9m disso, \u00e9 necess\u00e1rio que a fam\u00edlia j\u00e1 esteja inscrita no Cad\u00danico e mantenha seu cadastro em dia.<\/p>\n\n\n\n<p>Todos os dados devem estar atualizados para garantir que os benef\u00edcios sejam distribu\u00eddos corretamente e que aqueles que realmente precisam do suporte possam ser atendidos sem contratempos.<\/p>\n\n\n\n<h2 class=\"wp-block-heading\">Documentos necess\u00e1rios para o cadastro no Cad\u00danico<\/h2>\n\n\n\n<p>Para se cadastrar no Cad\u00danico, as fam\u00edlias devem apresentar v\u00e1rios documentos em um Centro de Refer\u00eancia de Assist\u00eancia Social (CRAS). Os documentos b\u00e1sicos incluem:<\/p>\n\n\n\n<ul class=\"wp-block-list\">\n<li>Documento de identidade oficial com foto, como RG;<\/li>\n\n\n\n<li>CPF (Cadastro de Pessoas F\u00edsicas);<\/li>\n\n\n\n<li>Comprovante de resid\u00eancia, como uma conta de luz ou \u00e1gua recente;<\/li>\n\n\n\n<li>Documenta\u00e7\u00e3o que comprove a renda familiar, podendo ser um holerite ou a declara\u00e7\u00e3o de imposto de renda.<\/li>\n<\/ul>\n\n\n\n<p>Estes documentos s\u00e3o essenciais para validar o cadastro, permitir a correta avalia\u00e7\u00e3o das condi\u00e7\u00f5es da fam\u00edlia e assegurar que o benef\u00edcio seja concedido de forma justa.<\/p>\n\n\n\n<h2 class=\"wp-block-heading\">Vantagens de estar cadastrado no Cad\u00danico<\/h2>\n\n\n\n<p>Al\u00e9m do aux\u00edlio emergencial, estar registrado no Cad\u00danico abre portas para v\u00e1rios outros programas sociais. Benef\u00edcios como o Aux\u00edlio G\u00e1s, que subsidia o custo do botij\u00e3o de g\u00e1s, e iniciativas para apoio educacional s\u00e3o apenas alguns dos recursos dispon\u00edveis para fam\u00edlias de baixa renda.<\/p>\n\n\n\n<p>O Cad\u00danico desempenha um papel vital n\u00e3o apenas na provis\u00e3o de suporte financeiro, mas tamb\u00e9m na promo\u00e7\u00e3o de melhores condi\u00e7\u00f5es de vida e na facilita\u00e7\u00e3o de oportunidades educacionais. Com isso, o cadastro se reafirma como uma ferramenta valiosa na erradica\u00e7\u00e3o da pobreza e promo\u00e7\u00e3o da inclus\u00e3o social no pa\u00eds.<\/p>\n","protected":false},"excerpt":{"rendered":"<p>O Cadastro \u00danico \u00e9 um sistema do governo brasileiro que identifica fam\u00edlias de baixa renda e as ajuda a acessar programas sociais. Recentemente, um aux\u00edlio de R 2.260 \u00e9 oferecido atrav\u00e9s deste cadastro.<\/p>\n","protected":false},"author":3,"featured_media":655,"comment_status":"open","ping_status":"open","sticky":false,"template":"","format":"standard","meta":{"jnews-multi-image_gallery":[],"jnews_single_post":{"format":"standard"},"jnews_primary_category":[],"jnews_social_meta":[],"jnews_override_counter":[],"footnotes":""},"categories":[28,1],"tags":[616,164],"class_list":["post-1456","post","type-post","status-publish","format-standard","has-post-thumbnail","hentry","category-economia","category-noticias","tag-familias-de-baixa-renda","tag-programas-sociais"],"yoast_head":"<!-- This site is optimized with the Yoast SEO plugin v23.8 - https:\/\/yoast.com\/wordpress\/plugins\/seo\/ -->\n<title>Saiba como funciona o aux\u00edlio de R$ 2.260 via Pix do\u00a0Cad\u00danico - Estado de Minas - Em foco<\/title>\n<meta name=\"description\" content=\"O Cadastro \u00danico \u00e9 um sistema do governo brasileiro que identifica fam\u00edlias de baixa renda e as ajuda a acessar programas sociais\" \/>\n<meta name=\"robots\" content=\"index, follow, max-snippet:-1, max-image-preview:large, max-video-preview:-1\" \/>\n<link rel=\"canonical\" href=\"https:\/\/www.em.com.br\/emfoco\/2024\/11\/27\/saiba-como-funciona-o-auxilio-de-r-2-260-via-pix-do-cadunico\/\" \/>\n<meta property=\"og:locale\" content=\"pt_BR\" \/>\n<meta property=\"og:type\" content=\"article\" \/>\n<meta property=\"og:title\" content=\"Saiba como funciona o aux\u00edlio de R$ 2.260 via Pix do\u00a0Cad\u00danico - Estado de Minas - Em foco\" \/>\n<meta property=\"og:description\" content=\"O Cadastro \u00danico \u00e9 um sistema do governo brasileiro que identifica fam\u00edlias de baixa renda e as ajuda a acessar programas sociais\" \/>\n<meta property=\"og:url\" content=\"https:\/\/www.em.com.br\/emfoco\/2024\/11\/27\/saiba-como-funciona-o-auxilio-de-r-2-260-via-pix-do-cadunico\/\" \/>\n<meta property=\"og:site_name\" content=\"Estado de Minas - Em foco\" \/>\n<meta property=\"article:published_time\" content=\"2024-11-27T23:20:00+00:00\" \/>\n<meta property=\"article:modified_time\" content=\"2024-11-26T14:24:59+00:00\" \/>\n<meta property=\"og:image\" content=\"https:\/\/www.em.com.br\/emfoco\/wp-content\/uploads\/2024\/11\/Bolsa-familia-Crpeditos-Tony-WinstonAgencia-Brasilia.jpg\" \/>\n\t<meta property=\"og:image:width\" content=\"2048\" \/>\n\t<meta property=\"og:image:height\" content=\"1360\" \/>\n\t<meta property=\"og:image:type\" content=\"image\/jpeg\" \/>\n<meta name=\"author\" content=\"Helen Palma\" \/>\n<meta name=\"twitter:card\" content=\"summary_large_image\" \/>\n<meta name=\"twitter:label1\" content=\"Escrito por\" \/>\n\t<meta name=\"twitter:data1\" content=\"Helen Palma\" \/>\n\t<meta name=\"twitter:label2\" content=\"Est. tempo de leitura\" \/>\n\t<meta name=\"twitter:data2\" content=\"3 minutos\" \/>\n<!-- \/ Yoast SEO plugin. -->","yoast_head_json":{"title":"Saiba como funciona o aux\u00edlio de R$ 2.260 via Pix do\u00a0Cad\u00danico - Estado de Minas - Em foco","description":"O Cadastro \u00danico \u00e9 um sistema do governo brasileiro que identifica fam\u00edlias de baixa renda e as ajuda a acessar programas sociais","robots":{"index":"index","follow":"follow","max-snippet":"max-snippet:-1","max-image-preview":"max-image-preview:large","max-video-preview":"max-video-preview:-1"},"canonical":"https:\/\/www.em.com.br\/emfoco\/2024\/11\/27\/saiba-como-funciona-o-auxilio-de-r-2-260-via-pix-do-cadunico\/","og_locale":"pt_BR","og_type":"article","og_title":"Saiba como funciona o aux\u00edlio de R$ 2.260 via Pix do\u00a0Cad\u00danico - Estado de Minas - Em foco","og_description":"O Cadastro \u00danico \u00e9 um sistema do governo brasileiro que identifica fam\u00edlias de baixa renda e as ajuda a acessar programas sociais","og_url":"https:\/\/www.em.com.br\/emfoco\/2024\/11\/27\/saiba-como-funciona-o-auxilio-de-r-2-260-via-pix-do-cadunico\/","og_site_name":"Estado de Minas - Em foco","article_published_time":"2024-11-27T23:20:00+00:00","article_modified_time":"2024-11-26T14:24:59+00:00","og_image":[{"width":2048,"height":1360,"url":"https:\/\/www.em.com.br\/emfoco\/wp-content\/uploads\/2024\/11\/Bolsa-familia-Crpeditos-Tony-WinstonAgencia-Brasilia.jpg","type":"image\/jpeg"}],"author":"Helen Palma","twitter_card":"summary_large_image","twitter_misc":{"Escrito por":"Helen Palma","Est. tempo de leitura":"3 minutos"},"schema":{"@context":"https:\/\/schema.org","@graph":[{"@type":"WebPage","@id":"https:\/\/www.em.com.br\/emfoco\/2024\/11\/27\/saiba-como-funciona-o-auxilio-de-r-2-260-via-pix-do-cadunico\/","url":"https:\/\/www.em.com.br\/emfoco\/2024\/11\/27\/saiba-como-funciona-o-auxilio-de-r-2-260-via-pix-do-cadunico\/","name":"Saiba como funciona o aux\u00edlio de R$ 2.260 via Pix do\u00a0Cad\u00danico - Estado de Minas - Em foco","isPartOf":{"@id":"https:\/\/www.em.com.br\/emfoco\/#website"},"primaryImageOfPage":{"@id":"https:\/\/www.em.com.br\/emfoco\/2024\/11\/27\/saiba-como-funciona-o-auxilio-de-r-2-260-via-pix-do-cadunico\/#primaryimage"},"image":{"@id":"https:\/\/www.em.com.br\/emfoco\/2024\/11\/27\/saiba-como-funciona-o-auxilio-de-r-2-260-via-pix-do-cadunico\/#primaryimage"},"thumbnailUrl":"https:\/\/www.em.com.br\/emfoco\/wp-content\/uploads\/2024\/11\/Bolsa-familia-Crpeditos-Tony-WinstonAgencia-Brasilia.jpg","datePublished":"2024-11-27T23:20:00+00:00","dateModified":"2024-11-26T14:24:59+00:00","author":{"@id":"https:\/\/www.em.com.br\/emfoco\/#\/schema\/person\/d79d5c83ee37ab7ca6781d92bd406eac"},"description":"O Cadastro \u00danico \u00e9 um sistema do governo brasileiro que identifica fam\u00edlias de baixa renda e as ajuda a acessar programas sociais","breadcrumb":{"@id":"https:\/\/www.em.com.br\/emfoco\/2024\/11\/27\/saiba-como-funciona-o-auxilio-de-r-2-260-via-pix-do-cadunico\/#breadcrumb"},"inLanguage":"pt-BR","potentialAction":[{"@type":"ReadAction","target":["https:\/\/www.em.com.br\/emfoco\/2024\/11\/27\/saiba-como-funciona-o-auxilio-de-r-2-260-via-pix-do-cadunico\/"]}]},{"@type":"ImageObject","inLanguage":"pt-BR","@id":"https:\/\/www.em.com.br\/emfoco\/2024\/11\/27\/saiba-como-funciona-o-auxilio-de-r-2-260-via-pix-do-cadunico\/#primaryimage","url":"https:\/\/www.em.com.br\/emfoco\/wp-content\/uploads\/2024\/11\/Bolsa-familia-Crpeditos-Tony-WinstonAgencia-Brasilia.jpg","contentUrl":"https:\/\/www.em.com.br\/emfoco\/wp-content\/uploads\/2024\/11\/Bolsa-familia-Crpeditos-Tony-WinstonAgencia-Brasilia.jpg","width":2048,"height":1360,"caption":"Bolsa fam\u00edlia - Crp\u00e9ditos Tony WinstonAg\u00eancia Bras\u00edlia"},{"@type":"BreadcrumbList","@id":"https:\/\/www.em.com.br\/emfoco\/2024\/11\/27\/saiba-como-funciona-o-auxilio-de-r-2-260-via-pix-do-cadunico\/#breadcrumb","itemListElement":[{"@type":"ListItem","position":1,"name":"In\u00edcio","item":"https:\/\/www.em.com.br\/emfoco\/"},{"@type":"ListItem","position":2,"name":"Saiba como funciona o aux\u00edlio de R$ 2.260 via Pix do\u00a0Cad\u00danico"}]},{"@type":"WebSite","@id":"https:\/\/www.em.com.br\/emfoco\/#website","url":"https:\/\/www.em.com.br\/emfoco\/","name":"Estado de Minas - Em foco","description":"Acompanhe as \u00faltimas not\u00edcias e fique bem informado sobre tudo o que acontece em Minas Gerais, Brasil e no mundo.","potentialAction":[{"@type":"SearchAction","target":{"@type":"EntryPoint","urlTemplate":"https:\/\/www.em.com.br\/emfoco\/?s={search_term_string}"},"query-input":{"@type":"PropertyValueSpecification","valueRequired":true,"valueName":"search_term_string"}}],"inLanguage":"pt-BR"},{"@type":"Person","@id":"https:\/\/www.em.com.br\/emfoco\/#\/schema\/person\/d79d5c83ee37ab7ca6781d92bd406eac","name":"Helen Palma","image":{"@type":"ImageObject","inLanguage":"pt-BR","@id":"https:\/\/www.em.com.br\/emfoco\/#\/schema\/person\/image\/","url":"https:\/\/secure.gravatar.com\/avatar\/c657d9266c25fd5b35a8a6274fb730cd?s=96&d=mm&r=g","contentUrl":"https:\/\/secure.gravatar.com\/avatar\/c657d9266c25fd5b35a8a6274fb730cd?s=96&d=mm&r=g","caption":"Helen Palma"},"url":"https:\/\/www.em.com.br\/emfoco\/author\/helenmyth\/"}]}},"_links":{"self":[{"href":"https:\/\/www.em.com.br\/emfoco\/wp-json\/wp\/v2\/posts\/1456","targetHints":{"allow":["GET"]}}],"collection":[{"href":"https:\/\/www.em.com.br\/emfoco\/wp-json\/wp\/v2\/posts"}],"about":[{"href":"https:\/\/www.em.com.br\/emfoco\/wp-json\/wp\/v2\/types\/post"}],"author":[{"embeddable":true,"href":"https:\/\/www.em.com.br\/emfoco\/wp-json\/wp\/v2\/users\/3"}],"replies":[{"embeddable":true,"href":"https:\/\/www.em.com.br\/emfoco\/wp-json\/wp\/v2\/comments?post=1456"}],"version-history":[{"count":2,"href":"https:\/\/www.em.com.br\/emfoco\/wp-json\/wp\/v2\/posts\/1456\/revisions"}],"predecessor-version":[{"id":1537,"href":"https:\/\/www.em.com.br\/emfoco\/wp-json\/wp\/v2\/posts\/1456\/revisions\/1537"}],"wp:featuredmedia":[{"embeddable":true,"href":"https:\/\/www.em.com.br\/emfoco\/wp-json\/wp\/v2\/media\/655"}],"wp:attachment":[{"href":"https:\/\/www.em.com.br\/emfoco\/wp-json\/wp\/v2\/media?parent=1456"}],"wp:term":[{"taxonomy":"category","embeddable":true,"href":"https:\/\/www.em.com.br\/emfoco\/wp-json\/wp\/v2\/categories?post=1456"},{"taxonomy":"post_tag","embeddable":true,"href":"https:\/\/www.em.com.br\/emfoco\/wp-json\/wp\/v2\/tags?post=1456"}],"curies":[{"name":"wp","href":"https:\/\/api.w.org\/{rel}","templated":true}]}}