{"id":145538,"date":"2025-12-26T13:05:00","date_gmt":"2025-12-26T16:05:00","guid":{"rendered":"https:\/\/www.em.com.br\/emfoco\/?p=145538"},"modified":"2025-12-24T13:54:17","modified_gmt":"2025-12-24T16:54:17","slug":"esqueca-o-ar-condicionado-o-novo-climatizador-portatil-economiza-ate-70-de-energia","status":"publish","type":"post","link":"https:\/\/www.em.com.br\/emfoco\/2025\/12\/26\/esqueca-o-ar-condicionado-o-novo-climatizador-portatil-economiza-ate-70-de-energia\/","title":{"rendered":"Esque\u00e7a o ar-condicionado: o novo climatizador port\u00e1til economiza at\u00e9 70% de energia"},"content":{"rendered":"\n<h2 class=\"wp-block-heading\">Climatizador port\u00e1til refresca ambientes com evapora\u00e7\u00e3o de \u00e1gua e pode reduzir o consumo de energia em at\u00e9 70% frente ao ar-condicionado. Funciona melhor em locais ventilados, oferece ventila\u00e7\u00e3o e umidifica\u00e7\u00e3o, e tem custo acess\u00edvel.<\/h2>\n\n\n\n<p>Com o calor cada vez mais intenso, muita gente procura alternativas ao ar-condicionado tradicional. O <strong>climatizador port\u00e1til<\/strong> surge como solu\u00e7\u00e3o pr\u00e1tica e econ\u00f4mica, refrescando ambientes e reduzindo o consumo de energia em at\u00e9 70% em compara\u00e7\u00e3o com aparelhos convencionais. <\/p>\n\n\n\n<h2 class=\"wp-block-heading\">Por que o climatizador port\u00e1til consome menos energia?<\/h2>\n\n\n\n<p>Diferente do ar-condicionado, o <strong>climatizador port\u00e1til evaporativo<\/strong> n\u00e3o usa um compressor para resfriar o ar. Ele refresca o ambiente por meio da evapora\u00e7\u00e3o da \u00e1gua, o que exige muito menos pot\u00eancia el\u00e9trica e reduz significativamente o gasto de energia el\u00e9trica.<\/p>\n\n\n\n<p>Esse sistema simples evita picos de consumo e sobrecarga na rede el\u00e9trica, tornando o climatizador ideal para quem quer conforto t\u00e9rmico sem impacto alto na conta de luz. A efici\u00eancia \u00e9 particularmente vis\u00edvel em dias de calor moderado.<\/p>\n\n\n\n<figure class=\"wp-block-image size-large\"><img loading=\"lazy\" decoding=\"async\" width=\"1024\" height=\"576\" src=\"https:\/\/www.em.com.br\/emfoco\/wp-content\/uploads\/2025\/12\/IA-1-71-1024x576.jpg\" alt=\"Esque\u00e7a o ar-condicionado: o novo climatizador port\u00e1til economiza at\u00e9 70% de energia\" class=\"wp-image-145561\" srcset=\"https:\/\/www.em.com.br\/emfoco\/wp-content\/uploads\/2025\/12\/IA-1-71-1024x576.jpg 1024w, https:\/\/www.em.com.br\/emfoco\/wp-content\/uploads\/2025\/12\/IA-1-71-300x169.jpg 300w, https:\/\/www.em.com.br\/emfoco\/wp-content\/uploads\/2025\/12\/IA-1-71-768x432.jpg 768w, https:\/\/www.em.com.br\/emfoco\/wp-content\/uploads\/2025\/12\/IA-1-71-750x422.jpg 750w, https:\/\/www.em.com.br\/emfoco\/wp-content\/uploads\/2025\/12\/IA-1-71-1140x641.jpg 1140w, https:\/\/www.em.com.br\/emfoco\/wp-content\/uploads\/2025\/12\/IA-1-71.jpg 1280w\" sizes=\"auto, (max-width: 1024px) 100vw, 1024px\" \/><figcaption class=\"wp-element-caption\">Sistema evaporativo dispensa compressor e consome menos eletricidade residencial<\/figcaption><\/figure>\n\n\n\n<h2 class=\"wp-block-heading\">Quais vantagens fazem esse climatizador substituir o ar-condicionado?<\/h2>\n\n\n\n<p>Al\u00e9m da economia, o equipamento oferece fun\u00e7\u00f5es \u00fateis como ventila\u00e7\u00e3o e umidifica\u00e7\u00e3o, e pode ser levado para diferentes ambientes com facilidade. Abaixo est\u00e3o alguns modelos acess\u00edveis e populares no Brasil que combinam bom desempenho e pre\u00e7o justo. Entre as principais op\u00e7\u00f5es est\u00e3o as que voc\u00ea v\u00ea a seguir.<\/p>\n\n\n\n<figure class=\"wp-block-table\"><table class=\"has-fixed-layout\"><tbody><tr><th>Modelo<\/th><th>Capacidade\/Fun\u00e7\u00f5es<\/th><th>Faixa de Pre\u00e7o Aproximada<\/th><\/tr><tr><td>Climatizador de Ar Port\u00e1til 5 Litros Brit\u00e2nia BCL05A<\/td><td>Ventila, umidifica e climatiza<\/td><td>R$ 379,00<\/td><\/tr><tr><td>Climatizador e Umidificador 20L Zellox 4 em 1<\/td><td>4 fun\u00e7\u00f5es com tanque grande<\/td><td>R$ 419,67<\/td><\/tr><tr><td>Climatizador Elgin Smart 3 em 1<\/td><td>Resfria, ventila e umidifica<\/td><td>R$ 364,72<\/td><\/tr><tr><td>Climatizador Cadence Duo Tank CLI306<\/td><td>Reservat\u00f3rio grande com uso de gelo<\/td><td>R$ 399,90<\/td><\/tr><tr><td>Climatizador Ventisol Clin 16L<\/td><td>Capacidade maior para espa\u00e7os m\u00e9dios<\/td><td>R$ 406,79<\/td><\/tr><\/tbody><\/table><\/figure>\n\n\n\n<h2 class=\"wp-block-heading\">Em quais ambientes o climatizador funciona melhor?<\/h2>\n\n\n\n<p>O desempenho do <strong>climatizador evaporativo<\/strong> \u00e9 ideal em ambientes ventilados e de clima seco ou moderado. A circula\u00e7\u00e3o de ar favorece a evapora\u00e7\u00e3o da \u00e1gua e aumenta a sensa\u00e7\u00e3o de frescor em c\u00f4modos como salas, quartos ou varandas.<\/p>\n\n\n\n<p>Em espa\u00e7os fechados ou muito \u00famidos, o efeito pode ser mais limitado. Mesmo assim, ele ainda melhora o conforto t\u00e9rmico e a sensa\u00e7\u00e3o de ar fresco, embora n\u00e3o substitua totalmente a pot\u00eancia de um ar-condicionado em dias extremamente quentes.<\/p>\n\n\n\n<p><em>Leia mais: <strong><a href=\"https:\/\/www.em.com.br\/emfoco\/2025\/12\/24\/esquecimento-caro-tecnologia-de-desligamento-automatico-em-ferros-de-passar-une-seguranca-e-alivio-no-bolso\/\" target=\"_blank\" rel=\"noreferrer noopener\">Esquecimento caro: Tecnologia de desligamento autom\u00e1tico em ferros de passar une seguran\u00e7a e al\u00edvio no bolso<\/a><\/strong><\/em><\/p>\n\n\n\n<h2 class=\"wp-block-heading\">Como usar o climatizador para aproveitar melhor a economia?<\/h2>\n\n\n\n<p>O uso correto faz diferen\u00e7a no desempenho e no consumo el\u00e9trico. Ajustes simples podem aumentar a efici\u00eancia do aparelho e garantir maior frescor com menor gasto de energia. Entre as melhores pr\u00e1ticas, destacam-se os pontos a seguir.<\/p>\n\n\n\n<ul class=\"wp-block-list\">\n<li><strong>Troca regular da \u00e1gua<\/strong>: garante melhor evapora\u00e7\u00e3o e ar mais fresco.<\/li>\n\n\n\n<li><strong>Posicionamento perto de janelas<\/strong>: melhora a circula\u00e7\u00e3o e o efeito refrescante.<\/li>\n\n\n\n<li><strong>Uso adequado de velocidades<\/strong>: evita consumo desnecess\u00e1rio de energia.<\/li>\n<\/ul>\n\n\n\n<p>Confira a seguir uma avalia\u00e7\u00e3o do uso de um climatizador port\u00e1til em casa e como transformou a vida. Compartilhado pelo canal do TikTok <strong><a href=\"https:\/\/www.tiktok.com\/@biancapazetti\" target=\"_blank\" rel=\"noreferrer noopener\"><strong>biancapazetti<\/strong><\/a><\/strong>:<\/p>\n\n\n\n<blockquote class=\"tiktok-embed\" cite=\"https:\/\/www.tiktok.com\/@biancapazetti\/video\/7475826218546285879\" data-video-id=\"7475826218546285879\" style=\"max-width: 605px;min-width: 325px;\" > <section> <a target=\"_blank\" title=\"@biancapazetti\" href=\"https:\/\/www.tiktok.com\/@biancapazetti?refer=embed\">@biancapazetti<\/a> Comprei o climatizador 4 em 1 mais famoso da internet \u2764\ufe0f Chega de passar calor  Link do AirFresh na minha BIO  <a title=\"climatizador\" target=\"_blank\" href=\"https:\/\/www.tiktok.com\/tag\/climatizador?refer=embed\">#climatizador<\/a> <a title=\"verao\" target=\"_blank\" href=\"https:\/\/www.tiktok.com\/tag\/verao?refer=embed\">#verao<\/a> <a title=\"arcondicionadoportatil\" target=\"_blank\" href=\"https:\/\/www.tiktok.com\/tag\/arcondicionadoportatil?refer=embed\">#arcondicionadoportatil<\/a> <a target=\"_blank\" title=\"\u266c som original - Bianca Pazetti\" href=\"https:\/\/www.tiktok.com\/music\/som-original-7475826238255385399?refer=embed\">\u266c som original &#8211; Bianca Pazetti<\/a> <\/section> <\/blockquote> <script async src=\"https:\/\/www.tiktok.com\/embed.js\"><\/script>\n\n\n\n<h2 class=\"wp-block-heading\">Vale a pena trocar o ar-condicionado por um climatizador?<\/h2>\n\n\n\n<p>Para quem busca economia e conforto sem altos custos, o <strong>climatizador port\u00e1til<\/strong> \u00e9 uma alternativa interessante ao ar-condicionado. Ele reduz o consumo de energia e ainda oferece fun\u00e7\u00f5es extras como umidifica\u00e7\u00e3o, ventila\u00e7\u00e3o e portabilidade.<\/p>\n\n\n\n<p>Embora n\u00e3o tenha a mesma pot\u00eancia de um ar-condicionado em dias extremos, o aparelho combina <strong>efici\u00eancia energ\u00e9tica<\/strong> e praticidade, sendo uma escolha inteligente para muitos lares especialmente em climas amenos ou secos.<\/p>\n","protected":false},"excerpt":{"rendered":"<p>Climatizador port\u00e1til refresca ambientes com evapora\u00e7\u00e3o de \u00e1gua e pode reduzir o consumo de energia em at\u00e9 70% frente ao ar-condicionado. Funciona melhor em locais ventilados, oferece ventila\u00e7\u00e3o e umidifica\u00e7\u00e3o, e tem custo acess\u00edvel. Com o calor cada vez mais intenso, muita gente procura alternativas ao ar-condicionado tradicional. O climatizador port\u00e1til surge como solu\u00e7\u00e3o pr\u00e1tica [&hellip;]<\/p>\n","protected":false},"author":13,"featured_media":145560,"comment_status":"open","ping_status":"open","sticky":false,"template":"","format":"standard","meta":{"jnews-multi-image_gallery":[],"jnews_single_post":{"format":"standard"},"jnews_primary_category":[],"jnews_social_meta":[],"jnews_override_counter":[],"footnotes":""},"categories":[1],"tags":[],"class_list":["post-145538","post","type-post","status-publish","format-standard","has-post-thumbnail","hentry","category-noticias"],"yoast_head":"<!-- This site is optimized with the Yoast SEO plugin v23.8 - https:\/\/yoast.com\/wordpress\/plugins\/seo\/ -->\n<title>Esque\u00e7a o ar-condicionado: o novo climatizador port\u00e1til economiza at\u00e9 70% de energia - Estado de Minas - Em foco<\/title>\n<meta name=\"description\" content=\"O climatizador port\u00e1til refresca o ambiente e gasta at\u00e9 70% menos energia que o ar-condicionado. Veja como usar e onde ele funciona melhor.\" \/>\n<meta name=\"robots\" content=\"index, follow, max-snippet:-1, max-image-preview:large, max-video-preview:-1\" \/>\n<link rel=\"canonical\" href=\"https:\/\/www.em.com.br\/emfoco\/2025\/12\/26\/esqueca-o-ar-condicionado-o-novo-climatizador-portatil-economiza-ate-70-de-energia\/\" \/>\n<meta property=\"og:locale\" content=\"pt_BR\" \/>\n<meta property=\"og:type\" content=\"article\" \/>\n<meta property=\"og:title\" content=\"Esque\u00e7a o ar-condicionado: o novo climatizador port\u00e1til economiza at\u00e9 70% de energia - Estado de Minas - Em foco\" \/>\n<meta property=\"og:description\" content=\"O climatizador port\u00e1til refresca o ambiente e gasta at\u00e9 70% menos energia que o ar-condicionado. Veja como usar e onde ele funciona melhor.\" \/>\n<meta property=\"og:url\" content=\"https:\/\/www.em.com.br\/emfoco\/2025\/12\/26\/esqueca-o-ar-condicionado-o-novo-climatizador-portatil-economiza-ate-70-de-energia\/\" \/>\n<meta property=\"og:site_name\" content=\"Estado de Minas - Em foco\" \/>\n<meta property=\"article:published_time\" content=\"2025-12-26T16:05:00+00:00\" \/>\n<meta property=\"article:modified_time\" content=\"2025-12-24T16:54:17+00:00\" \/>\n<meta property=\"og:image\" content=\"https:\/\/www.em.com.br\/emfoco\/wp-content\/uploads\/2025\/12\/IA-89.jpg\" \/>\n\t<meta property=\"og:image:width\" content=\"1280\" \/>\n\t<meta property=\"og:image:height\" content=\"720\" \/>\n\t<meta property=\"og:image:type\" content=\"image\/jpeg\" \/>\n<meta name=\"author\" content=\"Gabriel Martins\" \/>\n<meta name=\"twitter:card\" content=\"summary_large_image\" \/>\n<meta name=\"twitter:label1\" content=\"Escrito por\" \/>\n\t<meta name=\"twitter:data1\" content=\"Gabriel Martins\" \/>\n\t<meta name=\"twitter:label2\" content=\"Est. tempo de leitura\" \/>\n\t<meta name=\"twitter:data2\" content=\"4 minutos\" \/>\n<!-- \/ Yoast SEO plugin. -->","yoast_head_json":{"title":"Esque\u00e7a o ar-condicionado: o novo climatizador port\u00e1til economiza at\u00e9 70% de energia - Estado de Minas - Em foco","description":"O climatizador port\u00e1til refresca o ambiente e gasta at\u00e9 70% menos energia que o ar-condicionado. Veja como usar e onde ele funciona melhor.","robots":{"index":"index","follow":"follow","max-snippet":"max-snippet:-1","max-image-preview":"max-image-preview:large","max-video-preview":"max-video-preview:-1"},"canonical":"https:\/\/www.em.com.br\/emfoco\/2025\/12\/26\/esqueca-o-ar-condicionado-o-novo-climatizador-portatil-economiza-ate-70-de-energia\/","og_locale":"pt_BR","og_type":"article","og_title":"Esque\u00e7a o ar-condicionado: o novo climatizador port\u00e1til economiza at\u00e9 70% de energia - Estado de Minas - Em foco","og_description":"O climatizador port\u00e1til refresca o ambiente e gasta at\u00e9 70% menos energia que o ar-condicionado. Veja como usar e onde ele funciona melhor.","og_url":"https:\/\/www.em.com.br\/emfoco\/2025\/12\/26\/esqueca-o-ar-condicionado-o-novo-climatizador-portatil-economiza-ate-70-de-energia\/","og_site_name":"Estado de Minas - Em foco","article_published_time":"2025-12-26T16:05:00+00:00","article_modified_time":"2025-12-24T16:54:17+00:00","og_image":[{"width":1280,"height":720,"url":"https:\/\/www.em.com.br\/emfoco\/wp-content\/uploads\/2025\/12\/IA-89.jpg","type":"image\/jpeg"}],"author":"Gabriel Martins","twitter_card":"summary_large_image","twitter_misc":{"Escrito por":"Gabriel Martins","Est. tempo de leitura":"4 minutos"},"schema":{"@context":"https:\/\/schema.org","@graph":[{"@type":"WebPage","@id":"https:\/\/www.em.com.br\/emfoco\/2025\/12\/26\/esqueca-o-ar-condicionado-o-novo-climatizador-portatil-economiza-ate-70-de-energia\/","url":"https:\/\/www.em.com.br\/emfoco\/2025\/12\/26\/esqueca-o-ar-condicionado-o-novo-climatizador-portatil-economiza-ate-70-de-energia\/","name":"Esque\u00e7a o ar-condicionado: o novo climatizador port\u00e1til economiza at\u00e9 70% de energia - Estado de Minas - Em foco","isPartOf":{"@id":"https:\/\/www.em.com.br\/emfoco\/#website"},"primaryImageOfPage":{"@id":"https:\/\/www.em.com.br\/emfoco\/2025\/12\/26\/esqueca-o-ar-condicionado-o-novo-climatizador-portatil-economiza-ate-70-de-energia\/#primaryimage"},"image":{"@id":"https:\/\/www.em.com.br\/emfoco\/2025\/12\/26\/esqueca-o-ar-condicionado-o-novo-climatizador-portatil-economiza-ate-70-de-energia\/#primaryimage"},"thumbnailUrl":"https:\/\/www.em.com.br\/emfoco\/wp-content\/uploads\/2025\/12\/IA-89.jpg","datePublished":"2025-12-26T16:05:00+00:00","dateModified":"2025-12-24T16:54:17+00:00","author":{"@id":"https:\/\/www.em.com.br\/emfoco\/#\/schema\/person\/1c9ddeab18b98abeffef834667bcf08a"},"description":"O climatizador port\u00e1til refresca o ambiente e gasta at\u00e9 70% menos energia que o ar-condicionado. Veja como usar e onde ele funciona melhor.","breadcrumb":{"@id":"https:\/\/www.em.com.br\/emfoco\/2025\/12\/26\/esqueca-o-ar-condicionado-o-novo-climatizador-portatil-economiza-ate-70-de-energia\/#breadcrumb"},"inLanguage":"pt-BR","potentialAction":[{"@type":"ReadAction","target":["https:\/\/www.em.com.br\/emfoco\/2025\/12\/26\/esqueca-o-ar-condicionado-o-novo-climatizador-portatil-economiza-ate-70-de-energia\/"]}]},{"@type":"ImageObject","inLanguage":"pt-BR","@id":"https:\/\/www.em.com.br\/emfoco\/2025\/12\/26\/esqueca-o-ar-condicionado-o-novo-climatizador-portatil-economiza-ate-70-de-energia\/#primaryimage","url":"https:\/\/www.em.com.br\/emfoco\/wp-content\/uploads\/2025\/12\/IA-89.jpg","contentUrl":"https:\/\/www.em.com.br\/emfoco\/wp-content\/uploads\/2025\/12\/IA-89.jpg","width":1280,"height":720,"caption":"Climatizador port\u00e1til refresca ambientes reduzindo consumo de energia em at\u00e9 setenta por cento"},{"@type":"BreadcrumbList","@id":"https:\/\/www.em.com.br\/emfoco\/2025\/12\/26\/esqueca-o-ar-condicionado-o-novo-climatizador-portatil-economiza-ate-70-de-energia\/#breadcrumb","itemListElement":[{"@type":"ListItem","position":1,"name":"In\u00edcio","item":"https:\/\/www.em.com.br\/emfoco\/"},{"@type":"ListItem","position":2,"name":"Esque\u00e7a o ar-condicionado: o novo climatizador port\u00e1til economiza at\u00e9 70% de energia"}]},{"@type":"WebSite","@id":"https:\/\/www.em.com.br\/emfoco\/#website","url":"https:\/\/www.em.com.br\/emfoco\/","name":"Estado de Minas - Em foco","description":"Acompanhe as \u00faltimas not\u00edcias e fique bem informado sobre tudo o que acontece em Minas Gerais, Brasil e no mundo.","potentialAction":[{"@type":"SearchAction","target":{"@type":"EntryPoint","urlTemplate":"https:\/\/www.em.com.br\/emfoco\/?s={search_term_string}"},"query-input":{"@type":"PropertyValueSpecification","valueRequired":true,"valueName":"search_term_string"}}],"inLanguage":"pt-BR"},{"@type":"Person","@id":"https:\/\/www.em.com.br\/emfoco\/#\/schema\/person\/1c9ddeab18b98abeffef834667bcf08a","name":"Gabriel Martins","image":{"@type":"ImageObject","inLanguage":"pt-BR","@id":"https:\/\/www.em.com.br\/emfoco\/#\/schema\/person\/image\/","url":"https:\/\/secure.gravatar.com\/avatar\/f0f1e2efdfd88f1ad2cb08c5c2731e50?s=96&d=mm&r=g","contentUrl":"https:\/\/secure.gravatar.com\/avatar\/f0f1e2efdfd88f1ad2cb08c5c2731e50?s=96&d=mm&r=g","caption":"Gabriel Martins"},"sameAs":["https:\/\/www.em.com.br\/emfoco\/"],"url":"https:\/\/www.em.com.br\/emfoco\/author\/gabrielmartinsmyth\/"}]}},"_links":{"self":[{"href":"https:\/\/www.em.com.br\/emfoco\/wp-json\/wp\/v2\/posts\/145538","targetHints":{"allow":["GET"]}}],"collection":[{"href":"https:\/\/www.em.com.br\/emfoco\/wp-json\/wp\/v2\/posts"}],"about":[{"href":"https:\/\/www.em.com.br\/emfoco\/wp-json\/wp\/v2\/types\/post"}],"author":[{"embeddable":true,"href":"https:\/\/www.em.com.br\/emfoco\/wp-json\/wp\/v2\/users\/13"}],"replies":[{"embeddable":true,"href":"https:\/\/www.em.com.br\/emfoco\/wp-json\/wp\/v2\/comments?post=145538"}],"version-history":[{"count":1,"href":"https:\/\/www.em.com.br\/emfoco\/wp-json\/wp\/v2\/posts\/145538\/revisions"}],"predecessor-version":[{"id":145563,"href":"https:\/\/www.em.com.br\/emfoco\/wp-json\/wp\/v2\/posts\/145538\/revisions\/145563"}],"wp:featuredmedia":[{"embeddable":true,"href":"https:\/\/www.em.com.br\/emfoco\/wp-json\/wp\/v2\/media\/145560"}],"wp:attachment":[{"href":"https:\/\/www.em.com.br\/emfoco\/wp-json\/wp\/v2\/media?parent=145538"}],"wp:term":[{"taxonomy":"category","embeddable":true,"href":"https:\/\/www.em.com.br\/emfoco\/wp-json\/wp\/v2\/categories?post=145538"},{"taxonomy":"post_tag","embeddable":true,"href":"https:\/\/www.em.com.br\/emfoco\/wp-json\/wp\/v2\/tags?post=145538"}],"curies":[{"name":"wp","href":"https:\/\/api.w.org\/{rel}","templated":true}]}}