{"id":145528,"date":"2025-12-30T07:55:00","date_gmt":"2025-12-30T10:55:00","guid":{"rendered":"https:\/\/www.em.com.br\/emfoco\/?p=145528"},"modified":"2025-12-29T15:34:51","modified_gmt":"2025-12-29T18:34:51","slug":"bolsa-familia-pode-ser-cancelado-se-voce-nao-fizer-isso-agora","status":"publish","type":"post","link":"https:\/\/www.em.com.br\/emfoco\/2025\/12\/30\/bolsa-familia-pode-ser-cancelado-se-voce-nao-fizer-isso-agora\/","title":{"rendered":"Bolsa Fam\u00edlia pode ser cancelado se voc\u00ea n\u00e3o fizer isso agora"},"content":{"rendered":"\n<p>O Bolsa Fam\u00edlia segue em 2025 como um dos principais instrumentos de transfer\u00eancia de renda do pa\u00eds, garantindo um valor m\u00ednimo mensal para fam\u00edlias em situa\u00e7\u00e3o de vulnerabilidade, mas, para manter esse direito, \u00e9 essencial entender as regras, evitar erros no cadastro e cumprir as exig\u00eancias de sa\u00fade e educa\u00e7\u00e3o que o governo monitora constantemente.<\/p>\n\n\n\n<h2 class=\"wp-block-heading\">Quando o Bolsa Fam\u00edlia pode ser bloqueado ou cancelado<\/h2>\n\n\n\n<p>O benef\u00edcio pode ser bloqueado, suspenso ou cancelado quando o governo identifica irregularidades nos dados da fam\u00edlia ou descumprimento de regras. Isso ocorre por meio do cruzamento de informa\u00e7\u00f5es com cadastros sociais, v\u00ednculos formais de trabalho, aposentadorias, sistemas de sa\u00fade e educa\u00e7\u00e3o.<\/p>\n\n\n\n<p>Em muitos casos, o corte n\u00e3o \u00e9 imediato: primeiro pode haver advert\u00eancia ou bloqueio tempor\u00e1rio, mas, se o problema persistir, o cancelamento definitivo \u00e9 prov\u00e1vel. Por isso, \u00e9 fundamental acompanhar a situa\u00e7\u00e3o do benef\u00edcio com frequ\u00eancia, seja pelo aplicativo oficial, seja nos canais de atendimento do munic\u00edpio.<\/p>\n\n\n\n<figure class=\"wp-block-image\"><img decoding=\"async\" src=\"https:\/\/www.em.com.br\/emfoco\/wp-content\/uploads\/2025\/04\/beneficios-brasil_1745085323267-1024x576.jpg\" alt=\"\"\/><figcaption class=\"wp-element-caption\">Bolsa fam\u00edlia regras do governo &#8211; Cr\u00e9ditos: depositphotos.com \/ rafapress<\/figcaption><\/figure>\n\n\n\n<h2 class=\"wp-block-heading\">Quando o aumento de renda faz a fam\u00edlia perder o benef\u00edcio<\/h2>\n\n\n\n<p>Para ter direito ao programa <strong><a href=\"https:\/\/www.em.com.br\/emfoco\/2025\/12\/21\/muitos-nao-vao-receber-o-bolsa-familia-em-2026-por-esse-motivo\/\" target=\"_blank\" rel=\"noreferrer noopener\">Bolsa Fam\u00edlia<\/a><\/strong>, a renda mensal por pessoa da fam\u00edlia deve ser de at\u00e9 R$ 218, somando todos os ganhos e dividindo pelo n\u00famero de moradores. Se esse valor ultrapassa o limite de forma consistente, a fam\u00edlia deixa de ser considerada p\u00fablico-alvo, e o benef\u00edcio tende a ser encerrado ap\u00f3s an\u00e1lise.<\/p>\n\n\n\n<p>Existe, por\u00e9m, a chamada regra de prote\u00e7\u00e3o, que permite manter o benef\u00edcio reduzido por um tempo quando a renda aumenta levemente. Nesses casos, o aux\u00edlio pode ser pago com valor menor, ajudando na transi\u00e7\u00e3o at\u00e9 que a fam\u00edlia se estabilize financeiramente.<\/p>\n\n\n\n<ul class=\"wp-block-list\">\n<li>At\u00e9 R$ 218 por pessoa: fam\u00edlia permanece eleg\u00edvel, se cumprir as demais regras.<\/li>\n\n\n\n<li>Renda levemente acima do limite: pode entrar na regra de prote\u00e7\u00e3o, com valor reduzido.<\/li>\n\n\n\n<li>Renda bem superior ao crit\u00e9rio: benef\u00edcio \u00e9 analisado e pode ser cancelado.<\/li>\n<\/ul>\n\n\n\n<h2 class=\"wp-block-heading\">Por que manter o Cadastro \u00danico sempre atualizado<\/h2>\n\n\n\n<p>O<a href=\"https:\/\/www.gov.br\/pt-br\/servicos\/consultar-dados-do-cadastro-unico-cadunico\" target=\"_blank\" rel=\"noreferrer noopener\"> <strong>Cadastro \u00danico<\/strong><\/a><strong> <\/strong>\u00e9 a base oficial usada pelo governo para identificar e selecionar fam\u00edlias de baixa renda para o Bolsa Fam\u00edlia. Quando os dados est\u00e3o desatualizados ou inconsistentes, o sistema entende que h\u00e1 risco de irregularidade, podendo bloquear, suspender ou cancelar o benef\u00edcio at\u00e9 que tudo seja corrigido.<\/p>\n\n\n\n<p>Mudan\u00e7as como novo emprego, troca de endere\u00e7o, nascimento, morte ou sa\u00edda de algu\u00e9m da casa precisam ser informadas no <strong>CRAS<\/strong>, ou posto do Cad\u00danico. Em geral, quem fica mais de dois anos sem atualizar o cadastro entra em situa\u00e7\u00e3o de alerta, e informa\u00e7\u00f5es falsas ou omitidas podem levar ao cancelamento imediato.<\/p>\n\n\n\n<ol class=\"wp-block-list\">\n<li>Reunir documentos dos membros da fam\u00edlia (RG, CPF, comprovante de resid\u00eancia, entre outros).<\/li>\n\n\n\n<li>Procurar o CRAS ou posto de atendimento do Cad\u00danico da cidade.<\/li>\n\n\n\n<li>Informar qualquer mudan\u00e7a de renda, endere\u00e7o ou composi\u00e7\u00e3o familiar.<\/li>\n\n\n\n<li>Conferir se os dados registrados est\u00e3o corretos antes de finalizar o atendimento.<\/li>\n<\/ol>\n\n\n\n<h2 class=\"wp-block-heading\">Quais condicionalidades de sa\u00fade e educa\u00e7\u00e3o precisam ser seguidas<\/h2>\n\n\n\n<p>As condicionalidades do Bolsa Fam\u00edlia envolvem, principalmente, a frequ\u00eancia escolar de crian\u00e7as e adolescentes, o calend\u00e1rio de vacina\u00e7\u00e3o e o acompanhamento de gestantes e nutrizes. O objetivo \u00e9 garantir que, al\u00e9m da renda, as fam\u00edlias tenham acesso a direitos b\u00e1sicos que ajudam a quebrar o ciclo de pobreza.<\/p>\n\n\n\n<figure class=\"wp-block-image\"><img decoding=\"async\" src=\"https:\/\/www.em.com.br\/emfoco\/wp-content\/uploads\/2025\/03\/bolsa-familia-brasil_1742258508803-1024x576.jpg\" alt=\"\"\/><figcaption class=\"wp-element-caption\">Muita gente perde o Bolsa Fam\u00edlia sem perceber &#8211; Cr\u00e9ditos: depositphotos.com \/ joasouza<\/figcaption><\/figure>\n\n\n\n<p>Quando essas exig\u00eancias n\u00e3o s\u00e3o cumpridas de forma repetida, o sistema registra ocorr\u00eancias que podem gerar advert\u00eancia, bloqueio tempor\u00e1rio ou at\u00e9 o cancelamento do benef\u00edcio. Por isso, \u00e9 importante manter contato com a escola e a unidade de sa\u00fade para garantir que tudo esteja em dia.<\/p>\n\n\n\n<ul class=\"wp-block-list\">\n<li>Matr\u00edcula e frequ\u00eancia escolar monitoradas pela escola e pelo munic\u00edpio.<\/li>\n\n\n\n<li>Carteiras de vacina\u00e7\u00e3o atualizadas, especialmente na primeira inf\u00e2ncia.<\/li>\n\n\n\n<li>Consultas de pr\u00e9-natal e acompanhamento de sa\u00fade para gestantes e nutrizes.<\/li>\n<\/ul>\n\n\n\n<h2 class=\"wp-block-heading\">Quem tem direito hoje e como garantir a continuidade do Bolsa Fam\u00edlia<\/h2>\n\n\n\n<p>Em 2025, tem direito ao novo Bolsa Fam\u00edlia quem possui renda mensal de at\u00e9 R$ 218 por pessoa, est\u00e1 corretamente inscrito no Cad\u00danico e cumpre as condicionalidades de sa\u00fade e educa\u00e7\u00e3o. Os valores s\u00e3o ajustados conforme o perfil da fam\u00edlia, incluindo renda b\u00e1sica, complementos para atingir o m\u00ednimo por fam\u00edlia e adicionais para crian\u00e7as, gestantes, nutrizes e jovens.<\/p>\n\n\n\n<p>Se o Bolsa Fam\u00edlia \u00e9 essencial para a sua casa, n\u00e3o espere ter o benef\u00edcio bloqueado para agir: revise sua renda, atualize o Cadastro \u00danico, confirme a frequ\u00eancia escolar e o calend\u00e1rio de sa\u00fade hoje mesmo no CRAS ou pelo app oficial, garantindo a continuidade desse apoio que pode fazer a diferen\u00e7a entre ter ou n\u00e3o o b\u00e1sico no fim do m\u00eas.<\/p>\n\n\n\n<p><\/p>\n","protected":false},"excerpt":{"rendered":"<p>O Bolsa Fam\u00edlia segue em 2025 como um dos principais instrumentos de transfer\u00eancia de renda do pa\u00eds, garantindo um valor m\u00ednimo mensal para fam\u00edlias em situa\u00e7\u00e3o de vulnerabilidade, mas, para manter esse direito, \u00e9 essencial entender as regras, evitar erros no cadastro e cumprir as exig\u00eancias de sa\u00fade e educa\u00e7\u00e3o que o governo monitora constantemente. [&hellip;]<\/p>\n","protected":false},"author":11,"featured_media":147601,"comment_status":"open","ping_status":"open","sticky":false,"template":"","format":"standard","meta":{"jnews-multi-image_gallery":[],"jnews_single_post":{"format":"standard"},"jnews_primary_category":[],"jnews_social_meta":[],"jnews_override_counter":[],"footnotes":""},"categories":[28,1],"tags":[259,209,21534,346],"class_list":["post-145528","post","type-post","status-publish","format-standard","has-post-thumbnail","hentry","category-economia","category-noticias","tag-beneficio","tag-bolsa-familia","tag-bolsa-familia-pode-ser-bloqueado","tag-cadastro"],"yoast_head":"<!-- This site is optimized with the Yoast SEO plugin v23.8 - https:\/\/yoast.com\/wordpress\/plugins\/seo\/ -->\n<title>Bolsa Fam\u00edlia pode ser cancelado se voc\u00ea n\u00e3o fizer isso agora - Estado de Minas - Em foco<\/title>\n<meta name=\"description\" content=\"Bolsa Fam\u00edlia pode ser bloqueado por renda ou cadastro desatualizado. Saiba o que fazer para manter o benef\u00edcio ativo.\" \/>\n<meta name=\"robots\" content=\"index, follow, max-snippet:-1, max-image-preview:large, max-video-preview:-1\" \/>\n<link rel=\"canonical\" href=\"https:\/\/www.em.com.br\/emfoco\/2025\/12\/30\/bolsa-familia-pode-ser-cancelado-se-voce-nao-fizer-isso-agora\/\" \/>\n<meta property=\"og:locale\" content=\"pt_BR\" \/>\n<meta property=\"og:type\" content=\"article\" \/>\n<meta property=\"og:title\" content=\"Bolsa Fam\u00edlia pode ser cancelado se voc\u00ea n\u00e3o fizer isso agora - Estado de Minas - Em foco\" \/>\n<meta property=\"og:description\" content=\"Bolsa Fam\u00edlia pode ser bloqueado por renda ou cadastro desatualizado. Saiba o que fazer para manter o benef\u00edcio ativo.\" \/>\n<meta property=\"og:url\" content=\"https:\/\/www.em.com.br\/emfoco\/2025\/12\/30\/bolsa-familia-pode-ser-cancelado-se-voce-nao-fizer-isso-agora\/\" \/>\n<meta property=\"og:site_name\" content=\"Estado de Minas - Em foco\" \/>\n<meta property=\"article:published_time\" content=\"2025-12-30T10:55:00+00:00\" \/>\n<meta property=\"article:modified_time\" content=\"2025-12-29T18:34:51+00:00\" \/>\n<meta property=\"og:image\" content=\"https:\/\/www.em.com.br\/emfoco\/wp-content\/uploads\/2025\/12\/Gemini_Generated_Image_wbt787wbt787wbt7-1.png\" \/>\n\t<meta property=\"og:image:width\" content=\"1280\" \/>\n\t<meta property=\"og:image:height\" content=\"720\" \/>\n\t<meta property=\"og:image:type\" content=\"image\/png\" \/>\n<meta name=\"author\" content=\"Andre\u0301 Rangel\u00a0\" \/>\n<meta name=\"twitter:card\" content=\"summary_large_image\" \/>\n<meta name=\"twitter:label1\" content=\"Escrito por\" \/>\n\t<meta name=\"twitter:data1\" content=\"Andre\u0301 Rangel\u00a0\" \/>\n\t<meta name=\"twitter:label2\" content=\"Est. tempo de leitura\" \/>\n\t<meta name=\"twitter:data2\" content=\"5 minutos\" \/>\n<!-- \/ Yoast SEO plugin. -->","yoast_head_json":{"title":"Bolsa Fam\u00edlia pode ser cancelado se voc\u00ea n\u00e3o fizer isso agora - Estado de Minas - Em foco","description":"Bolsa Fam\u00edlia pode ser bloqueado por renda ou cadastro desatualizado. Saiba o que fazer para manter o benef\u00edcio ativo.","robots":{"index":"index","follow":"follow","max-snippet":"max-snippet:-1","max-image-preview":"max-image-preview:large","max-video-preview":"max-video-preview:-1"},"canonical":"https:\/\/www.em.com.br\/emfoco\/2025\/12\/30\/bolsa-familia-pode-ser-cancelado-se-voce-nao-fizer-isso-agora\/","og_locale":"pt_BR","og_type":"article","og_title":"Bolsa Fam\u00edlia pode ser cancelado se voc\u00ea n\u00e3o fizer isso agora - Estado de Minas - Em foco","og_description":"Bolsa Fam\u00edlia pode ser bloqueado por renda ou cadastro desatualizado. Saiba o que fazer para manter o benef\u00edcio ativo.","og_url":"https:\/\/www.em.com.br\/emfoco\/2025\/12\/30\/bolsa-familia-pode-ser-cancelado-se-voce-nao-fizer-isso-agora\/","og_site_name":"Estado de Minas - Em foco","article_published_time":"2025-12-30T10:55:00+00:00","article_modified_time":"2025-12-29T18:34:51+00:00","og_image":[{"width":1280,"height":720,"url":"https:\/\/www.em.com.br\/emfoco\/wp-content\/uploads\/2025\/12\/Gemini_Generated_Image_wbt787wbt787wbt7-1.png","type":"image\/png"}],"author":"Andre\u0301 Rangel\u00a0","twitter_card":"summary_large_image","twitter_misc":{"Escrito por":"Andre\u0301 Rangel\u00a0","Est. tempo de leitura":"5 minutos"},"schema":{"@context":"https:\/\/schema.org","@graph":[{"@type":"WebPage","@id":"https:\/\/www.em.com.br\/emfoco\/2025\/12\/30\/bolsa-familia-pode-ser-cancelado-se-voce-nao-fizer-isso-agora\/","url":"https:\/\/www.em.com.br\/emfoco\/2025\/12\/30\/bolsa-familia-pode-ser-cancelado-se-voce-nao-fizer-isso-agora\/","name":"Bolsa Fam\u00edlia pode ser cancelado se voc\u00ea n\u00e3o fizer isso agora - Estado de Minas - Em foco","isPartOf":{"@id":"https:\/\/www.em.com.br\/emfoco\/#website"},"primaryImageOfPage":{"@id":"https:\/\/www.em.com.br\/emfoco\/2025\/12\/30\/bolsa-familia-pode-ser-cancelado-se-voce-nao-fizer-isso-agora\/#primaryimage"},"image":{"@id":"https:\/\/www.em.com.br\/emfoco\/2025\/12\/30\/bolsa-familia-pode-ser-cancelado-se-voce-nao-fizer-isso-agora\/#primaryimage"},"thumbnailUrl":"https:\/\/www.em.com.br\/emfoco\/wp-content\/uploads\/2025\/12\/Gemini_Generated_Image_wbt787wbt787wbt7-1.png","datePublished":"2025-12-30T10:55:00+00:00","dateModified":"2025-12-29T18:34:51+00:00","author":{"@id":"https:\/\/www.em.com.br\/emfoco\/#\/schema\/person\/60eda09c1fedf0d6891f4cef4b60b8b8"},"description":"Bolsa Fam\u00edlia pode ser bloqueado por renda ou cadastro desatualizado. Saiba o que fazer para manter o benef\u00edcio ativo.","breadcrumb":{"@id":"https:\/\/www.em.com.br\/emfoco\/2025\/12\/30\/bolsa-familia-pode-ser-cancelado-se-voce-nao-fizer-isso-agora\/#breadcrumb"},"inLanguage":"pt-BR","potentialAction":[{"@type":"ReadAction","target":["https:\/\/www.em.com.br\/emfoco\/2025\/12\/30\/bolsa-familia-pode-ser-cancelado-se-voce-nao-fizer-isso-agora\/"]}]},{"@type":"ImageObject","inLanguage":"pt-BR","@id":"https:\/\/www.em.com.br\/emfoco\/2025\/12\/30\/bolsa-familia-pode-ser-cancelado-se-voce-nao-fizer-isso-agora\/#primaryimage","url":"https:\/\/www.em.com.br\/emfoco\/wp-content\/uploads\/2025\/12\/Gemini_Generated_Image_wbt787wbt787wbt7-1.png","contentUrl":"https:\/\/www.em.com.br\/emfoco\/wp-content\/uploads\/2025\/12\/Gemini_Generated_Image_wbt787wbt787wbt7-1.png","width":1280,"height":720,"caption":"Muita gente perde o Bolsa Fam\u00edlia sem perceber"},{"@type":"BreadcrumbList","@id":"https:\/\/www.em.com.br\/emfoco\/2025\/12\/30\/bolsa-familia-pode-ser-cancelado-se-voce-nao-fizer-isso-agora\/#breadcrumb","itemListElement":[{"@type":"ListItem","position":1,"name":"In\u00edcio","item":"https:\/\/www.em.com.br\/emfoco\/"},{"@type":"ListItem","position":2,"name":"Bolsa Fam\u00edlia pode ser cancelado se voc\u00ea n\u00e3o fizer isso agora"}]},{"@type":"WebSite","@id":"https:\/\/www.em.com.br\/emfoco\/#website","url":"https:\/\/www.em.com.br\/emfoco\/","name":"Estado de Minas - Em foco","description":"Acompanhe as \u00faltimas not\u00edcias e fique bem informado sobre tudo o que acontece em Minas Gerais, Brasil e no mundo.","potentialAction":[{"@type":"SearchAction","target":{"@type":"EntryPoint","urlTemplate":"https:\/\/www.em.com.br\/emfoco\/?s={search_term_string}"},"query-input":{"@type":"PropertyValueSpecification","valueRequired":true,"valueName":"search_term_string"}}],"inLanguage":"pt-BR"},{"@type":"Person","@id":"https:\/\/www.em.com.br\/emfoco\/#\/schema\/person\/60eda09c1fedf0d6891f4cef4b60b8b8","name":"Andre\u0301 Rangel\u00a0","image":{"@type":"ImageObject","inLanguage":"pt-BR","@id":"https:\/\/www.em.com.br\/emfoco\/#\/schema\/person\/image\/","url":"https:\/\/secure.gravatar.com\/avatar\/6234dc814c77c8ef6d8bba622c787efc?s=96&d=mm&r=g","contentUrl":"https:\/\/secure.gravatar.com\/avatar\/6234dc814c77c8ef6d8bba622c787efc?s=96&d=mm&r=g","caption":"Andre\u0301 Rangel\u00a0"},"url":"https:\/\/www.em.com.br\/emfoco\/author\/luizmyth\/"}]}},"_links":{"self":[{"href":"https:\/\/www.em.com.br\/emfoco\/wp-json\/wp\/v2\/posts\/145528","targetHints":{"allow":["GET"]}}],"collection":[{"href":"https:\/\/www.em.com.br\/emfoco\/wp-json\/wp\/v2\/posts"}],"about":[{"href":"https:\/\/www.em.com.br\/emfoco\/wp-json\/wp\/v2\/types\/post"}],"author":[{"embeddable":true,"href":"https:\/\/www.em.com.br\/emfoco\/wp-json\/wp\/v2\/users\/11"}],"replies":[{"embeddable":true,"href":"https:\/\/www.em.com.br\/emfoco\/wp-json\/wp\/v2\/comments?post=145528"}],"version-history":[{"count":6,"href":"https:\/\/www.em.com.br\/emfoco\/wp-json\/wp\/v2\/posts\/145528\/revisions"}],"predecessor-version":[{"id":147602,"href":"https:\/\/www.em.com.br\/emfoco\/wp-json\/wp\/v2\/posts\/145528\/revisions\/147602"}],"wp:featuredmedia":[{"embeddable":true,"href":"https:\/\/www.em.com.br\/emfoco\/wp-json\/wp\/v2\/media\/147601"}],"wp:attachment":[{"href":"https:\/\/www.em.com.br\/emfoco\/wp-json\/wp\/v2\/media?parent=145528"}],"wp:term":[{"taxonomy":"category","embeddable":true,"href":"https:\/\/www.em.com.br\/emfoco\/wp-json\/wp\/v2\/categories?post=145528"},{"taxonomy":"post_tag","embeddable":true,"href":"https:\/\/www.em.com.br\/emfoco\/wp-json\/wp\/v2\/tags?post=145528"}],"curies":[{"name":"wp","href":"https:\/\/api.w.org\/{rel}","templated":true}]}}