{"id":145503,"date":"2025-12-28T13:45:00","date_gmt":"2025-12-28T16:45:00","guid":{"rendered":"https:\/\/www.em.com.br\/emfoco\/?p=145503"},"modified":"2025-12-26T20:28:14","modified_gmt":"2025-12-26T23:28:14","slug":"simples-barato-e-chamativo-o-chinelo-amarelo-virou-peca-chave-do-verao","status":"publish","type":"post","link":"https:\/\/www.em.com.br\/emfoco\/2025\/12\/28\/simples-barato-e-chamativo-o-chinelo-amarelo-virou-peca-chave-do-verao\/","title":{"rendered":"Simples, barato e chamativo: o chinelo amarelo virou pe\u00e7a-chave do ver\u00e3o"},"content":{"rendered":"\n<p>Entre os modelos mais ic\u00f4nicos do guarda-roupa brasileiro, o&nbsp;<strong>chinelo amarelo<\/strong>&nbsp;se destaca pela combina\u00e7\u00e3o de conforto, estilo casual e impacto visual, marcando presen\u00e7a em produ\u00e7\u00f5es de praia, looks urbanos de clima quente e registros de street style nas redes sociais.<\/p>\n\n\n\n<h2 class=\"wp-block-heading\">O que o chinelo amarelo transmite no visual<\/h2>\n\n\n\n<p>A cor amarela \u00e9 associada \u00e0 luminosidade, leveza e energia, o que explica a popularidade do&nbsp;<strong>chinelo amarelo feminino<\/strong>&nbsp;e masculino nas esta\u00e7\u00f5es quentes. Visualmente, o tom cria um ponto de foco imediato na parte de baixo do corpo, chamando aten\u00e7\u00e3o com facilidade.<\/p>\n\n\n\n<p>Por isso, o chinelo amarelo funciona bem como destaque em produ\u00e7\u00f5es neutras ou como complemento em looks mais coloridos. Em ambos os casos, ele refor\u00e7a uma imagem descontra\u00edda, moderna e cheia de personalidade, indo al\u00e9m da praia e da piscina.<\/p>\n\n\n\n<h2 class=\"wp-block-heading\">Como combinar o chinelo amarelo com roupas e cores<\/h2>\n\n\n\n<p>Ao montar um look com sand\u00e1lia ou chinelo amarelo, muitas pessoas optam por roupas em tons cl\u00e1ssicos, como branco, bege, off-white, jeans azul e preto. Essas cores ajudam a equilibrar o brilho do amarelo, deixando o resultado mais harm\u00f4nico e f\u00e1cil de usar no dia a dia.<\/p>\n\n\n\n<figure class=\"wp-block-image size-large\"><img loading=\"lazy\" decoding=\"async\" width=\"1024\" height=\"576\" src=\"https:\/\/www.em.com.br\/emfoco\/wp-content\/uploads\/2025\/12\/Gemini_Generated_Image_bbgblgbbgblgbbgb-1-1024x576.png\" alt=\"Chinelo amarelo virou destaque nos looks de ver\u00e3o\" class=\"wp-image-146374\" srcset=\"https:\/\/www.em.com.br\/emfoco\/wp-content\/uploads\/2025\/12\/Gemini_Generated_Image_bbgblgbbgblgbbgb-1-1024x576.png 1024w, https:\/\/www.em.com.br\/emfoco\/wp-content\/uploads\/2025\/12\/Gemini_Generated_Image_bbgblgbbgblgbbgb-1-300x169.png 300w, https:\/\/www.em.com.br\/emfoco\/wp-content\/uploads\/2025\/12\/Gemini_Generated_Image_bbgblgbbgblgbbgb-1-768x432.png 768w, https:\/\/www.em.com.br\/emfoco\/wp-content\/uploads\/2025\/12\/Gemini_Generated_Image_bbgblgbbgblgbbgb-1-750x422.png 750w, https:\/\/www.em.com.br\/emfoco\/wp-content\/uploads\/2025\/12\/Gemini_Generated_Image_bbgblgbbgblgbbgb-1-1140x641.png 1140w, https:\/\/www.em.com.br\/emfoco\/wp-content\/uploads\/2025\/12\/Gemini_Generated_Image_bbgblgbbgblgbbgb-1.png 1280w\" sizes=\"auto, (max-width: 1024px) 100vw, 1024px\" \/><figcaption class=\"wp-element-caption\">Chinelo amarelo virou destaque nos looks de ver\u00e3o<\/figcaption><\/figure>\n\n\n\n<p>Outras preferem apostar em combina\u00e7\u00f5es com laranja, verde ou rosa, criando um visual marcante, ligado ao clima de ver\u00e3o e f\u00e9rias. Nesses casos, vale pensar em paletas de cores quentes ou tropicais para manter o conjunto coerente e estiloso.<\/p>\n\n\n\n<h2 class=\"wp-block-heading\">Como usar o chinelo amarelo no dia a dia sem exagerar<\/h2>\n\n\n\n<p>Uma das principais d\u00favidas de quem pensa em investir no&nbsp;<strong>chinelo amarelo Havaianas<\/strong>&nbsp;\u00e9 como inserir a pe\u00e7a em situa\u00e7\u00f5es reais al\u00e9m da praia. Alguns cuidados simples ajudam a equilibrar o visual e aproveitar o potencial da cor em passeios, viagens e momentos de descanso.<\/p>\n\n\n\n<p>Essas estrat\u00e9gias pr\u00e1ticas facilitam a constru\u00e7\u00e3o de looks confort\u00e1veis, atuais e sem excesso de informa\u00e7\u00e3o visual, mesmo em ambientes urbanos mais casuais:<\/p>\n\n\n\n<ul class=\"wp-block-list\">\n<li><strong>Combine com pe\u00e7as b\u00e1sicas:<\/strong>&nbsp;camisetas lisas, shorts jeans, saia de algod\u00e3o e vestidos retos criam base neutra para o chinelo amarelo brilhar.<\/li>\n\n\n\n<li><strong>Brinque com tons pr\u00f3ximos:<\/strong>&nbsp;bege, cru, marrom claro ou c\u00e1qui formam paleta terrosa em que o amarelo entra como ponto de luz.<\/li>\n\n\n\n<li><strong>Repita o amarelo em detalhes:<\/strong>&nbsp;bolsa pequena, len\u00e7o ou acess\u00f3rio de cabelo no mesmo tom alinham o conjunto sem pesar.<\/li>\n\n\n\n<li><strong>Considere o ambiente:<\/strong>&nbsp;chinelos seguem informais, ideais para lazer, viagens e locais descontra\u00eddos, n\u00e3o para situa\u00e7\u00f5es formais.<\/li>\n<\/ul>\n\n\n\n<h2 class=\"wp-block-heading\">Quais s\u00e3o os melhores looks com chinelo amarelo para o ver\u00e3o<\/h2>\n\n\n\n<p>No ver\u00e3o, o&nbsp;<strong>chinelo amarelo<\/strong>&nbsp;aparece em produ\u00e7\u00f5es ainda mais relaxadas, acompanhando biqu\u00ednis, mai\u00f4s, sa\u00eddas de praia e roupas soltas. A cor conversa bem com a luz intensa da esta\u00e7\u00e3o e com paisagens de areia e mar, mas tamb\u00e9m funciona em cen\u00e1rios urbanos, sobretudo em cidades litor\u00e2neas.<\/p>\n\n\n\n<figure class=\"wp-block-image size-large\"><img loading=\"lazy\" decoding=\"async\" width=\"1024\" height=\"576\" src=\"https:\/\/www.em.com.br\/emfoco\/wp-content\/uploads\/2025\/12\/Gemini_Generated_Image_b0r6qyb0r6qyb0r6-1-1024x576.png\" alt=\"Chinelo amarelo virou destaque nos looks de ver\u00e3o\" class=\"wp-image-146372\" srcset=\"https:\/\/www.em.com.br\/emfoco\/wp-content\/uploads\/2025\/12\/Gemini_Generated_Image_b0r6qyb0r6qyb0r6-1-1024x576.png 1024w, https:\/\/www.em.com.br\/emfoco\/wp-content\/uploads\/2025\/12\/Gemini_Generated_Image_b0r6qyb0r6qyb0r6-1-300x169.png 300w, https:\/\/www.em.com.br\/emfoco\/wp-content\/uploads\/2025\/12\/Gemini_Generated_Image_b0r6qyb0r6qyb0r6-1-768x432.png 768w, https:\/\/www.em.com.br\/emfoco\/wp-content\/uploads\/2025\/12\/Gemini_Generated_Image_b0r6qyb0r6qyb0r6-1-750x422.png 750w, https:\/\/www.em.com.br\/emfoco\/wp-content\/uploads\/2025\/12\/Gemini_Generated_Image_b0r6qyb0r6qyb0r6-1-1140x641.png 1140w, https:\/\/www.em.com.br\/emfoco\/wp-content\/uploads\/2025\/12\/Gemini_Generated_Image_b0r6qyb0r6qyb0r6-1.png 1280w\" sizes=\"auto, (max-width: 1024px) 100vw, 1024px\" \/><figcaption class=\"wp-element-caption\">Chinelo amarelo virou destaque nos looks de ver\u00e3o<\/figcaption><\/figure>\n\n\n\n<ol class=\"wp-block-list\">\n<li><strong>Look praia cl\u00e1ssico<\/strong>&nbsp;\u2013 biqu\u00edni ou mai\u00f4 liso, sa\u00edda de praia leve e chinelo amarelo, com \u00f3culos escuros e chap\u00e9u de palha para completar.<\/li>\n\n\n\n<li><strong>Produ\u00e7\u00e3o p\u00f3s-praia<\/strong>&nbsp;\u2013 vestido midi de algod\u00e3o, bolsa de palha estruturada e chinelo amarelo para caminhar pela orla com praticidade.<\/li>\n\n\n\n<li><strong>Visual urbano descomplicado<\/strong>&nbsp;\u2013 camiseta oversized, short jeans reto, bolsa transversal pequena e chinelo amarelo como ponto de cor.<\/li>\n\n\n\n<li><strong>Look colorido<\/strong>&nbsp;\u2013 short ou saia vibrante (laranja ou rosa), regata neutra e chinelo amarelo, seguindo uma paleta quente e divertida.<\/li>\n<\/ol>\n\n\n\n<h2 class=\"wp-block-heading\">Como cuidar do chinelo amarelo e aproveitar ao m\u00e1ximo<\/h2>\n\n\n\n<p>Por ser uma tonalidade clara e intensa, o&nbsp;<strong>chinelo amarelo<\/strong>&nbsp;evidencia sujeiras e manchas com facilidade, exigindo uma rotina simples de cuidados. Lavar com \u00e1gua e sab\u00e3o neutro, secar \u00e0 sombra e evitar superf\u00edcies \u00e1speras ajuda a preservar a cor vibrante por mais tempo.<\/p>\n\n\n\n<p>Se voc\u00ea quer que o chinelo siga com aspecto de novo por v\u00e1rias temporadas de calor, comece a cuidar dele desde o primeiro uso e monte seus looks agora mesmo. N\u00e3o espere o ver\u00e3o acabar: aproveite a versatilidade do chinelo amarelo hoje, teste combina\u00e7\u00f5es diferentes e transforme seus visuais casuais enquanto ainda d\u00e1 tempo de usar muito essa pe\u00e7a-chave.<\/p>\n\n\n\n<p><\/p>\n","protected":false},"excerpt":{"rendered":"<p>Entre os modelos mais ic\u00f4nicos do guarda-roupa brasileiro, o&nbsp;chinelo amarelo&nbsp;se destaca pela combina\u00e7\u00e3o de conforto, estilo casual e impacto visual, marcando presen\u00e7a em produ\u00e7\u00f5es de praia, looks urbanos de clima quente e registros de street style nas redes sociais. O que o chinelo amarelo transmite no visual A cor amarela \u00e9 associada \u00e0 luminosidade, leveza [&hellip;]<\/p>\n","protected":false},"author":11,"featured_media":146373,"comment_status":"open","ping_status":"open","sticky":false,"template":"","format":"standard","meta":{"jnews-multi-image_gallery":[],"jnews_single_post":{"format":"standard"},"jnews_primary_category":[],"jnews_social_meta":[],"jnews_override_counter":[],"footnotes":""},"categories":[8819,1],"tags":[21424,5318,1827],"class_list":["post-145503","post","type-post","status-publish","format-standard","has-post-thumbnail","hentry","category-curiosidades","category-noticias","tag-chinelo-amarelo","tag-estilo","tag-verao"],"yoast_head":"<!-- This site is optimized with the Yoast SEO plugin v23.8 - https:\/\/yoast.com\/wordpress\/plugins\/seo\/ -->\n<title>Simples, barato e chamativo: o chinelo amarelo virou pe\u00e7a-chave do ver\u00e3o - Estado de Minas - Em foco<\/title>\n<meta name=\"description\" content=\"Essa cor ganhou espa\u00e7o fora da praia e conquistou produ\u00e7\u00f5es urbanas. Entenda por que o chinelo amarelo funciona t\u00e3o bem.\" \/>\n<meta name=\"robots\" content=\"index, follow, max-snippet:-1, max-image-preview:large, max-video-preview:-1\" \/>\n<link rel=\"canonical\" href=\"https:\/\/www.em.com.br\/emfoco\/2025\/12\/28\/simples-barato-e-chamativo-o-chinelo-amarelo-virou-peca-chave-do-verao\/\" \/>\n<meta property=\"og:locale\" content=\"pt_BR\" \/>\n<meta property=\"og:type\" content=\"article\" \/>\n<meta property=\"og:title\" content=\"Simples, barato e chamativo: o chinelo amarelo virou pe\u00e7a-chave do ver\u00e3o - Estado de Minas - Em foco\" \/>\n<meta property=\"og:description\" content=\"Essa cor ganhou espa\u00e7o fora da praia e conquistou produ\u00e7\u00f5es urbanas. Entenda por que o chinelo amarelo funciona t\u00e3o bem.\" \/>\n<meta property=\"og:url\" content=\"https:\/\/www.em.com.br\/emfoco\/2025\/12\/28\/simples-barato-e-chamativo-o-chinelo-amarelo-virou-peca-chave-do-verao\/\" \/>\n<meta property=\"og:site_name\" content=\"Estado de Minas - Em foco\" \/>\n<meta property=\"article:published_time\" content=\"2025-12-28T16:45:00+00:00\" \/>\n<meta property=\"article:modified_time\" content=\"2025-12-26T23:28:14+00:00\" \/>\n<meta property=\"og:image\" content=\"https:\/\/www.em.com.br\/emfoco\/wp-content\/uploads\/2025\/12\/Gemini_Generated_Image_wkmm3fwkmm3fwkmm-1.png\" \/>\n\t<meta property=\"og:image:width\" content=\"1280\" \/>\n\t<meta property=\"og:image:height\" content=\"720\" \/>\n\t<meta property=\"og:image:type\" content=\"image\/png\" \/>\n<meta name=\"author\" content=\"Andre\u0301 Rangel\u00a0\" \/>\n<meta name=\"twitter:card\" content=\"summary_large_image\" \/>\n<meta name=\"twitter:label1\" content=\"Escrito por\" \/>\n\t<meta name=\"twitter:data1\" content=\"Andre\u0301 Rangel\u00a0\" \/>\n\t<meta name=\"twitter:label2\" content=\"Est. tempo de leitura\" \/>\n\t<meta name=\"twitter:data2\" content=\"5 minutos\" \/>\n<!-- \/ Yoast SEO plugin. -->","yoast_head_json":{"title":"Simples, barato e chamativo: o chinelo amarelo virou pe\u00e7a-chave do ver\u00e3o - Estado de Minas - Em foco","description":"Essa cor ganhou espa\u00e7o fora da praia e conquistou produ\u00e7\u00f5es urbanas. Entenda por que o chinelo amarelo funciona t\u00e3o bem.","robots":{"index":"index","follow":"follow","max-snippet":"max-snippet:-1","max-image-preview":"max-image-preview:large","max-video-preview":"max-video-preview:-1"},"canonical":"https:\/\/www.em.com.br\/emfoco\/2025\/12\/28\/simples-barato-e-chamativo-o-chinelo-amarelo-virou-peca-chave-do-verao\/","og_locale":"pt_BR","og_type":"article","og_title":"Simples, barato e chamativo: o chinelo amarelo virou pe\u00e7a-chave do ver\u00e3o - Estado de Minas - Em foco","og_description":"Essa cor ganhou espa\u00e7o fora da praia e conquistou produ\u00e7\u00f5es urbanas. Entenda por que o chinelo amarelo funciona t\u00e3o bem.","og_url":"https:\/\/www.em.com.br\/emfoco\/2025\/12\/28\/simples-barato-e-chamativo-o-chinelo-amarelo-virou-peca-chave-do-verao\/","og_site_name":"Estado de Minas - Em foco","article_published_time":"2025-12-28T16:45:00+00:00","article_modified_time":"2025-12-26T23:28:14+00:00","og_image":[{"width":1280,"height":720,"url":"https:\/\/www.em.com.br\/emfoco\/wp-content\/uploads\/2025\/12\/Gemini_Generated_Image_wkmm3fwkmm3fwkmm-1.png","type":"image\/png"}],"author":"Andre\u0301 Rangel\u00a0","twitter_card":"summary_large_image","twitter_misc":{"Escrito por":"Andre\u0301 Rangel\u00a0","Est. tempo de leitura":"5 minutos"},"schema":{"@context":"https:\/\/schema.org","@graph":[{"@type":"WebPage","@id":"https:\/\/www.em.com.br\/emfoco\/2025\/12\/28\/simples-barato-e-chamativo-o-chinelo-amarelo-virou-peca-chave-do-verao\/","url":"https:\/\/www.em.com.br\/emfoco\/2025\/12\/28\/simples-barato-e-chamativo-o-chinelo-amarelo-virou-peca-chave-do-verao\/","name":"Simples, barato e chamativo: o chinelo amarelo virou pe\u00e7a-chave do ver\u00e3o - Estado de Minas - Em foco","isPartOf":{"@id":"https:\/\/www.em.com.br\/emfoco\/#website"},"primaryImageOfPage":{"@id":"https:\/\/www.em.com.br\/emfoco\/2025\/12\/28\/simples-barato-e-chamativo-o-chinelo-amarelo-virou-peca-chave-do-verao\/#primaryimage"},"image":{"@id":"https:\/\/www.em.com.br\/emfoco\/2025\/12\/28\/simples-barato-e-chamativo-o-chinelo-amarelo-virou-peca-chave-do-verao\/#primaryimage"},"thumbnailUrl":"https:\/\/www.em.com.br\/emfoco\/wp-content\/uploads\/2025\/12\/Gemini_Generated_Image_wkmm3fwkmm3fwkmm-1.png","datePublished":"2025-12-28T16:45:00+00:00","dateModified":"2025-12-26T23:28:14+00:00","author":{"@id":"https:\/\/www.em.com.br\/emfoco\/#\/schema\/person\/60eda09c1fedf0d6891f4cef4b60b8b8"},"description":"Essa cor ganhou espa\u00e7o fora da praia e conquistou produ\u00e7\u00f5es urbanas. Entenda por que o chinelo amarelo funciona t\u00e3o bem.","breadcrumb":{"@id":"https:\/\/www.em.com.br\/emfoco\/2025\/12\/28\/simples-barato-e-chamativo-o-chinelo-amarelo-virou-peca-chave-do-verao\/#breadcrumb"},"inLanguage":"pt-BR","potentialAction":[{"@type":"ReadAction","target":["https:\/\/www.em.com.br\/emfoco\/2025\/12\/28\/simples-barato-e-chamativo-o-chinelo-amarelo-virou-peca-chave-do-verao\/"]}]},{"@type":"ImageObject","inLanguage":"pt-BR","@id":"https:\/\/www.em.com.br\/emfoco\/2025\/12\/28\/simples-barato-e-chamativo-o-chinelo-amarelo-virou-peca-chave-do-verao\/#primaryimage","url":"https:\/\/www.em.com.br\/emfoco\/wp-content\/uploads\/2025\/12\/Gemini_Generated_Image_wkmm3fwkmm3fwkmm-1.png","contentUrl":"https:\/\/www.em.com.br\/emfoco\/wp-content\/uploads\/2025\/12\/Gemini_Generated_Image_wkmm3fwkmm3fwkmm-1.png","width":1280,"height":720,"caption":"Chinelo amarelo virou destaque nos looks de ver\u00e3o"},{"@type":"BreadcrumbList","@id":"https:\/\/www.em.com.br\/emfoco\/2025\/12\/28\/simples-barato-e-chamativo-o-chinelo-amarelo-virou-peca-chave-do-verao\/#breadcrumb","itemListElement":[{"@type":"ListItem","position":1,"name":"In\u00edcio","item":"https:\/\/www.em.com.br\/emfoco\/"},{"@type":"ListItem","position":2,"name":"Simples, barato e chamativo: o chinelo amarelo virou pe\u00e7a-chave do ver\u00e3o"}]},{"@type":"WebSite","@id":"https:\/\/www.em.com.br\/emfoco\/#website","url":"https:\/\/www.em.com.br\/emfoco\/","name":"Estado de Minas - Em foco","description":"Acompanhe as \u00faltimas not\u00edcias e fique bem informado sobre tudo o que acontece em Minas Gerais, Brasil e no mundo.","potentialAction":[{"@type":"SearchAction","target":{"@type":"EntryPoint","urlTemplate":"https:\/\/www.em.com.br\/emfoco\/?s={search_term_string}"},"query-input":{"@type":"PropertyValueSpecification","valueRequired":true,"valueName":"search_term_string"}}],"inLanguage":"pt-BR"},{"@type":"Person","@id":"https:\/\/www.em.com.br\/emfoco\/#\/schema\/person\/60eda09c1fedf0d6891f4cef4b60b8b8","name":"Andre\u0301 Rangel\u00a0","image":{"@type":"ImageObject","inLanguage":"pt-BR","@id":"https:\/\/www.em.com.br\/emfoco\/#\/schema\/person\/image\/","url":"https:\/\/secure.gravatar.com\/avatar\/6234dc814c77c8ef6d8bba622c787efc?s=96&d=mm&r=g","contentUrl":"https:\/\/secure.gravatar.com\/avatar\/6234dc814c77c8ef6d8bba622c787efc?s=96&d=mm&r=g","caption":"Andre\u0301 Rangel\u00a0"},"url":"https:\/\/www.em.com.br\/emfoco\/author\/luizmyth\/"}]}},"_links":{"self":[{"href":"https:\/\/www.em.com.br\/emfoco\/wp-json\/wp\/v2\/posts\/145503","targetHints":{"allow":["GET"]}}],"collection":[{"href":"https:\/\/www.em.com.br\/emfoco\/wp-json\/wp\/v2\/posts"}],"about":[{"href":"https:\/\/www.em.com.br\/emfoco\/wp-json\/wp\/v2\/types\/post"}],"author":[{"embeddable":true,"href":"https:\/\/www.em.com.br\/emfoco\/wp-json\/wp\/v2\/users\/11"}],"replies":[{"embeddable":true,"href":"https:\/\/www.em.com.br\/emfoco\/wp-json\/wp\/v2\/comments?post=145503"}],"version-history":[{"count":4,"href":"https:\/\/www.em.com.br\/emfoco\/wp-json\/wp\/v2\/posts\/145503\/revisions"}],"predecessor-version":[{"id":146375,"href":"https:\/\/www.em.com.br\/emfoco\/wp-json\/wp\/v2\/posts\/145503\/revisions\/146375"}],"wp:featuredmedia":[{"embeddable":true,"href":"https:\/\/www.em.com.br\/emfoco\/wp-json\/wp\/v2\/media\/146373"}],"wp:attachment":[{"href":"https:\/\/www.em.com.br\/emfoco\/wp-json\/wp\/v2\/media?parent=145503"}],"wp:term":[{"taxonomy":"category","embeddable":true,"href":"https:\/\/www.em.com.br\/emfoco\/wp-json\/wp\/v2\/categories?post=145503"},{"taxonomy":"post_tag","embeddable":true,"href":"https:\/\/www.em.com.br\/emfoco\/wp-json\/wp\/v2\/tags?post=145503"}],"curies":[{"name":"wp","href":"https:\/\/api.w.org\/{rel}","templated":true}]}}