{"id":145496,"date":"2025-12-26T12:35:00","date_gmt":"2025-12-26T15:35:00","guid":{"rendered":"https:\/\/www.em.com.br\/emfoco\/?p=145496"},"modified":"2025-12-24T12:54:25","modified_gmt":"2025-12-24T15:54:25","slug":"quem-faz-bico-precisa-emitir-nota-em-2026-entenda-antes-de-cometer-um-erro-caro","status":"publish","type":"post","link":"https:\/\/www.em.com.br\/emfoco\/2025\/12\/26\/quem-faz-bico-precisa-emitir-nota-em-2026-entenda-antes-de-cometer-um-erro-caro\/","title":{"rendered":"Quem faz bico precisa emitir nota em 2026? Entenda antes de cometer um erro caro"},"content":{"rendered":"\n<h2 class=\"wp-block-heading\">A NFS-e nacional entra em vigor em 2026 para unificar notas de servi\u00e7os. A obriga\u00e7\u00e3o atinge prestadores frequentes, servi\u00e7os para empresas e contratos p\u00fablicos; bicos ocasionais continuam dispensados de formaliza\u00e7\u00e3o e emiss\u00e3o.<\/h2>\n\n\n\n<p>A chegada da <strong>nota fiscal de servi\u00e7o eletr\u00f4nica nacional<\/strong> em 2026 gerou d\u00favidas e medo entre trabalhadores informais. Apesar do que circula nas redes, a mudan\u00e7a n\u00e3o transforma todo \u201cbico\u201d em empresa. Entender quem ser\u00e1 afetado evita erros e decis\u00f5es precipitadas.<\/p>\n\n\n\n<h2 class=\"wp-block-heading\">O que muda com a nota fiscal de servi\u00e7o nacional em 2026?<\/h2>\n\n\n\n<p>A partir de janeiro de 2026, entra em vigor a <strong><a href=\"https:\/\/www.gov.br\/receitafederal\/pt-br\/assuntos\/noticias\/2025\/agosto\/nota-fiscal-de-servico-eletronica-nfs-e-padrao-nacional-para-simplificar-o-cotidiano-das-empresas\" target=\"_blank\" rel=\"noreferrer noopener\">NFS-e em padr\u00e3o nacional<\/a><\/strong>, prevista na reforma tribut\u00e1ria. O objetivo \u00e9 unificar sistemas municipais, substituir modelos diferentes e criar um registro \u00fanico para presta\u00e7\u00e3o de servi\u00e7os em todo o pa\u00eds.<\/p>\n\n\n\n<p>Na pr\u00e1tica, a mudan\u00e7a atinge mais a burocracia do que o trabalhador comum. A <strong>padroniza\u00e7\u00e3o fiscal<\/strong> facilita controle para governos e empresas, mas n\u00e3o cria automaticamente novas obriga\u00e7\u00f5es para quem presta servi\u00e7os espor\u00e1dicos ou eventuais.<\/p>\n\n\n\n<figure class=\"wp-block-image size-large\"><img loading=\"lazy\" decoding=\"async\" width=\"1024\" height=\"576\" src=\"https:\/\/www.em.com.br\/emfoco\/wp-content\/uploads\/2025\/12\/IA-1-67-1024x576.jpg\" alt=\"Quem faz bico precisa emitir nota em 2026? Entenda antes de cometer um erro caro\" class=\"wp-image-145509\" srcset=\"https:\/\/www.em.com.br\/emfoco\/wp-content\/uploads\/2025\/12\/IA-1-67-1024x576.jpg 1024w, https:\/\/www.em.com.br\/emfoco\/wp-content\/uploads\/2025\/12\/IA-1-67-300x169.jpg 300w, https:\/\/www.em.com.br\/emfoco\/wp-content\/uploads\/2025\/12\/IA-1-67-768x432.jpg 768w, https:\/\/www.em.com.br\/emfoco\/wp-content\/uploads\/2025\/12\/IA-1-67-750x422.jpg 750w, https:\/\/www.em.com.br\/emfoco\/wp-content\/uploads\/2025\/12\/IA-1-67-1140x641.jpg 1140w, https:\/\/www.em.com.br\/emfoco\/wp-content\/uploads\/2025\/12\/IA-1-67.jpg 1280w\" sizes=\"auto, (max-width: 1024px) 100vw, 1024px\" \/><figcaption class=\"wp-element-caption\">NFS-e unifica sistemas municipais sem criar novas obriga\u00e7\u00f5es imediatas<\/figcaption><\/figure>\n\n\n\n<h2 class=\"wp-block-heading\">Quem realmente ser\u00e1 obrigado a emitir nota fiscal?<\/h2>\n\n\n\n<p>A exig\u00eancia se concentra em prestadores de servi\u00e7os frequentes, especialmente quando atendem empresas, condom\u00ednios ou o setor p\u00fablico. Nesses casos, a nota passa a ser o \u00fanico comprovante aceito. Os principais grupos impactados s\u00e3o os seguintes.<\/p>\n\n\n\n<ul class=\"wp-block-list\">\n<li><strong>Prestadores recorrentes<\/strong>: quem trabalha com regularidade e renda cont\u00ednua.<\/li>\n\n\n\n<li><strong>Servi\u00e7os para empresas<\/strong>: pessoas f\u00edsicas contratadas por pessoas jur\u00eddicas.<\/li>\n\n\n\n<li><strong>Contratos p\u00fablicos<\/strong>: servi\u00e7os pagos por \u00f3rg\u00e3os governamentais.<\/li>\n<\/ul>\n\n\n\n<h2 class=\"wp-block-heading\">Quem faz bico ocasional precisa se formalizar?<\/h2>\n\n\n\n<p>N\u00e3o. Quem realiza um trabalho pontual, sem habitualidade, continua fora da obrigatoriedade. Um conserto isolado, limpeza eventual ou ajuda espor\u00e1dica n\u00e3o configuram <strong>atividade econ\u00f4mica organizada<\/strong> aos olhos da lei.<\/p>\n\n\n\n<p>O que muda \u00e9 que <strong>recibos informais<\/strong> perdem validade para empresas. Para pessoas f\u00edsicas, nada se altera. A regra segue clara: quanto maior a frequ\u00eancia e a estrutura do servi\u00e7o, maior a chance de exigir formaliza\u00e7\u00e3o.<\/p>\n\n\n\n<figure class=\"wp-block-image size-large\"><img loading=\"lazy\" decoding=\"async\" width=\"1024\" height=\"576\" src=\"https:\/\/www.em.com.br\/emfoco\/wp-content\/uploads\/2025\/12\/IA-2-60-1024x576.jpg\" alt=\"Quem faz bico precisa emitir nota em 2026? Entenda antes de cometer um erro caro\" class=\"wp-image-145510\" srcset=\"https:\/\/www.em.com.br\/emfoco\/wp-content\/uploads\/2025\/12\/IA-2-60-1024x576.jpg 1024w, https:\/\/www.em.com.br\/emfoco\/wp-content\/uploads\/2025\/12\/IA-2-60-300x169.jpg 300w, https:\/\/www.em.com.br\/emfoco\/wp-content\/uploads\/2025\/12\/IA-2-60-768x432.jpg 768w, https:\/\/www.em.com.br\/emfoco\/wp-content\/uploads\/2025\/12\/IA-2-60-750x422.jpg 750w, https:\/\/www.em.com.br\/emfoco\/wp-content\/uploads\/2025\/12\/IA-2-60-1140x641.jpg 1140w, https:\/\/www.em.com.br\/emfoco\/wp-content\/uploads\/2025\/12\/IA-2-60.jpg 1280w\" sizes=\"auto, (max-width: 1024px) 100vw, 1024px\" \/><figcaption class=\"wp-element-caption\">Trabalho eventual permanece fora da exig\u00eancia de nota fiscal<\/figcaption><\/figure>\n\n\n\n<p><em>Leia mais: <strong><a href=\"https:\/\/www.em.com.br\/emfoco\/2025\/12\/24\/mudanca-no-bpc-pode-beneficiar-milhoes-veja-se-voce-sera-incluido-com-as-novas-regras\/\" target=\"_blank\" rel=\"noreferrer noopener\">Mudan\u00e7a no BPC pode beneficiar milh\u00f5es: veja se voc\u00ea ser\u00e1 inclu\u00eddo com as novas regras<\/a><\/strong><\/em><\/p>\n\n\n\n<h2 class=\"wp-block-heading\">O que acontece com quem j\u00e1 \u00e9 MEI?<\/h2>\n\n\n\n<p>Para o microempreendedor individual, a mudan\u00e7a tende a simplificar. O MEI j\u00e1 pode emitir nota fiscal e seguir\u00e1 com essa obriga\u00e7\u00e3o ao atender empresas. A diferen\u00e7a \u00e9 o acesso a um sistema \u00fanico, sem cadastros municipais diferentes, como mostrado abaixo.<\/p>\n\n\n\n<ul class=\"wp-block-list\">\n<li><strong>Sistema unificado<\/strong>: emiss\u00e3o v\u00e1lida em todo o territ\u00f3rio nacional.<\/li>\n\n\n\n<li><strong>Menos burocracia<\/strong>: fim de cadastros em v\u00e1rios munic\u00edpios.<\/li>\n\n\n\n<li><strong>Mesmas regras<\/strong>: sem altera\u00e7\u00e3o no limite de faturamento.<\/li>\n<\/ul>\n\n\n\n<h2 class=\"wp-block-heading\">O que \u00e9 recomend\u00e1vel fazer antes de 2026?<\/h2>\n\n\n\n<p>Quem presta servi\u00e7os com frequ\u00eancia deve avaliar a <strong>formaliza\u00e7\u00e3o como MEI<\/strong>, entender custos, obriga\u00e7\u00f5es e benef\u00edcios. Planejamento evita multas, perda de contratos e problemas com fiscaliza\u00e7\u00e3o futura.<\/p>\n\n\n\n<p>A nova NFS-e organiza o sistema tribut\u00e1rio, mas n\u00e3o obriga ningu\u00e9m a mudar de vida profissional da noite para o dia. Informa\u00e7\u00e3o correta permite decidir com calma, proteger a renda e usar a <strong>nova regra a favor do pr\u00f3prio bolso<\/strong>.<\/p>\n","protected":false},"excerpt":{"rendered":"<p>A NFS-e nacional entra em vigor em 2026 para unificar notas de servi\u00e7os. A obriga\u00e7\u00e3o atinge prestadores frequentes, servi\u00e7os para empresas e contratos p\u00fablicos; bicos ocasionais continuam dispensados de formaliza\u00e7\u00e3o e emiss\u00e3o. A chegada da nota fiscal de servi\u00e7o eletr\u00f4nica nacional em 2026 gerou d\u00favidas e medo entre trabalhadores informais. Apesar do que circula nas [&hellip;]<\/p>\n","protected":false},"author":13,"featured_media":145508,"comment_status":"open","ping_status":"open","sticky":false,"template":"","format":"standard","meta":{"jnews-multi-image_gallery":[],"jnews_single_post":{"format":"standard"},"jnews_primary_category":[],"jnews_social_meta":[],"jnews_override_counter":[],"footnotes":""},"categories":[28],"tags":[21323,2876,21329],"class_list":["post-145496","post","type-post","status-publish","format-standard","has-post-thumbnail","hentry","category-economia","tag-bico","tag-impostos","tag-nota-de-servico"],"yoast_head":"<!-- This site is optimized with the Yoast SEO plugin v23.8 - https:\/\/yoast.com\/wordpress\/plugins\/seo\/ -->\n<title>Quem faz bico precisa emitir nota em 2026? Entenda antes de cometer um erro caro - Estado de Minas - Em foco<\/title>\n<meta name=\"description\" content=\"Nova nota fiscal nacional de 2026 gera medo entre informais, mas quem faz bico pontual continua fora da obrigatoriedade.\" \/>\n<meta name=\"robots\" content=\"index, follow, max-snippet:-1, max-image-preview:large, max-video-preview:-1\" \/>\n<link rel=\"canonical\" href=\"https:\/\/www.em.com.br\/emfoco\/2025\/12\/26\/quem-faz-bico-precisa-emitir-nota-em-2026-entenda-antes-de-cometer-um-erro-caro\/\" \/>\n<meta property=\"og:locale\" content=\"pt_BR\" \/>\n<meta property=\"og:type\" content=\"article\" \/>\n<meta property=\"og:title\" content=\"Quem faz bico precisa emitir nota em 2026? Entenda antes de cometer um erro caro - Estado de Minas - Em foco\" \/>\n<meta property=\"og:description\" content=\"Nova nota fiscal nacional de 2026 gera medo entre informais, mas quem faz bico pontual continua fora da obrigatoriedade.\" \/>\n<meta property=\"og:url\" content=\"https:\/\/www.em.com.br\/emfoco\/2025\/12\/26\/quem-faz-bico-precisa-emitir-nota-em-2026-entenda-antes-de-cometer-um-erro-caro\/\" \/>\n<meta property=\"og:site_name\" content=\"Estado de Minas - Em foco\" \/>\n<meta property=\"article:published_time\" content=\"2025-12-26T15:35:00+00:00\" \/>\n<meta property=\"article:modified_time\" content=\"2025-12-24T15:54:25+00:00\" \/>\n<meta property=\"og:image\" content=\"https:\/\/www.em.com.br\/emfoco\/wp-content\/uploads\/2025\/12\/IA-85.jpg\" \/>\n\t<meta property=\"og:image:width\" content=\"1280\" \/>\n\t<meta property=\"og:image:height\" content=\"720\" \/>\n\t<meta property=\"og:image:type\" content=\"image\/jpeg\" \/>\n<meta name=\"author\" content=\"Gabriel Martins\" \/>\n<meta name=\"twitter:card\" content=\"summary_large_image\" \/>\n<meta name=\"twitter:label1\" content=\"Escrito por\" \/>\n\t<meta name=\"twitter:data1\" content=\"Gabriel Martins\" \/>\n\t<meta name=\"twitter:label2\" content=\"Est. tempo de leitura\" \/>\n\t<meta name=\"twitter:data2\" content=\"4 minutos\" \/>\n<!-- \/ Yoast SEO plugin. -->","yoast_head_json":{"title":"Quem faz bico precisa emitir nota em 2026? Entenda antes de cometer um erro caro - Estado de Minas - Em foco","description":"Nova nota fiscal nacional de 2026 gera medo entre informais, mas quem faz bico pontual continua fora da obrigatoriedade.","robots":{"index":"index","follow":"follow","max-snippet":"max-snippet:-1","max-image-preview":"max-image-preview:large","max-video-preview":"max-video-preview:-1"},"canonical":"https:\/\/www.em.com.br\/emfoco\/2025\/12\/26\/quem-faz-bico-precisa-emitir-nota-em-2026-entenda-antes-de-cometer-um-erro-caro\/","og_locale":"pt_BR","og_type":"article","og_title":"Quem faz bico precisa emitir nota em 2026? Entenda antes de cometer um erro caro - Estado de Minas - Em foco","og_description":"Nova nota fiscal nacional de 2026 gera medo entre informais, mas quem faz bico pontual continua fora da obrigatoriedade.","og_url":"https:\/\/www.em.com.br\/emfoco\/2025\/12\/26\/quem-faz-bico-precisa-emitir-nota-em-2026-entenda-antes-de-cometer-um-erro-caro\/","og_site_name":"Estado de Minas - Em foco","article_published_time":"2025-12-26T15:35:00+00:00","article_modified_time":"2025-12-24T15:54:25+00:00","og_image":[{"width":1280,"height":720,"url":"https:\/\/www.em.com.br\/emfoco\/wp-content\/uploads\/2025\/12\/IA-85.jpg","type":"image\/jpeg"}],"author":"Gabriel Martins","twitter_card":"summary_large_image","twitter_misc":{"Escrito por":"Gabriel Martins","Est. tempo de leitura":"4 minutos"},"schema":{"@context":"https:\/\/schema.org","@graph":[{"@type":"WebPage","@id":"https:\/\/www.em.com.br\/emfoco\/2025\/12\/26\/quem-faz-bico-precisa-emitir-nota-em-2026-entenda-antes-de-cometer-um-erro-caro\/","url":"https:\/\/www.em.com.br\/emfoco\/2025\/12\/26\/quem-faz-bico-precisa-emitir-nota-em-2026-entenda-antes-de-cometer-um-erro-caro\/","name":"Quem faz bico precisa emitir nota em 2026? Entenda antes de cometer um erro caro - Estado de Minas - Em foco","isPartOf":{"@id":"https:\/\/www.em.com.br\/emfoco\/#website"},"primaryImageOfPage":{"@id":"https:\/\/www.em.com.br\/emfoco\/2025\/12\/26\/quem-faz-bico-precisa-emitir-nota-em-2026-entenda-antes-de-cometer-um-erro-caro\/#primaryimage"},"image":{"@id":"https:\/\/www.em.com.br\/emfoco\/2025\/12\/26\/quem-faz-bico-precisa-emitir-nota-em-2026-entenda-antes-de-cometer-um-erro-caro\/#primaryimage"},"thumbnailUrl":"https:\/\/www.em.com.br\/emfoco\/wp-content\/uploads\/2025\/12\/IA-85.jpg","datePublished":"2025-12-26T15:35:00+00:00","dateModified":"2025-12-24T15:54:25+00:00","author":{"@id":"https:\/\/www.em.com.br\/emfoco\/#\/schema\/person\/1c9ddeab18b98abeffef834667bcf08a"},"description":"Nova nota fiscal nacional de 2026 gera medo entre informais, mas quem faz bico pontual continua fora da obrigatoriedade.","breadcrumb":{"@id":"https:\/\/www.em.com.br\/emfoco\/2025\/12\/26\/quem-faz-bico-precisa-emitir-nota-em-2026-entenda-antes-de-cometer-um-erro-caro\/#breadcrumb"},"inLanguage":"pt-BR","potentialAction":[{"@type":"ReadAction","target":["https:\/\/www.em.com.br\/emfoco\/2025\/12\/26\/quem-faz-bico-precisa-emitir-nota-em-2026-entenda-antes-de-cometer-um-erro-caro\/"]}]},{"@type":"ImageObject","inLanguage":"pt-BR","@id":"https:\/\/www.em.com.br\/emfoco\/2025\/12\/26\/quem-faz-bico-precisa-emitir-nota-em-2026-entenda-antes-de-cometer-um-erro-caro\/#primaryimage","url":"https:\/\/www.em.com.br\/emfoco\/wp-content\/uploads\/2025\/12\/IA-85.jpg","contentUrl":"https:\/\/www.em.com.br\/emfoco\/wp-content\/uploads\/2025\/12\/IA-85.jpg","width":1280,"height":720,"caption":"Nota fiscal de servi\u00e7o nacional n\u00e3o obriga bicos ocasionais em 2026"},{"@type":"BreadcrumbList","@id":"https:\/\/www.em.com.br\/emfoco\/2025\/12\/26\/quem-faz-bico-precisa-emitir-nota-em-2026-entenda-antes-de-cometer-um-erro-caro\/#breadcrumb","itemListElement":[{"@type":"ListItem","position":1,"name":"In\u00edcio","item":"https:\/\/www.em.com.br\/emfoco\/"},{"@type":"ListItem","position":2,"name":"Quem faz bico precisa emitir nota em 2026? Entenda antes de cometer um erro caro"}]},{"@type":"WebSite","@id":"https:\/\/www.em.com.br\/emfoco\/#website","url":"https:\/\/www.em.com.br\/emfoco\/","name":"Estado de Minas - Em foco","description":"Acompanhe as \u00faltimas not\u00edcias e fique bem informado sobre tudo o que acontece em Minas Gerais, Brasil e no mundo.","potentialAction":[{"@type":"SearchAction","target":{"@type":"EntryPoint","urlTemplate":"https:\/\/www.em.com.br\/emfoco\/?s={search_term_string}"},"query-input":{"@type":"PropertyValueSpecification","valueRequired":true,"valueName":"search_term_string"}}],"inLanguage":"pt-BR"},{"@type":"Person","@id":"https:\/\/www.em.com.br\/emfoco\/#\/schema\/person\/1c9ddeab18b98abeffef834667bcf08a","name":"Gabriel Martins","image":{"@type":"ImageObject","inLanguage":"pt-BR","@id":"https:\/\/www.em.com.br\/emfoco\/#\/schema\/person\/image\/","url":"https:\/\/secure.gravatar.com\/avatar\/f0f1e2efdfd88f1ad2cb08c5c2731e50?s=96&d=mm&r=g","contentUrl":"https:\/\/secure.gravatar.com\/avatar\/f0f1e2efdfd88f1ad2cb08c5c2731e50?s=96&d=mm&r=g","caption":"Gabriel Martins"},"sameAs":["https:\/\/www.em.com.br\/emfoco\/"],"url":"https:\/\/www.em.com.br\/emfoco\/author\/gabrielmartinsmyth\/"}]}},"_links":{"self":[{"href":"https:\/\/www.em.com.br\/emfoco\/wp-json\/wp\/v2\/posts\/145496","targetHints":{"allow":["GET"]}}],"collection":[{"href":"https:\/\/www.em.com.br\/emfoco\/wp-json\/wp\/v2\/posts"}],"about":[{"href":"https:\/\/www.em.com.br\/emfoco\/wp-json\/wp\/v2\/types\/post"}],"author":[{"embeddable":true,"href":"https:\/\/www.em.com.br\/emfoco\/wp-json\/wp\/v2\/users\/13"}],"replies":[{"embeddable":true,"href":"https:\/\/www.em.com.br\/emfoco\/wp-json\/wp\/v2\/comments?post=145496"}],"version-history":[{"count":1,"href":"https:\/\/www.em.com.br\/emfoco\/wp-json\/wp\/v2\/posts\/145496\/revisions"}],"predecessor-version":[{"id":145511,"href":"https:\/\/www.em.com.br\/emfoco\/wp-json\/wp\/v2\/posts\/145496\/revisions\/145511"}],"wp:featuredmedia":[{"embeddable":true,"href":"https:\/\/www.em.com.br\/emfoco\/wp-json\/wp\/v2\/media\/145508"}],"wp:attachment":[{"href":"https:\/\/www.em.com.br\/emfoco\/wp-json\/wp\/v2\/media?parent=145496"}],"wp:term":[{"taxonomy":"category","embeddable":true,"href":"https:\/\/www.em.com.br\/emfoco\/wp-json\/wp\/v2\/categories?post=145496"},{"taxonomy":"post_tag","embeddable":true,"href":"https:\/\/www.em.com.br\/emfoco\/wp-json\/wp\/v2\/tags?post=145496"}],"curies":[{"name":"wp","href":"https:\/\/api.w.org\/{rel}","templated":true}]}}