{"id":145428,"date":"2025-12-27T21:35:00","date_gmt":"2025-12-28T00:35:00","guid":{"rendered":"https:\/\/www.em.com.br\/emfoco\/?p=145428"},"modified":"2025-12-26T15:52:09","modified_gmt":"2025-12-26T18:52:09","slug":"o-fim-dos-carrinhos-de-supermercado-tradicionais-veja-como-eles-serao-a-partir-de-2026","status":"publish","type":"post","link":"https:\/\/www.em.com.br\/emfoco\/2025\/12\/27\/o-fim-dos-carrinhos-de-supermercado-tradicionais-veja-como-eles-serao-a-partir-de-2026\/","title":{"rendered":"O fim dos carrinhos de supermercado tradicionais: veja como eles ser\u00e3o a partir de 2026"},"content":{"rendered":"\n<p>A exig\u00eancia de inserir uma moeda para liberar o carrinho de supermercado na <strong>Espanha <\/strong>est\u00e1 sendo substitu\u00edda por solu\u00e7\u00f5es digitais com NFC e c\u00f3digos QR, que permitem desbloquear o carrinho, registrar produtos e at\u00e9 pagar direto pelo celular, sem passar no caixa, acompanhando a digitaliza\u00e7\u00e3o dos meios de pagamento e o uso massivo de smartphones no pa\u00eds.<\/p>\n\n\n\n<h2 class=\"wp-block-heading\">Como funcionam na pr\u00e1tica os carrinhos inteligentes com NFC e QR<\/h2>\n\n\n\n<p>O funcionamento b\u00e1sico dos&nbsp;<strong>carrinhos inteligentes<\/strong>&nbsp;\u00e9 simples e r\u00e1pido. Na entrada do <a href=\"https:\/\/www.em.com.br\/emfoco\/2025\/12\/18\/supermercados-passam-a-vender-alimentos-com-pagamento-parcelado-no-cartao-ampliando-o-uso-do-credito-no-consumo-basico-e-revelando-mudancas-profundas-no-comportamento-financeiro-das-familias-brasilei\/\" target=\"_blank\" rel=\"noreferrer noopener\">supermercado<\/a>, o consumidor aproxima o celular de um leitor&nbsp;<strong>NFC<\/strong>&nbsp;ou escaneia um&nbsp;<strong>c\u00f3digo QR<\/strong>&nbsp;preso ao carrinho, que identifica o usu\u00e1rio e associa o carrinho \u00e0 sua conta ou m\u00e9todo de pagamento.<\/p>\n\n\n\n<p>Nesse momento, o sistema registra uma cau\u00e7\u00e3o digital equivalente \u00e0 antiga moeda f\u00edsica usada para destravar o equipamento. Durante as compras, os produtos s\u00e3o registrados por sensores, c\u00e2meras ou pelo escaneamento de c\u00f3digos de barras no pr\u00f3prio celular, e o pagamento \u00e9 conclu\u00eddo via NFC ou QR, sem filas no caixa.<\/p>\n\n\n\n<figure class=\"wp-block-image size-large\"><img loading=\"lazy\" decoding=\"async\" width=\"1024\" height=\"576\" src=\"https:\/\/www.em.com.br\/emfoco\/wp-content\/uploads\/2025\/12\/Gemini_Generated_Image_b2fo04b2fo04b2fo-1-1024x576.png\" alt=\"Quando os carrinhos inteligentes devem se popularizando\" class=\"wp-image-146048\" srcset=\"https:\/\/www.em.com.br\/emfoco\/wp-content\/uploads\/2025\/12\/Gemini_Generated_Image_b2fo04b2fo04b2fo-1-1024x576.png 1024w, https:\/\/www.em.com.br\/emfoco\/wp-content\/uploads\/2025\/12\/Gemini_Generated_Image_b2fo04b2fo04b2fo-1-300x169.png 300w, https:\/\/www.em.com.br\/emfoco\/wp-content\/uploads\/2025\/12\/Gemini_Generated_Image_b2fo04b2fo04b2fo-1-768x432.png 768w, https:\/\/www.em.com.br\/emfoco\/wp-content\/uploads\/2025\/12\/Gemini_Generated_Image_b2fo04b2fo04b2fo-1-750x422.png 750w, https:\/\/www.em.com.br\/emfoco\/wp-content\/uploads\/2025\/12\/Gemini_Generated_Image_b2fo04b2fo04b2fo-1-1140x641.png 1140w, https:\/\/www.em.com.br\/emfoco\/wp-content\/uploads\/2025\/12\/Gemini_Generated_Image_b2fo04b2fo04b2fo-1.png 1280w\" sizes=\"auto, (max-width: 1024px) 100vw, 1024px\" \/><figcaption class=\"wp-element-caption\">Quando os carrinhos inteligentes devem se popularizando<\/figcaption><\/figure>\n\n\n\n<h2 class=\"wp-block-heading\">Por que NFC e c\u00f3digos QR est\u00e3o ganhando espa\u00e7o nos supermercados<\/h2>\n\n\n\n<p>A&nbsp;<strong>tecnologia NFC<\/strong>, usada em pagamentos por aproxima\u00e7\u00e3o, permite troca de informa\u00e7\u00f5es r\u00e1pida e criptografada entre dispositivos a curta dist\u00e2ncia. J\u00e1 os&nbsp;<strong>c\u00f3digos QR<\/strong>&nbsp;funcionam como identificadores visuais que podem conter links, dados de usu\u00e1rio ou informa\u00e7\u00f5es de pagamento, facilmente lidos pela c\u00e2mera do smartphone.<\/p>\n\n\n\n<p>Essa combina\u00e7\u00e3o garante conveni\u00eancia para o cliente e efici\u00eancia para o varejo, j\u00e1 que elimina o uso de moedas, agiliza o fluxo e melhora o controle de carrinhos. Al\u00e9m disso, integra-se a aplicativos de fidelidade, permitindo experi\u00eancias mais completas dentro e fora da loja.<\/p>\n\n\n\n<p>No v\u00eddeo abaixo da <a href=\"https:\/\/www.tiktok.com\/@techtalks_sa\" target=\"_blank\" rel=\"noreferrer noopener\">TechTalks_sa<\/a> que compartilha atualidades do mundo tech, mostra uma ideia de inova\u00e7\u00e3o para supermercados e como o futuro vem chegando aos poucos:<\/p>\n\n\n\n<figure class=\"wp-block-embed is-type-video is-provider-tiktok wp-block-embed-tiktok\"><div class=\"wp-block-embed__wrapper\">\n<blockquote class=\"tiktok-embed\" cite=\"https:\/\/www.tiktok.com\/@techtalks_sa\/video\/7537318879928864056\" data-video-id=\"7537318879928864056\" data-embed-from=\"oembed\" style=\"max-width:605px; min-width:325px;\"> <section> <a target=\"_blank\" title=\"@techtalks_sa\" href=\"https:\/\/www.tiktok.com\/@techtalks_sa?refer=embed\">@techtalks_sa<\/a> <p>Carrinhos aut\u00f4nomos nos supermercados comprasinteligentes carrinhoautonomo tecnologiaemloja experienciaemloja TechTalksSA smartcart automatedshopping retailtech InnovationInRetail shoppingfuture<\/p> <a target=\"_blank\" title=\"\u266c som original - TechTalks_sa - TechTalks_sa\" href=\"https:\/\/www.tiktok.com\/music\/som-original-TechTalkssa-7537318910324935430?refer=embed\">\u266c som original &#8211; TechTalks_sa &#8211; TechTalks_sa<\/a> <\/section> <\/blockquote> <script async src=\"https:\/\/www.tiktok.com\/embed.js\"><\/script>\n<\/div><\/figure>\n\n\n\n<h2 class=\"wp-block-heading\">Quais s\u00e3o os principais benef\u00edcios dos carrinhos inteligentes<\/h2>\n\n\n\n<p>A combina\u00e7\u00e3o de NFC, QR e carrinhos conectados traz ganhos operacionais e melhora a jornada de compra. Para entender melhor esse impacto, \u00e9 poss\u00edvel destacar alguns benef\u00edcios que j\u00e1 come\u00e7am a ser observados em pilotos na Espanha e em outros pa\u00edses europeus.<\/p>\n\n\n\n<ul class=\"wp-block-list\">\n<li><strong>Elimina\u00e7\u00e3o das moedas:<\/strong>&nbsp;n\u00e3o \u00e9 mais necess\u00e1rio ter troco ou fichas espec\u00edficas para liberar o carrinho.<\/li>\n\n\n\n<li><strong>Pagamentos mais \u00e1geis:<\/strong>&nbsp;possibilidade de pagar diretamente no carrinho, sem passar pela caixa f\u00edsica.<\/li>\n\n\n\n<li><strong>Redu\u00e7\u00e3o de filas:<\/strong>&nbsp;menos concentra\u00e7\u00e3o de pessoas nos caixas, melhorando o fluxo dentro da loja.<\/li>\n\n\n\n<li><strong>Maior controle de carrinhos:<\/strong>&nbsp;identifica\u00e7\u00e3o de quem est\u00e1 usando cada unidade, reduzindo perdas e extravios.<\/li>\n<\/ul>\n\n\n\n<h2 class=\"wp-block-heading\">Quais s\u00e3o os riscos e desafios dos carrinhos inteligentes<\/h2>\n\n\n\n<p>Os&nbsp;<strong>carrinhos de supermercado com NFC e QR<\/strong>&nbsp;levantam d\u00favidas sobre privacidade, seguran\u00e7a de dados e inclus\u00e3o digital. O monitoramento de h\u00e1bitos de compra permite cupons e ofertas personalizadas, mas exige transpar\u00eancia no uso das informa\u00e7\u00f5es, consentimento claro e armazenamento seguro.<\/p>\n\n\n\n<figure class=\"wp-block-image size-large\"><img loading=\"lazy\" decoding=\"async\" width=\"1024\" height=\"576\" src=\"https:\/\/www.em.com.br\/emfoco\/wp-content\/uploads\/2025\/12\/Gemini_Generated_Image_v4z0l8v4z0l8v4z0-1-1024x576.png\" alt=\"Quando os carrinhos inteligentes devem se popularizando\" class=\"wp-image-146050\" srcset=\"https:\/\/www.em.com.br\/emfoco\/wp-content\/uploads\/2025\/12\/Gemini_Generated_Image_v4z0l8v4z0l8v4z0-1-1024x576.png 1024w, https:\/\/www.em.com.br\/emfoco\/wp-content\/uploads\/2025\/12\/Gemini_Generated_Image_v4z0l8v4z0l8v4z0-1-300x169.png 300w, https:\/\/www.em.com.br\/emfoco\/wp-content\/uploads\/2025\/12\/Gemini_Generated_Image_v4z0l8v4z0l8v4z0-1-768x432.png 768w, https:\/\/www.em.com.br\/emfoco\/wp-content\/uploads\/2025\/12\/Gemini_Generated_Image_v4z0l8v4z0l8v4z0-1-750x422.png 750w, https:\/\/www.em.com.br\/emfoco\/wp-content\/uploads\/2025\/12\/Gemini_Generated_Image_v4z0l8v4z0l8v4z0-1-1140x641.png 1140w, https:\/\/www.em.com.br\/emfoco\/wp-content\/uploads\/2025\/12\/Gemini_Generated_Image_v4z0l8v4z0l8v4z0-1.png 1280w\" sizes=\"auto, (max-width: 1024px) 100vw, 1024px\" \/><figcaption class=\"wp-element-caption\">Quando os carrinhos inteligentes devem se popularizando<\/figcaption><\/figure>\n\n\n\n<p>Outro ponto sens\u00edvel \u00e9 a acessibilidade tecnol\u00f3gica, j\u00e1 que parte da popula\u00e7\u00e3o ainda prefere m\u00e9todos tradicionais e pode se sentir exclu\u00edda por solu\u00e7\u00f5es totalmente digitais. Por isso, especialistas defendem a conviv\u00eancia entre modelos convencionais e inteligentes, garantindo op\u00e7\u00f5es para todos os perfis de consumidores.<\/p>\n\n\n\n<h2 class=\"wp-block-heading\">Quando os carrinhos inteligentes devem se popularizar na Espanha<\/h2>\n\n\n\n<p>A ado\u00e7\u00e3o de&nbsp;<strong>carrinhos inteligentes na Espanha<\/strong>&nbsp;acompanha o varejo europeu, com projetos-piloto em grandes redes e expans\u00e3o gradual prevista a partir de 2026. Nesse per\u00edodo de transi\u00e7\u00e3o, seguem em alta etapas intermedi\u00e1rias, como caixas r\u00e1pidos com NFC, QR codes para fidelidade e apps que permitem escanear produtos sem carrinhos totalmente automatizados.<\/p>\n\n\n\n<p>Com o avan\u00e7o da infraestrutura digital e o h\u00e1bito de pagar com o smartphone, o uso de moedas tender\u00e1 a desaparecer dos carrinhos, e quem se adaptar antes ter\u00e1 vantagem competitiva. Se voc\u00ea atua no varejo ou \u00e9 decisor na \u00e1rea, o momento de testar, aprender e implementar essas solu\u00e7\u00f5es \u00e9 agora \u2014 esperar pode significar ficar para tr\u00e1s em uma mudan\u00e7a que j\u00e1 come\u00e7ou.<\/p>\n\n\n\n<p><\/p>\n","protected":false},"excerpt":{"rendered":"<p>A exig\u00eancia de inserir uma moeda para liberar o carrinho de supermercado na Espanha est\u00e1 sendo substitu\u00edda por solu\u00e7\u00f5es digitais com NFC e c\u00f3digos QR, que permitem desbloquear o carrinho, registrar produtos e at\u00e9 pagar direto pelo celular, sem passar no caixa, acompanhando a digitaliza\u00e7\u00e3o dos meios de pagamento e o uso massivo de smartphones [&hellip;]<\/p>\n","protected":false},"author":11,"featured_media":146052,"comment_status":"open","ping_status":"open","sticky":false,"template":"","format":"standard","meta":{"jnews-multi-image_gallery":[],"jnews_single_post":{"format":"standard"},"jnews_primary_category":[],"jnews_social_meta":[],"jnews_override_counter":[],"footnotes":""},"categories":[8819,1],"tags":[21393,1965,8605,161],"class_list":["post-145428","post","type-post","status-publish","format-standard","has-post-thumbnail","hentry","category-curiosidades","category-noticias","tag-carrinhos-inteligentes","tag-nfc","tag-supermercados","tag-tecnologia"],"yoast_head":"<!-- This site is optimized with the Yoast SEO plugin v23.8 - https:\/\/yoast.com\/wordpress\/plugins\/seo\/ -->\n<title>O fim dos carrinhos de supermercado tradicionais: veja como eles ser\u00e3o a partir de 2026 - Estado de Minas - Em foco<\/title>\n<meta name=\"description\" content=\"Os carrinhos inteligentes prometem compras sem filas e sem moedas. Saiba como essa tecnologia j\u00e1 funciona na Espanha.\" \/>\n<meta name=\"robots\" content=\"index, follow, max-snippet:-1, max-image-preview:large, max-video-preview:-1\" \/>\n<link rel=\"canonical\" href=\"https:\/\/www.em.com.br\/emfoco\/2025\/12\/27\/o-fim-dos-carrinhos-de-supermercado-tradicionais-veja-como-eles-serao-a-partir-de-2026\/\" \/>\n<meta property=\"og:locale\" content=\"pt_BR\" \/>\n<meta property=\"og:type\" content=\"article\" \/>\n<meta property=\"og:title\" content=\"O fim dos carrinhos de supermercado tradicionais: veja como eles ser\u00e3o a partir de 2026 - Estado de Minas - Em foco\" \/>\n<meta property=\"og:description\" content=\"Os carrinhos inteligentes prometem compras sem filas e sem moedas. Saiba como essa tecnologia j\u00e1 funciona na Espanha.\" \/>\n<meta property=\"og:url\" content=\"https:\/\/www.em.com.br\/emfoco\/2025\/12\/27\/o-fim-dos-carrinhos-de-supermercado-tradicionais-veja-como-eles-serao-a-partir-de-2026\/\" \/>\n<meta property=\"og:site_name\" content=\"Estado de Minas - Em foco\" \/>\n<meta property=\"article:published_time\" content=\"2025-12-28T00:35:00+00:00\" \/>\n<meta property=\"article:modified_time\" content=\"2025-12-26T18:52:09+00:00\" \/>\n<meta property=\"og:image\" content=\"https:\/\/www.em.com.br\/emfoco\/wp-content\/uploads\/2025\/12\/Gemini_Generated_Image_8sas4n8sas4n8sas-1.png\" \/>\n\t<meta property=\"og:image:width\" content=\"1280\" \/>\n\t<meta property=\"og:image:height\" content=\"720\" \/>\n\t<meta property=\"og:image:type\" content=\"image\/png\" \/>\n<meta name=\"author\" content=\"Andre\u0301 Rangel\u00a0\" \/>\n<meta name=\"twitter:card\" content=\"summary_large_image\" \/>\n<meta name=\"twitter:label1\" content=\"Escrito por\" \/>\n\t<meta name=\"twitter:data1\" content=\"Andre\u0301 Rangel\u00a0\" \/>\n\t<meta name=\"twitter:label2\" content=\"Est. tempo de leitura\" \/>\n\t<meta name=\"twitter:data2\" content=\"5 minutos\" \/>\n<!-- \/ Yoast SEO plugin. -->","yoast_head_json":{"title":"O fim dos carrinhos de supermercado tradicionais: veja como eles ser\u00e3o a partir de 2026 - Estado de Minas - Em foco","description":"Os carrinhos inteligentes prometem compras sem filas e sem moedas. Saiba como essa tecnologia j\u00e1 funciona na Espanha.","robots":{"index":"index","follow":"follow","max-snippet":"max-snippet:-1","max-image-preview":"max-image-preview:large","max-video-preview":"max-video-preview:-1"},"canonical":"https:\/\/www.em.com.br\/emfoco\/2025\/12\/27\/o-fim-dos-carrinhos-de-supermercado-tradicionais-veja-como-eles-serao-a-partir-de-2026\/","og_locale":"pt_BR","og_type":"article","og_title":"O fim dos carrinhos de supermercado tradicionais: veja como eles ser\u00e3o a partir de 2026 - Estado de Minas - Em foco","og_description":"Os carrinhos inteligentes prometem compras sem filas e sem moedas. Saiba como essa tecnologia j\u00e1 funciona na Espanha.","og_url":"https:\/\/www.em.com.br\/emfoco\/2025\/12\/27\/o-fim-dos-carrinhos-de-supermercado-tradicionais-veja-como-eles-serao-a-partir-de-2026\/","og_site_name":"Estado de Minas - Em foco","article_published_time":"2025-12-28T00:35:00+00:00","article_modified_time":"2025-12-26T18:52:09+00:00","og_image":[{"width":1280,"height":720,"url":"https:\/\/www.em.com.br\/emfoco\/wp-content\/uploads\/2025\/12\/Gemini_Generated_Image_8sas4n8sas4n8sas-1.png","type":"image\/png"}],"author":"Andre\u0301 Rangel\u00a0","twitter_card":"summary_large_image","twitter_misc":{"Escrito por":"Andre\u0301 Rangel\u00a0","Est. tempo de leitura":"5 minutos"},"schema":{"@context":"https:\/\/schema.org","@graph":[{"@type":"WebPage","@id":"https:\/\/www.em.com.br\/emfoco\/2025\/12\/27\/o-fim-dos-carrinhos-de-supermercado-tradicionais-veja-como-eles-serao-a-partir-de-2026\/","url":"https:\/\/www.em.com.br\/emfoco\/2025\/12\/27\/o-fim-dos-carrinhos-de-supermercado-tradicionais-veja-como-eles-serao-a-partir-de-2026\/","name":"O fim dos carrinhos de supermercado tradicionais: veja como eles ser\u00e3o a partir de 2026 - Estado de Minas - Em foco","isPartOf":{"@id":"https:\/\/www.em.com.br\/emfoco\/#website"},"primaryImageOfPage":{"@id":"https:\/\/www.em.com.br\/emfoco\/2025\/12\/27\/o-fim-dos-carrinhos-de-supermercado-tradicionais-veja-como-eles-serao-a-partir-de-2026\/#primaryimage"},"image":{"@id":"https:\/\/www.em.com.br\/emfoco\/2025\/12\/27\/o-fim-dos-carrinhos-de-supermercado-tradicionais-veja-como-eles-serao-a-partir-de-2026\/#primaryimage"},"thumbnailUrl":"https:\/\/www.em.com.br\/emfoco\/wp-content\/uploads\/2025\/12\/Gemini_Generated_Image_8sas4n8sas4n8sas-1.png","datePublished":"2025-12-28T00:35:00+00:00","dateModified":"2025-12-26T18:52:09+00:00","author":{"@id":"https:\/\/www.em.com.br\/emfoco\/#\/schema\/person\/60eda09c1fedf0d6891f4cef4b60b8b8"},"description":"Os carrinhos inteligentes prometem compras sem filas e sem moedas. Saiba como essa tecnologia j\u00e1 funciona na Espanha.","breadcrumb":{"@id":"https:\/\/www.em.com.br\/emfoco\/2025\/12\/27\/o-fim-dos-carrinhos-de-supermercado-tradicionais-veja-como-eles-serao-a-partir-de-2026\/#breadcrumb"},"inLanguage":"pt-BR","potentialAction":[{"@type":"ReadAction","target":["https:\/\/www.em.com.br\/emfoco\/2025\/12\/27\/o-fim-dos-carrinhos-de-supermercado-tradicionais-veja-como-eles-serao-a-partir-de-2026\/"]}]},{"@type":"ImageObject","inLanguage":"pt-BR","@id":"https:\/\/www.em.com.br\/emfoco\/2025\/12\/27\/o-fim-dos-carrinhos-de-supermercado-tradicionais-veja-como-eles-serao-a-partir-de-2026\/#primaryimage","url":"https:\/\/www.em.com.br\/emfoco\/wp-content\/uploads\/2025\/12\/Gemini_Generated_Image_8sas4n8sas4n8sas-1.png","contentUrl":"https:\/\/www.em.com.br\/emfoco\/wp-content\/uploads\/2025\/12\/Gemini_Generated_Image_8sas4n8sas4n8sas-1.png","width":1280,"height":720,"caption":"Quando os carrinhos inteligentes devem se popularizando"},{"@type":"BreadcrumbList","@id":"https:\/\/www.em.com.br\/emfoco\/2025\/12\/27\/o-fim-dos-carrinhos-de-supermercado-tradicionais-veja-como-eles-serao-a-partir-de-2026\/#breadcrumb","itemListElement":[{"@type":"ListItem","position":1,"name":"In\u00edcio","item":"https:\/\/www.em.com.br\/emfoco\/"},{"@type":"ListItem","position":2,"name":"O fim dos carrinhos de supermercado tradicionais: veja como eles ser\u00e3o a partir de 2026"}]},{"@type":"WebSite","@id":"https:\/\/www.em.com.br\/emfoco\/#website","url":"https:\/\/www.em.com.br\/emfoco\/","name":"Estado de Minas - Em foco","description":"Acompanhe as \u00faltimas not\u00edcias e fique bem informado sobre tudo o que acontece em Minas Gerais, Brasil e no mundo.","potentialAction":[{"@type":"SearchAction","target":{"@type":"EntryPoint","urlTemplate":"https:\/\/www.em.com.br\/emfoco\/?s={search_term_string}"},"query-input":{"@type":"PropertyValueSpecification","valueRequired":true,"valueName":"search_term_string"}}],"inLanguage":"pt-BR"},{"@type":"Person","@id":"https:\/\/www.em.com.br\/emfoco\/#\/schema\/person\/60eda09c1fedf0d6891f4cef4b60b8b8","name":"Andre\u0301 Rangel\u00a0","image":{"@type":"ImageObject","inLanguage":"pt-BR","@id":"https:\/\/www.em.com.br\/emfoco\/#\/schema\/person\/image\/","url":"https:\/\/secure.gravatar.com\/avatar\/6234dc814c77c8ef6d8bba622c787efc?s=96&d=mm&r=g","contentUrl":"https:\/\/secure.gravatar.com\/avatar\/6234dc814c77c8ef6d8bba622c787efc?s=96&d=mm&r=g","caption":"Andre\u0301 Rangel\u00a0"},"url":"https:\/\/www.em.com.br\/emfoco\/author\/luizmyth\/"}]}},"_links":{"self":[{"href":"https:\/\/www.em.com.br\/emfoco\/wp-json\/wp\/v2\/posts\/145428","targetHints":{"allow":["GET"]}}],"collection":[{"href":"https:\/\/www.em.com.br\/emfoco\/wp-json\/wp\/v2\/posts"}],"about":[{"href":"https:\/\/www.em.com.br\/emfoco\/wp-json\/wp\/v2\/types\/post"}],"author":[{"embeddable":true,"href":"https:\/\/www.em.com.br\/emfoco\/wp-json\/wp\/v2\/users\/11"}],"replies":[{"embeddable":true,"href":"https:\/\/www.em.com.br\/emfoco\/wp-json\/wp\/v2\/comments?post=145428"}],"version-history":[{"count":5,"href":"https:\/\/www.em.com.br\/emfoco\/wp-json\/wp\/v2\/posts\/145428\/revisions"}],"predecessor-version":[{"id":146645,"href":"https:\/\/www.em.com.br\/emfoco\/wp-json\/wp\/v2\/posts\/145428\/revisions\/146645"}],"wp:featuredmedia":[{"embeddable":true,"href":"https:\/\/www.em.com.br\/emfoco\/wp-json\/wp\/v2\/media\/146052"}],"wp:attachment":[{"href":"https:\/\/www.em.com.br\/emfoco\/wp-json\/wp\/v2\/media?parent=145428"}],"wp:term":[{"taxonomy":"category","embeddable":true,"href":"https:\/\/www.em.com.br\/emfoco\/wp-json\/wp\/v2\/categories?post=145428"},{"taxonomy":"post_tag","embeddable":true,"href":"https:\/\/www.em.com.br\/emfoco\/wp-json\/wp\/v2\/tags?post=145428"}],"curies":[{"name":"wp","href":"https:\/\/api.w.org\/{rel}","templated":true}]}}