{"id":14521,"date":"2025-01-30T11:20:55","date_gmt":"2025-01-30T14:20:55","guid":{"rendered":"https:\/\/www.em.com.br\/emfoco\/?p=14521"},"modified":"2025-01-29T07:03:18","modified_gmt":"2025-01-29T10:03:18","slug":"seguro-desemprego-descubra-as-novidades-que-podem-impactar-o-seu-bolso","status":"publish","type":"post","link":"https:\/\/www.em.com.br\/emfoco\/2025\/01\/30\/seguro-desemprego-descubra-as-novidades-que-podem-impactar-o-seu-bolso\/","title":{"rendered":"Seguro-Desemprego: Descubra as novidades que podem impactar o seu bolso!"},"content":{"rendered":"\n<p>Em 2025, o Minist\u00e9rio do Trabalho e Emprego anunciou novas <a href=\"https:\/\/www.em.com.br\/emfoco\/2024\/12\/10\/novas-diretrizes-para-parcelamento-de-saldo-de-cartao-de-credito-no-brasil\/\" target=\"_blank\" rel=\"noreferrer noopener\">diretrizes <\/a>para o seguro-desemprego, um benef\u00edcio essencial para trabalhadores demitidos sem justa causa. Essa atualiza\u00e7\u00e3o anual considera a varia\u00e7\u00e3o do \u00cdndice Nacional de Pre\u00e7os ao Consumidor (<a href=\"https:\/\/www.ibge.gov.br\/estatisticas\/economicas\/precos-e-custos\/9258-indice-nacional-de-precos-ao-consumidor.html\" target=\"_blank\" rel=\"noreferrer noopener\">INPC<\/a>) de 2024, que foi de 4,77%, como forma de ajustar o valor do benef\u00edcio \u00e0s necessidades econ\u00f4micas atuais.<\/p>\n\n\n\n<p>O seguro-desemprego desempenha um papel crucial ao oferecer suporte financeiro durante a busca por uma nova coloca\u00e7\u00e3o no mercado de trabalho. O reajuste nos valores do benef\u00edcio busca refletir as condi\u00e7\u00f5es econ\u00f4micas, oferecendo um suporte mais justo e alinhado ao custo de vida atual.<\/p>\n\n\n<div class=\"wp-block-image\">\n<figure class=\"aligncenter size-large\"><img loading=\"lazy\" decoding=\"async\" width=\"1024\" height=\"576\" src=\"https:\/\/www.em.com.br\/emfoco\/wp-content\/uploads\/2024\/12\/CLT_1735245281759-1024x576.jpg\" alt=\"\" class=\"wp-image-6804\" srcset=\"https:\/\/www.em.com.br\/emfoco\/wp-content\/uploads\/2024\/12\/CLT_1735245281759-1024x576.jpg 1024w, https:\/\/www.em.com.br\/emfoco\/wp-content\/uploads\/2024\/12\/CLT_1735245281759-300x169.jpg 300w, https:\/\/www.em.com.br\/emfoco\/wp-content\/uploads\/2024\/12\/CLT_1735245281759-768x432.jpg 768w, https:\/\/www.em.com.br\/emfoco\/wp-content\/uploads\/2024\/12\/CLT_1735245281759-750x422.jpg 750w, https:\/\/www.em.com.br\/emfoco\/wp-content\/uploads\/2024\/12\/CLT_1735245281759-1140x641.jpg 1140w, https:\/\/www.em.com.br\/emfoco\/wp-content\/uploads\/2024\/12\/CLT_1735245281759.jpg 1280w\" sizes=\"auto, (max-width: 1024px) 100vw, 1024px\" \/><figcaption class=\"wp-element-caption\">CLT &#8211; Cr\u00e9ditos: depositphotos.com \/ Etalbr<\/figcaption><\/figure><\/div>\n\n\n<h2 class=\"wp-block-heading\">Como s\u00e3o Calculados os Valores do Seguro-Desemprego?<\/h2>\n\n\n\n<p>Os valores do seguro-desemprego de 2025 s\u00e3o definidos com base na m\u00e9dia salarial do trabalhador antes da demiss\u00e3o. Este c\u00e1lculo se d\u00e1 atrav\u00e9s de faixas salariais espec\u00edficas, que garantem um aux\u00edlio proporcional \u00e0 renda anterior do benefici\u00e1rio.<\/p>\n\n\n\n<p><strong>Faixa 1:<\/strong> Para quem tinha uma m\u00e9dia salarial de at\u00e9 R$ 1.518,00, o benef\u00edcio \u00e9 igual ao sal\u00e1rio m\u00ednimo, atualmente fixado em R$ 1.518,00.<\/p>\n\n\n\n<h2 class=\"wp-block-heading\">Qual \u00e9 o Valor para Sal\u00e1rios Intermedi\u00e1rios?<\/h2>\n\n\n\n<p>Trabalhadores cujas m\u00e9dias salariais variem entre R$ 1.518,01 e R$ 2.138,76 t\u00eam o benef\u00edcio calculado multiplicando a m\u00e9dia salarial por <strong>80%<\/strong> ou <strong>0,8<\/strong>. Este c\u00e1lculo visa proporcionar uma renda de apoio significativa, mas ajustada \u00e0 capacidade or\u00e7ament\u00e1ria do programa.<\/p>\n\n\n\n<p>Para aqueles com sal\u00e1rios entre R$ 2.138,77 e R$ 3.564,96, o c\u00e1lculo \u00e9 realizado de modo diferente. Neste caso, soma-se R$ 1.711,01 ao valor que excede R$ 2.138,76, multiplicado posteriormente por <strong>50%<\/strong> ou <strong>0,5<\/strong>.<\/p>\n\n\n\n<h2 class=\"wp-block-heading\">Qual \u00e9 o Teto do Seguro-Desemprego?<\/h2>\n\n\n\n<p>Para trabalhadores cuja m\u00e9dia salarial supere R$ 3.564,96, o benef\u00edcio \u00e9 limitado ao teto de R$ 2.424,11. Este limite busca garantir que o aux\u00edlio financeiro seja sustent\u00e1vel para o governo enquanto ainda oferece um suporte valioso para aqueles que perderam seus empregos.<\/p>\n\n\n\n<ul class=\"wp-block-list\">\n<li>At\u00e9 R$ 1.518,00: R$ 1.518,00<\/li>\n\n\n\n<li>R$ 1.518,01 a R$ 2.138,76: 80% da m\u00e9dia<\/li>\n\n\n\n<li>R$ 2.138,77 a R$ 3.564,96: R$ 1.711,01 + 50% do excedente<\/li>\n\n\n\n<li>Acima de R$ 3.564,96: R$ 2.424,11<\/li>\n<\/ul>\n\n\n\n<p>Estas altera\u00e7\u00f5es visam alinhar o benef\u00edcio \u00e0s condi\u00e7\u00f5es do mercado de trabalho e \u00e0 infla\u00e7\u00e3o atual, garantindo um apoio financeiro efetivo durante per\u00edodos de transi\u00e7\u00e3o profissional.<\/p>\n","protected":false},"excerpt":{"rendered":"<p>Em 2025, o Minist\u00e9rio do Trabalho e Emprego anunciou novas diretrizes para o seguro-desemprego, um benef\u00edcio essencial para trabalhadores demitidos sem justa causa. Essa atualiza\u00e7\u00e3o anual considera a varia\u00e7\u00e3o do \u00cdndice Nacional de Pre\u00e7os ao Consumidor (INPC) de 2024, que foi de 4,77%, como forma de ajustar o valor do benef\u00edcio \u00e0s necessidades econ\u00f4micas atuais. [&hellip;]<\/p>\n","protected":false},"author":7,"featured_media":2995,"comment_status":"open","ping_status":"open","sticky":false,"template":"","format":"standard","meta":{"jnews-multi-image_gallery":[],"jnews_single_post":{"format":"standard"},"jnews_primary_category":[],"jnews_social_meta":[],"jnews_override_counter":[],"footnotes":""},"categories":[28],"tags":[259,1130,1967,1779,1832],"class_list":["post-14521","post","type-post","status-publish","format-standard","has-post-thumbnail","hentry","category-economia","tag-beneficio","tag-inpc","tag-mercado-de-trabalho","tag-reajuste","tag-seguro-desemprego"],"yoast_head":"<!-- This site is optimized with the Yoast SEO plugin v23.8 - https:\/\/yoast.com\/wordpress\/plugins\/seo\/ -->\n<title>Seguro-Desemprego: Descubra as novidades que podem impactar o seu bolso! - Estado de Minas - Em foco<\/title>\n<meta name=\"description\" content=\"Em 2025, o Minist\u00e9rio do Trabalho e Emprego anunciou um reajuste no seguro-desemprego! Confira!\" \/>\n<meta name=\"robots\" content=\"index, follow, max-snippet:-1, max-image-preview:large, max-video-preview:-1\" \/>\n<link rel=\"canonical\" href=\"https:\/\/www.em.com.br\/emfoco\/2025\/01\/30\/seguro-desemprego-descubra-as-novidades-que-podem-impactar-o-seu-bolso\/\" \/>\n<meta property=\"og:locale\" content=\"pt_BR\" \/>\n<meta property=\"og:type\" content=\"article\" \/>\n<meta property=\"og:title\" content=\"Seguro-Desemprego: Descubra as novidades que podem impactar o seu bolso! - Estado de Minas - Em foco\" \/>\n<meta property=\"og:description\" content=\"Em 2025, o Minist\u00e9rio do Trabalho e Emprego anunciou um reajuste no seguro-desemprego! Confira!\" \/>\n<meta property=\"og:url\" content=\"https:\/\/www.em.com.br\/emfoco\/2025\/01\/30\/seguro-desemprego-descubra-as-novidades-que-podem-impactar-o-seu-bolso\/\" \/>\n<meta property=\"og:site_name\" content=\"Estado de Minas - Em foco\" \/>\n<meta property=\"article:published_time\" content=\"2025-01-30T14:20:55+00:00\" \/>\n<meta property=\"article:modified_time\" content=\"2025-01-29T10:03:18+00:00\" \/>\n<meta property=\"og:image\" content=\"https:\/\/www.em.com.br\/emfoco\/wp-content\/uploads\/2024\/12\/proteger-dinheiro_1733244772310.jpg\" \/>\n\t<meta property=\"og:image:width\" content=\"1280\" \/>\n\t<meta property=\"og:image:height\" content=\"720\" \/>\n\t<meta property=\"og:image:type\" content=\"image\/jpeg\" \/>\n<meta name=\"author\" content=\"Kelvin\" \/>\n<meta name=\"twitter:card\" content=\"summary_large_image\" \/>\n<meta name=\"twitter:label1\" content=\"Escrito por\" \/>\n\t<meta name=\"twitter:data1\" content=\"Kelvin\" \/>\n\t<meta name=\"twitter:label2\" content=\"Est. tempo de leitura\" \/>\n\t<meta name=\"twitter:data2\" content=\"3 minutos\" \/>\n<!-- \/ Yoast SEO plugin. -->","yoast_head_json":{"title":"Seguro-Desemprego: Descubra as novidades que podem impactar o seu bolso! - Estado de Minas - Em foco","description":"Em 2025, o Minist\u00e9rio do Trabalho e Emprego anunciou um reajuste no seguro-desemprego! Confira!","robots":{"index":"index","follow":"follow","max-snippet":"max-snippet:-1","max-image-preview":"max-image-preview:large","max-video-preview":"max-video-preview:-1"},"canonical":"https:\/\/www.em.com.br\/emfoco\/2025\/01\/30\/seguro-desemprego-descubra-as-novidades-que-podem-impactar-o-seu-bolso\/","og_locale":"pt_BR","og_type":"article","og_title":"Seguro-Desemprego: Descubra as novidades que podem impactar o seu bolso! - Estado de Minas - Em foco","og_description":"Em 2025, o Minist\u00e9rio do Trabalho e Emprego anunciou um reajuste no seguro-desemprego! Confira!","og_url":"https:\/\/www.em.com.br\/emfoco\/2025\/01\/30\/seguro-desemprego-descubra-as-novidades-que-podem-impactar-o-seu-bolso\/","og_site_name":"Estado de Minas - Em foco","article_published_time":"2025-01-30T14:20:55+00:00","article_modified_time":"2025-01-29T10:03:18+00:00","og_image":[{"width":1280,"height":720,"url":"https:\/\/www.em.com.br\/emfoco\/wp-content\/uploads\/2024\/12\/proteger-dinheiro_1733244772310.jpg","type":"image\/jpeg"}],"author":"Kelvin","twitter_card":"summary_large_image","twitter_misc":{"Escrito por":"Kelvin","Est. tempo de leitura":"3 minutos"},"schema":{"@context":"https:\/\/schema.org","@graph":[{"@type":"WebPage","@id":"https:\/\/www.em.com.br\/emfoco\/2025\/01\/30\/seguro-desemprego-descubra-as-novidades-que-podem-impactar-o-seu-bolso\/","url":"https:\/\/www.em.com.br\/emfoco\/2025\/01\/30\/seguro-desemprego-descubra-as-novidades-que-podem-impactar-o-seu-bolso\/","name":"Seguro-Desemprego: Descubra as novidades que podem impactar o seu bolso! - Estado de Minas - Em foco","isPartOf":{"@id":"https:\/\/www.em.com.br\/emfoco\/#website"},"primaryImageOfPage":{"@id":"https:\/\/www.em.com.br\/emfoco\/2025\/01\/30\/seguro-desemprego-descubra-as-novidades-que-podem-impactar-o-seu-bolso\/#primaryimage"},"image":{"@id":"https:\/\/www.em.com.br\/emfoco\/2025\/01\/30\/seguro-desemprego-descubra-as-novidades-que-podem-impactar-o-seu-bolso\/#primaryimage"},"thumbnailUrl":"https:\/\/www.em.com.br\/emfoco\/wp-content\/uploads\/2024\/12\/proteger-dinheiro_1733244772310.jpg","datePublished":"2025-01-30T14:20:55+00:00","dateModified":"2025-01-29T10:03:18+00:00","author":{"@id":"https:\/\/www.em.com.br\/emfoco\/#\/schema\/person\/fb0a7f48c6fbb94b83f413a80f61917d"},"description":"Em 2025, o Minist\u00e9rio do Trabalho e Emprego anunciou um reajuste no seguro-desemprego! Confira!","breadcrumb":{"@id":"https:\/\/www.em.com.br\/emfoco\/2025\/01\/30\/seguro-desemprego-descubra-as-novidades-que-podem-impactar-o-seu-bolso\/#breadcrumb"},"inLanguage":"pt-BR","potentialAction":[{"@type":"ReadAction","target":["https:\/\/www.em.com.br\/emfoco\/2025\/01\/30\/seguro-desemprego-descubra-as-novidades-que-podem-impactar-o-seu-bolso\/"]}]},{"@type":"ImageObject","inLanguage":"pt-BR","@id":"https:\/\/www.em.com.br\/emfoco\/2025\/01\/30\/seguro-desemprego-descubra-as-novidades-que-podem-impactar-o-seu-bolso\/#primaryimage","url":"https:\/\/www.em.com.br\/emfoco\/wp-content\/uploads\/2024\/12\/proteger-dinheiro_1733244772310.jpg","contentUrl":"https:\/\/www.em.com.br\/emfoco\/wp-content\/uploads\/2024\/12\/proteger-dinheiro_1733244772310.jpg","width":1280,"height":720,"caption":"proteger dinheiro - Cr\u00e9ditos: depositphotos.com \/ Rangizzz"},{"@type":"BreadcrumbList","@id":"https:\/\/www.em.com.br\/emfoco\/2025\/01\/30\/seguro-desemprego-descubra-as-novidades-que-podem-impactar-o-seu-bolso\/#breadcrumb","itemListElement":[{"@type":"ListItem","position":1,"name":"In\u00edcio","item":"https:\/\/www.em.com.br\/emfoco\/"},{"@type":"ListItem","position":2,"name":"Seguro-Desemprego: Descubra as novidades que podem impactar o seu bolso!"}]},{"@type":"WebSite","@id":"https:\/\/www.em.com.br\/emfoco\/#website","url":"https:\/\/www.em.com.br\/emfoco\/","name":"Estado de Minas - Em foco","description":"Acompanhe as \u00faltimas not\u00edcias e fique bem informado sobre tudo o que acontece em Minas Gerais, Brasil e no mundo.","potentialAction":[{"@type":"SearchAction","target":{"@type":"EntryPoint","urlTemplate":"https:\/\/www.em.com.br\/emfoco\/?s={search_term_string}"},"query-input":{"@type":"PropertyValueSpecification","valueRequired":true,"valueName":"search_term_string"}}],"inLanguage":"pt-BR"},{"@type":"Person","@id":"https:\/\/www.em.com.br\/emfoco\/#\/schema\/person\/fb0a7f48c6fbb94b83f413a80f61917d","name":"Kelvin","image":{"@type":"ImageObject","inLanguage":"pt-BR","@id":"https:\/\/www.em.com.br\/emfoco\/#\/schema\/person\/image\/","url":"https:\/\/secure.gravatar.com\/avatar\/e74f84337e6bf6c4c5e88fbdffa05270?s=96&d=mm&r=g","contentUrl":"https:\/\/secure.gravatar.com\/avatar\/e74f84337e6bf6c4c5e88fbdffa05270?s=96&d=mm&r=g","caption":"Kelvin"},"sameAs":["https:\/\/www.em.com.br\/emfoco"],"url":"https:\/\/www.em.com.br\/emfoco\/author\/kelvinmyth\/"}]}},"_links":{"self":[{"href":"https:\/\/www.em.com.br\/emfoco\/wp-json\/wp\/v2\/posts\/14521","targetHints":{"allow":["GET"]}}],"collection":[{"href":"https:\/\/www.em.com.br\/emfoco\/wp-json\/wp\/v2\/posts"}],"about":[{"href":"https:\/\/www.em.com.br\/emfoco\/wp-json\/wp\/v2\/types\/post"}],"author":[{"embeddable":true,"href":"https:\/\/www.em.com.br\/emfoco\/wp-json\/wp\/v2\/users\/7"}],"replies":[{"embeddable":true,"href":"https:\/\/www.em.com.br\/emfoco\/wp-json\/wp\/v2\/comments?post=14521"}],"version-history":[{"count":2,"href":"https:\/\/www.em.com.br\/emfoco\/wp-json\/wp\/v2\/posts\/14521\/revisions"}],"predecessor-version":[{"id":14523,"href":"https:\/\/www.em.com.br\/emfoco\/wp-json\/wp\/v2\/posts\/14521\/revisions\/14523"}],"wp:featuredmedia":[{"embeddable":true,"href":"https:\/\/www.em.com.br\/emfoco\/wp-json\/wp\/v2\/media\/2995"}],"wp:attachment":[{"href":"https:\/\/www.em.com.br\/emfoco\/wp-json\/wp\/v2\/media?parent=14521"}],"wp:term":[{"taxonomy":"category","embeddable":true,"href":"https:\/\/www.em.com.br\/emfoco\/wp-json\/wp\/v2\/categories?post=14521"},{"taxonomy":"post_tag","embeddable":true,"href":"https:\/\/www.em.com.br\/emfoco\/wp-json\/wp\/v2\/tags?post=14521"}],"curies":[{"name":"wp","href":"https:\/\/api.w.org\/{rel}","templated":true}]}}