{"id":145069,"date":"2025-12-25T21:15:00","date_gmt":"2025-12-26T00:15:00","guid":{"rendered":"https:\/\/www.em.com.br\/emfoco\/?p=145069"},"modified":"2025-12-23T16:48:00","modified_gmt":"2025-12-23T19:48:00","slug":"acorda-cansado-todo-dia-seu-corpo-pode-estar-confundindo-o-proprio-relogio","status":"publish","type":"post","link":"https:\/\/www.em.com.br\/emfoco\/2025\/12\/25\/acorda-cansado-todo-dia-seu-corpo-pode-estar-confundindo-o-proprio-relogio\/","title":{"rendered":"Acorda cansado todo dia? Seu corpo pode estar confundindo o pr\u00f3prio rel\u00f3gio"},"content":{"rendered":"\n<h2 class=\"wp-block-heading\">Acordar cansado costuma estar ligado \u00e0 desregula\u00e7\u00e3o do ritmo circadiano, n\u00e3o \u00e0 falta de sono. Exposi\u00e7\u00e3o \u00e0 luz solar pela manh\u00e3, higiene do sono, hidrata\u00e7\u00e3o e rotina consistente s\u00e3o biohacks gratuitos que aumentam energia, foco e disposi\u00e7\u00e3o di\u00e1ria.<\/h2>\n\n\n\n<p>Acordar cansado, arrastar-se at\u00e9 a cafeteira e sentir que s\u00f3 a cafe\u00edna sustenta o dia \u00e9 mais comum do que parece. Muita gente acredita que ter energia \u00e9 privil\u00e9gio de quem paga caro, quando o <strong>biohacking acess\u00edvel<\/strong> come\u00e7a em h\u00e1bitos simples.<\/p>\n\n\n\n<h2 class=\"wp-block-heading\">Por que tanta gente acorda cansada mesmo dormindo?<\/h2>\n\n\n\n<p>O cansa\u00e7o matinal geralmente n\u00e3o vem da falta de horas de sono, mas da desregula\u00e7\u00e3o do <strong><a href=\"https:\/\/my.clevelandclinic.org\/health\/articles\/circadian-rhythm\" target=\"_blank\" rel=\"noreferrer noopener\">ritmo circadiano<\/a><\/strong>. Quando o corpo n\u00e3o entende claramente quando o dia come\u00e7a, horm\u00f4nios como cortisol e serotonina ficam desajustados, afetando energia, foco e humor.<\/p>\n\n\n\n<p>Rotinas modernas cheias de telas e luz artificial confundem o c\u00e9rebro, que passa a operar em modo de alerta constante. Esse cen\u00e1rio reduz a qualidade do descanso profundo e faz a pessoa acordar com sensa\u00e7\u00e3o de esgotamento, mesmo ap\u00f3s uma noite aparentemente longa.<\/p>\n\n\n\n<figure class=\"wp-block-image size-large\"><img loading=\"lazy\" decoding=\"async\" width=\"1024\" height=\"576\" src=\"https:\/\/www.em.com.br\/emfoco\/wp-content\/uploads\/2025\/12\/IA-8-5-1024x576.jpg\" alt=\"Acorda cansado todo dia? Seu corpo pode estar confundindo o pr\u00f3prio rel\u00f3gio\" class=\"wp-image-145108\" srcset=\"https:\/\/www.em.com.br\/emfoco\/wp-content\/uploads\/2025\/12\/IA-8-5-1024x576.jpg 1024w, https:\/\/www.em.com.br\/emfoco\/wp-content\/uploads\/2025\/12\/IA-8-5-300x169.jpg 300w, https:\/\/www.em.com.br\/emfoco\/wp-content\/uploads\/2025\/12\/IA-8-5-768x432.jpg 768w, https:\/\/www.em.com.br\/emfoco\/wp-content\/uploads\/2025\/12\/IA-8-5-750x422.jpg 750w, https:\/\/www.em.com.br\/emfoco\/wp-content\/uploads\/2025\/12\/IA-8-5-1140x641.jpg 1140w, https:\/\/www.em.com.br\/emfoco\/wp-content\/uploads\/2025\/12\/IA-8-5.jpg 1280w\" sizes=\"auto, (max-width: 1024px) 100vw, 1024px\" \/><figcaption class=\"wp-element-caption\">Cansa\u00e7o matinal surge da desregula\u00e7\u00e3o hormonal, n\u00e3o apenas da falta de sono<\/figcaption><\/figure>\n\n\n\n<h2 class=\"wp-block-heading\">Como a luz solar matinal age como um biohack natural?<\/h2>\n\n\n\n<p>A exposi\u00e7\u00e3o \u00e0 luz natural logo ao acordar \u00e9 um dos gatilhos biol\u00f3gicos mais poderosos para regular o rel\u00f3gio interno. Bastam cerca de vinte minutos para sinalizar ao c\u00e9rebro que o dia come\u00e7ou, e os principais efeitos pr\u00e1ticos aparecem nos pontos a seguir.<\/p>\n\n\n\n<ul class=\"wp-block-list\">\n<li><strong>Luz solar direta<\/strong>: ativa a produ\u00e7\u00e3o natural de cortisol no hor\u00e1rio correto.<\/li>\n\n\n\n<li><strong>Regula\u00e7\u00e3o hormonal<\/strong>: melhora a libera\u00e7\u00e3o de serotonina ao longo do dia.<\/li>\n\n\n\n<li><strong>Qualidade do sono<\/strong>: facilita a produ\u00e7\u00e3o de melatonina \u00e0 noite.<\/li>\n<\/ul>\n\n\n\n<p><em>Leia mais: <strong><a href=\"https:\/\/www.em.com.br\/emfoco\/2025\/08\/13\/habitos-diarios-que-transformam-sua-saude-bucal-para-sempre\/\" target=\"_blank\" rel=\"noreferrer noopener\">H\u00e1bitos di\u00e1rios que transformam sua sa\u00fade bucal para sempre<\/a><\/strong><\/em><\/p>\n\n\n\n<h2 class=\"wp-block-heading\">Por que higiene do sono vai al\u00e9m de apagar as luzes?<\/h2>\n\n\n\n<p>A <strong>higiene do sono<\/strong> funciona como uma prepara\u00e7\u00e3o metab\u00f3lica para a recupera\u00e7\u00e3o profunda. Reduzir drasticamente o uso de telas \u00e0 noite evita a supress\u00e3o da melatonina, horm\u00f4nio essencial para iniciar processos de reparo f\u00edsico e mental.<\/p>\n\n\n\n<p>Outro fator decisivo \u00e9 o ambiente. Manter o quarto mais fresco ajuda o corpo a entrar em estado de descanso profundo, favorecendo a limpeza de toxinas cerebrais acumuladas durante o dia e melhorando mem\u00f3ria, foco e disposi\u00e7\u00e3o no dia seguinte.<\/p>\n\n\n\n<figure class=\"wp-block-image size-large\"><img loading=\"lazy\" decoding=\"async\" width=\"1024\" height=\"576\" src=\"https:\/\/www.em.com.br\/emfoco\/wp-content\/uploads\/2025\/12\/IA-9-4-1024x576.jpg\" alt=\"Acorda cansado todo dia? Seu corpo pode estar confundindo o pr\u00f3prio rel\u00f3gio\" class=\"wp-image-145111\" srcset=\"https:\/\/www.em.com.br\/emfoco\/wp-content\/uploads\/2025\/12\/IA-9-4-1024x576.jpg 1024w, https:\/\/www.em.com.br\/emfoco\/wp-content\/uploads\/2025\/12\/IA-9-4-300x169.jpg 300w, https:\/\/www.em.com.br\/emfoco\/wp-content\/uploads\/2025\/12\/IA-9-4-768x432.jpg 768w, https:\/\/www.em.com.br\/emfoco\/wp-content\/uploads\/2025\/12\/IA-9-4-750x422.jpg 750w, https:\/\/www.em.com.br\/emfoco\/wp-content\/uploads\/2025\/12\/IA-9-4-1140x641.jpg 1140w, https:\/\/www.em.com.br\/emfoco\/wp-content\/uploads\/2025\/12\/IA-9-4.jpg 1280w\" sizes=\"auto, (max-width: 1024px) 100vw, 1024px\" \/><figcaption class=\"wp-element-caption\">Higiene do sono envolve luz, temperatura e redu\u00e7\u00e3o de est\u00edmulos noturnos<\/figcaption><\/figure>\n\n\n\n<h2 class=\"wp-block-heading\">Quais ajustes gratuitos aumentam energia e foco diariamente?<\/h2>\n\n\n\n<p>Pequenas a\u00e7\u00f5es feitas logo ao acordar e ao longo do dia reduzem o estresse oxidativo e melhoram a clareza mental. S\u00e3o mudan\u00e7as simples, sem custo algum, que potencializam os efeitos do <strong>biohacking acess\u00edvel<\/strong>, como mostram os exemplos abaixo.<\/p>\n\n\n\n<ul class=\"wp-block-list\">\n<li><strong>Hidrata\u00e7\u00e3o imediata<\/strong>: beber \u00e1gua ao levantar ativa o metabolismo e o c\u00e9rebro.<\/li>\n\n\n\n<li><strong>Temperatura do banho<\/strong>: \u00e1gua morna ou fria reduz inflama\u00e7\u00e3o e aumenta alerta.<\/li>\n\n\n\n<li><strong>Const\u00e2ncia di\u00e1ria<\/strong>: repetir h\u00e1bitos simples gera efeitos cumulativos poderosos.<\/li>\n<\/ul>\n\n\n\n<p>A verdadeira alta performance n\u00e3o est\u00e1 em gadgets caros ou solu\u00e7\u00f5es milagrosas, mas na repeti\u00e7\u00e3o consciente do b\u00e1sico. <strong>Hackear o corpo<\/strong> \u00e9 aprender a usar, todos os dias, as chaves biol\u00f3gicas gratuitas que sempre estiveram dispon\u00edveis para recuperar energia e vitalidade.<\/p>\n","protected":false},"excerpt":{"rendered":"<p>Acordar cansado costuma estar ligado \u00e0 desregula\u00e7\u00e3o do ritmo circadiano, n\u00e3o \u00e0 falta de sono. Exposi\u00e7\u00e3o \u00e0 luz solar pela manh\u00e3, higiene do sono, hidrata\u00e7\u00e3o e rotina consistente s\u00e3o biohacks gratuitos que aumentam energia, foco e disposi\u00e7\u00e3o di\u00e1ria. Acordar cansado, arrastar-se at\u00e9 a cafeteira e sentir que s\u00f3 a cafe\u00edna sustenta o dia \u00e9 mais [&hellip;]<\/p>\n","protected":false},"author":13,"featured_media":145105,"comment_status":"open","ping_status":"open","sticky":false,"template":"","format":"standard","meta":{"jnews-multi-image_gallery":[],"jnews_single_post":{"format":"standard"},"jnews_primary_category":[],"jnews_social_meta":[],"jnews_override_counter":[],"footnotes":""},"categories":[8819],"tags":[712,15410,16510],"class_list":["post-145069","post","type-post","status-publish","format-standard","has-post-thumbnail","hentry","category-curiosidades","tag-autocuidado","tag-biohacking","tag-energia-diaria"],"yoast_head":"<!-- This site is optimized with the Yoast SEO plugin v23.8 - https:\/\/yoast.com\/wordpress\/plugins\/seo\/ -->\n<title>Acorda cansado todo dia? Seu corpo pode estar confundindo o pr\u00f3prio rel\u00f3gio - Estado de Minas - Em foco<\/title>\n<meta name=\"description\" content=\"Acordar cansado mesmo ap\u00f3s dormir pode ser sinal de rotina errada. Veja como h\u00e1bitos simples ajudam a recuperar energia e foco natural.\" \/>\n<meta name=\"robots\" content=\"index, follow, max-snippet:-1, max-image-preview:large, max-video-preview:-1\" \/>\n<link rel=\"canonical\" href=\"https:\/\/www.em.com.br\/emfoco\/2025\/12\/25\/acorda-cansado-todo-dia-seu-corpo-pode-estar-confundindo-o-proprio-relogio\/\" \/>\n<meta property=\"og:locale\" content=\"pt_BR\" \/>\n<meta property=\"og:type\" content=\"article\" \/>\n<meta property=\"og:title\" content=\"Acorda cansado todo dia? Seu corpo pode estar confundindo o pr\u00f3prio rel\u00f3gio - Estado de Minas - Em foco\" \/>\n<meta property=\"og:description\" content=\"Acordar cansado mesmo ap\u00f3s dormir pode ser sinal de rotina errada. Veja como h\u00e1bitos simples ajudam a recuperar energia e foco natural.\" \/>\n<meta property=\"og:url\" content=\"https:\/\/www.em.com.br\/emfoco\/2025\/12\/25\/acorda-cansado-todo-dia-seu-corpo-pode-estar-confundindo-o-proprio-relogio\/\" \/>\n<meta property=\"og:site_name\" content=\"Estado de Minas - Em foco\" \/>\n<meta property=\"article:published_time\" content=\"2025-12-26T00:15:00+00:00\" \/>\n<meta property=\"article:modified_time\" content=\"2025-12-23T19:48:00+00:00\" \/>\n<meta property=\"og:image\" content=\"https:\/\/www.em.com.br\/emfoco\/wp-content\/uploads\/2025\/12\/IA-7-9.jpg\" \/>\n\t<meta property=\"og:image:width\" content=\"1280\" \/>\n\t<meta property=\"og:image:height\" content=\"720\" \/>\n\t<meta property=\"og:image:type\" content=\"image\/jpeg\" \/>\n<meta name=\"author\" content=\"Gabriel Martins\" \/>\n<meta name=\"twitter:card\" content=\"summary_large_image\" \/>\n<meta name=\"twitter:label1\" content=\"Escrito por\" \/>\n\t<meta name=\"twitter:data1\" content=\"Gabriel Martins\" \/>\n\t<meta name=\"twitter:label2\" content=\"Est. tempo de leitura\" \/>\n\t<meta name=\"twitter:data2\" content=\"4 minutos\" \/>\n<!-- \/ Yoast SEO plugin. -->","yoast_head_json":{"title":"Acorda cansado todo dia? Seu corpo pode estar confundindo o pr\u00f3prio rel\u00f3gio - Estado de Minas - Em foco","description":"Acordar cansado mesmo ap\u00f3s dormir pode ser sinal de rotina errada. Veja como h\u00e1bitos simples ajudam a recuperar energia e foco natural.","robots":{"index":"index","follow":"follow","max-snippet":"max-snippet:-1","max-image-preview":"max-image-preview:large","max-video-preview":"max-video-preview:-1"},"canonical":"https:\/\/www.em.com.br\/emfoco\/2025\/12\/25\/acorda-cansado-todo-dia-seu-corpo-pode-estar-confundindo-o-proprio-relogio\/","og_locale":"pt_BR","og_type":"article","og_title":"Acorda cansado todo dia? Seu corpo pode estar confundindo o pr\u00f3prio rel\u00f3gio - Estado de Minas - Em foco","og_description":"Acordar cansado mesmo ap\u00f3s dormir pode ser sinal de rotina errada. Veja como h\u00e1bitos simples ajudam a recuperar energia e foco natural.","og_url":"https:\/\/www.em.com.br\/emfoco\/2025\/12\/25\/acorda-cansado-todo-dia-seu-corpo-pode-estar-confundindo-o-proprio-relogio\/","og_site_name":"Estado de Minas - Em foco","article_published_time":"2025-12-26T00:15:00+00:00","article_modified_time":"2025-12-23T19:48:00+00:00","og_image":[{"width":1280,"height":720,"url":"https:\/\/www.em.com.br\/emfoco\/wp-content\/uploads\/2025\/12\/IA-7-9.jpg","type":"image\/jpeg"}],"author":"Gabriel Martins","twitter_card":"summary_large_image","twitter_misc":{"Escrito por":"Gabriel Martins","Est. tempo de leitura":"4 minutos"},"schema":{"@context":"https:\/\/schema.org","@graph":[{"@type":"WebPage","@id":"https:\/\/www.em.com.br\/emfoco\/2025\/12\/25\/acorda-cansado-todo-dia-seu-corpo-pode-estar-confundindo-o-proprio-relogio\/","url":"https:\/\/www.em.com.br\/emfoco\/2025\/12\/25\/acorda-cansado-todo-dia-seu-corpo-pode-estar-confundindo-o-proprio-relogio\/","name":"Acorda cansado todo dia? Seu corpo pode estar confundindo o pr\u00f3prio rel\u00f3gio - Estado de Minas - Em foco","isPartOf":{"@id":"https:\/\/www.em.com.br\/emfoco\/#website"},"primaryImageOfPage":{"@id":"https:\/\/www.em.com.br\/emfoco\/2025\/12\/25\/acorda-cansado-todo-dia-seu-corpo-pode-estar-confundindo-o-proprio-relogio\/#primaryimage"},"image":{"@id":"https:\/\/www.em.com.br\/emfoco\/2025\/12\/25\/acorda-cansado-todo-dia-seu-corpo-pode-estar-confundindo-o-proprio-relogio\/#primaryimage"},"thumbnailUrl":"https:\/\/www.em.com.br\/emfoco\/wp-content\/uploads\/2025\/12\/IA-7-9.jpg","datePublished":"2025-12-26T00:15:00+00:00","dateModified":"2025-12-23T19:48:00+00:00","author":{"@id":"https:\/\/www.em.com.br\/emfoco\/#\/schema\/person\/1c9ddeab18b98abeffef834667bcf08a"},"description":"Acordar cansado mesmo ap\u00f3s dormir pode ser sinal de rotina errada. Veja como h\u00e1bitos simples ajudam a recuperar energia e foco natural.","breadcrumb":{"@id":"https:\/\/www.em.com.br\/emfoco\/2025\/12\/25\/acorda-cansado-todo-dia-seu-corpo-pode-estar-confundindo-o-proprio-relogio\/#breadcrumb"},"inLanguage":"pt-BR","potentialAction":[{"@type":"ReadAction","target":["https:\/\/www.em.com.br\/emfoco\/2025\/12\/25\/acorda-cansado-todo-dia-seu-corpo-pode-estar-confundindo-o-proprio-relogio\/"]}]},{"@type":"ImageObject","inLanguage":"pt-BR","@id":"https:\/\/www.em.com.br\/emfoco\/2025\/12\/25\/acorda-cansado-todo-dia-seu-corpo-pode-estar-confundindo-o-proprio-relogio\/#primaryimage","url":"https:\/\/www.em.com.br\/emfoco\/wp-content\/uploads\/2025\/12\/IA-7-9.jpg","contentUrl":"https:\/\/www.em.com.br\/emfoco\/wp-content\/uploads\/2025\/12\/IA-7-9.jpg","width":1280,"height":720,"caption":"H\u00e1bitos simples regulam o corpo e restauram energia di\u00e1ria naturalmente"},{"@type":"BreadcrumbList","@id":"https:\/\/www.em.com.br\/emfoco\/2025\/12\/25\/acorda-cansado-todo-dia-seu-corpo-pode-estar-confundindo-o-proprio-relogio\/#breadcrumb","itemListElement":[{"@type":"ListItem","position":1,"name":"In\u00edcio","item":"https:\/\/www.em.com.br\/emfoco\/"},{"@type":"ListItem","position":2,"name":"Acorda cansado todo dia? Seu corpo pode estar confundindo o pr\u00f3prio rel\u00f3gio"}]},{"@type":"WebSite","@id":"https:\/\/www.em.com.br\/emfoco\/#website","url":"https:\/\/www.em.com.br\/emfoco\/","name":"Estado de Minas - Em foco","description":"Acompanhe as \u00faltimas not\u00edcias e fique bem informado sobre tudo o que acontece em Minas Gerais, Brasil e no mundo.","potentialAction":[{"@type":"SearchAction","target":{"@type":"EntryPoint","urlTemplate":"https:\/\/www.em.com.br\/emfoco\/?s={search_term_string}"},"query-input":{"@type":"PropertyValueSpecification","valueRequired":true,"valueName":"search_term_string"}}],"inLanguage":"pt-BR"},{"@type":"Person","@id":"https:\/\/www.em.com.br\/emfoco\/#\/schema\/person\/1c9ddeab18b98abeffef834667bcf08a","name":"Gabriel Martins","image":{"@type":"ImageObject","inLanguage":"pt-BR","@id":"https:\/\/www.em.com.br\/emfoco\/#\/schema\/person\/image\/","url":"https:\/\/secure.gravatar.com\/avatar\/f0f1e2efdfd88f1ad2cb08c5c2731e50?s=96&d=mm&r=g","contentUrl":"https:\/\/secure.gravatar.com\/avatar\/f0f1e2efdfd88f1ad2cb08c5c2731e50?s=96&d=mm&r=g","caption":"Gabriel Martins"},"sameAs":["https:\/\/www.em.com.br\/emfoco\/"],"url":"https:\/\/www.em.com.br\/emfoco\/author\/gabrielmartinsmyth\/"}]}},"_links":{"self":[{"href":"https:\/\/www.em.com.br\/emfoco\/wp-json\/wp\/v2\/posts\/145069","targetHints":{"allow":["GET"]}}],"collection":[{"href":"https:\/\/www.em.com.br\/emfoco\/wp-json\/wp\/v2\/posts"}],"about":[{"href":"https:\/\/www.em.com.br\/emfoco\/wp-json\/wp\/v2\/types\/post"}],"author":[{"embeddable":true,"href":"https:\/\/www.em.com.br\/emfoco\/wp-json\/wp\/v2\/users\/13"}],"replies":[{"embeddable":true,"href":"https:\/\/www.em.com.br\/emfoco\/wp-json\/wp\/v2\/comments?post=145069"}],"version-history":[{"count":1,"href":"https:\/\/www.em.com.br\/emfoco\/wp-json\/wp\/v2\/posts\/145069\/revisions"}],"predecessor-version":[{"id":145113,"href":"https:\/\/www.em.com.br\/emfoco\/wp-json\/wp\/v2\/posts\/145069\/revisions\/145113"}],"wp:featuredmedia":[{"embeddable":true,"href":"https:\/\/www.em.com.br\/emfoco\/wp-json\/wp\/v2\/media\/145105"}],"wp:attachment":[{"href":"https:\/\/www.em.com.br\/emfoco\/wp-json\/wp\/v2\/media?parent=145069"}],"wp:term":[{"taxonomy":"category","embeddable":true,"href":"https:\/\/www.em.com.br\/emfoco\/wp-json\/wp\/v2\/categories?post=145069"},{"taxonomy":"post_tag","embeddable":true,"href":"https:\/\/www.em.com.br\/emfoco\/wp-json\/wp\/v2\/tags?post=145069"}],"curies":[{"name":"wp","href":"https:\/\/api.w.org\/{rel}","templated":true}]}}