{"id":144815,"date":"2025-12-24T14:25:59","date_gmt":"2025-12-24T17:25:59","guid":{"rendered":"https:\/\/www.em.com.br\/emfoco\/?p=144815"},"modified":"2025-12-23T16:37:40","modified_gmt":"2025-12-23T19:37:40","slug":"cores-que-rejuvenesce-ou-envelhece-no-verao-2026-e-como-usar-a-seu-favor","status":"publish","type":"post","link":"https:\/\/www.em.com.br\/emfoco\/2025\/12\/24\/cores-que-rejuvenesce-ou-envelhece-no-verao-2026-e-como-usar-a-seu-favor\/","title":{"rendered":"Cores que rejuvenesce ou envelhece no ver\u00e3o 2026 e como usar a seu favor"},"content":{"rendered":"\n<h2 class=\"wp-block-heading\">No ver\u00e3o 2026, consultores apontam o bege acinzentado frio como tom que envelhece por apagar o contraste da pele. O coral luminoso e cores como turquesa e verde lima rejuvenescem ao real\u00e7ar vi\u00e7o e frescor.<\/h2>\n\n\n\n<p>No auge do calor, quem nunca vestiu uma blusa e pensou: <b>\u201cNossa, hoje estou com uma apar\u00eancia mais cansada\u201d<\/b>? No ver\u00e3o, a escolha das <strong>cores<\/strong> pode real\u00e7ar o vi\u00e7o da pele ou, sem querer, destacar <b>olheiras<\/b> e linhas de express\u00e3o. Especialistas em <strong>moda<\/strong> e consultoria de imagem j\u00e1 apontam tend\u00eancias para o ver\u00e3o 2026 e indicam quais tons ajudam a criar um visual mais descansado e jovial \u2013 e quais podem envelhecer a apar\u00eancia, especialmente sob sol forte e altas temperaturas.<\/p>\n\n\n\n<h2 class=\"wp-block-heading\">Qual \u00e9 a cor que mais envelhece no ver\u00e3o 2026<\/h2>\n\n\n\n<p>Entre as tonalidades avaliadas por consultores de imagem, o <strong>bege acinzentado frio<\/strong>, queridinho de cole\u00e7\u00f5es <b>minimalistas<\/b>, aparece frequentemente como a cor que mais \u201cenvelhece\u201d no ver\u00e3o 2026. Quando fica muito pr\u00f3ximo do tom natural da <strong>pele<\/strong> ou puxa demais para o cinza, ele apaga o contraste do rosto e pode deixar marcas de express\u00e3o e olheiras mais evidentes, sobretudo em ambientes externos com luz intensa.<\/p>\n\n\n\n<p>Em peles muito claras, esse tom costuma gerar um efeito de <strong>palidez<\/strong>; em peles mais escuras, pode criar um aspecto mais opaco e sem vida. Al\u00e9m disso, combina\u00e7\u00f5es com <b>tons past\u00e9is<\/b> muito \u201clavados\u201d, como rosa extremamente claro, amarelo desbotado e azul gelo, tendem a transmitir um ar de <strong>cansa\u00e7o<\/strong> quando usados sem considerar o subtom da pele ou o contexto, como praia, trabalho ou eventos noturnos.<\/p>\n\n\n\n<figure class=\"wp-block-embed is-type-rich is-provider-pinterest wp-block-embed-pinterest\"><div class=\"wp-block-embed__wrapper\">\n<iframe loading=\"lazy\" title=\"Look de inverno: dicas de melhores looks para arrasar na esta\u00e7\u00e3o mais fria do ano\" src=\"https:\/\/assets.pinterest.com\/ext\/embed.html?id=15692298697518785&#038;src=oembed\" height=\"888\" width=\"450\" frameborder=\"0\" scrolling=\"no\" ><\/iframe>\n<\/div><\/figure>\n\n\n\n<p>Leia tamb\u00e9m:&nbsp;<a href=\"https:\/\/www.em.com.br\/emfoco\/2025\/12\/22\/como-hidratar-e-melhorar-a-textura-de-cabelos-cacheados-com-pequenas-mudancas-em-casa\/\" target=\"_blank\" rel=\"noopener\">Como hidratar e melhorar a textura de cabelos cacheados com pequenas mudan\u00e7as em casa<\/a><\/p>\n\n\n\n<h2 class=\"wp-block-heading\">Qual \u00e9 a cor que mais rejuvenesce no ver\u00e3o 2026<\/h2>\n\n\n\n<p>Em contraste, estilistas e consultores destacam o <strong>coral luminoso<\/strong> como uma das cores que mais \u201crejuvenesce\u201d no ver\u00e3o 2026. Esse tom, entre o laranja suave e o <b>rosa quente<\/b>, costuma real\u00e7ar o vi\u00e7o natural da pele e transmitir sensa\u00e7\u00e3o de frescor e <strong>vitalidade<\/strong>. Em ambientes ao ar livre, o coral reflete a luz de forma equilibrada, como se fosse um filtro de maquiagem leve, destacando l\u00e1bios, bochechas e contornos do rosto.<\/p>\n\n\n\n<p>Outras tonalidades vibrantes, mas n\u00e3o exageradamente saturadas, tamb\u00e9m favorecem uma apar\u00eancia mais jovem, pois criam contraste moderado sem pesar a express\u00e3o. \u00c9 o caso do <strong>verde lima<\/strong> suave, azul turquesa e <b>rosa framboesa<\/b>, especialmente em pe\u00e7as pr\u00f3ximas ao rosto, como regatas, vestidos e camisas leves para o dia a dia de <strong>ver\u00e3o<\/strong>.<\/p>\n\n\n\n<figure class=\"wp-block-embed is-type-rich is-provider-pinterest wp-block-embed-pinterest\"><div class=\"wp-block-embed__wrapper\">\n<iframe loading=\"lazy\" title=\"mydailystyle on LTK\" src=\"https:\/\/assets.pinterest.com\/ext\/embed.html?id=3448137210147016&#038;src=oembed\" height=\"899\" width=\"450\" frameborder=\"0\" scrolling=\"no\" ><\/iframe>\n<\/div><\/figure>\n\n\n\n<h2 class=\"wp-block-heading\">Como escolher cores que favorecem no ver\u00e3o<\/h2>\n\n\n\n<p>Na pr\u00e1tica, decidir entre a cor que envelhece e a que rejuvenesce envolve observar o <strong>subtom de pele<\/strong>, o ambiente e at\u00e9 o corte da pe\u00e7a. Uma dica simples usada por consultores de imagem \u00e9 aproximar o tecido do pesco\u00e7o e do colo: se olheiras e marcas ficam mais evidentes, a cor tende a envelhecer; se a <b>express\u00e3o<\/b> parece mais descansada, a cor costuma favorecer e trazer mais <strong>luminosidade<\/strong>.<\/p>\n\n\n\n<ol class=\"wp-block-list\">\n<li><strong>Identificar o subtom de pele<\/strong><br>Peles de subtom quente, em geral, harmonizam melhor com cores como coral, laranja queimado, dourado suave e verde oliva. J\u00e1 peles de subtom frio costumam ficar mais equilibradas com <b>azul turquesa<\/b>, rosa framboesa e lavanda moderado. O <strong>bege acinzentado<\/strong> frio, apontado como cor que envelhece, costuma ser mais cr\u00edtico justamente em peles quentes.<\/li>\n\n\n\n<li><strong>Observar o tipo de luz<\/strong><br>A luz forte do meio-dia torna cores frias e <b>acinzentadas<\/b> ainda mais duras sobre a pele. No fim da tarde, alguns tons antes desfavor\u00e1veis podem parecer mais suaves e acolhedores. Assim, uma mesma pe\u00e7a pode ter efeito bem diferente dependendo do <strong>hor\u00e1rio<\/strong> em que \u00e9 usada.<\/li>\n\n\n\n<li><strong>Avaliar a dist\u00e2ncia da cor em rela\u00e7\u00e3o ao rosto<\/strong><br>Em pe\u00e7as inferiores, como shorts e saias, a cor interfere menos na sensa\u00e7\u00e3o de idade do que em blusas, vestidos, len\u00e7os e camisas. Por isso, o bege acinzentado pode funcionar melhor em <b>cal\u00e7as<\/b>, enquanto o coral e o turquesa ganham protagonismo na parte superior do <strong>look<\/strong>.<\/li>\n<\/ol>\n\n\n\n<figure class=\"wp-block-embed is-type-rich is-provider-pinterest wp-block-embed-pinterest\"><div class=\"wp-block-embed__wrapper\">\n<iframe loading=\"lazy\" title=\"Como saber se o seu look ficou incr\u00edvel?\" src=\"https:\/\/assets.pinterest.com\/ext\/embed.html?id=633387439162551&#038;src=oembed\" height=\"898\" width=\"450\" frameborder=\"0\" scrolling=\"no\" ><\/iframe>\n<\/div><\/figure>\n\n\n\n<h2 class=\"wp-block-heading\">Como cores, tecidos e contextos mudam sua apar\u00eancia<\/h2>\n\n\n\n<p>N\u00e3o \u00e9 s\u00f3 o tom da roupa que conta: a combina\u00e7\u00e3o entre <strong>cor<\/strong>, tecido e ambiente influencia diretamente se a apar\u00eancia fica mais envelhecida ou rejuvenescida. Tecidos muito opacos em cores <b>acinzentadas<\/b> tendem a refor\u00e7ar o efeito de apagamento, deixando o rosto menos iluminado. J\u00e1 tecidos leves, como linho misto, algod\u00e3o fluido e viscose em tonalidades vivas, refletem melhor a luz e ajudam a criar uma sensa\u00e7\u00e3o de <strong>frescor<\/strong>.<\/p>\n\n\n\n<figure class=\"wp-block-embed is-type-rich is-provider-pinterest wp-block-embed-pinterest\"><div class=\"wp-block-embed__wrapper\">\n<iframe loading=\"lazy\" title=\"&quot;As apostas que prometem bombar no ver\u00e3o 2026 j\u00e1 est\u00e3o dando as caras \ud83d\udc40\u2728 A cal\u00e7a capri voltou com tudo, trazendo um ar moderno e elegante para o dia a dia. Voc\u00ea usaria essa trend? Qual look \u00e9 mais a sua cara? \ud83d\udcab\ud83d\udc47  #tend\u00eancia #tendencias #ver\u00e3o2026 #estilo #moda #fashion #look #reels&quot;\" src=\"https:\/\/assets.pinterest.com\/ext\/embed.html?id=87186942779905847&#038;src=oembed\" height=\"898\" width=\"450\" frameborder=\"0\" scrolling=\"no\" ><\/iframe>\n<\/div><\/figure>\n\n\n\n<p>Em diferentes situa\u00e7\u00f5es do dia a dia \u2013 da praia ao escrit\u00f3rio \u2013 algumas escolhas podem valorizar mais o tom de pele e o humor do momento. Veja como adaptar as <strong>cores<\/strong> a cada contexto para aproveitar o ver\u00e3o 2026 com mais estilo e leveza:<\/p>\n\n\n\n<ul class=\"wp-block-list\">\n<li><strong>Ambiente de praia e piscina<\/strong>: biqu\u00ednis e sa\u00eddas de banho em coral, turquesa ou <b>verde lima<\/b> destacam o bronzeado e suavizam pequenas irregularidades da pele.<\/li>\n\n\n\n<li><strong>Ambiente de trabalho<\/strong>: para manter sobriedade sem cair no bege acinzentado, tons de <b>coral queimado<\/b>, azul petr\u00f3leo claro e verde musgo iluminado s\u00e3o boas alternativas.<\/li>\n\n\n\n<li><strong>Eventos noturnos<\/strong>: cores profundas como vinho moderado, azul marinho luminoso e <b>esmeralda<\/b> podem rejuvenescer quando combinadas com maquiagem discreta e boa <strong>ilumina\u00e7\u00e3o<\/strong>.<\/li>\n<\/ul>\n\n\n\n<p>Para voc\u00ea que quer saber mais, separamos um v\u00eddeo do canal <a href=\"https:\/\/www.youtube.com\/@epifaniafeminina9079\" target=\"_blank\" rel=\"noopener\">Epifania Feminina<\/a> com dicas de cores para te rejuvenescer:<\/p>\n\n\n\n<figure class=\"wp-block-embed is-type-video is-provider-youtube wp-block-embed-youtube wp-embed-aspect-16-9 wp-has-aspect-ratio\"><div class=\"wp-block-embed__wrapper\">\n<div class=\"jeg_video_container jeg_video_content\"><iframe loading=\"lazy\" title=\"\u2728 APARENTE SER 10 Anos mais JOVEM - Cores que ENVELHECEM e REJUVENESCEM Depois dos 50 \u2728\" width=\"500\" height=\"281\" src=\"https:\/\/www.youtube.com\/embed\/1HeYI6KFs-M?feature=oembed\" frameborder=\"0\" allow=\"accelerometer; autoplay; clipboard-write; encrypted-media; gyroscope; picture-in-picture; web-share\" referrerpolicy=\"strict-origin-when-cross-origin\" allowfullscreen><\/iframe><\/div>\n<\/div><\/figure>\n\n\n\n<h2 class=\"wp-block-heading\">Pr\u00f3ximo passo para seu estilo de ver\u00e3o 2026<\/h2>\n\n\n\n<p>No ver\u00e3o 2026, falar sobre a cor que envelhece e a cor que rejuvenesce n\u00e3o significa seguir uma lista r\u00edgida do que \u00e9 proibido ou permitido. A proposta \u00e9 observar, com mais calma, como cada tom se comporta na sua <strong>pele real<\/strong>, em diferentes luzes, temperaturas e tipos de tecido, e usar essa percep\u00e7\u00e3o a favor de uma imagem mais fresca e cheia de <b>vitalidade<\/b>.<\/p>\n\n\n\n<p>Na hora de escolher suas pe\u00e7as, fa\u00e7a o teste diante do espelho com luz natural, compare o efeito de um <strong>bege acinzentado<\/strong> com um coral luminoso ou um azul turquesa e perceba como o rosto muda. Se quiser dar o pr\u00f3ximo passo, experimente montar um pequeno <b>\u201ckit de ver\u00e3o\u201d<\/b> com 3 a 5 cores que te iluminam e use essas refer\u00eancias nas pr\u00f3ximas compras \u2013 assim, voc\u00ea transforma o guarda-roupa em um aliado para rejuvenescer visualmente em cada dia de <strong>ver\u00e3o<\/strong>.<\/p>\n","protected":false},"excerpt":{"rendered":"<p>No ver\u00e3o 2026, consultores apontam o bege acinzentado frio como tom que envelhece por apagar o contraste da pele. O coral luminoso e cores como turquesa e verde lima rejuvenescem ao real\u00e7ar vi\u00e7o e frescor. No auge do calor, quem nunca vestiu uma blusa e pensou: \u201cNossa, hoje estou com uma apar\u00eancia mais cansada\u201d? No [&hellip;]<\/p>\n","protected":false},"author":9,"featured_media":64746,"comment_status":"open","ping_status":"open","sticky":false,"template":"","format":"standard","meta":{"jnews-multi-image_gallery":[],"jnews_single_post":{"format":"standard"},"jnews_primary_category":[],"jnews_social_meta":[],"jnews_override_counter":[],"footnotes":""},"categories":[8691,8819,1],"tags":[8991,18815,1827],"class_list":["post-144815","post","type-post","status-publish","format-standard","has-post-thumbnail","hentry","category-bem-estar","category-curiosidades","category-noticias","tag-cor","tag-look","tag-verao"],"yoast_head":"<!-- This site is optimized with the Yoast SEO plugin v23.8 - https:\/\/yoast.com\/wordpress\/plugins\/seo\/ -->\n<title>Cores que rejuvenesce ou envelhece no ver\u00e3o 2026 e como usar a seu favor - Estado de Minas - Em foco<\/title>\n<meta name=\"description\" content=\"Quer parecer mais jovem? Descubra por que evitar o bege acinzentado no ver\u00e3o 2026 e aposte no coral luminoso para real\u00e7ar o vi\u00e7o, disfar\u00e7ar olheiras e iluminar o rosto.\" \/>\n<meta name=\"robots\" content=\"index, follow, max-snippet:-1, max-image-preview:large, max-video-preview:-1\" \/>\n<link rel=\"canonical\" href=\"https:\/\/www.em.com.br\/emfoco\/2025\/12\/24\/cores-que-rejuvenesce-ou-envelhece-no-verao-2026-e-como-usar-a-seu-favor\/\" \/>\n<meta property=\"og:locale\" content=\"pt_BR\" \/>\n<meta property=\"og:type\" content=\"article\" \/>\n<meta property=\"og:title\" content=\"Cores que rejuvenesce ou envelhece no ver\u00e3o 2026 e como usar a seu favor - Estado de Minas - Em foco\" \/>\n<meta property=\"og:description\" content=\"Quer parecer mais jovem? Descubra por que evitar o bege acinzentado no ver\u00e3o 2026 e aposte no coral luminoso para real\u00e7ar o vi\u00e7o, disfar\u00e7ar olheiras e iluminar o rosto.\" \/>\n<meta property=\"og:url\" content=\"https:\/\/www.em.com.br\/emfoco\/2025\/12\/24\/cores-que-rejuvenesce-ou-envelhece-no-verao-2026-e-como-usar-a-seu-favor\/\" \/>\n<meta property=\"og:site_name\" content=\"Estado de Minas - Em foco\" \/>\n<meta property=\"article:published_time\" content=\"2025-12-24T17:25:59+00:00\" \/>\n<meta property=\"article:modified_time\" content=\"2025-12-23T19:37:40+00:00\" \/>\n<meta property=\"og:image\" content=\"https:\/\/www.em.com.br\/emfoco\/wp-content\/uploads\/2025\/06\/mulheres-moda-verao_1750464931462.jpg\" \/>\n\t<meta property=\"og:image:width\" content=\"1280\" \/>\n\t<meta property=\"og:image:height\" content=\"720\" \/>\n\t<meta property=\"og:image:type\" content=\"image\/jpeg\" \/>\n<meta name=\"author\" content=\"Daniely Cardoso\" \/>\n<meta name=\"twitter:card\" content=\"summary_large_image\" \/>\n<meta name=\"twitter:label1\" content=\"Escrito por\" \/>\n\t<meta name=\"twitter:data1\" content=\"Daniely Cardoso\" \/>\n\t<meta name=\"twitter:label2\" content=\"Est. tempo de leitura\" \/>\n\t<meta name=\"twitter:data2\" content=\"6 minutos\" \/>\n<!-- \/ Yoast SEO plugin. -->","yoast_head_json":{"title":"Cores que rejuvenesce ou envelhece no ver\u00e3o 2026 e como usar a seu favor - Estado de Minas - Em foco","description":"Quer parecer mais jovem? Descubra por que evitar o bege acinzentado no ver\u00e3o 2026 e aposte no coral luminoso para real\u00e7ar o vi\u00e7o, disfar\u00e7ar olheiras e iluminar o rosto.","robots":{"index":"index","follow":"follow","max-snippet":"max-snippet:-1","max-image-preview":"max-image-preview:large","max-video-preview":"max-video-preview:-1"},"canonical":"https:\/\/www.em.com.br\/emfoco\/2025\/12\/24\/cores-que-rejuvenesce-ou-envelhece-no-verao-2026-e-como-usar-a-seu-favor\/","og_locale":"pt_BR","og_type":"article","og_title":"Cores que rejuvenesce ou envelhece no ver\u00e3o 2026 e como usar a seu favor - Estado de Minas - Em foco","og_description":"Quer parecer mais jovem? Descubra por que evitar o bege acinzentado no ver\u00e3o 2026 e aposte no coral luminoso para real\u00e7ar o vi\u00e7o, disfar\u00e7ar olheiras e iluminar o rosto.","og_url":"https:\/\/www.em.com.br\/emfoco\/2025\/12\/24\/cores-que-rejuvenesce-ou-envelhece-no-verao-2026-e-como-usar-a-seu-favor\/","og_site_name":"Estado de Minas - Em foco","article_published_time":"2025-12-24T17:25:59+00:00","article_modified_time":"2025-12-23T19:37:40+00:00","og_image":[{"width":1280,"height":720,"url":"https:\/\/www.em.com.br\/emfoco\/wp-content\/uploads\/2025\/06\/mulheres-moda-verao_1750464931462.jpg","type":"image\/jpeg"}],"author":"Daniely Cardoso","twitter_card":"summary_large_image","twitter_misc":{"Escrito por":"Daniely Cardoso","Est. tempo de leitura":"6 minutos"},"schema":{"@context":"https:\/\/schema.org","@graph":[{"@type":"WebPage","@id":"https:\/\/www.em.com.br\/emfoco\/2025\/12\/24\/cores-que-rejuvenesce-ou-envelhece-no-verao-2026-e-como-usar-a-seu-favor\/","url":"https:\/\/www.em.com.br\/emfoco\/2025\/12\/24\/cores-que-rejuvenesce-ou-envelhece-no-verao-2026-e-como-usar-a-seu-favor\/","name":"Cores que rejuvenesce ou envelhece no ver\u00e3o 2026 e como usar a seu favor - Estado de Minas - Em foco","isPartOf":{"@id":"https:\/\/www.em.com.br\/emfoco\/#website"},"primaryImageOfPage":{"@id":"https:\/\/www.em.com.br\/emfoco\/2025\/12\/24\/cores-que-rejuvenesce-ou-envelhece-no-verao-2026-e-como-usar-a-seu-favor\/#primaryimage"},"image":{"@id":"https:\/\/www.em.com.br\/emfoco\/2025\/12\/24\/cores-que-rejuvenesce-ou-envelhece-no-verao-2026-e-como-usar-a-seu-favor\/#primaryimage"},"thumbnailUrl":"https:\/\/www.em.com.br\/emfoco\/wp-content\/uploads\/2025\/06\/mulheres-moda-verao_1750464931462.jpg","datePublished":"2025-12-24T17:25:59+00:00","dateModified":"2025-12-23T19:37:40+00:00","author":{"@id":"https:\/\/www.em.com.br\/emfoco\/#\/schema\/person\/0a8186d72f2c3a5c6276d90b41f271a0"},"description":"Quer parecer mais jovem? Descubra por que evitar o bege acinzentado no ver\u00e3o 2026 e aposte no coral luminoso para real\u00e7ar o vi\u00e7o, disfar\u00e7ar olheiras e iluminar o rosto.","breadcrumb":{"@id":"https:\/\/www.em.com.br\/emfoco\/2025\/12\/24\/cores-que-rejuvenesce-ou-envelhece-no-verao-2026-e-como-usar-a-seu-favor\/#breadcrumb"},"inLanguage":"pt-BR","potentialAction":[{"@type":"ReadAction","target":["https:\/\/www.em.com.br\/emfoco\/2025\/12\/24\/cores-que-rejuvenesce-ou-envelhece-no-verao-2026-e-como-usar-a-seu-favor\/"]}]},{"@type":"ImageObject","inLanguage":"pt-BR","@id":"https:\/\/www.em.com.br\/emfoco\/2025\/12\/24\/cores-que-rejuvenesce-ou-envelhece-no-verao-2026-e-como-usar-a-seu-favor\/#primaryimage","url":"https:\/\/www.em.com.br\/emfoco\/wp-content\/uploads\/2025\/06\/mulheres-moda-verao_1750464931462.jpg","contentUrl":"https:\/\/www.em.com.br\/emfoco\/wp-content\/uploads\/2025\/06\/mulheres-moda-verao_1750464931462.jpg","width":1280,"height":720,"caption":"Moda ver\u00e3o para 2026 tr\u00e1s cl\u00e1ssico e pe\u00e7as novas - Cr\u00e9ditos: depositphotos.com \/ simbiothy"},{"@type":"BreadcrumbList","@id":"https:\/\/www.em.com.br\/emfoco\/2025\/12\/24\/cores-que-rejuvenesce-ou-envelhece-no-verao-2026-e-como-usar-a-seu-favor\/#breadcrumb","itemListElement":[{"@type":"ListItem","position":1,"name":"In\u00edcio","item":"https:\/\/www.em.com.br\/emfoco\/"},{"@type":"ListItem","position":2,"name":"Cores que rejuvenesce ou envelhece no ver\u00e3o 2026 e como usar a seu favor"}]},{"@type":"WebSite","@id":"https:\/\/www.em.com.br\/emfoco\/#website","url":"https:\/\/www.em.com.br\/emfoco\/","name":"Estado de Minas - Em foco","description":"Acompanhe as \u00faltimas not\u00edcias e fique bem informado sobre tudo o que acontece em Minas Gerais, Brasil e no mundo.","potentialAction":[{"@type":"SearchAction","target":{"@type":"EntryPoint","urlTemplate":"https:\/\/www.em.com.br\/emfoco\/?s={search_term_string}"},"query-input":{"@type":"PropertyValueSpecification","valueRequired":true,"valueName":"search_term_string"}}],"inLanguage":"pt-BR"},{"@type":"Person","@id":"https:\/\/www.em.com.br\/emfoco\/#\/schema\/person\/0a8186d72f2c3a5c6276d90b41f271a0","name":"Daniely Cardoso","image":{"@type":"ImageObject","inLanguage":"pt-BR","@id":"https:\/\/www.em.com.br\/emfoco\/#\/schema\/person\/image\/","url":"https:\/\/secure.gravatar.com\/avatar\/4b80ddbd124d1f071b626d52d62e5dff?s=96&d=mm&r=g","contentUrl":"https:\/\/secure.gravatar.com\/avatar\/4b80ddbd124d1f071b626d52d62e5dff?s=96&d=mm&r=g","caption":"Daniely Cardoso"},"url":"https:\/\/www.em.com.br\/emfoco\/author\/danielymyth\/"}]}},"_links":{"self":[{"href":"https:\/\/www.em.com.br\/emfoco\/wp-json\/wp\/v2\/posts\/144815","targetHints":{"allow":["GET"]}}],"collection":[{"href":"https:\/\/www.em.com.br\/emfoco\/wp-json\/wp\/v2\/posts"}],"about":[{"href":"https:\/\/www.em.com.br\/emfoco\/wp-json\/wp\/v2\/types\/post"}],"author":[{"embeddable":true,"href":"https:\/\/www.em.com.br\/emfoco\/wp-json\/wp\/v2\/users\/9"}],"replies":[{"embeddable":true,"href":"https:\/\/www.em.com.br\/emfoco\/wp-json\/wp\/v2\/comments?post=144815"}],"version-history":[{"count":3,"href":"https:\/\/www.em.com.br\/emfoco\/wp-json\/wp\/v2\/posts\/144815\/revisions"}],"predecessor-version":[{"id":145085,"href":"https:\/\/www.em.com.br\/emfoco\/wp-json\/wp\/v2\/posts\/144815\/revisions\/145085"}],"wp:featuredmedia":[{"embeddable":true,"href":"https:\/\/www.em.com.br\/emfoco\/wp-json\/wp\/v2\/media\/64746"}],"wp:attachment":[{"href":"https:\/\/www.em.com.br\/emfoco\/wp-json\/wp\/v2\/media?parent=144815"}],"wp:term":[{"taxonomy":"category","embeddable":true,"href":"https:\/\/www.em.com.br\/emfoco\/wp-json\/wp\/v2\/categories?post=144815"},{"taxonomy":"post_tag","embeddable":true,"href":"https:\/\/www.em.com.br\/emfoco\/wp-json\/wp\/v2\/tags?post=144815"}],"curies":[{"name":"wp","href":"https:\/\/api.w.org\/{rel}","templated":true}]}}