{"id":144802,"date":"2025-12-24T10:45:16","date_gmt":"2025-12-24T13:45:16","guid":{"rendered":"https:\/\/www.em.com.br\/emfoco\/?p=144802"},"modified":"2025-12-23T16:19:44","modified_gmt":"2025-12-23T19:19:44","slug":"rosto-inchado-aprenda-a-massagem-facial-que-define-o-contorno-em-minutos","status":"publish","type":"post","link":"https:\/\/www.em.com.br\/emfoco\/2025\/12\/24\/rosto-inchado-aprenda-a-massagem-facial-que-define-o-contorno-em-minutos\/","title":{"rendered":"Rosto inchado? Aprenda a massagem facial que define o contorno em minutos"},"content":{"rendered":"\n<h2 class=\"wp-block-heading\">A massagem facial estimula circula\u00e7\u00e3o, reduz reten\u00e7\u00e3o de l\u00edquidos e relaxa m\u00fasculos, ajudando a definir mand\u00edbula e bochechas. Com pr\u00e1tica regular, pode suavizar incha\u00e7o, linhas finas e melhorar o vi\u00e7o da pele.<br><\/h2>\n\n\n\n<p>Voc\u00ea j\u00e1 se olhou no espelho depois de um dia cansativo e sentiu o rosto pesado, com linhas mais aparentes e aquele incha\u00e7o que insiste em ficar? Muitas mulheres passaram a apostar na <strong>massagem facial<\/strong> como um cuidado simples, feito em casa ou na cl\u00ednica, para suavizar a express\u00e3o e deixar o <strong>contorno do rosto<\/strong> mais bonito, sem precisar de procedimentos invasivos. Com movimentos espec\u00edficos, uso de <strong>cremes<\/strong> ou \u00f3leos e toques em pontos estrat\u00e9gicos, essa pr\u00e1tica une autocuidado, bem-estar e um visual mais descansado ao longo do tempo.<\/p>\n\n\n\n<h2 class=\"wp-block-heading\">Como a massagem facial melhora o contorno do rosto em mulheres<\/h2>\n\n\n\n<p>Quando se fala em <strong>contorno do rosto<\/strong>, muitas pensam logo em maquiagem, mas a <strong>massagem facial<\/strong> tamb\u00e9m pode ajudar a deixar mand\u00edbula, ma\u00e7\u00e3s do rosto e queixo mais evidentes. Ao estimular a <strong>circula\u00e7\u00e3o<\/strong> e ajudar na elimina\u00e7\u00e3o de l\u00edquidos, o rosto tende a parecer menos inchado, especialmente na regi\u00e3o abaixo do queixo e ao redor das bochechas.<\/p>\n\n\n\n<p>Os movimentos geralmente s\u00e3o feitos de baixo para cima e do centro para as laterais, criando um efeito visual de \u201celeva\u00e7\u00e3o\u201d das estruturas do rosto. Em muitas sess\u00f5es profissionais, a <strong>drenagem linf\u00e1tica facial<\/strong> \u00e9 combinada \u00e0 massagem, o que ajuda a diminuir o <strong>incha\u00e7o matinal<\/strong>, as bolsas sob os olhos e a sensa\u00e7\u00e3o de rosto pesado, principalmente em peles maduras que buscam mais <strong>firmeza<\/strong>.<\/p>\n\n\n\n<ul class=\"wp-block-list\">\n<li><strong>Estimula\u00e7\u00e3o<\/strong> dos m\u00fasculos da face e do pesco\u00e7o;<\/li>\n\n\n\n<li>Redu\u00e7\u00e3o de <strong>reten\u00e7\u00e3o de l\u00edquidos<\/strong> na regi\u00e3o mandibular;<\/li>\n\n\n\n<li>Apar\u00eancia de <strong>ma\u00e7\u00e3s do rosto<\/strong> mais marcadas;<\/li>\n\n\n\n<li>Suporte \u00e0 firmeza da pele com o uso de <strong>cosm\u00e9ticos<\/strong> adequados.<\/li>\n<\/ul>\n\n\n<div class=\"wp-block-image\">\n<figure class=\"aligncenter size-large\"><img loading=\"lazy\" decoding=\"async\" width=\"1024\" height=\"576\" src=\"https:\/\/www.em.com.br\/emfoco\/wp-content\/uploads\/2025\/12\/Gemini_Generated_Image_kst1ukst1ukst1uk-1-1024x576.png\" alt=\"\" class=\"wp-image-134695\" srcset=\"https:\/\/www.em.com.br\/emfoco\/wp-content\/uploads\/2025\/12\/Gemini_Generated_Image_kst1ukst1ukst1uk-1-1024x576.png 1024w, https:\/\/www.em.com.br\/emfoco\/wp-content\/uploads\/2025\/12\/Gemini_Generated_Image_kst1ukst1ukst1uk-1-300x169.png 300w, https:\/\/www.em.com.br\/emfoco\/wp-content\/uploads\/2025\/12\/Gemini_Generated_Image_kst1ukst1ukst1uk-1-768x432.png 768w, https:\/\/www.em.com.br\/emfoco\/wp-content\/uploads\/2025\/12\/Gemini_Generated_Image_kst1ukst1ukst1uk-1-750x422.png 750w, https:\/\/www.em.com.br\/emfoco\/wp-content\/uploads\/2025\/12\/Gemini_Generated_Image_kst1ukst1ukst1uk-1-1140x641.png 1140w, https:\/\/www.em.com.br\/emfoco\/wp-content\/uploads\/2025\/12\/Gemini_Generated_Image_kst1ukst1ukst1uk-1.png 1280w\" sizes=\"auto, (max-width: 1024px) 100vw, 1024px\" \/><figcaption class=\"wp-element-caption\">\u00c9 poss\u00edvel aplicar em casa uma vers\u00e3o simples da massagem facial, desde que a pele esteja limpa<\/figcaption><\/figure><\/div>\n\n\n<p>Leia tamb\u00e9m:&nbsp;<a href=\"https:\/\/www.em.com.br\/emfoco\/2025\/12\/22\/como-reduzir-o-inchaco-do-rosto-e-da-barriga-sem-cortar-tudo-da-dieta\/\" target=\"_blank\" rel=\"noopener\">Como reduzir o incha\u00e7o do rosto e da barriga sem cortar tudo da dieta<\/a><\/p>\n\n\n\n<h2 class=\"wp-block-heading\">Quais s\u00e3o os principais benef\u00edcios de fazer massagem facial com frequ\u00eancia<\/h2>\n\n\n\n<p>Com a pr\u00e1tica frequente, a <strong>massagem facial<\/strong> passa a trazer benef\u00edcios que v\u00e3o al\u00e9m do resultado imediato no espelho. Ao ativar a <strong>circula\u00e7\u00e3o<\/strong>, a pele recebe mais oxig\u00eanio e nutrientes, o que est\u00e1 ligado a um aspecto mais vi\u00e7oso e iluminado, ajudando a afastar aquele ar de <strong>cansa\u00e7o<\/strong> constante.<\/p>\n\n\n\n<p>Outro ganho importante \u00e9 o relaxamento de \u00e1reas que costumam ficar contra\u00eddas, como testa e maxilar, muitas vezes por causa de <strong>estresse<\/strong> ou tens\u00e3o di\u00e1ria. Com o tempo, isso pode suavizar rugas finas, reduzir dores de cabe\u00e7a tensionais e deixar a pele com toque mais <strong>macio<\/strong>, principalmente se a massagem for combinada com <strong>protetor solar<\/strong> e produtos adequados ao seu tipo de pele.<\/p>\n\n\n\n<h2 class=\"wp-block-heading\">Como fazer massagem facial em casa de forma simples e segura<\/h2>\n\n\n\n<p>Fazer <strong>massagem facial<\/strong> em casa \u00e9 poss\u00edvel e pode ser um momento gostoso de pausa no dia, desde que alguns cuidados b\u00e1sicos sejam seguidos. O ideal \u00e9 come\u00e7ar com a pele limpa, sem maquiagem, usando um <strong>sabonete<\/strong> adequado para o seu tipo de pele, para evitar irrita\u00e7\u00f5es e facilitar o deslizamento das m\u00e3os.<\/p>\n\n\n\n<p>Depois da limpeza, aplique um <strong>\u00f3leo leve<\/strong> ou s\u00e9rum para reduzir o atrito e fa\u00e7a movimentos suaves, sempre evitando puxar demais a pele. Prefira gestos de dentro para fora e de baixo para cima nas bochechas, pesco\u00e7o e testa, e use toques bem suaves na \u00e1rea dos olhos. Se voc\u00ea tem pele sens\u00edvel, <strong>ros\u00e1cea<\/strong>, acne inflamada ou fez algum procedimento recente, \u00e9 importante buscar orienta\u00e7\u00e3o de um <strong>profissional<\/strong> antes de adotar uma rotina mais intensa.<\/p>\n\n\n<div class=\"wp-block-image\">\n<figure class=\"aligncenter size-large\"><img loading=\"lazy\" decoding=\"async\" width=\"1024\" height=\"576\" src=\"https:\/\/www.em.com.br\/emfoco\/wp-content\/uploads\/2025\/09\/massagem-facial_1758331833127-1024x576.jpg\" alt=\"\" class=\"wp-image-106335\" srcset=\"https:\/\/www.em.com.br\/emfoco\/wp-content\/uploads\/2025\/09\/massagem-facial_1758331833127-1024x576.jpg 1024w, https:\/\/www.em.com.br\/emfoco\/wp-content\/uploads\/2025\/09\/massagem-facial_1758331833127-300x169.jpg 300w, https:\/\/www.em.com.br\/emfoco\/wp-content\/uploads\/2025\/09\/massagem-facial_1758331833127-768x432.jpg 768w, https:\/\/www.em.com.br\/emfoco\/wp-content\/uploads\/2025\/09\/massagem-facial_1758331833127-750x422.jpg 750w, https:\/\/www.em.com.br\/emfoco\/wp-content\/uploads\/2025\/09\/massagem-facial_1758331833127-1140x641.jpg 1140w, https:\/\/www.em.com.br\/emfoco\/wp-content\/uploads\/2025\/09\/massagem-facial_1758331833127.jpg 1280w\" sizes=\"auto, (max-width: 1024px) 100vw, 1024px\" \/><figcaption class=\"wp-element-caption\">Existem in\u00fameras t\u00e9cnicas de massagem facial que podem ser incorporadas \u00e0s rotinas &#8211; Cr\u00e9ditos: depositphotos.com \/ AllaSerebrina<\/figcaption><\/figure><\/div>\n\n\n<ul class=\"wp-block-list\">\n<li>Lavar bem o rosto com um <strong>sabonete adequado<\/strong>;<\/li>\n\n\n\n<li>Aplicar um <strong>s\u00e9rum<\/strong> ou \u00f3leo facial para reduzir o atrito;<\/li>\n\n\n\n<li>Realizar movimentos de dentro para fora e de <strong>baixo para cima<\/strong>;<\/li>\n\n\n\n<li>Evitar press\u00e3o excessiva em \u00e1reas delicadas, como ao redor dos <strong>olhos<\/strong>;<\/li>\n\n\n\n<li>Finalizar com hidratante leve e <strong>protetor solar<\/strong>, se for per\u00edodo diurno.<\/li>\n<\/ul>\n\n\n\n<h2 class=\"wp-block-heading\">Quando vale a pena procurar um profissional para a massagem facial<\/h2>\n\n\n\n<p>Embora a <strong>automassagem<\/strong> seja \u00f3tima para o dia a dia, muitas mulheres procuram a <strong>massagem facial profissional<\/strong> quando desejam um cuidado mais direcionado ou resultados mais intensos. Em cl\u00ednicas e consult\u00f3rios, o tratamento costuma ser combinado com aparelhos, m\u00e1scaras e <strong>ativos concentrados<\/strong>, o que pode potencializar a suaviza\u00e7\u00e3o de linhas e a melhora do contorno do rosto.<\/p>\n\n\n\n<p>Antes de iniciar qualquer protocolo, \u00e9 essencial contar ao <strong>profissional<\/strong> sobre suas condi\u00e7\u00f5es de sa\u00fade, medicamentos em uso e poss\u00edveis problemas de pele. Assim, a intensidade da massagem, a <strong>frequ\u00eancia das sess\u00f5es<\/strong> e os produtos usados s\u00e3o adaptados \u00e0s suas necessidades, tornando o cuidado mais seguro e eficiente para conquistar um rosto com apar\u00eancia mais descansada e <strong>contornos mais definidos<\/strong>.<\/p>\n\n\n\n<p>Para voc\u00ea que quer aprofundar, separamos um v\u00eddeo do canal da <a class=\"yt-simple-endpoint style-scope yt-formatted-string\" spellcheck=\"false\" href=\"https:\/\/www.youtube.com\/@PatriciaElias\" target=\"_blank\" rel=\"noopener\">Patricia Elias<\/a> mostrando como fazer uma automassagem facial:<\/p>\n\n\n\n<figure class=\"wp-block-embed is-type-video is-provider-youtube wp-block-embed-youtube wp-embed-aspect-16-9 wp-has-aspect-ratio\"><div class=\"wp-block-embed__wrapper\">\n<div class=\"jeg_video_container jeg_video_content\"><iframe loading=\"lazy\" title=\"MASSAGEM FACIAL para LIFT imediato, tratar Rugas, Linhas e Envelhecimento Precoce\" width=\"500\" height=\"281\" src=\"https:\/\/www.youtube.com\/embed\/FjjQ59rbHdk?feature=oembed\" frameborder=\"0\" allow=\"accelerometer; autoplay; clipboard-write; encrypted-media; gyroscope; picture-in-picture; web-share\" referrerpolicy=\"strict-origin-when-cross-origin\" allowfullscreen><\/iframe><\/div>\n<\/div><\/figure>\n\n\n\n<h2 class=\"wp-block-heading\">Sobre a massagem facial e convite para come\u00e7ar a cuidar de voc\u00ea hoje<\/h2>\n\n\n\n<p>Incluir a <strong>massagem facial<\/strong> na rotina \u00e9 uma forma simples e acolhedora de cuidar de si mesma, unindo <strong>bem-estar<\/strong> e vaidade de um jeito leve. Com alguns minutos por dia ou sess\u00f5es peri\u00f3dicas com um profissional, \u00e9 poss\u00edvel notar mudan\u00e7as na <strong>textura da pele<\/strong>, no incha\u00e7o e at\u00e9 na forma como voc\u00ea se percebe diante do espelho.<\/p>\n\n\n\n<p>Se voc\u00ea sente que seu rosto carrega os sinais do <strong>cansa\u00e7o di\u00e1rio<\/strong>, experimente criar um pequeno ritual de massagem em casa ou agendar uma avalia\u00e7\u00e3o com um <strong>especialista<\/strong>. Comece com passos simples, observe como sua pele reage e permita-se transformar esse momento em um encontro com a sua pr\u00f3pria <strong>autoconfian\u00e7a<\/strong> e autoestima, fortalecendo tamb\u00e9m a sua sensa\u00e7\u00e3o de <strong>autocuidado<\/strong> no dia a dia.<\/p>\n","protected":false},"excerpt":{"rendered":"<p>A massagem facial estimula circula\u00e7\u00e3o, reduz reten\u00e7\u00e3o de l\u00edquidos e relaxa m\u00fasculos, ajudando a definir mand\u00edbula e bochechas. Com pr\u00e1tica regular, pode suavizar incha\u00e7o, linhas finas e melhorar o vi\u00e7o da pele. Voc\u00ea j\u00e1 se olhou no espelho depois de um dia cansativo e sentiu o rosto pesado, com linhas mais aparentes e aquele incha\u00e7o [&hellip;]<\/p>\n","protected":false},"author":9,"featured_media":135794,"comment_status":"open","ping_status":"open","sticky":false,"template":"","format":"standard","meta":{"jnews-multi-image_gallery":[],"jnews_single_post":{"format":"standard"},"jnews_primary_category":[],"jnews_social_meta":[],"jnews_override_counter":[],"footnotes":""},"categories":[8691,8819,1],"tags":[712,7595,5777],"class_list":["post-144802","post","type-post","status-publish","format-standard","has-post-thumbnail","hentry","category-bem-estar","category-curiosidades","category-noticias","tag-autocuidado","tag-massagem","tag-rosto"],"yoast_head":"<!-- This site is optimized with the Yoast SEO plugin v23.8 - https:\/\/yoast.com\/wordpress\/plugins\/seo\/ -->\n<title>Rosto inchado? Aprenda a massagem facial que define o contorno em minutos - Estado de Minas - Em foco<\/title>\n<meta name=\"description\" content=\"Quer rosto mais fino? Descubra como fazer massagem facial em casa para desinchar, definir o contorno da mand\u00edbula e suavizar linhas de express\u00e3o com movimentos simples.\" \/>\n<meta name=\"robots\" content=\"index, follow, max-snippet:-1, max-image-preview:large, max-video-preview:-1\" \/>\n<link rel=\"canonical\" href=\"https:\/\/www.em.com.br\/emfoco\/2025\/12\/24\/rosto-inchado-aprenda-a-massagem-facial-que-define-o-contorno-em-minutos\/\" \/>\n<meta property=\"og:locale\" content=\"pt_BR\" \/>\n<meta property=\"og:type\" content=\"article\" \/>\n<meta property=\"og:title\" content=\"Rosto inchado? Aprenda a massagem facial que define o contorno em minutos - Estado de Minas - Em foco\" \/>\n<meta property=\"og:description\" content=\"Quer rosto mais fino? Descubra como fazer massagem facial em casa para desinchar, definir o contorno da mand\u00edbula e suavizar linhas de express\u00e3o com movimentos simples.\" \/>\n<meta property=\"og:url\" content=\"https:\/\/www.em.com.br\/emfoco\/2025\/12\/24\/rosto-inchado-aprenda-a-massagem-facial-que-define-o-contorno-em-minutos\/\" \/>\n<meta property=\"og:site_name\" content=\"Estado de Minas - Em foco\" \/>\n<meta property=\"article:published_time\" content=\"2025-12-24T13:45:16+00:00\" \/>\n<meta property=\"article:modified_time\" content=\"2025-12-23T19:19:44+00:00\" \/>\n<meta property=\"og:image\" content=\"https:\/\/www.em.com.br\/emfoco\/wp-content\/uploads\/2025\/12\/massagem-facial_1764876640837.jpg\" \/>\n\t<meta property=\"og:image:width\" content=\"1280\" \/>\n\t<meta property=\"og:image:height\" content=\"720\" \/>\n\t<meta property=\"og:image:type\" content=\"image\/jpeg\" \/>\n<meta name=\"author\" content=\"Daniely Cardoso\" \/>\n<meta name=\"twitter:card\" content=\"summary_large_image\" \/>\n<meta name=\"twitter:label1\" content=\"Escrito por\" \/>\n\t<meta name=\"twitter:data1\" content=\"Daniely Cardoso\" \/>\n\t<meta name=\"twitter:label2\" content=\"Est. tempo de leitura\" \/>\n\t<meta name=\"twitter:data2\" content=\"6 minutos\" \/>\n<!-- \/ Yoast SEO plugin. -->","yoast_head_json":{"title":"Rosto inchado? Aprenda a massagem facial que define o contorno em minutos - Estado de Minas - Em foco","description":"Quer rosto mais fino? Descubra como fazer massagem facial em casa para desinchar, definir o contorno da mand\u00edbula e suavizar linhas de express\u00e3o com movimentos simples.","robots":{"index":"index","follow":"follow","max-snippet":"max-snippet:-1","max-image-preview":"max-image-preview:large","max-video-preview":"max-video-preview:-1"},"canonical":"https:\/\/www.em.com.br\/emfoco\/2025\/12\/24\/rosto-inchado-aprenda-a-massagem-facial-que-define-o-contorno-em-minutos\/","og_locale":"pt_BR","og_type":"article","og_title":"Rosto inchado? Aprenda a massagem facial que define o contorno em minutos - Estado de Minas - Em foco","og_description":"Quer rosto mais fino? Descubra como fazer massagem facial em casa para desinchar, definir o contorno da mand\u00edbula e suavizar linhas de express\u00e3o com movimentos simples.","og_url":"https:\/\/www.em.com.br\/emfoco\/2025\/12\/24\/rosto-inchado-aprenda-a-massagem-facial-que-define-o-contorno-em-minutos\/","og_site_name":"Estado de Minas - Em foco","article_published_time":"2025-12-24T13:45:16+00:00","article_modified_time":"2025-12-23T19:19:44+00:00","og_image":[{"width":1280,"height":720,"url":"https:\/\/www.em.com.br\/emfoco\/wp-content\/uploads\/2025\/12\/massagem-facial_1764876640837.jpg","type":"image\/jpeg"}],"author":"Daniely Cardoso","twitter_card":"summary_large_image","twitter_misc":{"Escrito por":"Daniely Cardoso","Est. tempo de leitura":"6 minutos"},"schema":{"@context":"https:\/\/schema.org","@graph":[{"@type":"WebPage","@id":"https:\/\/www.em.com.br\/emfoco\/2025\/12\/24\/rosto-inchado-aprenda-a-massagem-facial-que-define-o-contorno-em-minutos\/","url":"https:\/\/www.em.com.br\/emfoco\/2025\/12\/24\/rosto-inchado-aprenda-a-massagem-facial-que-define-o-contorno-em-minutos\/","name":"Rosto inchado? Aprenda a massagem facial que define o contorno em minutos - Estado de Minas - Em foco","isPartOf":{"@id":"https:\/\/www.em.com.br\/emfoco\/#website"},"primaryImageOfPage":{"@id":"https:\/\/www.em.com.br\/emfoco\/2025\/12\/24\/rosto-inchado-aprenda-a-massagem-facial-que-define-o-contorno-em-minutos\/#primaryimage"},"image":{"@id":"https:\/\/www.em.com.br\/emfoco\/2025\/12\/24\/rosto-inchado-aprenda-a-massagem-facial-que-define-o-contorno-em-minutos\/#primaryimage"},"thumbnailUrl":"https:\/\/www.em.com.br\/emfoco\/wp-content\/uploads\/2025\/12\/massagem-facial_1764876640837.jpg","datePublished":"2025-12-24T13:45:16+00:00","dateModified":"2025-12-23T19:19:44+00:00","author":{"@id":"https:\/\/www.em.com.br\/emfoco\/#\/schema\/person\/0a8186d72f2c3a5c6276d90b41f271a0"},"description":"Quer rosto mais fino? Descubra como fazer massagem facial em casa para desinchar, definir o contorno da mand\u00edbula e suavizar linhas de express\u00e3o com movimentos simples.","breadcrumb":{"@id":"https:\/\/www.em.com.br\/emfoco\/2025\/12\/24\/rosto-inchado-aprenda-a-massagem-facial-que-define-o-contorno-em-minutos\/#breadcrumb"},"inLanguage":"pt-BR","potentialAction":[{"@type":"ReadAction","target":["https:\/\/www.em.com.br\/emfoco\/2025\/12\/24\/rosto-inchado-aprenda-a-massagem-facial-que-define-o-contorno-em-minutos\/"]}]},{"@type":"ImageObject","inLanguage":"pt-BR","@id":"https:\/\/www.em.com.br\/emfoco\/2025\/12\/24\/rosto-inchado-aprenda-a-massagem-facial-que-define-o-contorno-em-minutos\/#primaryimage","url":"https:\/\/www.em.com.br\/emfoco\/wp-content\/uploads\/2025\/12\/massagem-facial_1764876640837.jpg","contentUrl":"https:\/\/www.em.com.br\/emfoco\/wp-content\/uploads\/2025\/12\/massagem-facial_1764876640837.jpg","width":1280,"height":720,"caption":"Existem diferentes abordagens de massagem facial voltadas para a suaviza\u00e7\u00e3o de linhas e melhora do contorno - Cr\u00e9ditos: depositphotos.com \/ dekazigzag"},{"@type":"BreadcrumbList","@id":"https:\/\/www.em.com.br\/emfoco\/2025\/12\/24\/rosto-inchado-aprenda-a-massagem-facial-que-define-o-contorno-em-minutos\/#breadcrumb","itemListElement":[{"@type":"ListItem","position":1,"name":"In\u00edcio","item":"https:\/\/www.em.com.br\/emfoco\/"},{"@type":"ListItem","position":2,"name":"Rosto inchado? Aprenda a massagem facial que define o contorno em minutos"}]},{"@type":"WebSite","@id":"https:\/\/www.em.com.br\/emfoco\/#website","url":"https:\/\/www.em.com.br\/emfoco\/","name":"Estado de Minas - Em foco","description":"Acompanhe as \u00faltimas not\u00edcias e fique bem informado sobre tudo o que acontece em Minas Gerais, Brasil e no mundo.","potentialAction":[{"@type":"SearchAction","target":{"@type":"EntryPoint","urlTemplate":"https:\/\/www.em.com.br\/emfoco\/?s={search_term_string}"},"query-input":{"@type":"PropertyValueSpecification","valueRequired":true,"valueName":"search_term_string"}}],"inLanguage":"pt-BR"},{"@type":"Person","@id":"https:\/\/www.em.com.br\/emfoco\/#\/schema\/person\/0a8186d72f2c3a5c6276d90b41f271a0","name":"Daniely Cardoso","image":{"@type":"ImageObject","inLanguage":"pt-BR","@id":"https:\/\/www.em.com.br\/emfoco\/#\/schema\/person\/image\/","url":"https:\/\/secure.gravatar.com\/avatar\/4b80ddbd124d1f071b626d52d62e5dff?s=96&d=mm&r=g","contentUrl":"https:\/\/secure.gravatar.com\/avatar\/4b80ddbd124d1f071b626d52d62e5dff?s=96&d=mm&r=g","caption":"Daniely Cardoso"},"url":"https:\/\/www.em.com.br\/emfoco\/author\/danielymyth\/"}]}},"_links":{"self":[{"href":"https:\/\/www.em.com.br\/emfoco\/wp-json\/wp\/v2\/posts\/144802","targetHints":{"allow":["GET"]}}],"collection":[{"href":"https:\/\/www.em.com.br\/emfoco\/wp-json\/wp\/v2\/posts"}],"about":[{"href":"https:\/\/www.em.com.br\/emfoco\/wp-json\/wp\/v2\/types\/post"}],"author":[{"embeddable":true,"href":"https:\/\/www.em.com.br\/emfoco\/wp-json\/wp\/v2\/users\/9"}],"replies":[{"embeddable":true,"href":"https:\/\/www.em.com.br\/emfoco\/wp-json\/wp\/v2\/comments?post=144802"}],"version-history":[{"count":3,"href":"https:\/\/www.em.com.br\/emfoco\/wp-json\/wp\/v2\/posts\/144802\/revisions"}],"predecessor-version":[{"id":145056,"href":"https:\/\/www.em.com.br\/emfoco\/wp-json\/wp\/v2\/posts\/144802\/revisions\/145056"}],"wp:featuredmedia":[{"embeddable":true,"href":"https:\/\/www.em.com.br\/emfoco\/wp-json\/wp\/v2\/media\/135794"}],"wp:attachment":[{"href":"https:\/\/www.em.com.br\/emfoco\/wp-json\/wp\/v2\/media?parent=144802"}],"wp:term":[{"taxonomy":"category","embeddable":true,"href":"https:\/\/www.em.com.br\/emfoco\/wp-json\/wp\/v2\/categories?post=144802"},{"taxonomy":"post_tag","embeddable":true,"href":"https:\/\/www.em.com.br\/emfoco\/wp-json\/wp\/v2\/tags?post=144802"}],"curies":[{"name":"wp","href":"https:\/\/api.w.org\/{rel}","templated":true}]}}