{"id":144764,"date":"2025-12-24T19:05:00","date_gmt":"2025-12-24T22:05:00","guid":{"rendered":"https:\/\/www.em.com.br\/emfoco\/?p=144764"},"modified":"2025-12-23T22:48:33","modified_gmt":"2025-12-24T01:48:33","slug":"esse-sao-alguns-dos-truques-incriveis-com-abracadeiras-que-todos-deveriam-saber","status":"publish","type":"post","link":"https:\/\/www.em.com.br\/emfoco\/2025\/12\/24\/esse-sao-alguns-dos-truques-incriveis-com-abracadeiras-que-todos-deveriam-saber\/","title":{"rendered":"Esse s\u00e3o alguns dos truques incr\u00edveis com abra\u00e7adeiras que TODOS deveriam saber"},"content":{"rendered":"\n<p>Pequenos ajustes do dia a dia costumam ser resolvidos com solu\u00e7\u00f5es simples e baratas. A bra\u00e7adeira pl\u00e1stica \u00e9 um desses itens que, quando usada de forma criativa, substitui ferramentas mais caras e agiliza tarefas dom\u00e9sticas e manuais.<\/p>\n\n\n\n<h2 class=\"wp-block-heading\">O que s\u00e3o bra\u00e7adeiras pl\u00e1sticas e por que elas s\u00e3o t\u00e3o vers\u00e1teis<\/h2>\n\n\n\n<p>Para ver <strong>como usar bra\u00e7adeiras pl\u00e1sticas de forma pr\u00e1tica e criativa<\/strong>, inclusive como limitador de broca e em outras aplica\u00e7\u00f5es do dia a dia, assista a este v\u00eddeo do <strong>@<a href=\"https:\/\/www.youtube.com\/@creationholic101\" target=\"_blank\" rel=\"noreferrer noopener\">Creation Holic<\/a><\/strong> no YouTube, que demonstra os usos mais eficientes e seguros desse item simples e barato.<\/p>\n\n\n\n<iframe loading=\"lazy\" width=\"873\" height=\"491\" src=\"https:\/\/www.youtube.com\/embed\/3RxjiUA-zlU\" title=\"15 truques incr\u00edveis com abra\u00e7adeiras que TODOS deveriam saber\" frameborder=\"0\" allow=\"accelerometer; autoplay; clipboard-write; encrypted-media; gyroscope; picture-in-picture; web-share\" referrerpolicy=\"strict-origin-when-cross-origin\" allowfullscreen><\/iframe>\n\n\n\n<p>A bra\u00e7adeira pl\u00e1stica, tamb\u00e9m conhecida como enforca gato ou abra\u00e7adeira de nylon, \u00e9 um acess\u00f3rio de fixa\u00e7\u00e3o formado por uma tira com travamento pr\u00f3prio. Ao ser fechada, cria um la\u00e7o firme que n\u00e3o se solta com facilidade, permitindo prender cabos, unir pe\u00e7as, criar al\u00e7as, improvisar suportes ou limitar movimentos de ferramentas com um \u00fanico movimento.<\/p>\n\n\n\n<p>Essa simplicidade estrutural, somada ao baixo custo, ajuda a explicar sua ampla ado\u00e7\u00e3o em instala\u00e7\u00f5es el\u00e9tricas, organiza\u00e7\u00e3o de ambientes e pequenos reparos. Como s\u00e3o vendidas em grandes quantidades e tamanhos variados, as bra\u00e7adeiras favorecem testes, adapta\u00e7\u00f5es e solu\u00e7\u00f5es tempor\u00e1rias ou definitivas em projetos artesanais, reformas r\u00e1pidas e atividades profissionais.<\/p>\n\n\n\n<h2 class=\"wp-block-heading\">Como as bra\u00e7adeiras pl\u00e1sticas s\u00e3o usadas de forma criativa no dia a dia<\/h2>\n\n\n\n<p>No cotidiano, o uso das bra\u00e7adeiras pl\u00e1sticas ultrapassa a organiza\u00e7\u00e3o de cabos e passa a integrar rotinas dom\u00e9sticas, de escrit\u00f3rio e de oficinas. Elas funcionam como aliadas na organiza\u00e7\u00e3o de espa\u00e7os, na mobilidade de objetos e na manuten\u00e7\u00e3o de m\u00f3veis e equipamentos, oferecendo uma alternativa simples a suportes e fixadores mais caros.<\/p>\n\n\n\n<p>Em 2025, com o aumento de trabalhos aut\u00f4nomos, reformas r\u00e1pidas e montagens improvisadas, cresceram os usos criativos de bra\u00e7adeiras pl\u00e1sticas. Elas ajudam a agrupar ferramentas, estabilizar pe\u00e7as e at\u00e9 criar sistemas de transporte improvisados em mochilas, bicicletas e carrinhos, mantendo as m\u00e3os livres e reduzindo quedas acidentais.<\/p>\n\n\n\n<ul class=\"wp-block-list\">\n<li><strong>Organiza\u00e7\u00e3o de ferramentas:<\/strong> agrupar chaves, brocas ou pe\u00e7as pequenas para evitar perdas e facilitar o transporte.<\/li>\n\n\n\n<li><strong>Improvisa\u00e7\u00e3o de suportes:<\/strong> fixar vasos, mangueiras ou cabos em grades, paredes ou estruturas met\u00e1licas.<\/li>\n\n\n\n<li><strong>Ajustes tempor\u00e1rios em m\u00f3veis:<\/strong> estabilizar cadeiras bambas ou partes soltas de estantes e prateleiras.<\/li>\n\n\n\n<li><strong>Identifica\u00e7\u00e3o visual:<\/strong> usar cores diferentes para marcar tubos, fios ou se\u00e7\u00f5es de um projeto.<\/li>\n<\/ul>\n\n\n\n<p>Leia mais: <a href=\"https:\/\/www.em.com.br\/emfoco\/2025\/12\/21\/como-misturar-bicarbonato-de-sodio-e-acucar-para-se-livrar-de-formigas-na-cozinha\/\" target=\"_blank\" rel=\"noreferrer noopener\">Como misturar bicarbonato de s\u00f3dio e a\u00e7\u00facar para se livrar de formigas na cozinha<\/a><\/p>\n\n\n\n<h2 class=\"wp-block-heading\">Como usar bra\u00e7adeiras pl\u00e1sticas em seguran\u00e7a e no manuseio de ferramentas<\/h2>\n\n\n<div class=\"wp-block-image\">\n<figure class=\"aligncenter size-large\"><img loading=\"lazy\" decoding=\"async\" width=\"1024\" height=\"576\" src=\"https:\/\/www.em.com.br\/emfoco\/wp-content\/uploads\/2025\/12\/imagem_2025-11-29_215539689-e1766460141835-1024x576.png\" alt=\"\" class=\"wp-image-144783\" srcset=\"https:\/\/www.em.com.br\/emfoco\/wp-content\/uploads\/2025\/12\/imagem_2025-11-29_215539689-e1766460141835-1024x576.png 1024w, https:\/\/www.em.com.br\/emfoco\/wp-content\/uploads\/2025\/12\/imagem_2025-11-29_215539689-e1766460141835-300x169.png 300w, https:\/\/www.em.com.br\/emfoco\/wp-content\/uploads\/2025\/12\/imagem_2025-11-29_215539689-e1766460141835-768x432.png 768w, https:\/\/www.em.com.br\/emfoco\/wp-content\/uploads\/2025\/12\/imagem_2025-11-29_215539689-e1766460141835-750x422.png 750w, https:\/\/www.em.com.br\/emfoco\/wp-content\/uploads\/2025\/12\/imagem_2025-11-29_215539689-e1766460141835-1140x641.png 1140w, https:\/\/www.em.com.br\/emfoco\/wp-content\/uploads\/2025\/12\/imagem_2025-11-29_215539689-e1766460141835.png 1280w\" sizes=\"auto, (max-width: 1024px) 100vw, 1024px\" \/><figcaption class=\"wp-element-caption\">Solu\u00e7\u00f5es criativas com bra\u00e7adeiras pl\u00e1sticas<\/figcaption><\/figure><\/div>\n\n\n<p>Na \u00e1rea de seguran\u00e7a e no uso de ferramentas, a bra\u00e7adeira pl\u00e1stica tamb\u00e9m encontra aplica\u00e7\u00f5es importantes. Em atividades de perfura\u00e7\u00e3o, por exemplo, prender uma bra\u00e7adeira em torno da broca, em um ponto previamente medido, faz com que ela funcione como limitador de profundidade, indicando at\u00e9 onde a furadeira deve avan\u00e7ar e ajudando a preservar paredes e m\u00f3veis.<\/p>\n\n\n\n<p>Esse uso simples reduz a chance de danos a estruturas internas e de acidentes, principalmente em trabalhos realizados por pessoas com pouca experi\u00eancia em ferramentas el\u00e9tricas. Al\u00e9m disso, as bra\u00e7adeiras ajudam a afastar cabos de partes m\u00f3veis, marcar \u00e1reas de risco em extens\u00f5es e mangueiras e fixar prote\u00e7\u00f5es improvisadas em torno de arestas cortantes, melhorando a ergonomia e o controle no manuseio.<\/p>\n\n\n\n<p>Leia mais: <a href=\"https:\/\/www.em.com.br\/emfoco\/2025\/12\/22\/como-potes-transparentes-deixaram-minha-cozinha-com-cara-de-projeto-de-arquiteto\/\" target=\"_blank\" rel=\"noreferrer noopener\">Como potes transparentes deixaram minha cozinha com cara de projeto de arquiteto<\/a><\/p>\n\n\n\n<h2 class=\"wp-block-heading\">Como as bra\u00e7adeiras pl\u00e1sticas ajudam na organiza\u00e7\u00e3o e em pequenas tarefas<\/h2>\n\n\n\n<p>No campo da organiza\u00e7\u00e3o, as bra\u00e7adeiras pl\u00e1sticas atuam como um elo entre diferentes objetos, facilitando o agrupamento e o armazenamento. Em cozinhas, podem fechar embalagens de alimentos; em \u00e1reas de pintura, prender misturadores a cabos ou segurar recipientes auxiliares; e em jardins, fixar plantas delicadas em estacas de apoio, sempre com cuidado para n\u00e3o apertar demais os caules.<\/p>\n\n\n\n<p>Em varandas, garagens e escrit\u00f3rios, as bra\u00e7adeiras contribuem para organizar itens pouco usados e manter ambientes visualmente limpos. Elas podem amarrar cabos de inform\u00e1tica, agrupar brinquedos com pe\u00e7as soltas, fixar etiquetas em caixas e criar al\u00e7as tempor\u00e1rias em sacos pesados, desde que se observe o limite de carga e, sempre que poss\u00edvel, se prefira modelos reutiliz\u00e1veis para reduzir res\u00edduos.<\/p>\n","protected":false},"excerpt":{"rendered":"<p>Pequenos ajustes do dia a dia costumam ser resolvidos com solu\u00e7\u00f5es simples e baratas. A bra\u00e7adeira pl\u00e1stica \u00e9 um desses itens que, quando usada de forma criativa, substitui ferramentas mais caras e agiliza tarefas dom\u00e9sticas e manuais. O que s\u00e3o bra\u00e7adeiras pl\u00e1sticas e por que elas s\u00e3o t\u00e3o vers\u00e1teis Para ver como usar bra\u00e7adeiras pl\u00e1sticas [&hellip;]<\/p>\n","protected":false},"author":20,"featured_media":144782,"comment_status":"open","ping_status":"open","sticky":false,"template":"","format":"standard","meta":{"jnews-multi-image_gallery":[],"jnews_single_post":{"format":"standard"},"jnews_primary_category":[],"jnews_social_meta":[],"jnews_override_counter":[],"footnotes":""},"categories":[8819,1],"tags":[21192,7033],"class_list":["post-144764","post","type-post","status-publish","format-standard","has-post-thumbnail","hentry","category-curiosidades","category-noticias","tag-bracadeira","tag-truques"],"yoast_head":"<!-- This site is optimized with the Yoast SEO plugin v23.8 - https:\/\/yoast.com\/wordpress\/plugins\/seo\/ -->\n<title>Esse s\u00e3o alguns dos truques incr\u00edveis com abra\u00e7adeiras que TODOS deveriam saber - Estado de Minas - Em foco<\/title>\n<meta name=\"description\" content=\"Veja usos criativos das bra\u00e7adeiras pl\u00e1sticas no dia a dia, da organiza\u00e7\u00e3o ao uso seguro com ferramentas, economizando tempo e dinheiro.\" \/>\n<meta name=\"robots\" content=\"index, follow, max-snippet:-1, max-image-preview:large, max-video-preview:-1\" \/>\n<link rel=\"canonical\" href=\"https:\/\/www.em.com.br\/emfoco\/2025\/12\/24\/esse-sao-alguns-dos-truques-incriveis-com-abracadeiras-que-todos-deveriam-saber\/\" \/>\n<meta property=\"og:locale\" content=\"pt_BR\" \/>\n<meta property=\"og:type\" content=\"article\" \/>\n<meta property=\"og:title\" content=\"Esse s\u00e3o alguns dos truques incr\u00edveis com abra\u00e7adeiras que TODOS deveriam saber - Estado de Minas - Em foco\" \/>\n<meta property=\"og:description\" content=\"Veja usos criativos das bra\u00e7adeiras pl\u00e1sticas no dia a dia, da organiza\u00e7\u00e3o ao uso seguro com ferramentas, economizando tempo e dinheiro.\" \/>\n<meta property=\"og:url\" content=\"https:\/\/www.em.com.br\/emfoco\/2025\/12\/24\/esse-sao-alguns-dos-truques-incriveis-com-abracadeiras-que-todos-deveriam-saber\/\" \/>\n<meta property=\"og:site_name\" content=\"Estado de Minas - Em foco\" \/>\n<meta property=\"article:published_time\" content=\"2025-12-24T22:05:00+00:00\" \/>\n<meta property=\"article:modified_time\" content=\"2025-12-24T01:48:33+00:00\" \/>\n<meta property=\"og:image\" content=\"https:\/\/www.em.com.br\/emfoco\/wp-content\/uploads\/2025\/12\/imagem_2025-11-29_215517561-e1766460106764.png\" \/>\n\t<meta property=\"og:image:width\" content=\"1280\" \/>\n\t<meta property=\"og:image:height\" content=\"720\" \/>\n\t<meta property=\"og:image:type\" content=\"image\/png\" \/>\n<meta name=\"author\" content=\"Ingrid Diniz\" \/>\n<meta name=\"twitter:card\" content=\"summary_large_image\" \/>\n<meta name=\"twitter:label1\" content=\"Escrito por\" \/>\n\t<meta name=\"twitter:data1\" content=\"Ingrid Diniz\" \/>\n\t<meta name=\"twitter:label2\" content=\"Est. tempo de leitura\" \/>\n\t<meta name=\"twitter:data2\" content=\"5 minutos\" \/>\n<!-- \/ Yoast SEO plugin. -->","yoast_head_json":{"title":"Esse s\u00e3o alguns dos truques incr\u00edveis com abra\u00e7adeiras que TODOS deveriam saber - Estado de Minas - Em foco","description":"Veja usos criativos das bra\u00e7adeiras pl\u00e1sticas no dia a dia, da organiza\u00e7\u00e3o ao uso seguro com ferramentas, economizando tempo e dinheiro.","robots":{"index":"index","follow":"follow","max-snippet":"max-snippet:-1","max-image-preview":"max-image-preview:large","max-video-preview":"max-video-preview:-1"},"canonical":"https:\/\/www.em.com.br\/emfoco\/2025\/12\/24\/esse-sao-alguns-dos-truques-incriveis-com-abracadeiras-que-todos-deveriam-saber\/","og_locale":"pt_BR","og_type":"article","og_title":"Esse s\u00e3o alguns dos truques incr\u00edveis com abra\u00e7adeiras que TODOS deveriam saber - Estado de Minas - Em foco","og_description":"Veja usos criativos das bra\u00e7adeiras pl\u00e1sticas no dia a dia, da organiza\u00e7\u00e3o ao uso seguro com ferramentas, economizando tempo e dinheiro.","og_url":"https:\/\/www.em.com.br\/emfoco\/2025\/12\/24\/esse-sao-alguns-dos-truques-incriveis-com-abracadeiras-que-todos-deveriam-saber\/","og_site_name":"Estado de Minas - Em foco","article_published_time":"2025-12-24T22:05:00+00:00","article_modified_time":"2025-12-24T01:48:33+00:00","og_image":[{"width":1280,"height":720,"url":"https:\/\/www.em.com.br\/emfoco\/wp-content\/uploads\/2025\/12\/imagem_2025-11-29_215517561-e1766460106764.png","type":"image\/png"}],"author":"Ingrid Diniz","twitter_card":"summary_large_image","twitter_misc":{"Escrito por":"Ingrid Diniz","Est. tempo de leitura":"5 minutos"},"schema":{"@context":"https:\/\/schema.org","@graph":[{"@type":"WebPage","@id":"https:\/\/www.em.com.br\/emfoco\/2025\/12\/24\/esse-sao-alguns-dos-truques-incriveis-com-abracadeiras-que-todos-deveriam-saber\/","url":"https:\/\/www.em.com.br\/emfoco\/2025\/12\/24\/esse-sao-alguns-dos-truques-incriveis-com-abracadeiras-que-todos-deveriam-saber\/","name":"Esse s\u00e3o alguns dos truques incr\u00edveis com abra\u00e7adeiras que TODOS deveriam saber - Estado de Minas - Em foco","isPartOf":{"@id":"https:\/\/www.em.com.br\/emfoco\/#website"},"primaryImageOfPage":{"@id":"https:\/\/www.em.com.br\/emfoco\/2025\/12\/24\/esse-sao-alguns-dos-truques-incriveis-com-abracadeiras-que-todos-deveriam-saber\/#primaryimage"},"image":{"@id":"https:\/\/www.em.com.br\/emfoco\/2025\/12\/24\/esse-sao-alguns-dos-truques-incriveis-com-abracadeiras-que-todos-deveriam-saber\/#primaryimage"},"thumbnailUrl":"https:\/\/www.em.com.br\/emfoco\/wp-content\/uploads\/2025\/12\/imagem_2025-11-29_215517561-e1766460106764.png","datePublished":"2025-12-24T22:05:00+00:00","dateModified":"2025-12-24T01:48:33+00:00","author":{"@id":"https:\/\/www.em.com.br\/emfoco\/#\/schema\/person\/649e610b4eb8fff87ff394e54fe17b2b"},"description":"Veja usos criativos das bra\u00e7adeiras pl\u00e1sticas no dia a dia, da organiza\u00e7\u00e3o ao uso seguro com ferramentas, economizando tempo e dinheiro.","breadcrumb":{"@id":"https:\/\/www.em.com.br\/emfoco\/2025\/12\/24\/esse-sao-alguns-dos-truques-incriveis-com-abracadeiras-que-todos-deveriam-saber\/#breadcrumb"},"inLanguage":"pt-BR","potentialAction":[{"@type":"ReadAction","target":["https:\/\/www.em.com.br\/emfoco\/2025\/12\/24\/esse-sao-alguns-dos-truques-incriveis-com-abracadeiras-que-todos-deveriam-saber\/"]}]},{"@type":"ImageObject","inLanguage":"pt-BR","@id":"https:\/\/www.em.com.br\/emfoco\/2025\/12\/24\/esse-sao-alguns-dos-truques-incriveis-com-abracadeiras-que-todos-deveriam-saber\/#primaryimage","url":"https:\/\/www.em.com.br\/emfoco\/wp-content\/uploads\/2025\/12\/imagem_2025-11-29_215517561-e1766460106764.png","contentUrl":"https:\/\/www.em.com.br\/emfoco\/wp-content\/uploads\/2025\/12\/imagem_2025-11-29_215517561-e1766460106764.png","width":1280,"height":720,"caption":"Solu\u00e7\u00f5es criativas com bra\u00e7adeiras pl\u00e1sticas \u00fateis"},{"@type":"BreadcrumbList","@id":"https:\/\/www.em.com.br\/emfoco\/2025\/12\/24\/esse-sao-alguns-dos-truques-incriveis-com-abracadeiras-que-todos-deveriam-saber\/#breadcrumb","itemListElement":[{"@type":"ListItem","position":1,"name":"In\u00edcio","item":"https:\/\/www.em.com.br\/emfoco\/"},{"@type":"ListItem","position":2,"name":"Esse s\u00e3o alguns dos truques incr\u00edveis com abra\u00e7adeiras que TODOS deveriam saber"}]},{"@type":"WebSite","@id":"https:\/\/www.em.com.br\/emfoco\/#website","url":"https:\/\/www.em.com.br\/emfoco\/","name":"Estado de Minas - Em foco","description":"Acompanhe as \u00faltimas not\u00edcias e fique bem informado sobre tudo o que acontece em Minas Gerais, Brasil e no mundo.","potentialAction":[{"@type":"SearchAction","target":{"@type":"EntryPoint","urlTemplate":"https:\/\/www.em.com.br\/emfoco\/?s={search_term_string}"},"query-input":{"@type":"PropertyValueSpecification","valueRequired":true,"valueName":"search_term_string"}}],"inLanguage":"pt-BR"},{"@type":"Person","@id":"https:\/\/www.em.com.br\/emfoco\/#\/schema\/person\/649e610b4eb8fff87ff394e54fe17b2b","name":"Ingrid Diniz","image":{"@type":"ImageObject","inLanguage":"pt-BR","@id":"https:\/\/www.em.com.br\/emfoco\/#\/schema\/person\/image\/","url":"https:\/\/secure.gravatar.com\/avatar\/a3baa1449ec5c39b4c42babc9d4f3951?s=96&d=mm&r=g","contentUrl":"https:\/\/secure.gravatar.com\/avatar\/a3baa1449ec5c39b4c42babc9d4f3951?s=96&d=mm&r=g","caption":"Ingrid Diniz"},"sameAs":["https:\/\/www.em.com.br\/"],"url":"https:\/\/www.em.com.br\/emfoco\/author\/ingridmyth\/"}]}},"_links":{"self":[{"href":"https:\/\/www.em.com.br\/emfoco\/wp-json\/wp\/v2\/posts\/144764","targetHints":{"allow":["GET"]}}],"collection":[{"href":"https:\/\/www.em.com.br\/emfoco\/wp-json\/wp\/v2\/posts"}],"about":[{"href":"https:\/\/www.em.com.br\/emfoco\/wp-json\/wp\/v2\/types\/post"}],"author":[{"embeddable":true,"href":"https:\/\/www.em.com.br\/emfoco\/wp-json\/wp\/v2\/users\/20"}],"replies":[{"embeddable":true,"href":"https:\/\/www.em.com.br\/emfoco\/wp-json\/wp\/v2\/comments?post=144764"}],"version-history":[{"count":1,"href":"https:\/\/www.em.com.br\/emfoco\/wp-json\/wp\/v2\/posts\/144764\/revisions"}],"predecessor-version":[{"id":144784,"href":"https:\/\/www.em.com.br\/emfoco\/wp-json\/wp\/v2\/posts\/144764\/revisions\/144784"}],"wp:featuredmedia":[{"embeddable":true,"href":"https:\/\/www.em.com.br\/emfoco\/wp-json\/wp\/v2\/media\/144782"}],"wp:attachment":[{"href":"https:\/\/www.em.com.br\/emfoco\/wp-json\/wp\/v2\/media?parent=144764"}],"wp:term":[{"taxonomy":"category","embeddable":true,"href":"https:\/\/www.em.com.br\/emfoco\/wp-json\/wp\/v2\/categories?post=144764"},{"taxonomy":"post_tag","embeddable":true,"href":"https:\/\/www.em.com.br\/emfoco\/wp-json\/wp\/v2\/tags?post=144764"}],"curies":[{"name":"wp","href":"https:\/\/api.w.org\/{rel}","templated":true}]}}