{"id":144447,"date":"2025-12-24T08:55:00","date_gmt":"2025-12-24T11:55:00","guid":{"rendered":"https:\/\/www.em.com.br\/emfoco\/?p=144447"},"modified":"2025-12-23T15:44:17","modified_gmt":"2025-12-23T18:44:17","slug":"passo-a-passo-para-criar-um-lindo-avental-de-cozinha-personalizado-com-a-estampa-que-mais-gostar","status":"publish","type":"post","link":"https:\/\/www.em.com.br\/emfoco\/2025\/12\/24\/passo-a-passo-para-criar-um-lindo-avental-de-cozinha-personalizado-com-a-estampa-que-mais-gostar\/","title":{"rendered":"Passo a passo para criar um lindo avental\u00a0de cozinha\u00a0personalizado com a estampa que mais gostar"},"content":{"rendered":"\n<p>Fazer um avental de cozinha em casa hoje \u00e9 totalmente poss\u00edvel, mesmo para quem n\u00e3o domina a costura. Com poucos materiais, aten\u00e7\u00e3o \u00e0s medidas e um tecido bem escolhido, voc\u00ea cria uma pe\u00e7a funcional e estilosa, que protege a roupa de manchas dif\u00edceis e ainda valoriza o seu jeito de cozinhar.<\/p>\n\n\n\n<h2 class=\"wp-block-heading\">Por que o avental de cozinha \u00e9 t\u00e3o importante no dia a dia<\/h2>\n\n\n\n<p>O\u00a0<a href=\"https:\/\/br.pinterest.com\/rita_andradegom\/avental-de-cozinha\/\" target=\"_blank\" rel=\"noreferrer noopener\"><strong>avental de cozinha<\/strong>\u00a0<\/a>\u00e9 uma prote\u00e7\u00e3o essencial contra respingos de \u00f3leo, gordura, molhos, caf\u00e9 e vinho, que podem manchar e desgastar as roupas comuns. Assim, voc\u00ea reduz lavagens mais pesadas e aumenta a durabilidade das pe\u00e7as que usa no dia a dia.<\/p>\n\n\n\n<p>Al\u00e9m disso, o avental personalizado permite adaptar bolsos, comprimento e largura conforme a sua rotina. Ele tamb\u00e9m transmite uma sensa\u00e7\u00e3o de organiza\u00e7\u00e3o, cuidado com a cozinha e maior aten\u00e7\u00e3o \u00e0 higiene durante o preparo dos alimentos.<\/p>\n\n\n\n<h2 class=\"wp-block-heading\">Como fazer um avental de cozinha simples passo a passo<\/h2>\n\n\n\n<p>Para produzir um\u00a0<strong>avental de cozinha<\/strong>\u00a0em casa, comece escolhendo um tecido resistente, de f\u00e1cil <a href=\"https:\/\/www.em.com.br\/emfoco\/2025\/11\/25\/coloque-um-saco-plastico-na-maquina-de-lavar-roupa-e-transforme-sua-lavagem\/\" target=\"_blank\" rel=\"noreferrer noopener\">lavagem <\/a>e que suporte altas temperaturas, como sarja, brim, jeans leve, oxford, lona fina ou tecidos imperme\u00e1veis. Em ambientes com muito contato com l\u00edquidos, vers\u00f5es plastificadas ou repelentes \u00e0 \u00e1gua s\u00e3o ainda mais eficientes.<\/p>\n\n\n\n<p>Depois da escolha do tecido, o projeto pode seguir uma sequ\u00eancia b\u00e1sica de montagem, que facilita a organiza\u00e7\u00e3o do trabalho e evita erros durante o corte e a costura:<\/p>\n\n\n\n<figure class=\"wp-block-image size-large\"><img loading=\"lazy\" decoding=\"async\" width=\"1024\" height=\"576\" src=\"https:\/\/www.em.com.br\/emfoco\/wp-content\/uploads\/2025\/12\/Gemini_Generated_Image_ojqiwyojqiwyojqi-1-1024x576.png\" alt=\"Aprenda como fazer um avental de cozinha simples\" class=\"wp-image-145019\" srcset=\"https:\/\/www.em.com.br\/emfoco\/wp-content\/uploads\/2025\/12\/Gemini_Generated_Image_ojqiwyojqiwyojqi-1-1024x576.png 1024w, https:\/\/www.em.com.br\/emfoco\/wp-content\/uploads\/2025\/12\/Gemini_Generated_Image_ojqiwyojqiwyojqi-1-300x169.png 300w, https:\/\/www.em.com.br\/emfoco\/wp-content\/uploads\/2025\/12\/Gemini_Generated_Image_ojqiwyojqiwyojqi-1-768x432.png 768w, https:\/\/www.em.com.br\/emfoco\/wp-content\/uploads\/2025\/12\/Gemini_Generated_Image_ojqiwyojqiwyojqi-1-750x422.png 750w, https:\/\/www.em.com.br\/emfoco\/wp-content\/uploads\/2025\/12\/Gemini_Generated_Image_ojqiwyojqiwyojqi-1-1140x641.png 1140w, https:\/\/www.em.com.br\/emfoco\/wp-content\/uploads\/2025\/12\/Gemini_Generated_Image_ojqiwyojqiwyojqi-1.png 1280w\" sizes=\"auto, (max-width: 1024px) 100vw, 1024px\" \/><figcaption class=\"wp-element-caption\">Aprenda como fazer um avental de cozinha simples<\/figcaption><\/figure>\n\n\n\n<ol class=\"wp-block-list\">\n<li><strong>Definir medidas no papel<\/strong>&nbsp;\u2013 trace um ret\u00e2ngulo que represente o corpo do avental, ajustando largura aos ombros e comprimento do peito at\u00e9 um pouco acima dos joelhos.<\/li>\n\n\n\n<li><strong>Cortar o tecido<\/strong>&nbsp;\u2013 posicione o molde sobre o tecido dobrado e recorte, deixando margens para dobras e costuras.<\/li>\n\n\n\n<li><strong>Fazer o acabamento das bordas<\/strong>&nbsp;\u2013 dobre as extremidades para dentro e costure, ou aplique vi\u00e9s em todo o contorno.<\/li>\n\n\n\n<li><strong>Preparar as tiras<\/strong>&nbsp;\u2013 corte tiras de tecido ou use fitas prontas para cintura e al\u00e7a do pesco\u00e7o.<\/li>\n\n\n\n<li><strong>Fixar tiras e bolso<\/strong>&nbsp;\u2013 costure as tiras nas laterais e na parte superior e adicione um bolso frontal na posi\u00e7\u00e3o desejada.<\/li>\n<\/ol>\n\n\n\n<p>Esse modelo b\u00e1sico pode ser adaptado para tamanhos infantis, vers\u00f5es mais curtas ou tipo \u201cjardineira\u201d, com ajustes e reguladores. A partir dessa base simples, o avental ganha personalidade com estampas, bordados, aplica\u00e7\u00f5es e combina\u00e7\u00f5es de cores criativas.<\/p>\n\n\n\n<h2 class=\"wp-block-heading\">Qual \u00e9 o melhor tecido para um avental de cozinha dur\u00e1vel<\/h2>\n\n\n\n<p>A escolha do material influ\u00eancia diretamente na durabilidade do\u00a0<strong>avental de cozinha<\/strong>, principalmente em usos intensos. Tecidos mais encorpados suportam melhor o atrito, as lavagens frequentes e o contato constante com panelas, bancadas e altas temperaturas.<\/p>\n\n\n\n<p>Para quem busca praticidade, tecidos imperme\u00e1veis ou semiperme\u00e1veis ajudam a impedir que l\u00edquidos atravessem o avental. J\u00e1 quem prioriza leveza e est\u00e9tica pode apostar em algod\u00e3o estampado, desde que fa\u00e7a um bom acabamento e siga os cuidados de lavagem para evitar desbotamento.<\/p>\n\n\n\n<h2 class=\"wp-block-heading\">Como organizar os materiais para costurar aventais em casa<\/h2>\n\n\n\n<p>Montar um espa\u00e7o m\u00ednimo de trabalho deixa a produ\u00e7\u00e3o do avental muito mais fluida. Um kit b\u00e1sico de costura garante que voc\u00ea tenha tudo \u00e0 m\u00e3o sempre que quiser iniciar um novo projeto, evitando interrup\u00e7\u00f5es e desperd\u00edcio de tempo.<\/p>\n\n\n\n<figure class=\"wp-block-image size-large\"><img loading=\"lazy\" decoding=\"async\" width=\"1024\" height=\"576\" src=\"https:\/\/www.em.com.br\/emfoco\/wp-content\/uploads\/2025\/12\/avental_1766515269771-1024x576.jpg\" alt=\"Aprenda como fazer um avental de cozinha simples\" class=\"wp-image-145017\" srcset=\"https:\/\/www.em.com.br\/emfoco\/wp-content\/uploads\/2025\/12\/avental_1766515269771-1024x576.jpg 1024w, https:\/\/www.em.com.br\/emfoco\/wp-content\/uploads\/2025\/12\/avental_1766515269771-300x169.jpg 300w, https:\/\/www.em.com.br\/emfoco\/wp-content\/uploads\/2025\/12\/avental_1766515269771-768x432.jpg 768w, https:\/\/www.em.com.br\/emfoco\/wp-content\/uploads\/2025\/12\/avental_1766515269771-750x422.jpg 750w, https:\/\/www.em.com.br\/emfoco\/wp-content\/uploads\/2025\/12\/avental_1766515269771-1140x641.jpg 1140w, https:\/\/www.em.com.br\/emfoco\/wp-content\/uploads\/2025\/12\/avental_1766515269771.jpg 1280w\" sizes=\"auto, (max-width: 1024px) 100vw, 1024px\" \/><figcaption class=\"wp-element-caption\">Aprenda como fazer um avental de cozinha simples &#8211; Cr\u00e9ditos: depositphotos.com \/ nito103<\/figcaption><\/figure>\n\n\n\n<p>Para facilitar sua rotina, vale separar e manter organizados alguns itens essenciais de costura dom\u00e9stica:<\/p>\n\n\n\n<ul class=\"wp-block-list\">\n<li>Tesoura afiada exclusiva para tecido e fita m\u00e9trica confi\u00e1vel.<\/li>\n\n\n\n<li>Linhas de boa qualidade, agulhas manuais e alfinetes.<\/li>\n\n\n\n<li>Giz ou caneta para marcar o tecido sem manchar.<\/li>\n\n\n\n<li>M\u00e1quina de costura dom\u00e9stica, se poss\u00edvel, para agilizar o trabalho.<\/li>\n<\/ul>\n\n\n\n<h2 class=\"wp-block-heading\">Como o avental de cozinha pode transformar sua rotina na pr\u00e1tica<\/h2>\n\n\n\n<p>Quando voc\u00ea planeja medidas, testa o molde em papel e ajusta detalhes como largura, decote e posi\u00e7\u00e3o do bolso, o avental deixa de ser apenas prote\u00e7\u00e3o e se torna uma pe\u00e7a sob medida para o seu corpo e seu jeito de cozinhar. Isso aumenta o conforto, reduz desperd\u00edcios de tecido e abre portas para produzir pe\u00e7as sob encomenda ou presentear quem voc\u00ea gosta.<\/p>\n\n\n\n<p>N\u00e3o espere mais para tirar seu projeto do papel: separe o tecido, organize seu kit de costura e comece hoje mesmo o seu primeiro avental. Cada ponto costurado \u00e9 um passo rumo a uma cozinha mais organizada, bonita e com a sua identidade \u2014 aproveite esse impulso agora, antes que a ideia esfrie e volte para a gaveta.<\/p>\n","protected":false},"excerpt":{"rendered":"<p>Fazer um avental de cozinha em casa hoje \u00e9 totalmente poss\u00edvel, mesmo para quem n\u00e3o domina a costura. Com poucos materiais, aten\u00e7\u00e3o \u00e0s medidas e um tecido bem escolhido, voc\u00ea cria uma pe\u00e7a funcional e estilosa, que protege a roupa de manchas dif\u00edceis e ainda valoriza o seu jeito de cozinhar. Por que o avental [&hellip;]<\/p>\n","protected":false},"author":11,"featured_media":145016,"comment_status":"open","ping_status":"open","sticky":false,"template":"","format":"standard","meta":{"jnews-multi-image_gallery":[],"jnews_single_post":{"format":"standard"},"jnews_primary_category":[],"jnews_social_meta":[],"jnews_override_counter":[],"footnotes":""},"categories":[8819,1],"tags":[21227,21226,16487,17277],"class_list":["post-144447","post","type-post","status-publish","format-standard","has-post-thumbnail","hentry","category-curiosidades","category-noticias","tag-acessorios-de-cozinha","tag-avental-de-cozinha","tag-costura","tag-tecido"],"yoast_head":"<!-- This site is optimized with the Yoast SEO plugin v23.8 - https:\/\/yoast.com\/wordpress\/plugins\/seo\/ -->\n<title>Passo a passo para criar um lindo avental\u00a0de cozinha\u00a0personalizado com a estampa que mais gostar - Estado de Minas - Em foco<\/title>\n<meta name=\"description\" content=\"Aprenda como fazer um avental de cozinha simples, dur\u00e1vel e funcional em casa, mesmo sem experi\u00eancia em costura.\" \/>\n<meta name=\"robots\" content=\"index, follow, max-snippet:-1, max-image-preview:large, max-video-preview:-1\" \/>\n<link rel=\"canonical\" href=\"https:\/\/www.em.com.br\/emfoco\/2025\/12\/24\/passo-a-passo-para-criar-um-lindo-avental-de-cozinha-personalizado-com-a-estampa-que-mais-gostar\/\" \/>\n<meta property=\"og:locale\" content=\"pt_BR\" \/>\n<meta property=\"og:type\" content=\"article\" \/>\n<meta property=\"og:title\" content=\"Passo a passo para criar um lindo avental\u00a0de cozinha\u00a0personalizado com a estampa que mais gostar - Estado de Minas - Em foco\" \/>\n<meta property=\"og:description\" content=\"Aprenda como fazer um avental de cozinha simples, dur\u00e1vel e funcional em casa, mesmo sem experi\u00eancia em costura.\" \/>\n<meta property=\"og:url\" content=\"https:\/\/www.em.com.br\/emfoco\/2025\/12\/24\/passo-a-passo-para-criar-um-lindo-avental-de-cozinha-personalizado-com-a-estampa-que-mais-gostar\/\" \/>\n<meta property=\"og:site_name\" content=\"Estado de Minas - Em foco\" \/>\n<meta property=\"article:published_time\" content=\"2025-12-24T11:55:00+00:00\" \/>\n<meta property=\"article:modified_time\" content=\"2025-12-23T18:44:17+00:00\" \/>\n<meta property=\"og:image\" content=\"https:\/\/www.em.com.br\/emfoco\/wp-content\/uploads\/2025\/12\/Gemini_Generated_Image_s4gexxs4gexxs4ge-1.png\" \/>\n\t<meta property=\"og:image:width\" content=\"1280\" \/>\n\t<meta property=\"og:image:height\" content=\"720\" \/>\n\t<meta property=\"og:image:type\" content=\"image\/png\" \/>\n<meta name=\"author\" content=\"Andre\u0301 Rangel\u00a0\" \/>\n<meta name=\"twitter:card\" content=\"summary_large_image\" \/>\n<meta name=\"twitter:label1\" content=\"Escrito por\" \/>\n\t<meta name=\"twitter:data1\" content=\"Andre\u0301 Rangel\u00a0\" \/>\n\t<meta name=\"twitter:label2\" content=\"Est. tempo de leitura\" \/>\n\t<meta name=\"twitter:data2\" content=\"5 minutos\" \/>\n<!-- \/ Yoast SEO plugin. -->","yoast_head_json":{"title":"Passo a passo para criar um lindo avental\u00a0de cozinha\u00a0personalizado com a estampa que mais gostar - Estado de Minas - Em foco","description":"Aprenda como fazer um avental de cozinha simples, dur\u00e1vel e funcional em casa, mesmo sem experi\u00eancia em costura.","robots":{"index":"index","follow":"follow","max-snippet":"max-snippet:-1","max-image-preview":"max-image-preview:large","max-video-preview":"max-video-preview:-1"},"canonical":"https:\/\/www.em.com.br\/emfoco\/2025\/12\/24\/passo-a-passo-para-criar-um-lindo-avental-de-cozinha-personalizado-com-a-estampa-que-mais-gostar\/","og_locale":"pt_BR","og_type":"article","og_title":"Passo a passo para criar um lindo avental\u00a0de cozinha\u00a0personalizado com a estampa que mais gostar - Estado de Minas - Em foco","og_description":"Aprenda como fazer um avental de cozinha simples, dur\u00e1vel e funcional em casa, mesmo sem experi\u00eancia em costura.","og_url":"https:\/\/www.em.com.br\/emfoco\/2025\/12\/24\/passo-a-passo-para-criar-um-lindo-avental-de-cozinha-personalizado-com-a-estampa-que-mais-gostar\/","og_site_name":"Estado de Minas - Em foco","article_published_time":"2025-12-24T11:55:00+00:00","article_modified_time":"2025-12-23T18:44:17+00:00","og_image":[{"width":1280,"height":720,"url":"https:\/\/www.em.com.br\/emfoco\/wp-content\/uploads\/2025\/12\/Gemini_Generated_Image_s4gexxs4gexxs4ge-1.png","type":"image\/png"}],"author":"Andre\u0301 Rangel\u00a0","twitter_card":"summary_large_image","twitter_misc":{"Escrito por":"Andre\u0301 Rangel\u00a0","Est. tempo de leitura":"5 minutos"},"schema":{"@context":"https:\/\/schema.org","@graph":[{"@type":"WebPage","@id":"https:\/\/www.em.com.br\/emfoco\/2025\/12\/24\/passo-a-passo-para-criar-um-lindo-avental-de-cozinha-personalizado-com-a-estampa-que-mais-gostar\/","url":"https:\/\/www.em.com.br\/emfoco\/2025\/12\/24\/passo-a-passo-para-criar-um-lindo-avental-de-cozinha-personalizado-com-a-estampa-que-mais-gostar\/","name":"Passo a passo para criar um lindo avental\u00a0de cozinha\u00a0personalizado com a estampa que mais gostar - Estado de Minas - Em foco","isPartOf":{"@id":"https:\/\/www.em.com.br\/emfoco\/#website"},"primaryImageOfPage":{"@id":"https:\/\/www.em.com.br\/emfoco\/2025\/12\/24\/passo-a-passo-para-criar-um-lindo-avental-de-cozinha-personalizado-com-a-estampa-que-mais-gostar\/#primaryimage"},"image":{"@id":"https:\/\/www.em.com.br\/emfoco\/2025\/12\/24\/passo-a-passo-para-criar-um-lindo-avental-de-cozinha-personalizado-com-a-estampa-que-mais-gostar\/#primaryimage"},"thumbnailUrl":"https:\/\/www.em.com.br\/emfoco\/wp-content\/uploads\/2025\/12\/Gemini_Generated_Image_s4gexxs4gexxs4ge-1.png","datePublished":"2025-12-24T11:55:00+00:00","dateModified":"2025-12-23T18:44:17+00:00","author":{"@id":"https:\/\/www.em.com.br\/emfoco\/#\/schema\/person\/60eda09c1fedf0d6891f4cef4b60b8b8"},"description":"Aprenda como fazer um avental de cozinha simples, dur\u00e1vel e funcional em casa, mesmo sem experi\u00eancia em costura.","breadcrumb":{"@id":"https:\/\/www.em.com.br\/emfoco\/2025\/12\/24\/passo-a-passo-para-criar-um-lindo-avental-de-cozinha-personalizado-com-a-estampa-que-mais-gostar\/#breadcrumb"},"inLanguage":"pt-BR","potentialAction":[{"@type":"ReadAction","target":["https:\/\/www.em.com.br\/emfoco\/2025\/12\/24\/passo-a-passo-para-criar-um-lindo-avental-de-cozinha-personalizado-com-a-estampa-que-mais-gostar\/"]}]},{"@type":"ImageObject","inLanguage":"pt-BR","@id":"https:\/\/www.em.com.br\/emfoco\/2025\/12\/24\/passo-a-passo-para-criar-um-lindo-avental-de-cozinha-personalizado-com-a-estampa-que-mais-gostar\/#primaryimage","url":"https:\/\/www.em.com.br\/emfoco\/wp-content\/uploads\/2025\/12\/Gemini_Generated_Image_s4gexxs4gexxs4ge-1.png","contentUrl":"https:\/\/www.em.com.br\/emfoco\/wp-content\/uploads\/2025\/12\/Gemini_Generated_Image_s4gexxs4gexxs4ge-1.png","width":1280,"height":720,"caption":"Aprenda como fazer um avental de cozinha simples"},{"@type":"BreadcrumbList","@id":"https:\/\/www.em.com.br\/emfoco\/2025\/12\/24\/passo-a-passo-para-criar-um-lindo-avental-de-cozinha-personalizado-com-a-estampa-que-mais-gostar\/#breadcrumb","itemListElement":[{"@type":"ListItem","position":1,"name":"In\u00edcio","item":"https:\/\/www.em.com.br\/emfoco\/"},{"@type":"ListItem","position":2,"name":"Passo a passo para criar um lindo avental\u00a0de cozinha\u00a0personalizado com a estampa que mais gostar"}]},{"@type":"WebSite","@id":"https:\/\/www.em.com.br\/emfoco\/#website","url":"https:\/\/www.em.com.br\/emfoco\/","name":"Estado de Minas - Em foco","description":"Acompanhe as \u00faltimas not\u00edcias e fique bem informado sobre tudo o que acontece em Minas Gerais, Brasil e no mundo.","potentialAction":[{"@type":"SearchAction","target":{"@type":"EntryPoint","urlTemplate":"https:\/\/www.em.com.br\/emfoco\/?s={search_term_string}"},"query-input":{"@type":"PropertyValueSpecification","valueRequired":true,"valueName":"search_term_string"}}],"inLanguage":"pt-BR"},{"@type":"Person","@id":"https:\/\/www.em.com.br\/emfoco\/#\/schema\/person\/60eda09c1fedf0d6891f4cef4b60b8b8","name":"Andre\u0301 Rangel\u00a0","image":{"@type":"ImageObject","inLanguage":"pt-BR","@id":"https:\/\/www.em.com.br\/emfoco\/#\/schema\/person\/image\/","url":"https:\/\/secure.gravatar.com\/avatar\/6234dc814c77c8ef6d8bba622c787efc?s=96&d=mm&r=g","contentUrl":"https:\/\/secure.gravatar.com\/avatar\/6234dc814c77c8ef6d8bba622c787efc?s=96&d=mm&r=g","caption":"Andre\u0301 Rangel\u00a0"},"url":"https:\/\/www.em.com.br\/emfoco\/author\/luizmyth\/"}]}},"_links":{"self":[{"href":"https:\/\/www.em.com.br\/emfoco\/wp-json\/wp\/v2\/posts\/144447","targetHints":{"allow":["GET"]}}],"collection":[{"href":"https:\/\/www.em.com.br\/emfoco\/wp-json\/wp\/v2\/posts"}],"about":[{"href":"https:\/\/www.em.com.br\/emfoco\/wp-json\/wp\/v2\/types\/post"}],"author":[{"embeddable":true,"href":"https:\/\/www.em.com.br\/emfoco\/wp-json\/wp\/v2\/users\/11"}],"replies":[{"embeddable":true,"href":"https:\/\/www.em.com.br\/emfoco\/wp-json\/wp\/v2\/comments?post=144447"}],"version-history":[{"count":3,"href":"https:\/\/www.em.com.br\/emfoco\/wp-json\/wp\/v2\/posts\/144447\/revisions"}],"predecessor-version":[{"id":145020,"href":"https:\/\/www.em.com.br\/emfoco\/wp-json\/wp\/v2\/posts\/144447\/revisions\/145020"}],"wp:featuredmedia":[{"embeddable":true,"href":"https:\/\/www.em.com.br\/emfoco\/wp-json\/wp\/v2\/media\/145016"}],"wp:attachment":[{"href":"https:\/\/www.em.com.br\/emfoco\/wp-json\/wp\/v2\/media?parent=144447"}],"wp:term":[{"taxonomy":"category","embeddable":true,"href":"https:\/\/www.em.com.br\/emfoco\/wp-json\/wp\/v2\/categories?post=144447"},{"taxonomy":"post_tag","embeddable":true,"href":"https:\/\/www.em.com.br\/emfoco\/wp-json\/wp\/v2\/tags?post=144447"}],"curies":[{"name":"wp","href":"https:\/\/api.w.org\/{rel}","templated":true}]}}