{"id":14418,"date":"2025-02-07T12:20:00","date_gmt":"2025-02-07T15:20:00","guid":{"rendered":"https:\/\/www.em.com.br\/emfoco\/?p=14418"},"modified":"2025-02-06T15:53:04","modified_gmt":"2025-02-06T18:53:04","slug":"cantor-que-comecou-do-zero-e-hoje-vale-mais-de-200-milhoes-impressiona-com-sua-historia","status":"publish","type":"post","link":"https:\/\/www.em.com.br\/emfoco\/2025\/02\/07\/cantor-que-comecou-do-zero-e-hoje-vale-mais-de-200-milhoes-impressiona-com-sua-historia\/","title":{"rendered":"Cantor que come\u00e7ou do zero e hoje vale mais de 200 milh\u00f5es impressiona com sua hist\u00f3ria!"},"content":{"rendered":"\n<p><strong>Ed Sheeran<\/strong>, <strong><a href=\"https:\/\/www.em.com.br\/emfoco\/2025\/01\/05\/conheca-uma-das-cantoras-mais-ricas-do-mundo\/\" target=\"_blank\" rel=\"noreferrer noopener\">cantor<\/a><\/strong> e compositor brit\u00e2nico, iniciou sua jornada musical ainda jovem. Nascido em <strong>Halifax, na Inglaterra<\/strong>, Sheeran demonstrou interesse pela m\u00fasica desde a inf\u00e2ncia, aprendendo a tocar guitarra e compondo suas primeiras can\u00e7\u00f5es na adolesc\u00eancia. Durante seus primeiros anos em <strong>Londres<\/strong>, ele se apresentou em pequenos palcos e lan\u00e7ou trabalhos independentes, capturando a aten\u00e7\u00e3o de um p\u00fablico crescente.<\/p>\n\n\n\n<p>A carreira de Sheeran come\u00e7ou a ganhar destaque em 2011, com o lan\u00e7amento de seu primeiro \u00e1lbum de est\u00fadio, &#8220;<strong>+<\/strong>&#8220;. Esse trabalho trouxe sucessos como &#8220;<strong>The A Team<\/strong>&#8221; e estabeleceu sua presen\u00e7a no cen\u00e1rio musical internacional. O \u00e1lbum n\u00e3o apenas provou seu talento criativo, mas tamb\u00e9m consolidou seu espa\u00e7o entre os novos artistas promissores da d\u00e9cada.<\/p>\n\n\n\n<h2 class=\"wp-block-heading\">Sucessos da carreira de Ed Sheeran<\/h2>\n\n\n\n<p>A carreira de Ed Sheeran \u00e9 marcada por uma s\u00e9rie de sucessos comerciais e cr\u00edticos. Ap\u00f3s o impacto inicial de seu primeiro \u00e1lbum, Sheeran continuou a lan\u00e7ar m\u00fasicas que rapidamente se tornaram cl\u00e1ssicos modernos. Seus \u00e1lbuns subsequentes, como &#8220;<strong>x<\/strong>&#8221; (Multiply) e &#8220;<strong>\u00f7<\/strong>&#8221; (Divide), apresentaram hits globais como &#8220;<strong>Thinking Out Loud<\/strong>&#8221; e &#8220;<strong><a href=\"https:\/\/www.youtube.com\/watch?v=JGwWNGJdvx8\" target=\"_blank\" rel=\"noreferrer noopener\">Shape of You<\/a><\/strong>&#8220;, respectivamente.<\/p>\n\n\n\n<p>Seu talento para criar melodias cativantes e letras emocionantes resultou em m\u00faltiplas premia\u00e7\u00f5es e recordes. Sheeran n\u00e3o apenas dominou as paradas de sucesso, mas tamb\u00e9m conquistou uma base de f\u00e3s dedicada que se espalha por todo o mundo.<\/p>\n\n\n\n<figure class=\"wp-block-image size-large\"><img loading=\"lazy\" decoding=\"async\" width=\"1024\" height=\"576\" src=\"https:\/\/www.em.com.br\/emfoco\/wp-content\/uploads\/2025\/01\/Ed-Sheeran_1738108726393-1024x576.jpg\" alt=\"Cantor que come\u00e7ou do zero e hoje vale mais de 200 milh\u00f5es impressiona com sua hist\u00f3ria!\" class=\"wp-image-14438\" srcset=\"https:\/\/www.em.com.br\/emfoco\/wp-content\/uploads\/2025\/01\/Ed-Sheeran_1738108726393-1024x576.jpg 1024w, https:\/\/www.em.com.br\/emfoco\/wp-content\/uploads\/2025\/01\/Ed-Sheeran_1738108726393-300x169.jpg 300w, https:\/\/www.em.com.br\/emfoco\/wp-content\/uploads\/2025\/01\/Ed-Sheeran_1738108726393-768x432.jpg 768w, https:\/\/www.em.com.br\/emfoco\/wp-content\/uploads\/2025\/01\/Ed-Sheeran_1738108726393-750x422.jpg 750w, https:\/\/www.em.com.br\/emfoco\/wp-content\/uploads\/2025\/01\/Ed-Sheeran_1738108726393-1140x641.jpg 1140w, https:\/\/www.em.com.br\/emfoco\/wp-content\/uploads\/2025\/01\/Ed-Sheeran_1738108726393.jpg 1280w\" sizes=\"auto, (max-width: 1024px) 100vw, 1024px\" \/><figcaption class=\"wp-element-caption\">Ed Sheeran &#8211; Cr\u00e9ditos: depositphotos.com \/ benhoudijk<\/figcaption><\/figure>\n\n\n\n<h2 class=\"wp-block-heading\">Qual \u00e9 o valor estimado da fortuna de Ed Sheeran?<\/h2>\n\n\n\n<p>O sucesso comercial de Ed Sheeran reflete-se no valor estimado de sua fortuna, que em 2024 ultrapassa os <strong>200 milh\u00f5es de d\u00f3lares<\/strong>. Este montante \u00e9 resultado de uma combina\u00e7\u00e3o de vendas de \u00e1lbuns, turn\u00eas de sucesso e direitos autorais, al\u00e9m de investimentos em outros setores.<\/p>\n\n\n\n<p>As turn\u00eas, em particular, t\u00eam sido uma fonte significativa de renda para Sheeran. Sua turn\u00ea &#8220;<strong>Divide<\/strong>&#8220;, por exemplo, tornou-se uma das mais lucrativas da hist\u00f3ria da m\u00fasica, atraindo milh\u00f5es de f\u00e3s e gerando receitas impressionantes.<\/p>\n\n\n\n<h2 class=\"wp-block-heading\">Fontes de renda de Ed Sheeran<\/h2>\n\n\n\n<p>Al\u00e9m das vendas de m\u00fasica e das turn\u00eas, Ed Sheeran tem diversas fontes de renda. Entre elas est\u00e3o os ganhos com direitos autorais de suas composi\u00e7\u00f5es, muitas das quais t\u00eam sido interpretadas por outros artistas de renome. Al\u00e9m disso, ele participa de colabora\u00e7\u00f5es populares que expandem ainda mais seu alcance e impacto financeiro.<\/p>\n\n\n\n<p>Sheeran tamb\u00e9m investe em im\u00f3veis, especialmente no <strong>Reino Unido<\/strong>, onde possui v\u00e1rias propriedades. Estes investimentos imobili\u00e1rios contribuem para a diversifica\u00e7\u00e3o de sua fonte de renda, refor\u00e7ando ainda mais sua estabilidade financeira.<\/p>\n\n\n\n<h2 class=\"wp-block-heading\">Conquistas e projetos atuais de Ed Sheeran<\/h2>\n\n\n\n<p>Ao longo de sua carreira, Ed Sheeran acumulou v\u00e1rias conquistas, incluindo pr\u00eamios <strong>Grammy e Brit Awards<\/strong>. Sua habilidade em se reinventar musicalmente tem garantido sua relev\u00e2ncia cont\u00ednua na ind\u00fastria do entretenimento, permitindo que ele explore novos sons e colabora\u00e7\u00f5es.<\/p>\n\n\n\n<p>Em 2025, Ed Sheeran continua a expandir seu repert\u00f3rio musical com novos projetos e colabora\u00e7\u00f5es. Ele se mant\u00e9m ativo na produ\u00e7\u00e3o e ingresso em diferentes empreendimentos na ind\u00fastria musical, prometendo novidades para seus f\u00e3s nos pr\u00f3ximos anos. Sua jornada musical prossegue com a mesma paix\u00e3o e criatividade que marcaram seu in\u00edcio.<\/p>\n","protected":false},"excerpt":{"rendered":"<p>Ed Sheeran, cantor e compositor brit\u00e2nico, iniciou sua jornada musical ainda jovem. Nascido em Halifax, na Inglaterra, Sheeran demonstrou interesse pela m\u00fasica desde a inf\u00e2ncia, aprendendo a tocar guitarra e compondo suas primeiras can\u00e7\u00f5es na adolesc\u00eancia. Durante seus primeiros anos em Londres, ele se apresentou em pequenos palcos e lan\u00e7ou trabalhos independentes, capturando a aten\u00e7\u00e3o [&hellip;]<\/p>\n","protected":false},"author":5,"featured_media":14437,"comment_status":"open","ping_status":"open","sticky":false,"template":"","format":"standard","meta":{"jnews-multi-image_gallery":[],"jnews_single_post":{"format":"standard"},"jnews_primary_category":[],"jnews_social_meta":[],"jnews_override_counter":[],"footnotes":""},"categories":[190,1],"tags":[296,4332,188,237],"class_list":["post-14418","post","type-post","status-publish","format-standard","has-post-thumbnail","hentry","category-fortuna","category-noticias","tag-dinheiro","tag-ed-sheeran","tag-fortuna","tag-historia"],"yoast_head":"<!-- This site is optimized with the Yoast SEO plugin v23.8 - https:\/\/yoast.com\/wordpress\/plugins\/seo\/ -->\n<title>Cantor que come\u00e7ou do zero e hoje vale mais de 200 milh\u00f5es impressiona com sua hist\u00f3ria! - Estado de Minas - Em foco<\/title>\n<meta name=\"description\" content=\"De apresenta\u00e7\u00f5es simples a uma carreira global, conhe\u00e7a a hist\u00f3ria inspiradora de um dos maiores astros da m\u00fasica.\" \/>\n<meta name=\"robots\" content=\"index, follow, max-snippet:-1, max-image-preview:large, max-video-preview:-1\" \/>\n<link rel=\"canonical\" href=\"https:\/\/www.em.com.br\/emfoco\/2025\/02\/07\/cantor-que-comecou-do-zero-e-hoje-vale-mais-de-200-milhoes-impressiona-com-sua-historia\/\" \/>\n<meta property=\"og:locale\" content=\"pt_BR\" \/>\n<meta property=\"og:type\" content=\"article\" \/>\n<meta property=\"og:title\" content=\"Cantor que come\u00e7ou do zero e hoje vale mais de 200 milh\u00f5es impressiona com sua hist\u00f3ria! - Estado de Minas - Em foco\" \/>\n<meta property=\"og:description\" content=\"De apresenta\u00e7\u00f5es simples a uma carreira global, conhe\u00e7a a hist\u00f3ria inspiradora de um dos maiores astros da m\u00fasica.\" \/>\n<meta property=\"og:url\" content=\"https:\/\/www.em.com.br\/emfoco\/2025\/02\/07\/cantor-que-comecou-do-zero-e-hoje-vale-mais-de-200-milhoes-impressiona-com-sua-historia\/\" \/>\n<meta property=\"og:site_name\" content=\"Estado de Minas - Em foco\" \/>\n<meta property=\"article:published_time\" content=\"2025-02-07T15:20:00+00:00\" \/>\n<meta property=\"article:modified_time\" content=\"2025-02-06T18:53:04+00:00\" \/>\n<meta property=\"og:image\" content=\"https:\/\/www.em.com.br\/emfoco\/wp-content\/uploads\/2025\/01\/Ed-Sheeran_1738108664251.jpg\" \/>\n\t<meta property=\"og:image:width\" content=\"1280\" \/>\n\t<meta property=\"og:image:height\" content=\"720\" \/>\n\t<meta property=\"og:image:type\" content=\"image\/jpeg\" \/>\n<meta name=\"author\" content=\"N\u00fabia Rangel\" \/>\n<meta name=\"twitter:card\" content=\"summary_large_image\" \/>\n<meta name=\"twitter:label1\" content=\"Escrito por\" \/>\n\t<meta name=\"twitter:data1\" content=\"N\u00fabia Rangel\" \/>\n\t<meta name=\"twitter:label2\" content=\"Est. tempo de leitura\" \/>\n\t<meta name=\"twitter:data2\" content=\"4 minutos\" \/>\n<!-- \/ Yoast SEO plugin. -->","yoast_head_json":{"title":"Cantor que come\u00e7ou do zero e hoje vale mais de 200 milh\u00f5es impressiona com sua hist\u00f3ria! - Estado de Minas - Em foco","description":"De apresenta\u00e7\u00f5es simples a uma carreira global, conhe\u00e7a a hist\u00f3ria inspiradora de um dos maiores astros da m\u00fasica.","robots":{"index":"index","follow":"follow","max-snippet":"max-snippet:-1","max-image-preview":"max-image-preview:large","max-video-preview":"max-video-preview:-1"},"canonical":"https:\/\/www.em.com.br\/emfoco\/2025\/02\/07\/cantor-que-comecou-do-zero-e-hoje-vale-mais-de-200-milhoes-impressiona-com-sua-historia\/","og_locale":"pt_BR","og_type":"article","og_title":"Cantor que come\u00e7ou do zero e hoje vale mais de 200 milh\u00f5es impressiona com sua hist\u00f3ria! - Estado de Minas - Em foco","og_description":"De apresenta\u00e7\u00f5es simples a uma carreira global, conhe\u00e7a a hist\u00f3ria inspiradora de um dos maiores astros da m\u00fasica.","og_url":"https:\/\/www.em.com.br\/emfoco\/2025\/02\/07\/cantor-que-comecou-do-zero-e-hoje-vale-mais-de-200-milhoes-impressiona-com-sua-historia\/","og_site_name":"Estado de Minas - Em foco","article_published_time":"2025-02-07T15:20:00+00:00","article_modified_time":"2025-02-06T18:53:04+00:00","og_image":[{"width":1280,"height":720,"url":"https:\/\/www.em.com.br\/emfoco\/wp-content\/uploads\/2025\/01\/Ed-Sheeran_1738108664251.jpg","type":"image\/jpeg"}],"author":"N\u00fabia Rangel","twitter_card":"summary_large_image","twitter_misc":{"Escrito por":"N\u00fabia Rangel","Est. tempo de leitura":"4 minutos"},"schema":{"@context":"https:\/\/schema.org","@graph":[{"@type":"WebPage","@id":"https:\/\/www.em.com.br\/emfoco\/2025\/02\/07\/cantor-que-comecou-do-zero-e-hoje-vale-mais-de-200-milhoes-impressiona-com-sua-historia\/","url":"https:\/\/www.em.com.br\/emfoco\/2025\/02\/07\/cantor-que-comecou-do-zero-e-hoje-vale-mais-de-200-milhoes-impressiona-com-sua-historia\/","name":"Cantor que come\u00e7ou do zero e hoje vale mais de 200 milh\u00f5es impressiona com sua hist\u00f3ria! - Estado de Minas - Em foco","isPartOf":{"@id":"https:\/\/www.em.com.br\/emfoco\/#website"},"primaryImageOfPage":{"@id":"https:\/\/www.em.com.br\/emfoco\/2025\/02\/07\/cantor-que-comecou-do-zero-e-hoje-vale-mais-de-200-milhoes-impressiona-com-sua-historia\/#primaryimage"},"image":{"@id":"https:\/\/www.em.com.br\/emfoco\/2025\/02\/07\/cantor-que-comecou-do-zero-e-hoje-vale-mais-de-200-milhoes-impressiona-com-sua-historia\/#primaryimage"},"thumbnailUrl":"https:\/\/www.em.com.br\/emfoco\/wp-content\/uploads\/2025\/01\/Ed-Sheeran_1738108664251.jpg","datePublished":"2025-02-07T15:20:00+00:00","dateModified":"2025-02-06T18:53:04+00:00","author":{"@id":"https:\/\/www.em.com.br\/emfoco\/#\/schema\/person\/524437ef54f8a5d32591b143307f2e20"},"description":"De apresenta\u00e7\u00f5es simples a uma carreira global, conhe\u00e7a a hist\u00f3ria inspiradora de um dos maiores astros da m\u00fasica.","breadcrumb":{"@id":"https:\/\/www.em.com.br\/emfoco\/2025\/02\/07\/cantor-que-comecou-do-zero-e-hoje-vale-mais-de-200-milhoes-impressiona-com-sua-historia\/#breadcrumb"},"inLanguage":"pt-BR","potentialAction":[{"@type":"ReadAction","target":["https:\/\/www.em.com.br\/emfoco\/2025\/02\/07\/cantor-que-comecou-do-zero-e-hoje-vale-mais-de-200-milhoes-impressiona-com-sua-historia\/"]}]},{"@type":"ImageObject","inLanguage":"pt-BR","@id":"https:\/\/www.em.com.br\/emfoco\/2025\/02\/07\/cantor-que-comecou-do-zero-e-hoje-vale-mais-de-200-milhoes-impressiona-com-sua-historia\/#primaryimage","url":"https:\/\/www.em.com.br\/emfoco\/wp-content\/uploads\/2025\/01\/Ed-Sheeran_1738108664251.jpg","contentUrl":"https:\/\/www.em.com.br\/emfoco\/wp-content\/uploads\/2025\/01\/Ed-Sheeran_1738108664251.jpg","width":1280,"height":720,"caption":"Ed Sheeran - Cr\u00e9ditos: depositphotos.com \/ benhoudijk"},{"@type":"BreadcrumbList","@id":"https:\/\/www.em.com.br\/emfoco\/2025\/02\/07\/cantor-que-comecou-do-zero-e-hoje-vale-mais-de-200-milhoes-impressiona-com-sua-historia\/#breadcrumb","itemListElement":[{"@type":"ListItem","position":1,"name":"In\u00edcio","item":"https:\/\/www.em.com.br\/emfoco\/"},{"@type":"ListItem","position":2,"name":"Cantor que come\u00e7ou do zero e hoje vale mais de 200 milh\u00f5es impressiona com sua hist\u00f3ria!"}]},{"@type":"WebSite","@id":"https:\/\/www.em.com.br\/emfoco\/#website","url":"https:\/\/www.em.com.br\/emfoco\/","name":"Estado de Minas - Em foco","description":"Acompanhe as \u00faltimas not\u00edcias e fique bem informado sobre tudo o que acontece em Minas Gerais, Brasil e no mundo.","potentialAction":[{"@type":"SearchAction","target":{"@type":"EntryPoint","urlTemplate":"https:\/\/www.em.com.br\/emfoco\/?s={search_term_string}"},"query-input":{"@type":"PropertyValueSpecification","valueRequired":true,"valueName":"search_term_string"}}],"inLanguage":"pt-BR"},{"@type":"Person","@id":"https:\/\/www.em.com.br\/emfoco\/#\/schema\/person\/524437ef54f8a5d32591b143307f2e20","name":"N\u00fabia Rangel","image":{"@type":"ImageObject","inLanguage":"pt-BR","@id":"https:\/\/www.em.com.br\/emfoco\/#\/schema\/person\/image\/","url":"https:\/\/secure.gravatar.com\/avatar\/47cff2827a5ba23c37e8068c86817ea4?s=96&d=mm&r=g","contentUrl":"https:\/\/secure.gravatar.com\/avatar\/47cff2827a5ba23c37e8068c86817ea4?s=96&d=mm&r=g","caption":"N\u00fabia Rangel"},"sameAs":["https:\/\/www.em.com.br\/emfoco\/"],"url":"https:\/\/www.em.com.br\/emfoco\/author\/nubiamyth\/"}]}},"_links":{"self":[{"href":"https:\/\/www.em.com.br\/emfoco\/wp-json\/wp\/v2\/posts\/14418","targetHints":{"allow":["GET"]}}],"collection":[{"href":"https:\/\/www.em.com.br\/emfoco\/wp-json\/wp\/v2\/posts"}],"about":[{"href":"https:\/\/www.em.com.br\/emfoco\/wp-json\/wp\/v2\/types\/post"}],"author":[{"embeddable":true,"href":"https:\/\/www.em.com.br\/emfoco\/wp-json\/wp\/v2\/users\/5"}],"replies":[{"embeddable":true,"href":"https:\/\/www.em.com.br\/emfoco\/wp-json\/wp\/v2\/comments?post=14418"}],"version-history":[{"count":3,"href":"https:\/\/www.em.com.br\/emfoco\/wp-json\/wp\/v2\/posts\/14418\/revisions"}],"predecessor-version":[{"id":16050,"href":"https:\/\/www.em.com.br\/emfoco\/wp-json\/wp\/v2\/posts\/14418\/revisions\/16050"}],"wp:featuredmedia":[{"embeddable":true,"href":"https:\/\/www.em.com.br\/emfoco\/wp-json\/wp\/v2\/media\/14437"}],"wp:attachment":[{"href":"https:\/\/www.em.com.br\/emfoco\/wp-json\/wp\/v2\/media?parent=14418"}],"wp:term":[{"taxonomy":"category","embeddable":true,"href":"https:\/\/www.em.com.br\/emfoco\/wp-json\/wp\/v2\/categories?post=14418"},{"taxonomy":"post_tag","embeddable":true,"href":"https:\/\/www.em.com.br\/emfoco\/wp-json\/wp\/v2\/tags?post=14418"}],"curies":[{"name":"wp","href":"https:\/\/api.w.org\/{rel}","templated":true}]}}