{"id":144151,"date":"2025-12-23T19:25:00","date_gmt":"2025-12-23T22:25:00","guid":{"rendered":"https:\/\/www.em.com.br\/emfoco\/?p=144151"},"modified":"2025-12-22T20:04:33","modified_gmt":"2025-12-22T23:04:33","slug":"cultivar-lavanda-em-casa-traz-calma-e-aroma-ao-ambiente-veja-como-comecar","status":"publish","type":"post","link":"https:\/\/www.em.com.br\/emfoco\/2025\/12\/23\/cultivar-lavanda-em-casa-traz-calma-e-aroma-ao-ambiente-veja-como-comecar\/","title":{"rendered":"Cultivar lavanda em casa traz calma e aroma ao ambiente; veja como come\u00e7ar"},"content":{"rendered":"\n<p>A <strong>lavanda <\/strong>se tornou uma queridinha dos jardins urbanos e das varandas modernas, unindo beleza, perfume marcante e um ar de tranquilidade que combina com rotinas cheias. F\u00e1cil de cuidar, vers\u00e1til e cheia de usos no dia a dia, ela entra na decora\u00e7\u00e3o, em rituais de bem-estar e at\u00e9 em pequenas receitas caseiras, ocupando pouco espa\u00e7o e entregando muito em retorno sensorial.<\/p>\n\n\n\n<h2 class=\"wp-block-heading\">Quais s\u00e3o os principais benef\u00edcios arom\u00e1ticos e relaxantes da lavanda<\/h2>\n\n\n\n<p>A <a href=\"https:\/\/www.em.com.br\/emfoco\/2025\/12\/15\/como-ter-lavanda-em-casa-e-usar-as-flores-para-relaxar-com-seguranca\/\" target=\"_blank\" rel=\"noreferrer noopener\">lavanda <\/a>\u00e9 amplamente associada ao al\u00edvio do estresse e \u00e0 melhora do sono, gra\u00e7as aos compostos arom\u00e1ticos presentes em flores e folhas. Quando difundido no ambiente, seu perfume cria uma sensa\u00e7\u00e3o de calma, sendo comum o uso em sach\u00eas, travesseiros, gavetas e sprays arom\u00e1ticos.<\/p>\n\n\n\n<p>Na aromaterapia, a lavanda entra em rotinas de relaxamento, medita\u00e7\u00e3o e prepara\u00e7\u00e3o para dormir, em banhos, difusores ou \u00f3leos essenciais. Al\u00e9m de neutralizar odores, sua presen\u00e7a em jardins atrai abelhas e borboletas, contribuindo para um ecossistema mais equilibrado e vibrante.<\/p>\n\n\n\n<figure class=\"wp-block-image\"><img decoding=\"async\" src=\"https:\/\/www.em.com.br\/emfoco\/wp-content\/uploads\/2025\/09\/saquinho-de-lavanda_1757260675458-1024x576.jpg\" alt=\"\"\/><figcaption class=\"wp-element-caption\">Use saquinho de lavanda pela casa &#8211; Cr\u00e9ditos: depositphotos.com \/ Kotkoa<\/figcaption><\/figure>\n\n\n\n<h2 class=\"wp-block-heading\">Como multiplicar e cultivar lavanda em casa de forma simples<\/h2>\n\n\n\n<p>Entre as formas de cultivo, a multiplica\u00e7\u00e3o da lavanda por estacas \u00e9 uma t\u00e9cnica pr\u00e1tica para ampliar o n\u00famero de mudas em pouco espa\u00e7o. Em vez de depender apenas de sementes, voc\u00ea aproveita ramos jovens da planta-m\u00e3e para gerar novos exemplares com caracter\u00edsticas semelhantes.<\/p>\n\n\n\n<p>Esse m\u00e9todo, comum em produ\u00e7\u00f5es comerciais, funciona muito bem em casa e segue alguns passos b\u00e1sicos essenciais para garantir o enraizamento saud\u00e1vel das mudas:<\/p>\n\n\n\n<ul class=\"wp-block-list\">\n<li>Escolher ramos jovens, saud\u00e1veis e sem sinais de pragas.<\/li>\n\n\n\n<li>Cortar peda\u00e7os com cerca de 5 a 7 cent\u00edmetros de comprimento.<\/li>\n\n\n\n<li>Remover as folhas da parte inferior, deixando apenas algumas na ponta.<\/li>\n\n\n\n<li>Opcionalmente, usar gel de aloe vera, canela em p\u00f3 ou horm\u00f4nio enraizador na base.<\/li>\n\n\n\n<li>Inserir as estacas em substrato leve, \u00famido e bem drenado, mantendo umidade controlada.<\/li>\n<\/ul>\n\n\n\n<h2 class=\"wp-block-heading\">Qual \u00e9 a melhor \u00e9poca e quais cuidados di\u00e1rios a lavanda exige<\/h2>\n\n\n\n<p>A primavera e o in\u00edcio do ver\u00e3o s\u00e3o as \u00e9pocas mais indicadas para retirar estacas e fazer a semeadura, aproveitando o crescimento ativo e a boa luminosidade. Nesse per\u00edodo, a planta responde melhor aos cortes, brota com mais vigor e forma ra\u00edzes com maior rapidez.<\/p>\n\n\n\n<p>No dia a dia, \u00e9 importante garantir sol direto por pelo menos seis horas, regar apenas quando o solo estiver seco ao toque e usar substrato bem drenado, com mistura arenosa e levemente calc\u00e1ria. Ap\u00f3s a flora\u00e7\u00e3o, podas leves retirando flores secas e partes lenhosas mant\u00eam o arbusto compacto e estimulam novos brotos.<\/p>\n\n\n\n<figure class=\"wp-block-image\"><img decoding=\"async\" src=\"https:\/\/www.em.com.br\/emfoco\/wp-content\/uploads\/2025\/06\/lavanda-flor_1749309287738-1024x576.jpg\" alt=\"\"\/><figcaption class=\"wp-element-caption\">Lavanda flor &#8211; Cr\u00e9ditos: depositphotos.com \/ Subbotina<\/figcaption><\/figure>\n\n\n\n<h2 class=\"wp-block-heading\">Como usar lavanda em varandas e ambientes externos para decorar e relaxar<\/h2>\n\n\n\n<p>Em varandas, sacadas e pequenos terra\u00e7os, a lavanda funciona como ponto de cor e perfume, especialmente quando combinada com outras <a href=\"https:\/\/www.embrapa.br\/busca-de-publicacoes\/-\/publicacao\/1071931\/cultivo-de-plantas-aromaticas\" target=\"_blank\" rel=\"noreferrer noopener\">plantas arom\u00e1ticas<\/a>, como alecrim e hortel\u00e3. Conjuntos de vasos e jardineiras criam composi\u00e7\u00f5es modernas que harmonizam bem com m\u00f3veis de madeira, ferro ou fibras naturais.<\/p>\n\n\n\n<p>Posicionar a lavanda perto de cadeiras de descanso, redes ou cantos de leitura ajuda a criar um ref\u00fagio sensorial com pouco esfor\u00e7o de manuten\u00e7\u00e3o. Mesmo um \u00fanico vaso j\u00e1 marca presen\u00e7a em janelas pequenas, oferecendo flores, folhas arom\u00e1ticas e ramos que podem ser usados em sach\u00eas, infus\u00f5es suaves e arranjos decorativos.<\/p>\n\n\n\n<h2 class=\"wp-block-heading\">Por que come\u00e7ar agora a cultivar lavanda em casa<\/h2>\n\n\n\n<p>Cultivar lavanda \u00e9 uma forma simples e acess\u00edvel de trazer mais calma, beleza e aroma para a rotina, mesmo em espa\u00e7os reduzidos. Com luz adequada, rega controlada e podas suaves, a planta permanece produtiva por v\u00e1rios ciclos, tornando-se parte viva do seu dia a dia.<\/p>\n\n\n\n<p>Se voc\u00ea quer transformar sua varanda ou janela em um canto de bem-estar, comece hoje com um vaso de lavanda e algumas estacas. N\u00e3o espere a \u201c\u00e9poca perfeita\u201d: d\u00ea o primeiro passo agora e sinta, em poucas semanas, a diferen\u00e7a que uma planta arom\u00e1tica pode fazer no seu humor, no seu sono e no clima da sua casa.<\/p>\n","protected":false},"excerpt":{"rendered":"<p>A lavanda se tornou uma queridinha dos jardins urbanos e das varandas modernas, unindo beleza, perfume marcante e um ar de tranquilidade que combina com rotinas cheias. F\u00e1cil de cuidar, vers\u00e1til e cheia de usos no dia a dia, ela entra na decora\u00e7\u00e3o, em rituais de bem-estar e at\u00e9 em pequenas receitas caseiras, ocupando pouco [&hellip;]<\/p>\n","protected":false},"author":11,"featured_media":60252,"comment_status":"open","ping_status":"open","sticky":false,"template":"","format":"standard","meta":{"jnews-multi-image_gallery":[],"jnews_single_post":{"format":"standard"},"jnews_primary_category":[],"jnews_social_meta":[],"jnews_override_counter":[],"footnotes":""},"categories":[8819,1],"tags":[],"class_list":["post-144151","post","type-post","status-publish","format-standard","has-post-thumbnail","hentry","category-curiosidades","category-noticias"],"yoast_head":"<!-- This site is optimized with the Yoast SEO plugin v23.8 - https:\/\/yoast.com\/wordpress\/plugins\/seo\/ -->\n<title>Cultivar lavanda em casa traz calma e aroma ao ambiente; veja como come\u00e7ar - Estado de Minas - Em foco<\/title>\n<meta name=\"description\" content=\"A lavanda une perfume, beleza e relaxamento, sendo perfeita para varandas e jardins pequenos. Veja como cultivar e usar.\" \/>\n<meta name=\"robots\" content=\"index, follow, max-snippet:-1, max-image-preview:large, max-video-preview:-1\" \/>\n<link rel=\"canonical\" href=\"https:\/\/www.em.com.br\/emfoco\/2025\/12\/23\/cultivar-lavanda-em-casa-traz-calma-e-aroma-ao-ambiente-veja-como-comecar\/\" \/>\n<meta property=\"og:locale\" content=\"pt_BR\" \/>\n<meta property=\"og:type\" content=\"article\" \/>\n<meta property=\"og:title\" content=\"Cultivar lavanda em casa traz calma e aroma ao ambiente; veja como come\u00e7ar - Estado de Minas - Em foco\" \/>\n<meta property=\"og:description\" content=\"A lavanda une perfume, beleza e relaxamento, sendo perfeita para varandas e jardins pequenos. Veja como cultivar e usar.\" \/>\n<meta property=\"og:url\" content=\"https:\/\/www.em.com.br\/emfoco\/2025\/12\/23\/cultivar-lavanda-em-casa-traz-calma-e-aroma-ao-ambiente-veja-como-comecar\/\" \/>\n<meta property=\"og:site_name\" content=\"Estado de Minas - Em foco\" \/>\n<meta property=\"article:published_time\" content=\"2025-12-23T22:25:00+00:00\" \/>\n<meta property=\"article:modified_time\" content=\"2025-12-22T23:04:33+00:00\" \/>\n<meta property=\"og:image\" content=\"https:\/\/www.em.com.br\/emfoco\/wp-content\/uploads\/2025\/06\/hortensias_1749851225611.jpg\" \/>\n\t<meta property=\"og:image:width\" content=\"1280\" \/>\n\t<meta property=\"og:image:height\" content=\"720\" \/>\n\t<meta property=\"og:image:type\" content=\"image\/jpeg\" \/>\n<meta name=\"author\" content=\"Andre\u0301 Rangel\u00a0\" \/>\n<meta name=\"twitter:card\" content=\"summary_large_image\" \/>\n<meta name=\"twitter:label1\" content=\"Escrito por\" \/>\n\t<meta name=\"twitter:data1\" content=\"Andre\u0301 Rangel\u00a0\" \/>\n\t<meta name=\"twitter:label2\" content=\"Est. tempo de leitura\" \/>\n\t<meta name=\"twitter:data2\" content=\"5 minutos\" \/>\n<!-- \/ Yoast SEO plugin. -->","yoast_head_json":{"title":"Cultivar lavanda em casa traz calma e aroma ao ambiente; veja como come\u00e7ar - Estado de Minas - Em foco","description":"A lavanda une perfume, beleza e relaxamento, sendo perfeita para varandas e jardins pequenos. Veja como cultivar e usar.","robots":{"index":"index","follow":"follow","max-snippet":"max-snippet:-1","max-image-preview":"max-image-preview:large","max-video-preview":"max-video-preview:-1"},"canonical":"https:\/\/www.em.com.br\/emfoco\/2025\/12\/23\/cultivar-lavanda-em-casa-traz-calma-e-aroma-ao-ambiente-veja-como-comecar\/","og_locale":"pt_BR","og_type":"article","og_title":"Cultivar lavanda em casa traz calma e aroma ao ambiente; veja como come\u00e7ar - Estado de Minas - Em foco","og_description":"A lavanda une perfume, beleza e relaxamento, sendo perfeita para varandas e jardins pequenos. Veja como cultivar e usar.","og_url":"https:\/\/www.em.com.br\/emfoco\/2025\/12\/23\/cultivar-lavanda-em-casa-traz-calma-e-aroma-ao-ambiente-veja-como-comecar\/","og_site_name":"Estado de Minas - Em foco","article_published_time":"2025-12-23T22:25:00+00:00","article_modified_time":"2025-12-22T23:04:33+00:00","og_image":[{"width":1280,"height":720,"url":"https:\/\/www.em.com.br\/emfoco\/wp-content\/uploads\/2025\/06\/hortensias_1749851225611.jpg","type":"image\/jpeg"}],"author":"Andre\u0301 Rangel\u00a0","twitter_card":"summary_large_image","twitter_misc":{"Escrito por":"Andre\u0301 Rangel\u00a0","Est. tempo de leitura":"5 minutos"},"schema":{"@context":"https:\/\/schema.org","@graph":[{"@type":"WebPage","@id":"https:\/\/www.em.com.br\/emfoco\/2025\/12\/23\/cultivar-lavanda-em-casa-traz-calma-e-aroma-ao-ambiente-veja-como-comecar\/","url":"https:\/\/www.em.com.br\/emfoco\/2025\/12\/23\/cultivar-lavanda-em-casa-traz-calma-e-aroma-ao-ambiente-veja-como-comecar\/","name":"Cultivar lavanda em casa traz calma e aroma ao ambiente; veja como come\u00e7ar - Estado de Minas - Em foco","isPartOf":{"@id":"https:\/\/www.em.com.br\/emfoco\/#website"},"primaryImageOfPage":{"@id":"https:\/\/www.em.com.br\/emfoco\/2025\/12\/23\/cultivar-lavanda-em-casa-traz-calma-e-aroma-ao-ambiente-veja-como-comecar\/#primaryimage"},"image":{"@id":"https:\/\/www.em.com.br\/emfoco\/2025\/12\/23\/cultivar-lavanda-em-casa-traz-calma-e-aroma-ao-ambiente-veja-como-comecar\/#primaryimage"},"thumbnailUrl":"https:\/\/www.em.com.br\/emfoco\/wp-content\/uploads\/2025\/06\/hortensias_1749851225611.jpg","datePublished":"2025-12-23T22:25:00+00:00","dateModified":"2025-12-22T23:04:33+00:00","author":{"@id":"https:\/\/www.em.com.br\/emfoco\/#\/schema\/person\/60eda09c1fedf0d6891f4cef4b60b8b8"},"description":"A lavanda une perfume, beleza e relaxamento, sendo perfeita para varandas e jardins pequenos. Veja como cultivar e usar.","breadcrumb":{"@id":"https:\/\/www.em.com.br\/emfoco\/2025\/12\/23\/cultivar-lavanda-em-casa-traz-calma-e-aroma-ao-ambiente-veja-como-comecar\/#breadcrumb"},"inLanguage":"pt-BR","potentialAction":[{"@type":"ReadAction","target":["https:\/\/www.em.com.br\/emfoco\/2025\/12\/23\/cultivar-lavanda-em-casa-traz-calma-e-aroma-ao-ambiente-veja-como-comecar\/"]}]},{"@type":"ImageObject","inLanguage":"pt-BR","@id":"https:\/\/www.em.com.br\/emfoco\/2025\/12\/23\/cultivar-lavanda-em-casa-traz-calma-e-aroma-ao-ambiente-veja-como-comecar\/#primaryimage","url":"https:\/\/www.em.com.br\/emfoco\/wp-content\/uploads\/2025\/06\/hortensias_1749851225611.jpg","contentUrl":"https:\/\/www.em.com.br\/emfoco\/wp-content\/uploads\/2025\/06\/hortensias_1749851225611.jpg","width":1280,"height":720,"caption":"Varandas com plantas viram aliadas contra mosquitos - Cr\u00e9ditos: depositphotos.com \/ IgorVetushko"},{"@type":"BreadcrumbList","@id":"https:\/\/www.em.com.br\/emfoco\/2025\/12\/23\/cultivar-lavanda-em-casa-traz-calma-e-aroma-ao-ambiente-veja-como-comecar\/#breadcrumb","itemListElement":[{"@type":"ListItem","position":1,"name":"In\u00edcio","item":"https:\/\/www.em.com.br\/emfoco\/"},{"@type":"ListItem","position":2,"name":"Cultivar lavanda em casa traz calma e aroma ao ambiente; veja como come\u00e7ar"}]},{"@type":"WebSite","@id":"https:\/\/www.em.com.br\/emfoco\/#website","url":"https:\/\/www.em.com.br\/emfoco\/","name":"Estado de Minas - Em foco","description":"Acompanhe as \u00faltimas not\u00edcias e fique bem informado sobre tudo o que acontece em Minas Gerais, Brasil e no mundo.","potentialAction":[{"@type":"SearchAction","target":{"@type":"EntryPoint","urlTemplate":"https:\/\/www.em.com.br\/emfoco\/?s={search_term_string}"},"query-input":{"@type":"PropertyValueSpecification","valueRequired":true,"valueName":"search_term_string"}}],"inLanguage":"pt-BR"},{"@type":"Person","@id":"https:\/\/www.em.com.br\/emfoco\/#\/schema\/person\/60eda09c1fedf0d6891f4cef4b60b8b8","name":"Andre\u0301 Rangel\u00a0","image":{"@type":"ImageObject","inLanguage":"pt-BR","@id":"https:\/\/www.em.com.br\/emfoco\/#\/schema\/person\/image\/","url":"https:\/\/secure.gravatar.com\/avatar\/6234dc814c77c8ef6d8bba622c787efc?s=96&d=mm&r=g","contentUrl":"https:\/\/secure.gravatar.com\/avatar\/6234dc814c77c8ef6d8bba622c787efc?s=96&d=mm&r=g","caption":"Andre\u0301 Rangel\u00a0"},"url":"https:\/\/www.em.com.br\/emfoco\/author\/luizmyth\/"}]}},"_links":{"self":[{"href":"https:\/\/www.em.com.br\/emfoco\/wp-json\/wp\/v2\/posts\/144151","targetHints":{"allow":["GET"]}}],"collection":[{"href":"https:\/\/www.em.com.br\/emfoco\/wp-json\/wp\/v2\/posts"}],"about":[{"href":"https:\/\/www.em.com.br\/emfoco\/wp-json\/wp\/v2\/types\/post"}],"author":[{"embeddable":true,"href":"https:\/\/www.em.com.br\/emfoco\/wp-json\/wp\/v2\/users\/11"}],"replies":[{"embeddable":true,"href":"https:\/\/www.em.com.br\/emfoco\/wp-json\/wp\/v2\/comments?post=144151"}],"version-history":[{"count":3,"href":"https:\/\/www.em.com.br\/emfoco\/wp-json\/wp\/v2\/posts\/144151\/revisions"}],"predecessor-version":[{"id":144680,"href":"https:\/\/www.em.com.br\/emfoco\/wp-json\/wp\/v2\/posts\/144151\/revisions\/144680"}],"wp:featuredmedia":[{"embeddable":true,"href":"https:\/\/www.em.com.br\/emfoco\/wp-json\/wp\/v2\/media\/60252"}],"wp:attachment":[{"href":"https:\/\/www.em.com.br\/emfoco\/wp-json\/wp\/v2\/media?parent=144151"}],"wp:term":[{"taxonomy":"category","embeddable":true,"href":"https:\/\/www.em.com.br\/emfoco\/wp-json\/wp\/v2\/categories?post=144151"},{"taxonomy":"post_tag","embeddable":true,"href":"https:\/\/www.em.com.br\/emfoco\/wp-json\/wp\/v2\/tags?post=144151"}],"curies":[{"name":"wp","href":"https:\/\/api.w.org\/{rel}","templated":true}]}}