{"id":144045,"date":"2025-12-23T11:45:00","date_gmt":"2025-12-23T14:45:00","guid":{"rendered":"https:\/\/www.em.com.br\/emfoco\/?p=144045"},"modified":"2025-12-21T13:21:14","modified_gmt":"2025-12-21T16:21:14","slug":"veja-como-amolar-seu-alicate-de-unha-em-casa-e-sem-gastar-nada","status":"publish","type":"post","link":"https:\/\/www.em.com.br\/emfoco\/2025\/12\/23\/veja-como-amolar-seu-alicate-de-unha-em-casa-e-sem-gastar-nada\/","title":{"rendered":"Veja como amolar seu alicate de unha em casa e sem gastar nada"},"content":{"rendered":"\n<p>A manuten\u00e7\u00e3o correta de um alicate de unha faz diferen\u00e7a direta na rotina de cuidados pessoais. Quando o instrumento perde o corte, tende a repuxar a pele e dificultar procedimentos simples, como remover cut\u00edculas. Por isso, muitas pessoas buscam formas de <strong>como afiar alicate de unha em casa<\/strong>, sem depender sempre de servi\u00e7os especializados ou de equipamentos caros, prolongando a vida \u00fatil do acess\u00f3rio.<\/p>\n\n\n\n<h2 class=\"wp-block-heading\">Como identificar se o alicate de unha precisa ser afiado<\/h2>\n\n\n\n<p>Para visualizar o posicionamento correto da lixa, o \u00e2ngulo da l\u00e2mina e os movimentos indicados durante a afia\u00e7\u00e3o, vale conferir o passo a passo demonstrado no v\u00eddeo do <strong>@<a href=\"https:\/\/www.youtube.com\/c\/cmfa%C3%A7asemsegredo\" target=\"_blank\" rel=\"noreferrer noopener\">cm fa\u00e7a sem segredo<\/a> no YouTube<\/strong>, que explica o processo de forma simples e acess\u00edvel.<\/p>\n\n\n\n<iframe loading=\"lazy\" width=\"853\" height=\"480\" src=\"https:\/\/www.youtube.com\/embed\/JoFcISaDJ-8\" title=\"\ud83d\udd25Como Amolar ALICATE de UNHA Em Casa Sem Gastar 1 Real \" frameborder=\"0\" allow=\"accelerometer; autoplay; clipboard-write; encrypted-media; gyroscope; picture-in-picture; web-share\" referrerpolicy=\"strict-origin-when-cross-origin\" allowfullscreen><\/iframe>\n\n\n\n<p>Antes de pensar em afia\u00e7\u00e3o, \u00e9 importante confirmar se o alicate realmente est\u00e1 cego. Quando o corte est\u00e1 em dia, o instrumento desliza facilmente pela cut\u00edcula ou pela pele fina, sem exigir for\u00e7a extra nas m\u00e3os e sem \u201cmastigar\u201d o tecido, evitando inc\u00f4modos e machucados.<\/p>\n\n\n\n<p>Um teste simples \u00e9 tentar cortar uma tira de papel e observar o comportamento da l\u00e2mina. Se o alicate apenas marcar, rasgar ao puxar ou n\u00e3o conseguir atravessar o papel de forma cont\u00ednua, isso indica perda de fio e maior esfor\u00e7o para cortar, tornando a afia\u00e7\u00e3o caseira uma alternativa \u00fatil.<\/p>\n\n\n\n<h2 class=\"wp-block-heading\">Como afiar alicate de unha com lixa comum em casa<\/h2>\n\n\n\n<p>O m\u00e9todo com lixa de unha \u00e9 baseado em recuperar o fio original, sem alterar o \u00e2ngulo da l\u00e2mina. O alicate sai de f\u00e1brica com a inclina\u00e7\u00e3o correta, por isso a lixa deve apenas acompanhar essa \u201crampa\u201d interna e externa, evitando criar um novo formato e reduzindo o risco de danificar o instrumento.<\/p>\n\n\n\n<p>De forma geral, o processo de afiar alicate de unha em casa segue duas frentes: o lado interno e o lado externo das l\u00e2minas. Para facilitar a compreens\u00e3o, o procedimento pode ser organizado em etapas pr\u00e1ticas e repetidas com cuidado:<\/p>\n\n\n\n<ol class=\"wp-block-list\">\n<li><strong>Escolher a lixa:<\/strong> preferir uma lixa de unha comum, de prefer\u00eancia com um lado mais fino, que oferece desgaste controlado.<\/li>\n\n\n\n<li><strong>Limpar o alicate:<\/strong> remover res\u00edduos de pele, poeira ou \u00f3leo, deixando a \u00e1rea de corte livre para o trabalho.<\/li>\n\n\n\n<li><strong>Trabalhar o lado interno:<\/strong> com o alicate aberto, posicionar a lixa na diagonal, encostando na rampa interna da l\u00e2mina.<\/li>\n\n\n\n<li><strong>Fazer movimentos suaves:<\/strong> deslizar a lixa em um \u00fanico sentido, sem pressionar demais, alternando entre os dois lados internos.<\/li>\n\n\n\n<li><strong>Ajustar o lado externo:<\/strong> com o alicate fechado, passar a lixa na parte de fora das l\u00e2minas, respeitando o mesmo \u00e2ngulo.<\/li>\n\n\n\n<li><strong>Testar o corte:<\/strong> repetir o teste no papel e observar se o corte ficou limpo e cont\u00ednuo.<\/li>\n<\/ol>\n\n\n\n<p>Leia mais: <a href=\"https:\/\/www.em.com.br\/emfoco\/2025\/12\/20\/conquiste-unhas-grandes-em-apenas-3-dias-com-essa-receita-de-dois-ingredientes\/\" target=\"_blank\" rel=\"noreferrer noopener\">Conquiste unhas grandes em apenas 3 dias com essa receita de dois ingredientes<\/a><\/p>\n\n\n\n<h2 class=\"wp-block-heading\">Quais cuidados s\u00e3o importantes ao afiar alicate de unha em casa<\/h2>\n\n\n<div class=\"wp-block-image\">\n<figure class=\"aligncenter size-large\"><img loading=\"lazy\" decoding=\"async\" width=\"1024\" height=\"576\" src=\"https:\/\/www.em.com.br\/emfoco\/wp-content\/uploads\/2025\/12\/imagem_2025-11-29_102820494-e1766333860508-1024x576.png\" alt=\"\" class=\"wp-image-144059\" srcset=\"https:\/\/www.em.com.br\/emfoco\/wp-content\/uploads\/2025\/12\/imagem_2025-11-29_102820494-e1766333860508-1024x576.png 1024w, https:\/\/www.em.com.br\/emfoco\/wp-content\/uploads\/2025\/12\/imagem_2025-11-29_102820494-e1766333860508-300x169.png 300w, https:\/\/www.em.com.br\/emfoco\/wp-content\/uploads\/2025\/12\/imagem_2025-11-29_102820494-e1766333860508-768x432.png 768w, https:\/\/www.em.com.br\/emfoco\/wp-content\/uploads\/2025\/12\/imagem_2025-11-29_102820494-e1766333860508-750x422.png 750w, https:\/\/www.em.com.br\/emfoco\/wp-content\/uploads\/2025\/12\/imagem_2025-11-29_102820494-e1766333860508-1140x641.png 1140w, https:\/\/www.em.com.br\/emfoco\/wp-content\/uploads\/2025\/12\/imagem_2025-11-29_102820494-e1766333860508.png 1280w\" sizes=\"auto, (max-width: 1024px) 100vw, 1024px\" \/><figcaption class=\"wp-element-caption\">Como afiar alicate de unha com lixa em casa<\/figcaption><\/figure><\/div>\n\n\n<p>Mesmo sendo um m\u00e9todo simples, a afia\u00e7\u00e3o com lixa exige aten\u00e7\u00e3o a alguns cuidados b\u00e1sicos. A for\u00e7a excessiva deve ser evitada, pois pode modificar o \u00e2ngulo da l\u00e2mina, criar irregularidades no fio ou at\u00e9 entortar a ponta, comprometendo o desempenho e a seguran\u00e7a do corte.<\/p>\n\n\n\n<p>Outro ponto importante \u00e9 manter o alicate bem alinhado ap\u00f3s a afia\u00e7\u00e3o. Se as l\u00e2minas n\u00e3o se encontrarem de forma uniforme ao fechar, pode surgir um pequeno \u201cgancho\u201d de metal. O trabalho no lado externo, com o alicate fechado, ajuda a retirar esse excesso e garantir que as superf\u00edcies se encontrem corretamente.<\/p>\n\n\n\n<p>Para tornar o processo mais seguro e eficiente, vale observar alguns cuidados pr\u00e1ticos durante a afia\u00e7\u00e3o e no acabamento final:<\/p>\n\n\n\n<ul class=\"wp-block-list\">\n<li><strong>Ambiente iluminado:<\/strong> facilita enxergar a rampa da l\u00e2mina e evitar erros de posicionamento.<\/li>\n\n\n\n<li><strong>Cuidado com os dedos:<\/strong> manter as m\u00e3os afastadas da regi\u00e3o de corte durante a passagem da lixa.<\/li>\n\n\n\n<li><strong>Frequ\u00eancia moderada:<\/strong> afiar apenas quando o alicate realmente estiver cego, para n\u00e3o desgastar o metal al\u00e9m do necess\u00e1rio.<\/li>\n\n\n\n<li><strong>Higieniza\u00e7\u00e3o final:<\/strong> ap\u00f3s o processo, limpar o alicate para remover p\u00f3 met\u00e1lico e, se poss\u00edvel, aplicar uma pequena quantidade de \u00f3leo na articula\u00e7\u00e3o.<\/li>\n<\/ul>\n\n\n\n<p>Leia mais: <a href=\"https:\/\/www.em.com.br\/emfoco\/2025\/12\/21\/unhas-de-ano-novo-2026-apostam-no-cloud-dancer-com-estilo-leve-e-luminoso\/\" target=\"_blank\" rel=\"noreferrer noopener\">Unhas de Ano Novo 2026 apostam no Cloud Dancer com estilo leve e luminoso<\/a><\/p>\n\n\n\n<h2 class=\"wp-block-heading\">Vale a pena manter a afia\u00e7\u00e3o caseira do alicate de unha<\/h2>\n\n\n\n<p>Para quem utiliza o alicate com frequ\u00eancia, especialmente em servi\u00e7os de manicure dom\u00e9stica, a t\u00e9cnica caseira pode representar uma boa economia. A possibilidade de afiar o alicate de unha em casa reduz a necessidade de servi\u00e7os pagos recorrentes e permite ajustes r\u00e1pidos sempre que o corte come\u00e7ar a falhar.<\/p>\n\n\n\n<p>Por outro lado, \u00e9 importante reconhecer os limites do m\u00e9todo dom\u00e9stico. Em casos de pontas quebradas, ferrugem intensa ou desalinhamento vis\u00edvel, a lixa comum pode n\u00e3o ser suficiente, sendo mais indicado buscar servi\u00e7os profissionais ou substituir o instrumento para manter a seguran\u00e7a e a qualidade do corte.<\/p>\n","protected":false},"excerpt":{"rendered":"<p>A manuten\u00e7\u00e3o correta de um alicate de unha faz diferen\u00e7a direta na rotina de cuidados pessoais. Quando o instrumento perde o corte, tende a repuxar a pele e dificultar procedimentos simples, como remover cut\u00edculas. Por isso, muitas pessoas buscam formas de como afiar alicate de unha em casa, sem depender sempre de servi\u00e7os especializados ou [&hellip;]<\/p>\n","protected":false},"author":20,"featured_media":144060,"comment_status":"open","ping_status":"open","sticky":false,"template":"","format":"standard","meta":{"jnews-multi-image_gallery":[],"jnews_single_post":{"format":"standard"},"jnews_primary_category":[],"jnews_social_meta":[],"jnews_override_counter":[],"footnotes":""},"categories":[8819,1],"tags":[21117,21116,2017],"class_list":["post-144045","post","type-post","status-publish","format-standard","has-post-thumbnail","hentry","category-curiosidades","category-noticias","tag-afiar-alicate","tag-alicate","tag-dicas"],"yoast_head":"<!-- This site is optimized with the Yoast SEO plugin v23.8 - https:\/\/yoast.com\/wordpress\/plugins\/seo\/ -->\n<title>Veja como amolar seu alicate de unha em casa e sem gastar nada - Estado de Minas - Em foco<\/title>\n<meta name=\"description\" content=\"Aprenda como afiar alicate de unha em casa com lixa comum, identificar quando precisa de afia\u00e7\u00e3o, cuidados importantes e limites do m\u00e9todo caseiro.\" \/>\n<meta name=\"robots\" content=\"index, follow, max-snippet:-1, max-image-preview:large, max-video-preview:-1\" \/>\n<link rel=\"canonical\" href=\"https:\/\/www.em.com.br\/emfoco\/2025\/12\/23\/veja-como-amolar-seu-alicate-de-unha-em-casa-e-sem-gastar-nada\/\" \/>\n<meta property=\"og:locale\" content=\"pt_BR\" \/>\n<meta property=\"og:type\" content=\"article\" \/>\n<meta property=\"og:title\" content=\"Veja como amolar seu alicate de unha em casa e sem gastar nada - Estado de Minas - Em foco\" \/>\n<meta property=\"og:description\" content=\"Aprenda como afiar alicate de unha em casa com lixa comum, identificar quando precisa de afia\u00e7\u00e3o, cuidados importantes e limites do m\u00e9todo caseiro.\" \/>\n<meta property=\"og:url\" content=\"https:\/\/www.em.com.br\/emfoco\/2025\/12\/23\/veja-como-amolar-seu-alicate-de-unha-em-casa-e-sem-gastar-nada\/\" \/>\n<meta property=\"og:site_name\" content=\"Estado de Minas - Em foco\" \/>\n<meta property=\"article:published_time\" content=\"2025-12-23T14:45:00+00:00\" \/>\n<meta property=\"article:modified_time\" content=\"2025-12-21T16:21:14+00:00\" \/>\n<meta property=\"og:image\" content=\"https:\/\/www.em.com.br\/emfoco\/wp-content\/uploads\/2025\/12\/nail-clipper_1764422835226.jpg\" \/>\n\t<meta property=\"og:image:width\" content=\"1280\" \/>\n\t<meta property=\"og:image:height\" content=\"720\" \/>\n\t<meta property=\"og:image:type\" content=\"image\/jpeg\" \/>\n<meta name=\"author\" content=\"Ingrid Diniz\" \/>\n<meta name=\"twitter:card\" content=\"summary_large_image\" \/>\n<meta name=\"twitter:label1\" content=\"Escrito por\" \/>\n\t<meta name=\"twitter:data1\" content=\"Ingrid Diniz\" \/>\n\t<meta name=\"twitter:label2\" content=\"Est. tempo de leitura\" \/>\n\t<meta name=\"twitter:data2\" content=\"5 minutos\" \/>\n<!-- \/ Yoast SEO plugin. -->","yoast_head_json":{"title":"Veja como amolar seu alicate de unha em casa e sem gastar nada - Estado de Minas - Em foco","description":"Aprenda como afiar alicate de unha em casa com lixa comum, identificar quando precisa de afia\u00e7\u00e3o, cuidados importantes e limites do m\u00e9todo caseiro.","robots":{"index":"index","follow":"follow","max-snippet":"max-snippet:-1","max-image-preview":"max-image-preview:large","max-video-preview":"max-video-preview:-1"},"canonical":"https:\/\/www.em.com.br\/emfoco\/2025\/12\/23\/veja-como-amolar-seu-alicate-de-unha-em-casa-e-sem-gastar-nada\/","og_locale":"pt_BR","og_type":"article","og_title":"Veja como amolar seu alicate de unha em casa e sem gastar nada - Estado de Minas - Em foco","og_description":"Aprenda como afiar alicate de unha em casa com lixa comum, identificar quando precisa de afia\u00e7\u00e3o, cuidados importantes e limites do m\u00e9todo caseiro.","og_url":"https:\/\/www.em.com.br\/emfoco\/2025\/12\/23\/veja-como-amolar-seu-alicate-de-unha-em-casa-e-sem-gastar-nada\/","og_site_name":"Estado de Minas - Em foco","article_published_time":"2025-12-23T14:45:00+00:00","article_modified_time":"2025-12-21T16:21:14+00:00","og_image":[{"width":1280,"height":720,"url":"https:\/\/www.em.com.br\/emfoco\/wp-content\/uploads\/2025\/12\/nail-clipper_1764422835226.jpg","type":"image\/jpeg"}],"author":"Ingrid Diniz","twitter_card":"summary_large_image","twitter_misc":{"Escrito por":"Ingrid Diniz","Est. tempo de leitura":"5 minutos"},"schema":{"@context":"https:\/\/schema.org","@graph":[{"@type":"WebPage","@id":"https:\/\/www.em.com.br\/emfoco\/2025\/12\/23\/veja-como-amolar-seu-alicate-de-unha-em-casa-e-sem-gastar-nada\/","url":"https:\/\/www.em.com.br\/emfoco\/2025\/12\/23\/veja-como-amolar-seu-alicate-de-unha-em-casa-e-sem-gastar-nada\/","name":"Veja como amolar seu alicate de unha em casa e sem gastar nada - Estado de Minas - Em foco","isPartOf":{"@id":"https:\/\/www.em.com.br\/emfoco\/#website"},"primaryImageOfPage":{"@id":"https:\/\/www.em.com.br\/emfoco\/2025\/12\/23\/veja-como-amolar-seu-alicate-de-unha-em-casa-e-sem-gastar-nada\/#primaryimage"},"image":{"@id":"https:\/\/www.em.com.br\/emfoco\/2025\/12\/23\/veja-como-amolar-seu-alicate-de-unha-em-casa-e-sem-gastar-nada\/#primaryimage"},"thumbnailUrl":"https:\/\/www.em.com.br\/emfoco\/wp-content\/uploads\/2025\/12\/nail-clipper_1764422835226.jpg","datePublished":"2025-12-23T14:45:00+00:00","dateModified":"2025-12-21T16:21:14+00:00","author":{"@id":"https:\/\/www.em.com.br\/emfoco\/#\/schema\/person\/649e610b4eb8fff87ff394e54fe17b2b"},"description":"Aprenda como afiar alicate de unha em casa com lixa comum, identificar quando precisa de afia\u00e7\u00e3o, cuidados importantes e limites do m\u00e9todo caseiro.","breadcrumb":{"@id":"https:\/\/www.em.com.br\/emfoco\/2025\/12\/23\/veja-como-amolar-seu-alicate-de-unha-em-casa-e-sem-gastar-nada\/#breadcrumb"},"inLanguage":"pt-BR","potentialAction":[{"@type":"ReadAction","target":["https:\/\/www.em.com.br\/emfoco\/2025\/12\/23\/veja-como-amolar-seu-alicate-de-unha-em-casa-e-sem-gastar-nada\/"]}]},{"@type":"ImageObject","inLanguage":"pt-BR","@id":"https:\/\/www.em.com.br\/emfoco\/2025\/12\/23\/veja-como-amolar-seu-alicate-de-unha-em-casa-e-sem-gastar-nada\/#primaryimage","url":"https:\/\/www.em.com.br\/emfoco\/wp-content\/uploads\/2025\/12\/nail-clipper_1764422835226.jpg","contentUrl":"https:\/\/www.em.com.br\/emfoco\/wp-content\/uploads\/2025\/12\/nail-clipper_1764422835226.jpg","width":1280,"height":720,"caption":"Como afiar alicate de unha com lixa em casa - Cr\u00e9ditos: depositphotos.com \/ IgorVetushko"},{"@type":"BreadcrumbList","@id":"https:\/\/www.em.com.br\/emfoco\/2025\/12\/23\/veja-como-amolar-seu-alicate-de-unha-em-casa-e-sem-gastar-nada\/#breadcrumb","itemListElement":[{"@type":"ListItem","position":1,"name":"In\u00edcio","item":"https:\/\/www.em.com.br\/emfoco\/"},{"@type":"ListItem","position":2,"name":"Veja como amolar seu alicate de unha em casa e sem gastar nada"}]},{"@type":"WebSite","@id":"https:\/\/www.em.com.br\/emfoco\/#website","url":"https:\/\/www.em.com.br\/emfoco\/","name":"Estado de Minas - Em foco","description":"Acompanhe as \u00faltimas not\u00edcias e fique bem informado sobre tudo o que acontece em Minas Gerais, Brasil e no mundo.","potentialAction":[{"@type":"SearchAction","target":{"@type":"EntryPoint","urlTemplate":"https:\/\/www.em.com.br\/emfoco\/?s={search_term_string}"},"query-input":{"@type":"PropertyValueSpecification","valueRequired":true,"valueName":"search_term_string"}}],"inLanguage":"pt-BR"},{"@type":"Person","@id":"https:\/\/www.em.com.br\/emfoco\/#\/schema\/person\/649e610b4eb8fff87ff394e54fe17b2b","name":"Ingrid Diniz","image":{"@type":"ImageObject","inLanguage":"pt-BR","@id":"https:\/\/www.em.com.br\/emfoco\/#\/schema\/person\/image\/","url":"https:\/\/secure.gravatar.com\/avatar\/a3baa1449ec5c39b4c42babc9d4f3951?s=96&d=mm&r=g","contentUrl":"https:\/\/secure.gravatar.com\/avatar\/a3baa1449ec5c39b4c42babc9d4f3951?s=96&d=mm&r=g","caption":"Ingrid Diniz"},"sameAs":["https:\/\/www.em.com.br\/"],"url":"https:\/\/www.em.com.br\/emfoco\/author\/ingridmyth\/"}]}},"_links":{"self":[{"href":"https:\/\/www.em.com.br\/emfoco\/wp-json\/wp\/v2\/posts\/144045","targetHints":{"allow":["GET"]}}],"collection":[{"href":"https:\/\/www.em.com.br\/emfoco\/wp-json\/wp\/v2\/posts"}],"about":[{"href":"https:\/\/www.em.com.br\/emfoco\/wp-json\/wp\/v2\/types\/post"}],"author":[{"embeddable":true,"href":"https:\/\/www.em.com.br\/emfoco\/wp-json\/wp\/v2\/users\/20"}],"replies":[{"embeddable":true,"href":"https:\/\/www.em.com.br\/emfoco\/wp-json\/wp\/v2\/comments?post=144045"}],"version-history":[{"count":1,"href":"https:\/\/www.em.com.br\/emfoco\/wp-json\/wp\/v2\/posts\/144045\/revisions"}],"predecessor-version":[{"id":144061,"href":"https:\/\/www.em.com.br\/emfoco\/wp-json\/wp\/v2\/posts\/144045\/revisions\/144061"}],"wp:featuredmedia":[{"embeddable":true,"href":"https:\/\/www.em.com.br\/emfoco\/wp-json\/wp\/v2\/media\/144060"}],"wp:attachment":[{"href":"https:\/\/www.em.com.br\/emfoco\/wp-json\/wp\/v2\/media?parent=144045"}],"wp:term":[{"taxonomy":"category","embeddable":true,"href":"https:\/\/www.em.com.br\/emfoco\/wp-json\/wp\/v2\/categories?post=144045"},{"taxonomy":"post_tag","embeddable":true,"href":"https:\/\/www.em.com.br\/emfoco\/wp-json\/wp\/v2\/tags?post=144045"}],"curies":[{"name":"wp","href":"https:\/\/api.w.org\/{rel}","templated":true}]}}