{"id":143567,"date":"2026-01-15T22:18:04","date_gmt":"2026-01-16T01:18:04","guid":{"rendered":"https:\/\/www.em.com.br\/emfoco\/?p=143567"},"modified":"2026-01-15T22:18:09","modified_gmt":"2026-01-16T01:18:09","slug":"grupo-de-varejo-esta-fechando-diversas-portas-a-empresa-anuncia-o-encerramento-de-mais-de-130-lojas","status":"publish","type":"post","link":"https:\/\/www.em.com.br\/emfoco\/2026\/01\/15\/grupo-de-varejo-esta-fechando-diversas-portas-a-empresa-anuncia-o-encerramento-de-mais-de-130-lojas\/","title":{"rendered":"Grupo de varejo est\u00e1 fechando diversas portas, a empresa anuncia o encerramento de mais de 130 lojas"},"content":{"rendered":"\n<p>Nos \u00faltimos anos, o <strong>grupo Inditex<\/strong> ( famoso pela marca Zara)  tem passado por uma reestrutura\u00e7\u00e3o profunda de sua presen\u00e7a f\u00edsica no varejo de moda, em um cen\u00e1rio em que o consumo digital ganha cada vez mais espa\u00e7o e a press\u00e3o por efici\u00eancia, tecnologia e conveni\u00eancia redefine o jeito de comprar roupas no mundo.<\/p>\n\n\n\n<h2 class=\"wp-block-heading\">Inditex reduz lojas f\u00edsicas e redesenha sua presen\u00e7a global<\/h2>\n\n\n\n<p>Em 2025, a companhia encerrou opera\u00e7\u00f5es de diversas unidades em diferentes pa\u00edses e redes, enquanto refor\u00e7ou investimentos em com\u00e9rcio eletr\u00f4nico e tecnologia. O movimento sinaliza uma mudan\u00e7a de prioridade, que busca unir efici\u00eancia operacional, redu\u00e7\u00e3o de custos fixos e uma experi\u00eancia de compra mais integrada.<\/p>\n\n\n\n<p>Os dados mais recentes indicam que a empresa tem focado menos na quantidade de lojas e mais na qualidade estrat\u00e9gica de cada ponto de venda. A redu\u00e7\u00e3o de unidades f\u00edsicas n\u00e3o impediu o crescimento da receita, refor\u00e7ando o papel do ambiente online como pilar central e parte de um projeto mais amplo de adapta\u00e7\u00e3o \u00e0s novas formas de consumo de moda.<\/p>\n\n\n\n<figure class=\"wp-block-image\"><img decoding=\"async\" src=\"https:\/\/www.em.com.br\/emfoco\/wp-content\/uploads\/2025\/12\/Gemini_Generated_Image_hjxa0ghjxa0ghjxa-1-1024x576.png\" alt=\"\"\/><figcaption class=\"wp-element-caption\">Rede decide fechar suas lojas<\/figcaption><\/figure>\n\n\n\n<h2 class=\"wp-block-heading\">Como o fechamento de lojas afeta a rede global da Inditex<\/h2>\n\n\n\n<p>O processo de fechamento de lojas n\u00e3o se limita a um \u00fanico pa\u00eds ou bandeira, envolvendo marcas como <strong>Zara, Oysho, Zara Home e Pull&amp;Bear<\/strong>. A revis\u00e3o cont\u00ednua prioriza pontos com melhor desempenho e potencial estrat\u00e9gico, reduzindo o total de unidades globais em alguns pontos percentuais e tornando a rede mais enxuta e produtiva.<\/p>\n\n\n\n<p>A Zara concentra boa parte dessa reorganiza\u00e7\u00e3o, embora a empresa n\u00e3o detalhe n\u00fameros por pa\u00eds, o que leva a an\u00e1lises mais focadas em tend\u00eancias globais. Em paralelo, a companhia consolida espa\u00e7os maiores em centros urbanos e shoppings de alto fluxo, com estoques amplos, servi\u00e7os adicionais e integra\u00e7\u00e3o direta com o canal digital.<\/p>\n\n\n\n<h2 class=\"wp-block-heading\">Por que a produtividade guia a transforma\u00e7\u00e3o das lojas da Inditex<\/h2>\n\n\n\n<p>A palavra-chave nessa transforma\u00e7\u00e3o \u00e9 produtividade, com foco em reposicionar marcas em locais mais atrativos e de maior retorno. Em vez de multiplicar lojas menores, o grupo aposta em pontos amplos conectados ao e-commerce, que funcionam como vitrines, hubs de retirada e centros de devolu\u00e7\u00e3o, reduzindo fric\u00e7\u00f5es na jornada do cliente.<\/p>\n\n\n\n<p>Nesse modelo, as lojas passam a cumprir fun\u00e7\u00f5es m\u00faltiplas e complementares ao digital, integrando opera\u00e7\u00f5es e servi\u00e7os para o consumidor:<\/p>\n\n\n\n<ul class=\"wp-block-list\">\n<li>Exposi\u00e7\u00e3o de cole\u00e7\u00f5es e lan\u00e7amentos com foco em experi\u00eancia;<\/li>\n\n\n\n<li>Retirada de pedidos feitos pela internet (click and collect);<\/li>\n\n\n\n<li>Trocas e devolu\u00e7\u00f5es integradas ao sistema online;<\/li>\n\n\n\n<li>Suporte log\u00edstico e agiliza\u00e7\u00e3o de entregas em regi\u00f5es espec\u00edficas.<\/li>\n<\/ul>\n\n\n\n<figure class=\"wp-block-image\"><img decoding=\"async\" src=\"https:\/\/www.em.com.br\/emfoco\/wp-content\/uploads\/2025\/09\/loja-de-roupa-fechada_1757032763018-1024x576.jpg\" alt=\"\"\/><figcaption class=\"wp-element-caption\">Rede decide fechar suas lojas &#8211; Cr\u00e9ditos: depositphotos.com \/ bodystock69@gmail.com<\/figcaption><\/figure>\n\n\n\n<h2 class=\"wp-block-heading\">Como o com\u00e9rcio eletr\u00f4nico fortalece o modelo integrado da Inditex<\/h2>\n\n\n\n<p>O crescimento do canal online \u00e9 um dos principais motores por tr\u00e1s da redu\u00e7\u00e3o de lojas f\u00edsicas e da reconfigura\u00e7\u00e3o log\u00edstica. Mesmo com menos pontos de venda, o grupo registrou alta em torno de 1,5% no primeiro trimestre de 2025, alcan\u00e7ando bilh\u00f5es de euros em vendas, sinal de que parte relevante das compras migrou para o digital sem abandonar totalmente a experi\u00eancia em loja.<\/p>\n\n\n\n<p>A estrat\u00e9gia digital envolve sites, aplicativos e integra\u00e7\u00e3o de estoques entre lojas e centros de distribui\u00e7\u00e3o, permitindo localizar pe\u00e7as em diferentes unidades, otimizar fretes e acelerar entregas. Centros como o de Malpica atendem v\u00e1rios mercados, abastecendo lojas e e-commerce e garantindo que a mercadoria circule com agilidade entre pa\u00edses, canais e marcas.<\/p>\n\n\n\n<h2 class=\"wp-block-heading\">Qual \u00e9 o futuro da experi\u00eancia do cliente nas lojas e no digital da Inditex<\/h2>\n\n\n\n<p>Com opera\u00e7\u00f5es em mais de 200 mercados, a Inditex aposta em um futuro em que moda, dados e tecnologia se combinam para oferecer servi\u00e7os personalizados, layouts otimizados e interfaces digitais mais intuitivas. A empresa amplia recursos como provadores mais funcionais, pagamentos simplificados, recomenda\u00e7\u00f5es baseadas em comportamento e informa\u00e7\u00f5es claras sobre medidas, estilos e materiais.<\/p>\n\n\n\n<p>Ao combinar uma rede f\u00edsica mais enxuta, log\u00edstica ajustada e um com\u00e9rcio eletr\u00f4nico robusto, o grupo corre para consolidar um modelo em que o cliente transita sem barreiras entre online e offline. Se voc\u00ea atua ou quer atuar no varejo de moda, este \u00e9 o momento de agir: adapte sua estrat\u00e9gia, revise sua rede e invista em integra\u00e7\u00e3o digital agora, antes que a pr\u00f3xima rodada de mudan\u00e7as deixe seu neg\u00f3cio para tr\u00e1s.<\/p>\n","protected":false},"excerpt":{"rendered":"<p>Nos \u00faltimos anos, o grupo Inditex ( famoso pela marca Zara) tem passado por uma reestrutura\u00e7\u00e3o profunda de sua presen\u00e7a f\u00edsica no varejo de moda, em um cen\u00e1rio em que o consumo digital ganha cada vez mais espa\u00e7o e a press\u00e3o por efici\u00eancia, tecnologia e conveni\u00eancia redefine o jeito de comprar roupas no mundo. Inditex [&hellip;]<\/p>\n","protected":false},"author":11,"featured_media":144016,"comment_status":"open","ping_status":"open","sticky":false,"template":"","format":"standard","meta":{"jnews-multi-image_gallery":[],"jnews_single_post":{"format":"standard"},"jnews_primary_category":[],"jnews_social_meta":[],"jnews_override_counter":[],"footnotes":""},"categories":[8819,1],"tags":[9677,9676,16237,19604,10009,4977],"class_list":["post-143567","post","type-post","status-publish","format-standard","has-post-thumbnail","hentry","category-curiosidades","category-noticias","tag-fechou","tag-loja","tag-loja-de-roupas","tag-loja-fechadas","tag-lojas","tag-moda"],"yoast_head":"<!-- This site is optimized with the Yoast SEO plugin v23.8 - https:\/\/yoast.com\/wordpress\/plugins\/seo\/ -->\n<title>Grupo de varejo est\u00e1 fechando diversas portas, a empresa anuncia o encerramento de mais de 130 lojas - Estado de Minas - Em foco<\/title>\n<meta name=\"description\" content=\"Mesmo com menos lojas, a Inditex cresce ao focar no digital e em espa\u00e7os inovadores que unem moda, lazer e tecnologia.\" \/>\n<meta name=\"robots\" content=\"index, follow, max-snippet:-1, max-image-preview:large, max-video-preview:-1\" \/>\n<link rel=\"canonical\" href=\"https:\/\/www.em.com.br\/emfoco\/2026\/01\/15\/grupo-de-varejo-esta-fechando-diversas-portas-a-empresa-anuncia-o-encerramento-de-mais-de-130-lojas\/\" \/>\n<meta property=\"og:locale\" content=\"pt_BR\" \/>\n<meta property=\"og:type\" content=\"article\" \/>\n<meta property=\"og:title\" content=\"Grupo de varejo est\u00e1 fechando diversas portas, a empresa anuncia o encerramento de mais de 130 lojas - Estado de Minas - Em foco\" \/>\n<meta property=\"og:description\" content=\"Mesmo com menos lojas, a Inditex cresce ao focar no digital e em espa\u00e7os inovadores que unem moda, lazer e tecnologia.\" \/>\n<meta property=\"og:url\" content=\"https:\/\/www.em.com.br\/emfoco\/2026\/01\/15\/grupo-de-varejo-esta-fechando-diversas-portas-a-empresa-anuncia-o-encerramento-de-mais-de-130-lojas\/\" \/>\n<meta property=\"og:site_name\" content=\"Estado de Minas - Em foco\" \/>\n<meta property=\"article:published_time\" content=\"2026-01-16T01:18:04+00:00\" \/>\n<meta property=\"article:modified_time\" content=\"2026-01-16T01:18:09+00:00\" \/>\n<meta property=\"og:image\" content=\"https:\/\/www.em.com.br\/emfoco\/wp-content\/uploads\/2025\/12\/ChatGPT-Image-21-de-dez.-de-2025-11_03_53-1.png\" \/>\n\t<meta property=\"og:image:width\" content=\"1280\" \/>\n\t<meta property=\"og:image:height\" content=\"720\" \/>\n\t<meta property=\"og:image:type\" content=\"image\/png\" \/>\n<meta name=\"author\" content=\"Andre\u0301 Rangel\u00a0\" \/>\n<meta name=\"twitter:card\" content=\"summary_large_image\" \/>\n<meta name=\"twitter:label1\" content=\"Escrito por\" \/>\n\t<meta name=\"twitter:data1\" content=\"Andre\u0301 Rangel\u00a0\" \/>\n\t<meta name=\"twitter:label2\" content=\"Est. tempo de leitura\" \/>\n\t<meta name=\"twitter:data2\" content=\"5 minutos\" \/>\n<!-- \/ Yoast SEO plugin. -->","yoast_head_json":{"title":"Grupo de varejo est\u00e1 fechando diversas portas, a empresa anuncia o encerramento de mais de 130 lojas - Estado de Minas - Em foco","description":"Mesmo com menos lojas, a Inditex cresce ao focar no digital e em espa\u00e7os inovadores que unem moda, lazer e tecnologia.","robots":{"index":"index","follow":"follow","max-snippet":"max-snippet:-1","max-image-preview":"max-image-preview:large","max-video-preview":"max-video-preview:-1"},"canonical":"https:\/\/www.em.com.br\/emfoco\/2026\/01\/15\/grupo-de-varejo-esta-fechando-diversas-portas-a-empresa-anuncia-o-encerramento-de-mais-de-130-lojas\/","og_locale":"pt_BR","og_type":"article","og_title":"Grupo de varejo est\u00e1 fechando diversas portas, a empresa anuncia o encerramento de mais de 130 lojas - Estado de Minas - Em foco","og_description":"Mesmo com menos lojas, a Inditex cresce ao focar no digital e em espa\u00e7os inovadores que unem moda, lazer e tecnologia.","og_url":"https:\/\/www.em.com.br\/emfoco\/2026\/01\/15\/grupo-de-varejo-esta-fechando-diversas-portas-a-empresa-anuncia-o-encerramento-de-mais-de-130-lojas\/","og_site_name":"Estado de Minas - Em foco","article_published_time":"2026-01-16T01:18:04+00:00","article_modified_time":"2026-01-16T01:18:09+00:00","og_image":[{"width":1280,"height":720,"url":"https:\/\/www.em.com.br\/emfoco\/wp-content\/uploads\/2025\/12\/ChatGPT-Image-21-de-dez.-de-2025-11_03_53-1.png","type":"image\/png"}],"author":"Andre\u0301 Rangel\u00a0","twitter_card":"summary_large_image","twitter_misc":{"Escrito por":"Andre\u0301 Rangel\u00a0","Est. tempo de leitura":"5 minutos"},"schema":{"@context":"https:\/\/schema.org","@graph":[{"@type":"WebPage","@id":"https:\/\/www.em.com.br\/emfoco\/2026\/01\/15\/grupo-de-varejo-esta-fechando-diversas-portas-a-empresa-anuncia-o-encerramento-de-mais-de-130-lojas\/","url":"https:\/\/www.em.com.br\/emfoco\/2026\/01\/15\/grupo-de-varejo-esta-fechando-diversas-portas-a-empresa-anuncia-o-encerramento-de-mais-de-130-lojas\/","name":"Grupo de varejo est\u00e1 fechando diversas portas, a empresa anuncia o encerramento de mais de 130 lojas - Estado de Minas - Em foco","isPartOf":{"@id":"https:\/\/www.em.com.br\/emfoco\/#website"},"primaryImageOfPage":{"@id":"https:\/\/www.em.com.br\/emfoco\/2026\/01\/15\/grupo-de-varejo-esta-fechando-diversas-portas-a-empresa-anuncia-o-encerramento-de-mais-de-130-lojas\/#primaryimage"},"image":{"@id":"https:\/\/www.em.com.br\/emfoco\/2026\/01\/15\/grupo-de-varejo-esta-fechando-diversas-portas-a-empresa-anuncia-o-encerramento-de-mais-de-130-lojas\/#primaryimage"},"thumbnailUrl":"https:\/\/www.em.com.br\/emfoco\/wp-content\/uploads\/2025\/12\/ChatGPT-Image-21-de-dez.-de-2025-11_03_53-1.png","datePublished":"2026-01-16T01:18:04+00:00","dateModified":"2026-01-16T01:18:09+00:00","author":{"@id":"https:\/\/www.em.com.br\/emfoco\/#\/schema\/person\/60eda09c1fedf0d6891f4cef4b60b8b8"},"description":"Mesmo com menos lojas, a Inditex cresce ao focar no digital e em espa\u00e7os inovadores que unem moda, lazer e tecnologia.","breadcrumb":{"@id":"https:\/\/www.em.com.br\/emfoco\/2026\/01\/15\/grupo-de-varejo-esta-fechando-diversas-portas-a-empresa-anuncia-o-encerramento-de-mais-de-130-lojas\/#breadcrumb"},"inLanguage":"pt-BR","potentialAction":[{"@type":"ReadAction","target":["https:\/\/www.em.com.br\/emfoco\/2026\/01\/15\/grupo-de-varejo-esta-fechando-diversas-portas-a-empresa-anuncia-o-encerramento-de-mais-de-130-lojas\/"]}]},{"@type":"ImageObject","inLanguage":"pt-BR","@id":"https:\/\/www.em.com.br\/emfoco\/2026\/01\/15\/grupo-de-varejo-esta-fechando-diversas-portas-a-empresa-anuncia-o-encerramento-de-mais-de-130-lojas\/#primaryimage","url":"https:\/\/www.em.com.br\/emfoco\/wp-content\/uploads\/2025\/12\/ChatGPT-Image-21-de-dez.-de-2025-11_03_53-1.png","contentUrl":"https:\/\/www.em.com.br\/emfoco\/wp-content\/uploads\/2025\/12\/ChatGPT-Image-21-de-dez.-de-2025-11_03_53-1.png","width":1280,"height":720,"caption":"Rede decide fechar suas lojas"},{"@type":"BreadcrumbList","@id":"https:\/\/www.em.com.br\/emfoco\/2026\/01\/15\/grupo-de-varejo-esta-fechando-diversas-portas-a-empresa-anuncia-o-encerramento-de-mais-de-130-lojas\/#breadcrumb","itemListElement":[{"@type":"ListItem","position":1,"name":"In\u00edcio","item":"https:\/\/www.em.com.br\/emfoco\/"},{"@type":"ListItem","position":2,"name":"Grupo de varejo est\u00e1 fechando diversas portas, a empresa anuncia o encerramento de mais de 130 lojas"}]},{"@type":"WebSite","@id":"https:\/\/www.em.com.br\/emfoco\/#website","url":"https:\/\/www.em.com.br\/emfoco\/","name":"Estado de Minas - Em foco","description":"Acompanhe as \u00faltimas not\u00edcias e fique bem informado sobre tudo o que acontece em Minas Gerais, Brasil e no mundo.","potentialAction":[{"@type":"SearchAction","target":{"@type":"EntryPoint","urlTemplate":"https:\/\/www.em.com.br\/emfoco\/?s={search_term_string}"},"query-input":{"@type":"PropertyValueSpecification","valueRequired":true,"valueName":"search_term_string"}}],"inLanguage":"pt-BR"},{"@type":"Person","@id":"https:\/\/www.em.com.br\/emfoco\/#\/schema\/person\/60eda09c1fedf0d6891f4cef4b60b8b8","name":"Andre\u0301 Rangel\u00a0","image":{"@type":"ImageObject","inLanguage":"pt-BR","@id":"https:\/\/www.em.com.br\/emfoco\/#\/schema\/person\/image\/","url":"https:\/\/secure.gravatar.com\/avatar\/6234dc814c77c8ef6d8bba622c787efc?s=96&d=mm&r=g","contentUrl":"https:\/\/secure.gravatar.com\/avatar\/6234dc814c77c8ef6d8bba622c787efc?s=96&d=mm&r=g","caption":"Andre\u0301 Rangel\u00a0"},"url":"https:\/\/www.em.com.br\/emfoco\/author\/luizmyth\/"}]}},"_links":{"self":[{"href":"https:\/\/www.em.com.br\/emfoco\/wp-json\/wp\/v2\/posts\/143567","targetHints":{"allow":["GET"]}}],"collection":[{"href":"https:\/\/www.em.com.br\/emfoco\/wp-json\/wp\/v2\/posts"}],"about":[{"href":"https:\/\/www.em.com.br\/emfoco\/wp-json\/wp\/v2\/types\/post"}],"author":[{"embeddable":true,"href":"https:\/\/www.em.com.br\/emfoco\/wp-json\/wp\/v2\/users\/11"}],"replies":[{"embeddable":true,"href":"https:\/\/www.em.com.br\/emfoco\/wp-json\/wp\/v2\/comments?post=143567"}],"version-history":[{"count":4,"href":"https:\/\/www.em.com.br\/emfoco\/wp-json\/wp\/v2\/posts\/143567\/revisions"}],"predecessor-version":[{"id":155999,"href":"https:\/\/www.em.com.br\/emfoco\/wp-json\/wp\/v2\/posts\/143567\/revisions\/155999"}],"wp:featuredmedia":[{"embeddable":true,"href":"https:\/\/www.em.com.br\/emfoco\/wp-json\/wp\/v2\/media\/144016"}],"wp:attachment":[{"href":"https:\/\/www.em.com.br\/emfoco\/wp-json\/wp\/v2\/media?parent=143567"}],"wp:term":[{"taxonomy":"category","embeddable":true,"href":"https:\/\/www.em.com.br\/emfoco\/wp-json\/wp\/v2\/categories?post=143567"},{"taxonomy":"post_tag","embeddable":true,"href":"https:\/\/www.em.com.br\/emfoco\/wp-json\/wp\/v2\/tags?post=143567"}],"curies":[{"name":"wp","href":"https:\/\/api.w.org\/{rel}","templated":true}]}}