{"id":143156,"date":"2025-12-22T13:15:00","date_gmt":"2025-12-22T16:15:00","guid":{"rendered":"https:\/\/www.em.com.br\/emfoco\/?p=143156"},"modified":"2025-12-19T15:24:26","modified_gmt":"2025-12-19T18:24:26","slug":"o-melhor-ritual-de-5-minutos-para-desligar-o-corpo-e-dormir-de-verdade","status":"publish","type":"post","link":"https:\/\/www.em.com.br\/emfoco\/2025\/12\/22\/o-melhor-ritual-de-5-minutos-para-desligar-o-corpo-e-dormir-de-verdade\/","title":{"rendered":"O melhor ritual de 5 minutos para desligar o corpo e dormir de verdade"},"content":{"rendered":"\n<h2 class=\"wp-block-heading\">Um ritual de cerca de 5 minutos com luz baixa, respira\u00e7\u00e3o 4-2-6, libera\u00e7\u00e3o muscular, toque com hidratante e alongamento leve ajuda o sistema nervoso a sair do alerta, reduzir tens\u00e3o corporal e preparar o sono profundo.<\/h2>\n\n\n\n<p>Muita gente deita cansada, mas com o corpo em alerta, ombros tensos e respira\u00e7\u00e3o curta. O problema n\u00e3o \u00e9 falta de sono, mas a aus\u00eancia de um sinal claro de pausa. O corpo precisa entender que o dia acabou para relaxar de verdade.<\/p>\n\n\n\n<h2 class=\"wp-block-heading\">Por que o corpo demora a relaxar mesmo quando estamos exaustas?<\/h2>\n\n\n\n<p>Mesmo cansado, o corpo pode permanecer em <strong>estado de alerta<\/strong> por causa de est\u00edmulos cont\u00ednuos, estresse e excesso de informa\u00e7\u00e3o. A mente desacelera, mas o sistema nervoso segue ativo, mantendo tens\u00e3o muscular e dificultando o in\u00edcio do sono.<\/p>\n\n\n\n<p>Sem um ritual simples de transi\u00e7\u00e3o, o organismo n\u00e3o reconhece que \u00e9 hora de descansar. Por isso, criar sinais claros de desligamento ajuda a reduzir a <strong>ativa\u00e7\u00e3o fisiol\u00f3gica<\/strong> e prepara o corpo para um sono mais profundo.<\/p>\n\n\n\n<figure class=\"wp-block-image size-large\"><img loading=\"lazy\" decoding=\"async\" width=\"1024\" height=\"576\" src=\"https:\/\/www.em.com.br\/emfoco\/wp-content\/uploads\/2025\/12\/IA-3-23-1024x576.jpg\" alt=\"O melhor ritual de 5 minutos para desligar o corpo e dormir de verdade\" class=\"wp-image-143200\" srcset=\"https:\/\/www.em.com.br\/emfoco\/wp-content\/uploads\/2025\/12\/IA-3-23-1024x576.jpg 1024w, https:\/\/www.em.com.br\/emfoco\/wp-content\/uploads\/2025\/12\/IA-3-23-300x169.jpg 300w, https:\/\/www.em.com.br\/emfoco\/wp-content\/uploads\/2025\/12\/IA-3-23-768x432.jpg 768w, https:\/\/www.em.com.br\/emfoco\/wp-content\/uploads\/2025\/12\/IA-3-23-750x422.jpg 750w, https:\/\/www.em.com.br\/emfoco\/wp-content\/uploads\/2025\/12\/IA-3-23-1140x641.jpg 1140w, https:\/\/www.em.com.br\/emfoco\/wp-content\/uploads\/2025\/12\/IA-3-23.jpg 1280w\" sizes=\"auto, (max-width: 1024px) 100vw, 1024px\" \/><figcaption class=\"wp-element-caption\">Estado de alerta persiste por est\u00edmulos cont\u00ednuos mesmo com cansa\u00e7o f\u00edsico<\/figcaption><\/figure>\n\n\n\n<h2 class=\"wp-block-heading\">Como avisar ao corpo que o dia acabou em poucos minutos?<\/h2>\n\n\n\n<p>Relaxar antes de dormir n\u00e3o exige rituais longos nem t\u00e9cnicas complexas. Pequenos est\u00edmulos cont\u00ednuos j\u00e1 sinalizam seguran\u00e7a e descanso ao sistema nervoso. Entre os passos iniciais mais eficazes, est\u00e3o os que voc\u00ea pode aplicar a seguir.<\/p>\n\n\n\n<ul class=\"wp-block-list\">\n<li><strong>Ajuste do ambiente<\/strong>: diminuir a luz e se posicionar confortavelmente na cama.<\/li>\n\n\n\n<li><strong>Respira\u00e7\u00e3o guiada<\/strong>: inspirar pelo nariz em 4 tempos, segurar 2 e soltar em 6.<\/li>\n\n\n\n<li><strong>Dura\u00e7\u00e3o consciente<\/strong>: repetir o ciclo por cerca de 2 minutos, sem pressa.<\/li>\n<\/ul>\n\n\n\n<h2 class=\"wp-block-heading\">Como liberar rapidamente a tens\u00e3o acumulada no corpo?<\/h2>\n\n\n\n<p>Uma t\u00e9cnica simples de <strong>libera\u00e7\u00e3o muscular<\/strong> ajuda o corpo a reconhecer o relaxamento. Basta contrair levemente os ombros por 3 segundos e soltar completamente, percebendo a diferen\u00e7a entre tens\u00e3o e al\u00edvio.<\/p>\n\n\n\n<p>Repita o mesmo processo com m\u00e3os, mand\u00edbula e pernas. Esse contraste consciente ensina o corpo a abandonar o estado r\u00edgido e facilita a sensa\u00e7\u00e3o de <strong>soltura corporal<\/strong> antes de dormir.<\/p>\n\n\n\n<p>Separamos um v\u00eddeo especial com mais dicas compartilhadas pelo canal do TikTok <strong><a href=\"https:\/\/www.tiktok.com\/@nathan.wilhelms\" target=\"_blank\" rel=\"noreferrer noopener\"><strong>nathan.wilhelms<\/strong><\/a><\/strong> onde ele passa mais dicas para fazer uma higiene do sono e conquistar uma noite de sono mais tranquila.<\/p>\n\n\n\n<blockquote class=\"tiktok-embed\" cite=\"https:\/\/www.tiktok.com\/@nathan.wilhelms\/video\/7304418167059713286\" data-video-id=\"7304418167059713286\" style=\"max-width: 605px;min-width: 325px;\" > <section> <a target=\"_blank\" title=\"@nathan.wilhelms\" href=\"https:\/\/www.tiktok.com\/@nathan.wilhelms?refer=embed\">@nathan.wilhelms<\/a> Qual foi a ultima vez que voc\u00ea dormiu bem?  <a title=\"habitos\" target=\"_blank\" href=\"https:\/\/www.tiktok.com\/tag\/habitos?refer=embed\">#habitos<\/a> <a title=\"disciplina\" target=\"_blank\" href=\"https:\/\/www.tiktok.com\/tag\/disciplina?refer=embed\">#disciplina<\/a> <a title=\"saude\" target=\"_blank\" href=\"https:\/\/www.tiktok.com\/tag\/saude?refer=embed\">#saude<\/a> <a title=\"sono\" target=\"_blank\" href=\"https:\/\/www.tiktok.com\/tag\/sono?refer=embed\">#sono<\/a> <a target=\"_blank\" title=\"\u266c \u0627\u0644\u0635\u0648\u062a \u0627\u0644\u0623\u0635\u0644\u064a - \u0627\u0646\u0645\u0627\u0631 \u062c\u0627\u0643\u0633\u0648\u0646\" href=\"https:\/\/www.tiktok.com\/music\/\u0627\u0644\u0635\u0648\u062a-\u0627\u0644\u0623\u0635\u0644\u064a-7284615290343295749?refer=embed\">\u266c \u0627\u0644\u0635\u0648\u062a \u0627\u0644\u0623\u0635\u0644\u064a &#8211; \u0627\u0646\u0645\u0627\u0631 \u062c\u0627\u0643\u0633\u0648\u0646<\/a> <\/section> <\/blockquote> <script async src=\"https:\/\/www.tiktok.com\/embed.js\"><\/script>\n\n\n\n<p><em>Leia mais: <strong><a href=\"https:\/\/www.em.com.br\/emfoco\/2025\/12\/16\/ervas-que-ajudam-a-dormir-melhor-e-deixam-suas-noites-mais-tranquilas\/\" target=\"_blank\" rel=\"noreferrer noopener\">Ervas que ajudam a dormir melhor e deixam suas noites mais tranquilas<\/a><\/strong><\/em><\/p>\n\n\n\n<h2 class=\"wp-block-heading\">Como o toque e o alongamento ajudam a desligar o corpo?<\/h2>\n\n\n\n<p>O toque lento ativa sensa\u00e7\u00f5es de seguran\u00e7a. Esfregar uma gota de \u00f3leo ou hidratante nas m\u00e3os e aplicar no pesco\u00e7o ou antebra\u00e7os por cerca de 1 minuto ajuda a reduzir a <strong>tens\u00e3o nervosa<\/strong> e acalma o corpo.<\/p>\n\n\n\n<ul class=\"wp-block-list\">\n<li><strong>Est\u00edmulo sensorial<\/strong>: o toque envia sinais de conforto ao sistema nervoso.<\/li>\n\n\n\n<li><strong>Alongamento leve<\/strong>: puxar joelhos ao peito por 20 segundos alivia a lombar.<\/li>\n\n\n\n<li><strong>Sequ\u00eancia cont\u00ednua<\/strong>: executar tudo sem celular mant\u00e9m o efeito relaxante.<\/li>\n<\/ul>\n\n\n\n<h2 class=\"wp-block-heading\">Esse ritual realmente funciona em apenas 5 minutos?<\/h2>\n\n\n\n<p>Quando feito de forma cont\u00ednua, o processo completo leva cerca de <strong>cinco minutos<\/strong>. A aus\u00eancia de est\u00edmulos externos e a sequ\u00eancia de respira\u00e7\u00e3o, soltura, toque e alongamento aceleram a resposta de relaxamento.<\/p>\n\n\n\n<p>Dormir bem come\u00e7a antes de fechar os olhos. <strong>Cinco minutos de aten\u00e7\u00e3o ao corpo<\/strong> s\u00e3o suficientes para transformar o fim do dia em descanso real, profundo e restaurador, especialmente quando praticados com const\u00e2ncia.<\/p>\n","protected":false},"excerpt":{"rendered":"<p>Um ritual de cerca de 5 minutos com luz baixa, respira\u00e7\u00e3o 4-2-6, libera\u00e7\u00e3o muscular, toque com hidratante e alongamento leve ajuda o sistema nervoso a sair do alerta, reduzir tens\u00e3o corporal e preparar o sono profundo. Muita gente deita cansada, mas com o corpo em alerta, ombros tensos e respira\u00e7\u00e3o curta. O problema n\u00e3o \u00e9 [&hellip;]<\/p>\n","protected":false},"author":13,"featured_media":143198,"comment_status":"open","ping_status":"open","sticky":false,"template":"","format":"standard","meta":{"jnews-multi-image_gallery":[],"jnews_single_post":{"format":"standard"},"jnews_primary_category":[],"jnews_social_meta":[],"jnews_override_counter":[],"footnotes":""},"categories":[8819],"tags":[712,18153,18147],"class_list":["post-143156","post","type-post","status-publish","format-standard","has-post-thumbnail","hentry","category-curiosidades","tag-autocuidado","tag-relaxar-o-corpo","tag-ritual-noturno"],"yoast_head":"<!-- This site is optimized with the Yoast SEO plugin v23.8 - https:\/\/yoast.com\/wordpress\/plugins\/seo\/ -->\n<title>O melhor ritual de 5 minutos para desligar o corpo e dormir de verdade - Estado de Minas - Em foco<\/title>\n<meta name=\"description\" content=\"Dormir profundamente exige mais do que sil\u00eancio Com este ritual de 5 minutos seu corpo entende que \u00e9 hora de desligar e descansar.\" \/>\n<meta name=\"robots\" content=\"index, follow, max-snippet:-1, max-image-preview:large, max-video-preview:-1\" \/>\n<link rel=\"canonical\" href=\"https:\/\/www.em.com.br\/emfoco\/2025\/12\/22\/o-melhor-ritual-de-5-minutos-para-desligar-o-corpo-e-dormir-de-verdade\/\" \/>\n<meta property=\"og:locale\" content=\"pt_BR\" \/>\n<meta property=\"og:type\" content=\"article\" \/>\n<meta property=\"og:title\" content=\"O melhor ritual de 5 minutos para desligar o corpo e dormir de verdade - Estado de Minas - Em foco\" \/>\n<meta property=\"og:description\" content=\"Dormir profundamente exige mais do que sil\u00eancio Com este ritual de 5 minutos seu corpo entende que \u00e9 hora de desligar e descansar.\" \/>\n<meta property=\"og:url\" content=\"https:\/\/www.em.com.br\/emfoco\/2025\/12\/22\/o-melhor-ritual-de-5-minutos-para-desligar-o-corpo-e-dormir-de-verdade\/\" \/>\n<meta property=\"og:site_name\" content=\"Estado de Minas - Em foco\" \/>\n<meta property=\"article:published_time\" content=\"2025-12-22T16:15:00+00:00\" \/>\n<meta property=\"article:modified_time\" content=\"2025-12-19T18:24:26+00:00\" \/>\n<meta property=\"og:image\" content=\"https:\/\/www.em.com.br\/emfoco\/wp-content\/uploads\/2025\/12\/IA-2-25.jpg\" \/>\n\t<meta property=\"og:image:width\" content=\"1280\" \/>\n\t<meta property=\"og:image:height\" content=\"720\" \/>\n\t<meta property=\"og:image:type\" content=\"image\/jpeg\" \/>\n<meta name=\"author\" content=\"Gabriel Martins\" \/>\n<meta name=\"twitter:card\" content=\"summary_large_image\" \/>\n<meta name=\"twitter:label1\" content=\"Escrito por\" \/>\n\t<meta name=\"twitter:data1\" content=\"Gabriel Martins\" \/>\n\t<meta name=\"twitter:label2\" content=\"Est. tempo de leitura\" \/>\n\t<meta name=\"twitter:data2\" content=\"4 minutos\" \/>\n<!-- \/ Yoast SEO plugin. -->","yoast_head_json":{"title":"O melhor ritual de 5 minutos para desligar o corpo e dormir de verdade - Estado de Minas - Em foco","description":"Dormir profundamente exige mais do que sil\u00eancio Com este ritual de 5 minutos seu corpo entende que \u00e9 hora de desligar e descansar.","robots":{"index":"index","follow":"follow","max-snippet":"max-snippet:-1","max-image-preview":"max-image-preview:large","max-video-preview":"max-video-preview:-1"},"canonical":"https:\/\/www.em.com.br\/emfoco\/2025\/12\/22\/o-melhor-ritual-de-5-minutos-para-desligar-o-corpo-e-dormir-de-verdade\/","og_locale":"pt_BR","og_type":"article","og_title":"O melhor ritual de 5 minutos para desligar o corpo e dormir de verdade - Estado de Minas - Em foco","og_description":"Dormir profundamente exige mais do que sil\u00eancio Com este ritual de 5 minutos seu corpo entende que \u00e9 hora de desligar e descansar.","og_url":"https:\/\/www.em.com.br\/emfoco\/2025\/12\/22\/o-melhor-ritual-de-5-minutos-para-desligar-o-corpo-e-dormir-de-verdade\/","og_site_name":"Estado de Minas - Em foco","article_published_time":"2025-12-22T16:15:00+00:00","article_modified_time":"2025-12-19T18:24:26+00:00","og_image":[{"width":1280,"height":720,"url":"https:\/\/www.em.com.br\/emfoco\/wp-content\/uploads\/2025\/12\/IA-2-25.jpg","type":"image\/jpeg"}],"author":"Gabriel Martins","twitter_card":"summary_large_image","twitter_misc":{"Escrito por":"Gabriel Martins","Est. tempo de leitura":"4 minutos"},"schema":{"@context":"https:\/\/schema.org","@graph":[{"@type":"WebPage","@id":"https:\/\/www.em.com.br\/emfoco\/2025\/12\/22\/o-melhor-ritual-de-5-minutos-para-desligar-o-corpo-e-dormir-de-verdade\/","url":"https:\/\/www.em.com.br\/emfoco\/2025\/12\/22\/o-melhor-ritual-de-5-minutos-para-desligar-o-corpo-e-dormir-de-verdade\/","name":"O melhor ritual de 5 minutos para desligar o corpo e dormir de verdade - Estado de Minas - Em foco","isPartOf":{"@id":"https:\/\/www.em.com.br\/emfoco\/#website"},"primaryImageOfPage":{"@id":"https:\/\/www.em.com.br\/emfoco\/2025\/12\/22\/o-melhor-ritual-de-5-minutos-para-desligar-o-corpo-e-dormir-de-verdade\/#primaryimage"},"image":{"@id":"https:\/\/www.em.com.br\/emfoco\/2025\/12\/22\/o-melhor-ritual-de-5-minutos-para-desligar-o-corpo-e-dormir-de-verdade\/#primaryimage"},"thumbnailUrl":"https:\/\/www.em.com.br\/emfoco\/wp-content\/uploads\/2025\/12\/IA-2-25.jpg","datePublished":"2025-12-22T16:15:00+00:00","dateModified":"2025-12-19T18:24:26+00:00","author":{"@id":"https:\/\/www.em.com.br\/emfoco\/#\/schema\/person\/1c9ddeab18b98abeffef834667bcf08a"},"description":"Dormir profundamente exige mais do que sil\u00eancio Com este ritual de 5 minutos seu corpo entende que \u00e9 hora de desligar e descansar.","breadcrumb":{"@id":"https:\/\/www.em.com.br\/emfoco\/2025\/12\/22\/o-melhor-ritual-de-5-minutos-para-desligar-o-corpo-e-dormir-de-verdade\/#breadcrumb"},"inLanguage":"pt-BR","potentialAction":[{"@type":"ReadAction","target":["https:\/\/www.em.com.br\/emfoco\/2025\/12\/22\/o-melhor-ritual-de-5-minutos-para-desligar-o-corpo-e-dormir-de-verdade\/"]}]},{"@type":"ImageObject","inLanguage":"pt-BR","@id":"https:\/\/www.em.com.br\/emfoco\/2025\/12\/22\/o-melhor-ritual-de-5-minutos-para-desligar-o-corpo-e-dormir-de-verdade\/#primaryimage","url":"https:\/\/www.em.com.br\/emfoco\/wp-content\/uploads\/2025\/12\/IA-2-25.jpg","contentUrl":"https:\/\/www.em.com.br\/emfoco\/wp-content\/uploads\/2025\/12\/IA-2-25.jpg","width":1280,"height":720,"caption":"Ritual curto ajuda o corpo a desligar e entrar em estado real de descanso"},{"@type":"BreadcrumbList","@id":"https:\/\/www.em.com.br\/emfoco\/2025\/12\/22\/o-melhor-ritual-de-5-minutos-para-desligar-o-corpo-e-dormir-de-verdade\/#breadcrumb","itemListElement":[{"@type":"ListItem","position":1,"name":"In\u00edcio","item":"https:\/\/www.em.com.br\/emfoco\/"},{"@type":"ListItem","position":2,"name":"O melhor ritual de 5 minutos para desligar o corpo e dormir de verdade"}]},{"@type":"WebSite","@id":"https:\/\/www.em.com.br\/emfoco\/#website","url":"https:\/\/www.em.com.br\/emfoco\/","name":"Estado de Minas - Em foco","description":"Acompanhe as \u00faltimas not\u00edcias e fique bem informado sobre tudo o que acontece em Minas Gerais, Brasil e no mundo.","potentialAction":[{"@type":"SearchAction","target":{"@type":"EntryPoint","urlTemplate":"https:\/\/www.em.com.br\/emfoco\/?s={search_term_string}"},"query-input":{"@type":"PropertyValueSpecification","valueRequired":true,"valueName":"search_term_string"}}],"inLanguage":"pt-BR"},{"@type":"Person","@id":"https:\/\/www.em.com.br\/emfoco\/#\/schema\/person\/1c9ddeab18b98abeffef834667bcf08a","name":"Gabriel Martins","image":{"@type":"ImageObject","inLanguage":"pt-BR","@id":"https:\/\/www.em.com.br\/emfoco\/#\/schema\/person\/image\/","url":"https:\/\/secure.gravatar.com\/avatar\/f0f1e2efdfd88f1ad2cb08c5c2731e50?s=96&d=mm&r=g","contentUrl":"https:\/\/secure.gravatar.com\/avatar\/f0f1e2efdfd88f1ad2cb08c5c2731e50?s=96&d=mm&r=g","caption":"Gabriel Martins"},"sameAs":["https:\/\/www.em.com.br\/emfoco\/"],"url":"https:\/\/www.em.com.br\/emfoco\/author\/gabrielmartinsmyth\/"}]}},"_links":{"self":[{"href":"https:\/\/www.em.com.br\/emfoco\/wp-json\/wp\/v2\/posts\/143156","targetHints":{"allow":["GET"]}}],"collection":[{"href":"https:\/\/www.em.com.br\/emfoco\/wp-json\/wp\/v2\/posts"}],"about":[{"href":"https:\/\/www.em.com.br\/emfoco\/wp-json\/wp\/v2\/types\/post"}],"author":[{"embeddable":true,"href":"https:\/\/www.em.com.br\/emfoco\/wp-json\/wp\/v2\/users\/13"}],"replies":[{"embeddable":true,"href":"https:\/\/www.em.com.br\/emfoco\/wp-json\/wp\/v2\/comments?post=143156"}],"version-history":[{"count":1,"href":"https:\/\/www.em.com.br\/emfoco\/wp-json\/wp\/v2\/posts\/143156\/revisions"}],"predecessor-version":[{"id":143201,"href":"https:\/\/www.em.com.br\/emfoco\/wp-json\/wp\/v2\/posts\/143156\/revisions\/143201"}],"wp:featuredmedia":[{"embeddable":true,"href":"https:\/\/www.em.com.br\/emfoco\/wp-json\/wp\/v2\/media\/143198"}],"wp:attachment":[{"href":"https:\/\/www.em.com.br\/emfoco\/wp-json\/wp\/v2\/media?parent=143156"}],"wp:term":[{"taxonomy":"category","embeddable":true,"href":"https:\/\/www.em.com.br\/emfoco\/wp-json\/wp\/v2\/categories?post=143156"},{"taxonomy":"post_tag","embeddable":true,"href":"https:\/\/www.em.com.br\/emfoco\/wp-json\/wp\/v2\/tags?post=143156"}],"curies":[{"name":"wp","href":"https:\/\/api.w.org\/{rel}","templated":true}]}}