{"id":143093,"date":"2025-12-22T07:25:00","date_gmt":"2025-12-22T10:25:00","guid":{"rendered":"https:\/\/www.em.com.br\/emfoco\/?p=143093"},"modified":"2025-12-19T14:20:50","modified_gmt":"2025-12-19T17:20:50","slug":"como-fazer-uma-pasta-caseira-para-clarear-as-axilas-gastando-menos-de-r1","status":"publish","type":"post","link":"https:\/\/www.em.com.br\/emfoco\/2025\/12\/22\/como-fazer-uma-pasta-caseira-para-clarear-as-axilas-gastando-menos-de-r1\/","title":{"rendered":"Como fazer uma pasta caseira para clarear as axilas gastando menos de R$1"},"content":{"rendered":"\n<h2 class=\"wp-block-heading\">O escurecimento das axilas est\u00e1 ligado a l\u00e2mina, atrito e desodorantes. Clarear envolve reduzir agress\u00f5es, higienizar corretamente, esfoliar suavemente uma vez por semana, hidratar com babosa e ajustar h\u00e1bitos di\u00e1rios.<\/h2>\n\n\n\n<p>O escurecimento das axilas \u00e9 um inc\u00f4modo comum e quase sempre ligado a <strong>atrito constante<\/strong>, uso frequente de l\u00e2mina, res\u00edduos de desodorante e sensibilidade da pele. Isso n\u00e3o indica falta de cuidado, mas h\u00e1bitos di\u00e1rios que podem ser ajustados de forma simples, barata e gradual.<\/p>\n\n\n\n<h2 class=\"wp-block-heading\">Por que as axilas escurecem mesmo com boa higiene?<\/h2>\n\n\n\n<p>As axilas sofrem agress\u00f5es di\u00e1rias que estimulam a produ\u00e7\u00e3o excessiva de melanina. O <strong>uso da l\u00e2mina<\/strong>, por exemplo, causa microcortes invis\u00edveis que irritam a pele, enquanto o atrito das roupas e o ac\u00famulo de res\u00edduos favorecem inflama\u00e7\u00f5es silenciosas.<\/p>\n\n\n\n<p>Al\u00e9m disso, desodorantes com \u00e1lcool e fragr\u00e2ncias intensas podem sensibilizar a regi\u00e3o. Com o tempo, essa combina\u00e7\u00e3o de fatores provoca o <strong>escurecimento progressivo da pele<\/strong>, mesmo em pessoas que mant\u00eam uma rotina de limpeza adequada.<\/p>\n\n\n\n<p>A seguir separamos mais dicas especiais compartilhadas pelo canal do TikTok <strong><a href=\"https:\/\/www.tiktok.com\/@euarianamachado\" target=\"_blank\" rel=\"noreferrer noopener\"><strong>euarianamachado<\/strong><\/a><\/strong> sobre como fazer o preparo correto e como cuidar das axilas para evitar manchas escuras e feridas.<\/p>\n\n\n\n<blockquote class=\"tiktok-embed\" cite=\"https:\/\/www.tiktok.com\/@euarianamachado\/video\/7475836260867738886\" data-video-id=\"7475836260867738886\" style=\"max-width: 605px;min-width: 325px;\" > <section> <a target=\"_blank\" title=\"@euarianamachado\" href=\"https:\/\/www.tiktok.com\/@euarianamachado?refer=embed\">@euarianamachado<\/a> <a title=\"axilasbonitas\" target=\"_blank\" href=\"https:\/\/www.tiktok.com\/tag\/axilasbonitas?refer=embed\">#axilasbonitas<\/a> <a title=\"clareamentoaxila\" target=\"_blank\" href=\"https:\/\/www.tiktok.com\/tag\/clareamentoaxila?refer=embed\">#clareamentoaxila<\/a> <a title=\"depilacao\" target=\"_blank\" href=\"https:\/\/www.tiktok.com\/tag\/depilacao?refer=embed\">#depilacao<\/a> <a title=\"depilacaoaxila\" target=\"_blank\" href=\"https:\/\/www.tiktok.com\/tag\/depilacaoaxila?refer=embed\">#depilacaoaxila<\/a> <a title=\"axilasescuras\" target=\"_blank\" href=\"https:\/\/www.tiktok.com\/tag\/axilasescuras?refer=embed\">#axilasescuras<\/a> <a target=\"_blank\" title=\"\u266c Hell N Back (feat. Summer Walker) - Bakar\" href=\"https:\/\/www.tiktok.com\/music\/Hell-N-Back-feat-Summer-Walker-7280525097285847042?refer=embed\">\u266c Hell N Back (feat. Summer Walker) &#8211; Bakar<\/a> <\/section> <\/blockquote> <script async src=\"https:\/\/www.tiktok.com\/embed.js\"><\/script>\n\n\n\n<h2 class=\"wp-block-heading\">Clarear as axilas exige produtos caros ou milagrosos?<\/h2>\n\n\n\n<p>O clareamento n\u00e3o depende de f\u00f3rmulas milagrosas, mas da redu\u00e7\u00e3o das agress\u00f5es e do est\u00edmulo \u00e0 renova\u00e7\u00e3o celular suave. Quando a pele \u00e9 tratada com const\u00e2ncia e cuidado, ela responde melhor, e os resultados aparecem gradualmente, como mostram os passos a seguir.<\/p>\n\n\n\n<ul class=\"wp-block-list\">\n<li><strong>Limpeza correta<\/strong>: lavar no banho com sabonete neutro e enx\u00e1gue abundante para remover res\u00edduos.<\/li>\n\n\n\n<li><strong>Compressa morna<\/strong>: aplicar uma toalha limpa com \u00e1gua morna por cerca de dois minutos para amaciar a pele.<\/li>\n\n\n\n<li><strong>Consist\u00eancia<\/strong>: repetir os cuidados semanalmente, evitando excessos que causem irrita\u00e7\u00e3o.<\/li>\n<\/ul>\n\n\n\n<p><em>Leia mais: <strong><a href=\"https:\/\/www.em.com.br\/emfoco\/2025\/12\/17\/manchas-e-falta-de-vico-a-solucao-natural-que-deixa-a-pele-madura-luminosa-e-uniforme\/\" target=\"_blank\" rel=\"noreferrer noopener\">Manchas e falta de vi\u00e7o? A solu\u00e7\u00e3o natural que deixa a pele madura luminosa e uniforme<\/a><\/strong><\/em><\/p>\n\n\n\n<h2 class=\"wp-block-heading\">Como preparar receitas caseiras seguras para clarear a regi\u00e3o?<\/h2>\n\n\n\n<p>A esfolia\u00e7\u00e3o suave ajuda a remover c\u00e9lulas mortas e estimular a renova\u00e7\u00e3o da pele. Misture <strong>1 colher de ch\u00e1 de bicarbonato de s\u00f3dio<\/strong> com <strong>1 colher de ch\u00e1 de \u00e1gua filtrada<\/strong> at\u00e9 formar uma pasta cremosa, aplicando com movimentos leves por no m\u00e1ximo 30 segundos, apenas uma vez por semana.<\/p>\n\n\n\n<p>Ap\u00f3s a esfolia\u00e7\u00e3o, a hidrata\u00e7\u00e3o \u00e9 essencial para evitar irrita\u00e7\u00f5es. Retire <strong>1 colher de sopa do gel puro da babosa<\/strong>, aplique uma camada fina nas axilas \u00e0 noite e deixe agir por 15 a 20 minutos antes de enxaguar ou dormir, ajudando a acalmar e uniformizar o tom.<\/p>\n\n\n\n<figure class=\"wp-block-image size-large\"><img loading=\"lazy\" decoding=\"async\" width=\"1024\" height=\"576\" src=\"https:\/\/www.em.com.br\/emfoco\/wp-content\/uploads\/2025\/12\/IA-3-20-1024x576.jpg\" alt=\"Como fazer uma pasta caseira para clarear as axilas gastando menos de R$1\" class=\"wp-image-143115\" srcset=\"https:\/\/www.em.com.br\/emfoco\/wp-content\/uploads\/2025\/12\/IA-3-20-1024x576.jpg 1024w, https:\/\/www.em.com.br\/emfoco\/wp-content\/uploads\/2025\/12\/IA-3-20-300x169.jpg 300w, https:\/\/www.em.com.br\/emfoco\/wp-content\/uploads\/2025\/12\/IA-3-20-768x432.jpg 768w, https:\/\/www.em.com.br\/emfoco\/wp-content\/uploads\/2025\/12\/IA-3-20-750x422.jpg 750w, https:\/\/www.em.com.br\/emfoco\/wp-content\/uploads\/2025\/12\/IA-3-20-1140x641.jpg 1140w, https:\/\/www.em.com.br\/emfoco\/wp-content\/uploads\/2025\/12\/IA-3-20.jpg 1280w\" sizes=\"auto, (max-width: 1024px) 100vw, 1024px\" \/><figcaption class=\"wp-element-caption\">Esfolia\u00e7\u00e3o leve e hidrata\u00e7\u00e3o com babosa auxiliam renova\u00e7\u00e3o da pele<\/figcaption><\/figure>\n\n\n\n<h2 class=\"wp-block-heading\">Quais h\u00e1bitos aceleram o clareamento e evitam erros comuns?<\/h2>\n\n\n\n<p>Pequenas mudan\u00e7as na rotina fazem grande diferen\u00e7a no resultado final. Ajustar h\u00e1bitos di\u00e1rios ajuda a proteger a pele, evitar novas manchas e potencializar os cuidados caseiros, e algumas orienta\u00e7\u00f5es pr\u00e1ticas merecem aten\u00e7\u00e3o especial.<\/p>\n\n\n\n<ul class=\"wp-block-list\">\n<li><strong>Redu\u00e7\u00e3o da l\u00e2mina<\/strong>: preferir aparador el\u00e9trico sempre que poss\u00edvel para diminuir a irrita\u00e7\u00e3o.<\/li>\n\n\n\n<li><strong>Escolha do desodorante<\/strong>: optar por vers\u00f5es sem \u00e1lcool e secar bem a regi\u00e3o ap\u00f3s o banho.<\/li>\n\n\n\n<li><strong>Evitar excessos<\/strong>: n\u00e3o esfregar com for\u00e7a nem repetir esfolia\u00e7\u00f5es v\u00e1rias vezes na semana.<\/li>\n<\/ul>\n\n\n\n<h2 class=\"wp-block-heading\">Quanto tempo leva para notar as axilas mais claras?<\/h2>\n\n\n\n<p>Os primeiros sinais costumam surgir ap\u00f3s algumas semanas de cuidados consistentes. A pele responde melhor quando o processo \u00e9 gentil, respeitando o tempo natural de renova\u00e7\u00e3o celular e evitando <strong>agress\u00f5es repetidas<\/strong> que atrasam os resultados.<\/p>\n\n\n\n<p>Clarear as axilas em casa \u00e9 um exerc\u00edcio de cuidado cont\u00ednuo, em que poucos minutos por semana, ingredientes simples e escolhas conscientes custam pouco, mas transformam a <strong>apar\u00eancia e o conforto da pele<\/strong> ao longo do tempo.<\/p>\n","protected":false},"excerpt":{"rendered":"<p>O escurecimento das axilas est\u00e1 ligado a l\u00e2mina, atrito e desodorantes. Clarear envolve reduzir agress\u00f5es, higienizar corretamente, esfoliar suavemente uma vez por semana, hidratar com babosa e ajustar h\u00e1bitos di\u00e1rios. O escurecimento das axilas \u00e9 um inc\u00f4modo comum e quase sempre ligado a atrito constante, uso frequente de l\u00e2mina, res\u00edduos de desodorante e sensibilidade da [&hellip;]<\/p>\n","protected":false},"author":13,"featured_media":143114,"comment_status":"open","ping_status":"open","sticky":false,"template":"","format":"standard","meta":{"jnews-multi-image_gallery":[],"jnews_single_post":{"format":"standard"},"jnews_primary_category":[],"jnews_social_meta":[],"jnews_override_counter":[],"footnotes":""},"categories":[8819],"tags":[712,9102,2037],"class_list":["post-143093","post","type-post","status-publish","format-standard","has-post-thumbnail","hentry","category-curiosidades","tag-autocuidado","tag-clarear-axilas","tag-dicas-caseiras"],"yoast_head":"<!-- This site is optimized with the Yoast SEO plugin v23.8 - https:\/\/yoast.com\/wordpress\/plugins\/seo\/ -->\n<title>Como fazer uma pasta caseira para clarear as axilas gastando menos de R$1 - Estado de Minas - Em foco<\/title>\n<meta name=\"description\" content=\"Axilas escuras n\u00e3o t\u00eam a ver com higiene, e sim com h\u00e1bitos comuns. Descubra o que pode estar causando isso e como clarear naturalmente.\" \/>\n<meta name=\"robots\" content=\"index, follow, max-snippet:-1, max-image-preview:large, max-video-preview:-1\" \/>\n<link rel=\"canonical\" href=\"https:\/\/www.em.com.br\/emfoco\/2025\/12\/22\/como-fazer-uma-pasta-caseira-para-clarear-as-axilas-gastando-menos-de-r1\/\" \/>\n<meta property=\"og:locale\" content=\"pt_BR\" \/>\n<meta property=\"og:type\" content=\"article\" \/>\n<meta property=\"og:title\" content=\"Como fazer uma pasta caseira para clarear as axilas gastando menos de R$1 - Estado de Minas - Em foco\" \/>\n<meta property=\"og:description\" content=\"Axilas escuras n\u00e3o t\u00eam a ver com higiene, e sim com h\u00e1bitos comuns. Descubra o que pode estar causando isso e como clarear naturalmente.\" \/>\n<meta property=\"og:url\" content=\"https:\/\/www.em.com.br\/emfoco\/2025\/12\/22\/como-fazer-uma-pasta-caseira-para-clarear-as-axilas-gastando-menos-de-r1\/\" \/>\n<meta property=\"og:site_name\" content=\"Estado de Minas - Em foco\" \/>\n<meta property=\"article:published_time\" content=\"2025-12-22T10:25:00+00:00\" \/>\n<meta property=\"article:modified_time\" content=\"2025-12-19T17:20:50+00:00\" \/>\n<meta property=\"og:image\" content=\"https:\/\/www.em.com.br\/emfoco\/wp-content\/uploads\/2025\/12\/IA-2-22.jpg\" \/>\n\t<meta property=\"og:image:width\" content=\"1280\" \/>\n\t<meta property=\"og:image:height\" content=\"720\" \/>\n\t<meta property=\"og:image:type\" content=\"image\/jpeg\" \/>\n<meta name=\"author\" content=\"Gabriel Martins\" \/>\n<meta name=\"twitter:card\" content=\"summary_large_image\" \/>\n<meta name=\"twitter:label1\" content=\"Escrito por\" \/>\n\t<meta name=\"twitter:data1\" content=\"Gabriel Martins\" \/>\n\t<meta name=\"twitter:label2\" content=\"Est. tempo de leitura\" \/>\n\t<meta name=\"twitter:data2\" content=\"4 minutos\" \/>\n<!-- \/ Yoast SEO plugin. -->","yoast_head_json":{"title":"Como fazer uma pasta caseira para clarear as axilas gastando menos de R$1 - Estado de Minas - Em foco","description":"Axilas escuras n\u00e3o t\u00eam a ver com higiene, e sim com h\u00e1bitos comuns. Descubra o que pode estar causando isso e como clarear naturalmente.","robots":{"index":"index","follow":"follow","max-snippet":"max-snippet:-1","max-image-preview":"max-image-preview:large","max-video-preview":"max-video-preview:-1"},"canonical":"https:\/\/www.em.com.br\/emfoco\/2025\/12\/22\/como-fazer-uma-pasta-caseira-para-clarear-as-axilas-gastando-menos-de-r1\/","og_locale":"pt_BR","og_type":"article","og_title":"Como fazer uma pasta caseira para clarear as axilas gastando menos de R$1 - Estado de Minas - Em foco","og_description":"Axilas escuras n\u00e3o t\u00eam a ver com higiene, e sim com h\u00e1bitos comuns. Descubra o que pode estar causando isso e como clarear naturalmente.","og_url":"https:\/\/www.em.com.br\/emfoco\/2025\/12\/22\/como-fazer-uma-pasta-caseira-para-clarear-as-axilas-gastando-menos-de-r1\/","og_site_name":"Estado de Minas - Em foco","article_published_time":"2025-12-22T10:25:00+00:00","article_modified_time":"2025-12-19T17:20:50+00:00","og_image":[{"width":1280,"height":720,"url":"https:\/\/www.em.com.br\/emfoco\/wp-content\/uploads\/2025\/12\/IA-2-22.jpg","type":"image\/jpeg"}],"author":"Gabriel Martins","twitter_card":"summary_large_image","twitter_misc":{"Escrito por":"Gabriel Martins","Est. tempo de leitura":"4 minutos"},"schema":{"@context":"https:\/\/schema.org","@graph":[{"@type":"WebPage","@id":"https:\/\/www.em.com.br\/emfoco\/2025\/12\/22\/como-fazer-uma-pasta-caseira-para-clarear-as-axilas-gastando-menos-de-r1\/","url":"https:\/\/www.em.com.br\/emfoco\/2025\/12\/22\/como-fazer-uma-pasta-caseira-para-clarear-as-axilas-gastando-menos-de-r1\/","name":"Como fazer uma pasta caseira para clarear as axilas gastando menos de R$1 - Estado de Minas - Em foco","isPartOf":{"@id":"https:\/\/www.em.com.br\/emfoco\/#website"},"primaryImageOfPage":{"@id":"https:\/\/www.em.com.br\/emfoco\/2025\/12\/22\/como-fazer-uma-pasta-caseira-para-clarear-as-axilas-gastando-menos-de-r1\/#primaryimage"},"image":{"@id":"https:\/\/www.em.com.br\/emfoco\/2025\/12\/22\/como-fazer-uma-pasta-caseira-para-clarear-as-axilas-gastando-menos-de-r1\/#primaryimage"},"thumbnailUrl":"https:\/\/www.em.com.br\/emfoco\/wp-content\/uploads\/2025\/12\/IA-2-22.jpg","datePublished":"2025-12-22T10:25:00+00:00","dateModified":"2025-12-19T17:20:50+00:00","author":{"@id":"https:\/\/www.em.com.br\/emfoco\/#\/schema\/person\/1c9ddeab18b98abeffef834667bcf08a"},"description":"Axilas escuras n\u00e3o t\u00eam a ver com higiene, e sim com h\u00e1bitos comuns. Descubra o que pode estar causando isso e como clarear naturalmente.","breadcrumb":{"@id":"https:\/\/www.em.com.br\/emfoco\/2025\/12\/22\/como-fazer-uma-pasta-caseira-para-clarear-as-axilas-gastando-menos-de-r1\/#breadcrumb"},"inLanguage":"pt-BR","potentialAction":[{"@type":"ReadAction","target":["https:\/\/www.em.com.br\/emfoco\/2025\/12\/22\/como-fazer-uma-pasta-caseira-para-clarear-as-axilas-gastando-menos-de-r1\/"]}]},{"@type":"ImageObject","inLanguage":"pt-BR","@id":"https:\/\/www.em.com.br\/emfoco\/2025\/12\/22\/como-fazer-uma-pasta-caseira-para-clarear-as-axilas-gastando-menos-de-r1\/#primaryimage","url":"https:\/\/www.em.com.br\/emfoco\/wp-content\/uploads\/2025\/12\/IA-2-22.jpg","contentUrl":"https:\/\/www.em.com.br\/emfoco\/wp-content\/uploads\/2025\/12\/IA-2-22.jpg","width":1280,"height":720,"caption":"H\u00e1bitos di\u00e1rios simples ajudam clarear axilas de forma gradual e segura"},{"@type":"BreadcrumbList","@id":"https:\/\/www.em.com.br\/emfoco\/2025\/12\/22\/como-fazer-uma-pasta-caseira-para-clarear-as-axilas-gastando-menos-de-r1\/#breadcrumb","itemListElement":[{"@type":"ListItem","position":1,"name":"In\u00edcio","item":"https:\/\/www.em.com.br\/emfoco\/"},{"@type":"ListItem","position":2,"name":"Como fazer uma pasta caseira para clarear as axilas gastando menos de R$1"}]},{"@type":"WebSite","@id":"https:\/\/www.em.com.br\/emfoco\/#website","url":"https:\/\/www.em.com.br\/emfoco\/","name":"Estado de Minas - Em foco","description":"Acompanhe as \u00faltimas not\u00edcias e fique bem informado sobre tudo o que acontece em Minas Gerais, Brasil e no mundo.","potentialAction":[{"@type":"SearchAction","target":{"@type":"EntryPoint","urlTemplate":"https:\/\/www.em.com.br\/emfoco\/?s={search_term_string}"},"query-input":{"@type":"PropertyValueSpecification","valueRequired":true,"valueName":"search_term_string"}}],"inLanguage":"pt-BR"},{"@type":"Person","@id":"https:\/\/www.em.com.br\/emfoco\/#\/schema\/person\/1c9ddeab18b98abeffef834667bcf08a","name":"Gabriel Martins","image":{"@type":"ImageObject","inLanguage":"pt-BR","@id":"https:\/\/www.em.com.br\/emfoco\/#\/schema\/person\/image\/","url":"https:\/\/secure.gravatar.com\/avatar\/f0f1e2efdfd88f1ad2cb08c5c2731e50?s=96&d=mm&r=g","contentUrl":"https:\/\/secure.gravatar.com\/avatar\/f0f1e2efdfd88f1ad2cb08c5c2731e50?s=96&d=mm&r=g","caption":"Gabriel Martins"},"sameAs":["https:\/\/www.em.com.br\/emfoco\/"],"url":"https:\/\/www.em.com.br\/emfoco\/author\/gabrielmartinsmyth\/"}]}},"_links":{"self":[{"href":"https:\/\/www.em.com.br\/emfoco\/wp-json\/wp\/v2\/posts\/143093","targetHints":{"allow":["GET"]}}],"collection":[{"href":"https:\/\/www.em.com.br\/emfoco\/wp-json\/wp\/v2\/posts"}],"about":[{"href":"https:\/\/www.em.com.br\/emfoco\/wp-json\/wp\/v2\/types\/post"}],"author":[{"embeddable":true,"href":"https:\/\/www.em.com.br\/emfoco\/wp-json\/wp\/v2\/users\/13"}],"replies":[{"embeddable":true,"href":"https:\/\/www.em.com.br\/emfoco\/wp-json\/wp\/v2\/comments?post=143093"}],"version-history":[{"count":1,"href":"https:\/\/www.em.com.br\/emfoco\/wp-json\/wp\/v2\/posts\/143093\/revisions"}],"predecessor-version":[{"id":143117,"href":"https:\/\/www.em.com.br\/emfoco\/wp-json\/wp\/v2\/posts\/143093\/revisions\/143117"}],"wp:featuredmedia":[{"embeddable":true,"href":"https:\/\/www.em.com.br\/emfoco\/wp-json\/wp\/v2\/media\/143114"}],"wp:attachment":[{"href":"https:\/\/www.em.com.br\/emfoco\/wp-json\/wp\/v2\/media?parent=143093"}],"wp:term":[{"taxonomy":"category","embeddable":true,"href":"https:\/\/www.em.com.br\/emfoco\/wp-json\/wp\/v2\/categories?post=143093"},{"taxonomy":"post_tag","embeddable":true,"href":"https:\/\/www.em.com.br\/emfoco\/wp-json\/wp\/v2\/tags?post=143093"}],"curies":[{"name":"wp","href":"https:\/\/api.w.org\/{rel}","templated":true}]}}