{"id":142992,"date":"2025-12-20T13:45:00","date_gmt":"2025-12-20T16:45:00","guid":{"rendered":"https:\/\/www.em.com.br\/emfoco\/?p=142992"},"modified":"2025-12-19T14:07:33","modified_gmt":"2025-12-19T17:07:33","slug":"se-voce-tem-carocos-de-azeitona-em-casa-tem-um-tesouro-nas-maos-veja-por-que-e-como-reutiliza-los","status":"publish","type":"post","link":"https:\/\/www.em.com.br\/emfoco\/2025\/12\/20\/se-voce-tem-carocos-de-azeitona-em-casa-tem-um-tesouro-nas-maos-veja-por-que-e-como-reutiliza-los\/","title":{"rendered":"Se voc\u00ea tem caro\u00e7os de azeitona em casa, tem um tesouro nas m\u00e3os, veja por que e como reutiliz\u00e1-los"},"content":{"rendered":"\n<p>Os caro\u00e7os de azeitona costumam ser vistos como lixo, mas essa percep\u00e7\u00e3o vem mudando \u00e0 medida que cresce o interesse por reciclagem dom\u00e9stica, economia criativa e reaproveitamento de res\u00edduos org\u00e2nicos, transformando esse pequeno n\u00facleo da fruta em um material vers\u00e1til para o dia a dia.<\/p>\n\n\n\n<h2 class=\"wp-block-heading\">Por que o caro\u00e7o de azeitona \u00e9 um recurso especial?<\/h2>\n\n\n\n<p>A palavra-chave central aqui \u00e9\u00a0<strong><a href=\"https:\/\/www.em.com.br\/emfoco\/2025\/12\/19\/se-voce-come-azeitonas-nao-jogue-os-carocos-fora-recomendamos-guarda-los\/\" target=\"_blank\" rel=\"noreferrer noopener\">caro\u00e7o de azeitona<\/a><\/strong>, um pequeno elemento com caracter\u00edsticas f\u00edsicas interessantes para reutiliza\u00e7\u00e3o. Por ser extremamente duro e resistente, suporta bem press\u00e3o e impactos sem se quebrar com facilidade, funcionando como um \u201cmicro-bloco\u201d natural.<\/p>\n\n\n\n<p>Al\u00e9m disso, \u00e9 um material&nbsp;<strong>natural e biodegrad\u00e1vel<\/strong>, adequado para projetos de reciclagem artesanal. Sua forma compacta, baixa porosidade e relativa uniformidade facilitam o manuseio em costura, enchimento e decora\u00e7\u00e3o, sem absorver odores com facilidade.<\/p>\n\n\n\n<figure class=\"wp-block-image size-large\"><img loading=\"lazy\" decoding=\"async\" width=\"1024\" height=\"576\" src=\"https:\/\/www.em.com.br\/emfoco\/wp-content\/uploads\/2025\/12\/Gemini_Generated_Image_gtr257gtr257gtr2-1-1024x576.png\" alt=\"Esse caro\u00e7o virou solu\u00e7\u00e3o dentro de casa\" class=\"wp-image-143102\" srcset=\"https:\/\/www.em.com.br\/emfoco\/wp-content\/uploads\/2025\/12\/Gemini_Generated_Image_gtr257gtr257gtr2-1-1024x576.png 1024w, https:\/\/www.em.com.br\/emfoco\/wp-content\/uploads\/2025\/12\/Gemini_Generated_Image_gtr257gtr257gtr2-1-300x169.png 300w, https:\/\/www.em.com.br\/emfoco\/wp-content\/uploads\/2025\/12\/Gemini_Generated_Image_gtr257gtr257gtr2-1-768x432.png 768w, https:\/\/www.em.com.br\/emfoco\/wp-content\/uploads\/2025\/12\/Gemini_Generated_Image_gtr257gtr257gtr2-1-750x422.png 750w, https:\/\/www.em.com.br\/emfoco\/wp-content\/uploads\/2025\/12\/Gemini_Generated_Image_gtr257gtr257gtr2-1-1140x641.png 1140w, https:\/\/www.em.com.br\/emfoco\/wp-content\/uploads\/2025\/12\/Gemini_Generated_Image_gtr257gtr257gtr2-1.png 1280w\" sizes=\"auto, (max-width: 1024px) 100vw, 1024px\" \/><figcaption class=\"wp-element-caption\">Esse caro\u00e7o virou solu\u00e7\u00e3o dentro de casa<\/figcaption><\/figure>\n\n\n\n<h2 class=\"wp-block-heading\">Como transformar caro\u00e7os de azeitona em apoio de panela t\u00e9rmico<\/h2>\n\n\n\n<p>Entre as alternativas de uso, uma das mais pr\u00e1ticas \u00e9 a cria\u00e7\u00e3o de um&nbsp;<strong>apoio de panela t\u00e9rmico<\/strong>&nbsp;(salvamantel) resistente ao calor. A dureza do caro\u00e7o e sua capacidade de atuar como isolante natural protegem mesas e bancadas de panelas e formas quentes.<\/p>\n\n\n\n<p>Para montar esse apoio t\u00e9rmico, s\u00e3o necess\u00e1rios alguns itens b\u00e1sicos e f\u00e1ceis de encontrar em casa, que tornam o projeto acess\u00edvel mesmo para quem est\u00e1 come\u00e7ando na costura ou no artesanato:<\/p>\n\n\n\n<ul class=\"wp-block-list\">\n<li>Caro\u00e7os de azeitona&nbsp;<strong>bem limpos e secos<\/strong>;<\/li>\n\n\n\n<li>Tecido resistente, como algod\u00e3o grosso, lona, linho ou juta;<\/li>\n\n\n\n<li>Linha forte e agulha, ou m\u00e1quina de costura;<\/li>\n\n\n\n<li>Tesoura e uma r\u00e9gua ou molde circular\/quadrado para medir.<\/li>\n<\/ul>\n\n\n\n<h2 class=\"wp-block-heading\">Como \u00e9 o passo a passo para fazer o apoio t\u00e9rmico<\/h2>\n\n\n\n<p>O processo \u00e9 simples, mas exige aten\u00e7\u00e3o \u00e0 limpeza e \u00e0 secagem para evitar mofo ou odores indesejados. Primeiro, \u00e9 preciso ferver os caro\u00e7os por cerca de 10 minutos para retirar res\u00edduos de sal, gordura e temperos, escorrer bem e deixar secar completamente em local arejado.<\/p>\n\n\n\n<p>Em seguida, corte duas pe\u00e7as de tecido no formato desejado, posicione uma delas, distribua uma camada uniforme de caro\u00e7os sobre a superf\u00edcie e cubra com a outra parte. Feche as bordas com pontos firmes, preferencialmente com costura dupla, para evitar que os caro\u00e7os escapem ou se movimentem em excesso dentro da pe\u00e7a.<\/p>\n\n\n\n<figure class=\"wp-block-image size-large\"><img loading=\"lazy\" decoding=\"async\" width=\"1024\" height=\"576\" src=\"https:\/\/www.em.com.br\/emfoco\/wp-content\/uploads\/2025\/12\/Gemini_Generated_Image_v2dzxbv2dzxbv2dz-1-1024x576.png\" alt=\"Esse caro\u00e7o virou solu\u00e7\u00e3o dentro de casa\" class=\"wp-image-143104\" srcset=\"https:\/\/www.em.com.br\/emfoco\/wp-content\/uploads\/2025\/12\/Gemini_Generated_Image_v2dzxbv2dzxbv2dz-1-1024x576.png 1024w, https:\/\/www.em.com.br\/emfoco\/wp-content\/uploads\/2025\/12\/Gemini_Generated_Image_v2dzxbv2dzxbv2dz-1-300x169.png 300w, https:\/\/www.em.com.br\/emfoco\/wp-content\/uploads\/2025\/12\/Gemini_Generated_Image_v2dzxbv2dzxbv2dz-1-768x432.png 768w, https:\/\/www.em.com.br\/emfoco\/wp-content\/uploads\/2025\/12\/Gemini_Generated_Image_v2dzxbv2dzxbv2dz-1-750x422.png 750w, https:\/\/www.em.com.br\/emfoco\/wp-content\/uploads\/2025\/12\/Gemini_Generated_Image_v2dzxbv2dzxbv2dz-1-1140x641.png 1140w, https:\/\/www.em.com.br\/emfoco\/wp-content\/uploads\/2025\/12\/Gemini_Generated_Image_v2dzxbv2dzxbv2dz-1.png 1280w\" sizes=\"auto, (max-width: 1024px) 100vw, 1024px\" \/><figcaption class=\"wp-element-caption\">Esse caro\u00e7o virou solu\u00e7\u00e3o dentro de casa<\/figcaption><\/figure>\n\n\n\n<h2 class=\"wp-block-heading\">Quais usos dom\u00e9sticos ampliam o reaproveitamento do caro\u00e7o de azeitona<\/h2>\n\n\n\n<p>Al\u00e9m do apoio de panela, o caro\u00e7o de azeitona pode ser aproveitado em almofadas t\u00e9rmicas, que podem ser aquecidas no micro-ondas ou resfriadas no congelador, sempre seguindo orienta\u00e7\u00f5es de seguran\u00e7a. O material ajuda a armazenar e distribuir calor ou frio de maneira uniforme, contribuindo para aliviar tens\u00f5es musculares.<\/p>\n\n\n\n<p>No <a href=\"https:\/\/www.imaterial.art.br\/?srsltid=AfmBOoq8Zkr25ThevFuawsl3YsXnqaW2tfzqbqEyg_JlTPYmuddzj1pg\" target=\"_blank\" rel=\"noreferrer noopener\">artesanato <\/a>e na decora\u00e7\u00e3o, os caro\u00e7os podem ser colados em molduras, porta-retratos, vasos e enfeites de mesa, ou combinados com \u00f3leos essenciais em potes ou saquinhos de tecido. A baixa absor\u00e7\u00e3o de odores naturais ajuda a destacar apenas o aroma dos \u00f3leos, criando aromatizadores simples para arm\u00e1rios, gavetas ou banheiros.<\/p>\n\n\n\n<h2 class=\"wp-block-heading\">Como o caro\u00e7o de azeitona transforma a rotina e o consumo dom\u00e9stico<\/h2>\n\n\n\n<p>Ao enxergar o caro\u00e7o de azeitona como mat\u00e9ria-prima, \u00e9 poss\u00edvel reduzir o volume de res\u00edduos org\u00e2nicos, substituir produtos sint\u00e9ticos por alternativas naturais e ainda economizar, j\u00e1 que se trata de um subproduto que seria jogado fora. Pequenos projetos caseiros podem gerar itens dur\u00e1veis, f\u00e1ceis de manter e alinhados a pr\u00e1ticas sustent\u00e1veis.<\/p>\n\n\n\n<p>N\u00e3o espere acumular mais lixo para come\u00e7ar: a pr\u00f3xima por\u00e7\u00e3o de azeitonas pode ser o ponto de partida para uma mudan\u00e7a real na sua casa. Separe os caro\u00e7os, higienize, crie seu primeiro apoio t\u00e9rmico ou aromatizador e sinta, agora, o impacto concreto de escolhas simples no seu bem-estar e no planeta.<\/p>\n","protected":false},"excerpt":{"rendered":"<p>Os caro\u00e7os de azeitona costumam ser vistos como lixo, mas essa percep\u00e7\u00e3o vem mudando \u00e0 medida que cresce o interesse por reciclagem dom\u00e9stica, economia criativa e reaproveitamento de res\u00edduos org\u00e2nicos, transformando esse pequeno n\u00facleo da fruta em um material vers\u00e1til para o dia a dia. Por que o caro\u00e7o de azeitona \u00e9 um recurso especial? [&hellip;]<\/p>\n","protected":false},"author":11,"featured_media":143103,"comment_status":"open","ping_status":"open","sticky":false,"template":"","format":"standard","meta":{"jnews-multi-image_gallery":[],"jnews_single_post":{"format":"standard"},"jnews_primary_category":[],"jnews_social_meta":[],"jnews_override_counter":[],"footnotes":""},"categories":[8819,1],"tags":[11284,20999,2595,547],"class_list":["post-142992","post","type-post","status-publish","format-standard","has-post-thumbnail","hentry","category-curiosidades","category-noticias","tag-azeitona","tag-caroco-de-azeitona","tag-reciclagem","tag-sustentavel"],"yoast_head":"<!-- This site is optimized with the Yoast SEO plugin v23.8 - https:\/\/yoast.com\/wordpress\/plugins\/seo\/ -->\n<title>Se voc\u00ea tem caro\u00e7os de azeitona em casa, tem um tesouro nas m\u00e3os, veja por que e como reutiliz\u00e1-los - Estado de Minas - Em foco<\/title>\n<meta name=\"description\" content=\"Um res\u00edduo comum pode ganhar nova fun\u00e7\u00e3o. Reaproveitar caro\u00e7os reduz lixo e cria solu\u00e7\u00f5es simples para casa.\" \/>\n<meta name=\"robots\" content=\"index, follow, max-snippet:-1, max-image-preview:large, max-video-preview:-1\" \/>\n<link rel=\"canonical\" href=\"https:\/\/www.em.com.br\/emfoco\/2025\/12\/20\/se-voce-tem-carocos-de-azeitona-em-casa-tem-um-tesouro-nas-maos-veja-por-que-e-como-reutiliza-los\/\" \/>\n<meta property=\"og:locale\" content=\"pt_BR\" \/>\n<meta property=\"og:type\" content=\"article\" \/>\n<meta property=\"og:title\" content=\"Se voc\u00ea tem caro\u00e7os de azeitona em casa, tem um tesouro nas m\u00e3os, veja por que e como reutiliz\u00e1-los - Estado de Minas - Em foco\" \/>\n<meta property=\"og:description\" content=\"Um res\u00edduo comum pode ganhar nova fun\u00e7\u00e3o. Reaproveitar caro\u00e7os reduz lixo e cria solu\u00e7\u00f5es simples para casa.\" \/>\n<meta property=\"og:url\" content=\"https:\/\/www.em.com.br\/emfoco\/2025\/12\/20\/se-voce-tem-carocos-de-azeitona-em-casa-tem-um-tesouro-nas-maos-veja-por-que-e-como-reutiliza-los\/\" \/>\n<meta property=\"og:site_name\" content=\"Estado de Minas - Em foco\" \/>\n<meta property=\"article:published_time\" content=\"2025-12-20T16:45:00+00:00\" \/>\n<meta property=\"article:modified_time\" content=\"2025-12-19T17:07:33+00:00\" \/>\n<meta property=\"og:image\" content=\"https:\/\/www.em.com.br\/emfoco\/wp-content\/uploads\/2025\/12\/Gemini_Generated_Image_bvtt07bvtt07bvtt-1.png\" \/>\n\t<meta property=\"og:image:width\" content=\"1280\" \/>\n\t<meta property=\"og:image:height\" content=\"720\" \/>\n\t<meta property=\"og:image:type\" content=\"image\/png\" \/>\n<meta name=\"author\" content=\"Andre\u0301 Rangel\u00a0\" \/>\n<meta name=\"twitter:card\" content=\"summary_large_image\" \/>\n<meta name=\"twitter:label1\" content=\"Escrito por\" \/>\n\t<meta name=\"twitter:data1\" content=\"Andre\u0301 Rangel\u00a0\" \/>\n\t<meta name=\"twitter:label2\" content=\"Est. tempo de leitura\" \/>\n\t<meta name=\"twitter:data2\" content=\"4 minutos\" \/>\n<!-- \/ Yoast SEO plugin. -->","yoast_head_json":{"title":"Se voc\u00ea tem caro\u00e7os de azeitona em casa, tem um tesouro nas m\u00e3os, veja por que e como reutiliz\u00e1-los - Estado de Minas - Em foco","description":"Um res\u00edduo comum pode ganhar nova fun\u00e7\u00e3o. Reaproveitar caro\u00e7os reduz lixo e cria solu\u00e7\u00f5es simples para casa.","robots":{"index":"index","follow":"follow","max-snippet":"max-snippet:-1","max-image-preview":"max-image-preview:large","max-video-preview":"max-video-preview:-1"},"canonical":"https:\/\/www.em.com.br\/emfoco\/2025\/12\/20\/se-voce-tem-carocos-de-azeitona-em-casa-tem-um-tesouro-nas-maos-veja-por-que-e-como-reutiliza-los\/","og_locale":"pt_BR","og_type":"article","og_title":"Se voc\u00ea tem caro\u00e7os de azeitona em casa, tem um tesouro nas m\u00e3os, veja por que e como reutiliz\u00e1-los - Estado de Minas - Em foco","og_description":"Um res\u00edduo comum pode ganhar nova fun\u00e7\u00e3o. Reaproveitar caro\u00e7os reduz lixo e cria solu\u00e7\u00f5es simples para casa.","og_url":"https:\/\/www.em.com.br\/emfoco\/2025\/12\/20\/se-voce-tem-carocos-de-azeitona-em-casa-tem-um-tesouro-nas-maos-veja-por-que-e-como-reutiliza-los\/","og_site_name":"Estado de Minas - Em foco","article_published_time":"2025-12-20T16:45:00+00:00","article_modified_time":"2025-12-19T17:07:33+00:00","og_image":[{"width":1280,"height":720,"url":"https:\/\/www.em.com.br\/emfoco\/wp-content\/uploads\/2025\/12\/Gemini_Generated_Image_bvtt07bvtt07bvtt-1.png","type":"image\/png"}],"author":"Andre\u0301 Rangel\u00a0","twitter_card":"summary_large_image","twitter_misc":{"Escrito por":"Andre\u0301 Rangel\u00a0","Est. tempo de leitura":"4 minutos"},"schema":{"@context":"https:\/\/schema.org","@graph":[{"@type":"WebPage","@id":"https:\/\/www.em.com.br\/emfoco\/2025\/12\/20\/se-voce-tem-carocos-de-azeitona-em-casa-tem-um-tesouro-nas-maos-veja-por-que-e-como-reutiliza-los\/","url":"https:\/\/www.em.com.br\/emfoco\/2025\/12\/20\/se-voce-tem-carocos-de-azeitona-em-casa-tem-um-tesouro-nas-maos-veja-por-que-e-como-reutiliza-los\/","name":"Se voc\u00ea tem caro\u00e7os de azeitona em casa, tem um tesouro nas m\u00e3os, veja por que e como reutiliz\u00e1-los - Estado de Minas - Em foco","isPartOf":{"@id":"https:\/\/www.em.com.br\/emfoco\/#website"},"primaryImageOfPage":{"@id":"https:\/\/www.em.com.br\/emfoco\/2025\/12\/20\/se-voce-tem-carocos-de-azeitona-em-casa-tem-um-tesouro-nas-maos-veja-por-que-e-como-reutiliza-los\/#primaryimage"},"image":{"@id":"https:\/\/www.em.com.br\/emfoco\/2025\/12\/20\/se-voce-tem-carocos-de-azeitona-em-casa-tem-um-tesouro-nas-maos-veja-por-que-e-como-reutiliza-los\/#primaryimage"},"thumbnailUrl":"https:\/\/www.em.com.br\/emfoco\/wp-content\/uploads\/2025\/12\/Gemini_Generated_Image_bvtt07bvtt07bvtt-1.png","datePublished":"2025-12-20T16:45:00+00:00","dateModified":"2025-12-19T17:07:33+00:00","author":{"@id":"https:\/\/www.em.com.br\/emfoco\/#\/schema\/person\/60eda09c1fedf0d6891f4cef4b60b8b8"},"description":"Um res\u00edduo comum pode ganhar nova fun\u00e7\u00e3o. Reaproveitar caro\u00e7os reduz lixo e cria solu\u00e7\u00f5es simples para casa.","breadcrumb":{"@id":"https:\/\/www.em.com.br\/emfoco\/2025\/12\/20\/se-voce-tem-carocos-de-azeitona-em-casa-tem-um-tesouro-nas-maos-veja-por-que-e-como-reutiliza-los\/#breadcrumb"},"inLanguage":"pt-BR","potentialAction":[{"@type":"ReadAction","target":["https:\/\/www.em.com.br\/emfoco\/2025\/12\/20\/se-voce-tem-carocos-de-azeitona-em-casa-tem-um-tesouro-nas-maos-veja-por-que-e-como-reutiliza-los\/"]}]},{"@type":"ImageObject","inLanguage":"pt-BR","@id":"https:\/\/www.em.com.br\/emfoco\/2025\/12\/20\/se-voce-tem-carocos-de-azeitona-em-casa-tem-um-tesouro-nas-maos-veja-por-que-e-como-reutiliza-los\/#primaryimage","url":"https:\/\/www.em.com.br\/emfoco\/wp-content\/uploads\/2025\/12\/Gemini_Generated_Image_bvtt07bvtt07bvtt-1.png","contentUrl":"https:\/\/www.em.com.br\/emfoco\/wp-content\/uploads\/2025\/12\/Gemini_Generated_Image_bvtt07bvtt07bvtt-1.png","width":1280,"height":720,"caption":"Esse caro\u00e7o virou solu\u00e7\u00e3o dentro de casa"},{"@type":"BreadcrumbList","@id":"https:\/\/www.em.com.br\/emfoco\/2025\/12\/20\/se-voce-tem-carocos-de-azeitona-em-casa-tem-um-tesouro-nas-maos-veja-por-que-e-como-reutiliza-los\/#breadcrumb","itemListElement":[{"@type":"ListItem","position":1,"name":"In\u00edcio","item":"https:\/\/www.em.com.br\/emfoco\/"},{"@type":"ListItem","position":2,"name":"Se voc\u00ea tem caro\u00e7os de azeitona em casa, tem um tesouro nas m\u00e3os, veja por que e como reutiliz\u00e1-los"}]},{"@type":"WebSite","@id":"https:\/\/www.em.com.br\/emfoco\/#website","url":"https:\/\/www.em.com.br\/emfoco\/","name":"Estado de Minas - Em foco","description":"Acompanhe as \u00faltimas not\u00edcias e fique bem informado sobre tudo o que acontece em Minas Gerais, Brasil e no mundo.","potentialAction":[{"@type":"SearchAction","target":{"@type":"EntryPoint","urlTemplate":"https:\/\/www.em.com.br\/emfoco\/?s={search_term_string}"},"query-input":{"@type":"PropertyValueSpecification","valueRequired":true,"valueName":"search_term_string"}}],"inLanguage":"pt-BR"},{"@type":"Person","@id":"https:\/\/www.em.com.br\/emfoco\/#\/schema\/person\/60eda09c1fedf0d6891f4cef4b60b8b8","name":"Andre\u0301 Rangel\u00a0","image":{"@type":"ImageObject","inLanguage":"pt-BR","@id":"https:\/\/www.em.com.br\/emfoco\/#\/schema\/person\/image\/","url":"https:\/\/secure.gravatar.com\/avatar\/6234dc814c77c8ef6d8bba622c787efc?s=96&d=mm&r=g","contentUrl":"https:\/\/secure.gravatar.com\/avatar\/6234dc814c77c8ef6d8bba622c787efc?s=96&d=mm&r=g","caption":"Andre\u0301 Rangel\u00a0"},"url":"https:\/\/www.em.com.br\/emfoco\/author\/luizmyth\/"}]}},"_links":{"self":[{"href":"https:\/\/www.em.com.br\/emfoco\/wp-json\/wp\/v2\/posts\/142992","targetHints":{"allow":["GET"]}}],"collection":[{"href":"https:\/\/www.em.com.br\/emfoco\/wp-json\/wp\/v2\/posts"}],"about":[{"href":"https:\/\/www.em.com.br\/emfoco\/wp-json\/wp\/v2\/types\/post"}],"author":[{"embeddable":true,"href":"https:\/\/www.em.com.br\/emfoco\/wp-json\/wp\/v2\/users\/11"}],"replies":[{"embeddable":true,"href":"https:\/\/www.em.com.br\/emfoco\/wp-json\/wp\/v2\/comments?post=142992"}],"version-history":[{"count":3,"href":"https:\/\/www.em.com.br\/emfoco\/wp-json\/wp\/v2\/posts\/142992\/revisions"}],"predecessor-version":[{"id":143105,"href":"https:\/\/www.em.com.br\/emfoco\/wp-json\/wp\/v2\/posts\/142992\/revisions\/143105"}],"wp:featuredmedia":[{"embeddable":true,"href":"https:\/\/www.em.com.br\/emfoco\/wp-json\/wp\/v2\/media\/143103"}],"wp:attachment":[{"href":"https:\/\/www.em.com.br\/emfoco\/wp-json\/wp\/v2\/media?parent=142992"}],"wp:term":[{"taxonomy":"category","embeddable":true,"href":"https:\/\/www.em.com.br\/emfoco\/wp-json\/wp\/v2\/categories?post=142992"},{"taxonomy":"post_tag","embeddable":true,"href":"https:\/\/www.em.com.br\/emfoco\/wp-json\/wp\/v2\/tags?post=142992"}],"curies":[{"name":"wp","href":"https:\/\/api.w.org\/{rel}","templated":true}]}}